{"id":9889,"date":"2025-10-28T17:11:54","date_gmt":"2025-10-28T16:11:54","guid":{"rendered":"https:\/\/kampkomiteen.net\/?p=9889"},"modified":"2025-10-28T17:11:54","modified_gmt":"2025-10-28T16:11:54","slug":"trondheim-plakater-til-stotte-for-de-22-arresterte","status":"publish","type":"post","link":"https:\/\/kampkomiteen.net\/?p=9889","title":{"rendered":"Trondheim: Plakater til st\u00f8tte for de 22 arresterte"},"content":{"rendered":"<div id=\"fb-root\"><\/div>\n\n<p><em>Skrevet av aktivister i Trondheim.<\/em><\/p>\n\n\n\n<p><strong>Mandag 27. oktober satte aktivister fra Kampkomiteen opp plakater til st\u00f8tte for de 22 arresterte etter demonstrasjonen mot landskampen Norge-Israel.<\/strong><\/p>\n\n\n\n<p>Plakatene med slagordene &laquo;St\u00f8tt og forsvar de 22 arresterte!&raquo; og &laquo;Stopp politiets og PST&#8217;s forf\u00f8lgelse av Palestinaaktivister!&raquo; ble satt opp i Trondheim sentrum. P\u00e5 plakatene var det ogs\u00e5 en QR-kode som ledet til <a href=\"https:\/\/kampkomiteen.net\/?p=9834\">Kampkomiteens uttalelse<\/a>. <br><br>Flere forbipasserende viste st\u00f8tte og interesse for budskapet.<\/p>\n\n\n\n<figure class=\"wp-block-image size-full\"><img data-recalc-dims=\"1\" loading=\"lazy\" decoding=\"async\" width=\"810\" height=\"490\" src=\"https:\/\/i0.wp.com\/kampkomiteen.net\/wp-content\/uploads\/2025\/10\/Plakat1.jpg?resize=810%2C490&#038;ssl=1\" alt=\"\" class=\"wp-image-9891\" srcset=\"https:\/\/i0.wp.com\/kampkomiteen.net\/wp-content\/uploads\/2025\/10\/Plakat1.jpg?w=1156&amp;ssl=1 1156w, https:\/\/i0.wp.com\/kampkomiteen.net\/wp-content\/uploads\/2025\/10\/Plakat1.jpg?resize=1000%2C606&amp;ssl=1 1000w, https:\/\/i0.wp.com\/kampkomiteen.net\/wp-content\/uploads\/2025\/10\/Plakat1.jpg?resize=768%2C465&amp;ssl=1 768w\" sizes=\"auto, (max-width: 810px) 100vw, 810px\" \/><\/figure>\n\n\n\n<figure class=\"wp-block-image size-full\"><img data-recalc-dims=\"1\" loading=\"lazy\" decoding=\"async\" width=\"810\" height=\"559\" src=\"https:\/\/i0.wp.com\/kampkomiteen.net\/wp-content\/uploads\/2025\/10\/Plakat2.jpg?resize=810%2C559&#038;ssl=1\" alt=\"\" class=\"wp-image-9892\" srcset=\"https:\/\/i0.wp.com\/kampkomiteen.net\/wp-content\/uploads\/2025\/10\/Plakat2.jpg?w=1014&amp;ssl=1 1014w, https:\/\/i0.wp.com\/kampkomiteen.net\/wp-content\/uploads\/2025\/10\/Plakat2.jpg?resize=1000%2C690&amp;ssl=1 1000w, https:\/\/i0.wp.com\/kampkomiteen.net\/wp-content\/uploads\/2025\/10\/Plakat2.jpg?resize=768%2C530&amp;ssl=1 768w\" sizes=\"auto, (max-width: 810px) 100vw, 810px\" \/><\/figure>\n\n\n\n<figure class=\"wp-block-image size-full\"><img data-recalc-dims=\"1\" loading=\"lazy\" decoding=\"async\" width=\"810\" height=\"521\" src=\"https:\/\/i0.wp.com\/kampkomiteen.net\/wp-content\/uploads\/2025\/10\/Plakat4.jpg?resize=810%2C521&#038;ssl=1\" alt=\"\" class=\"wp-image-9893\" srcset=\"https:\/\/i0.wp.com\/kampkomiteen.net\/wp-content\/uploads\/2025\/10\/Plakat4.jpg?w=1165&amp;ssl=1 1165w, https:\/\/i0.wp.com\/kampkomiteen.net\/wp-content\/uploads\/2025\/10\/Plakat4.jpg?resize=1000%2C644&amp;ssl=1 1000w, https:\/\/i0.wp.com\/kampkomiteen.net\/wp-content\/uploads\/2025\/10\/Plakat4.jpg?resize=768%2C494&amp;ssl=1 768w\" sizes=\"auto, (max-width: 810px) 100vw, 810px\" \/><\/figure>\n\n\n\n<figure class=\"wp-block-image size-full\"><img data-recalc-dims=\"1\" loading=\"lazy\" decoding=\"async\" width=\"810\" height=\"511\" src=\"https:\/\/i0.wp.com\/kampkomiteen.net\/wp-content\/uploads\/2025\/10\/Plakat5.jpg?resize=810%2C511&#038;ssl=1\" alt=\"\" class=\"wp-image-9894\" srcset=\"https:\/\/i0.wp.com\/kampkomiteen.net\/wp-content\/uploads\/2025\/10\/Plakat5.jpg?w=1110&amp;ssl=1 1110w, https:\/\/i0.wp.com\/kampkomiteen.net\/wp-content\/uploads\/2025\/10\/Plakat5.jpg?resize=1000%2C631&amp;ssl=1 1000w, https:\/\/i0.wp.com\/kampkomiteen.net\/wp-content\/uploads\/2025\/10\/Plakat5.jpg?resize=768%2C484&amp;ssl=1 768w\" sizes=\"auto, (max-width: 810px) 100vw, 810px\" \/><\/figure>\n\n\n\n<figure class=\"wp-block-image size-full\"><img data-recalc-dims=\"1\" loading=\"lazy\" decoding=\"async\" width=\"810\" height=\"601\" src=\"https:\/\/i0.wp.com\/kampkomiteen.net\/wp-content\/uploads\/2025\/10\/Plakat6.jpg?resize=810%2C601&#038;ssl=1\" alt=\"\" class=\"wp-image-9895\" srcset=\"https:\/\/i0.wp.com\/kampkomiteen.net\/wp-content\/uploads\/2025\/10\/Plakat6.jpg?w=944&amp;ssl=1 944w, https:\/\/i0.wp.com\/kampkomiteen.net\/wp-content\/uploads\/2025\/10\/Plakat6.jpg?resize=768%2C569&amp;ssl=1 768w\" sizes=\"auto, (max-width: 810px) 100vw, 810px\" \/><\/figure>\n","protected":false},"excerpt":{"rendered":"<p>Mandag 27. oktober satte aktivister fra Kampkomiteen opp plakater til st\u00f8tte for de 22 arresterte etter demonstrasjonen mot landskampen Norge-Israel.<\/p>\n","protected":false},"author":8,"featured_media":9890,"comment_status":"closed","ping_status":"","sticky":false,"template":"","format":"standard","meta":{"advanced_seo_description":"","jetpack_seo_html_title":"","jetpack_seo_noindex":false,"_jetpack_memberships_contains_paid_content":false,"footnotes":""},"categories":[1],"tags":[21,89,15,47,12],"class_list":["post-9889","post","type-post","status-publish","format-standard","has-post-thumbnail","hentry","category-uncategorized","tag-palestina","tag-plakater","tag-politiet","tag-solidaritet","tag-trondheim"],"jetpack_featured_media_url":"https:\/\/i0.wp.com\/kampkomiteen.net\/wp-content\/uploads\/2025\/10\/Plakat3.jpg?fit=1009%2C700&ssl=1","jetpack_shortlink":"https:\/\/wp.me\/pchuPf-2zv","jetpack-related-posts":[{"id":6373,"url":"https:\/\/kampkomiteen.net\/?p=6373","url_meta":{"origin":9889,"position":0},"title":"Trondheim: Solidaritet med de fengslede revolusjon\u00e6re og oppr\u00f8rerne i Frankrike","author":"Kampkomiteen","date":"2. oktober 2023","format":false,"excerpt":"Mandag 25. september satte Kampkomiteen opp plakater i sentrum av Trondheim. Plakatene var til st\u00f8tte de fengslede revolusjon\u00e6re og oppr\u00f8rerne i Frankrike.","rel":"","context":"i \"Frankrike\"","block_context":{"text":"Frankrike","link":"https:\/\/kampkomiteen.net\/?tag=frankrike"},"img":{"alt_text":"","src":"https:\/\/i0.wp.com\/kampkomiteen.net\/wp-content\/uploads\/2023\/10\/dscf2085-scaled.jpg?fit=1200%2C900&ssl=1&resize=350%2C200","width":350,"height":200,"srcset":"https:\/\/i0.wp.com\/kampkomiteen.net\/wp-content\/uploads\/2023\/10\/dscf2085-scaled.jpg?fit=1200%2C900&ssl=1&resize=350%2C200 1x, https:\/\/i0.wp.com\/kampkomiteen.net\/wp-content\/uploads\/2023\/10\/dscf2085-scaled.jpg?fit=1200%2C900&ssl=1&resize=525%2C300 1.5x, https:\/\/i0.wp.com\/kampkomiteen.net\/wp-content\/uploads\/2023\/10\/dscf2085-scaled.jpg?fit=1200%2C900&ssl=1&resize=700%2C400 2x, https:\/\/i0.wp.com\/kampkomiteen.net\/wp-content\/uploads\/2023\/10\/dscf2085-scaled.jpg?fit=1200%2C900&ssl=1&resize=1050%2C600 3x"},"classes":[]},{"id":10349,"url":"https:\/\/kampkomiteen.net\/?p=10349","url_meta":{"origin":9889,"position":1},"title":"Trondheim: Plakater til st\u00f8tte for Venezuela","author":"Kampkomiteen","date":"2. februar 2026","format":false,"excerpt":"I den siste tiden har aktivister hengt opp plakater mot USA-imperialismens aggresjon mot Venezuela og veggaviser av uttalelsen Kampkomiteen kom med etter angrepet.","rel":"","context":"i \"Antiimperialisme\"","block_context":{"text":"Antiimperialisme","link":"https:\/\/kampkomiteen.net\/?tag=antiimperialisme"},"img":{"alt_text":"","src":"https:\/\/i0.wp.com\/kampkomiteen.net\/wp-content\/uploads\/2026\/02\/Rapport1.jpg?fit=1161%2C775&ssl=1&resize=350%2C200","width":350,"height":200,"srcset":"https:\/\/i0.wp.com\/kampkomiteen.net\/wp-content\/uploads\/2026\/02\/Rapport1.jpg?fit=1161%2C775&ssl=1&resize=350%2C200 1x, https:\/\/i0.wp.com\/kampkomiteen.net\/wp-content\/uploads\/2026\/02\/Rapport1.jpg?fit=1161%2C775&ssl=1&resize=525%2C300 1.5x, https:\/\/i0.wp.com\/kampkomiteen.net\/wp-content\/uploads\/2026\/02\/Rapport1.jpg?fit=1161%2C775&ssl=1&resize=700%2C400 2x, https:\/\/i0.wp.com\/kampkomiteen.net\/wp-content\/uploads\/2026\/02\/Rapport1.jpg?fit=1161%2C775&ssl=1&resize=1050%2C600 3x"},"classes":[]},{"id":8405,"url":"https:\/\/kampkomiteen.net\/?p=8405","url_meta":{"origin":9889,"position":2},"title":"Stj\u00f8rdal: Solidaritetsaksjon og mobilisering","author":"Kampkomiteen","date":"26. februar 2025","format":false,"excerpt":"Mandag 24. februar satte aktivister fra Kampkomiteen opp flere slags plakater i Stj\u00f8rdal.","rel":"","context":"i \"8. mars\"","block_context":{"text":"8. mars","link":"https:\/\/kampkomiteen.net\/?tag=8-mars"},"img":{"alt_text":"","src":"https:\/\/i0.wp.com\/kampkomiteen.net\/wp-content\/uploads\/2025\/02\/Stjordal.jpg?fit=602%2C401&ssl=1&resize=350%2C200","width":350,"height":200,"srcset":"https:\/\/i0.wp.com\/kampkomiteen.net\/wp-content\/uploads\/2025\/02\/Stjordal.jpg?fit=602%2C401&ssl=1&resize=350%2C200 1x, https:\/\/i0.wp.com\/kampkomiteen.net\/wp-content\/uploads\/2025\/02\/Stjordal.jpg?fit=602%2C401&ssl=1&resize=525%2C300 1.5x"},"classes":[]},{"id":9905,"url":"https:\/\/kampkomiteen.net\/?p=9905","url_meta":{"origin":9889,"position":3},"title":"Trondheim: Palestina-flagg og plakater","author":"Kampkomiteen","date":"4. november 2025","format":false,"excerpt":"Mandag 3. november satte aktivister opp plakater for \u00e5pent m\u00f8te og en demonstrasjon mot Kongsberg Gruppen. Det ble ogs\u00e5 satt opp et palestinsk flagg.","rel":"","context":"i \"Palestina\"","block_context":{"text":"Palestina","link":"https:\/\/kampkomiteen.net\/?tag=palestina"},"img":{"alt_text":"","src":"https:\/\/i0.wp.com\/kampkomiteen.net\/wp-content\/uploads\/2025\/11\/collage1.jpg?fit=1049%2C637&ssl=1&resize=350%2C200","width":350,"height":200,"srcset":"https:\/\/i0.wp.com\/kampkomiteen.net\/wp-content\/uploads\/2025\/11\/collage1.jpg?fit=1049%2C637&ssl=1&resize=350%2C200 1x, https:\/\/i0.wp.com\/kampkomiteen.net\/wp-content\/uploads\/2025\/11\/collage1.jpg?fit=1049%2C637&ssl=1&resize=525%2C300 1.5x, https:\/\/i0.wp.com\/kampkomiteen.net\/wp-content\/uploads\/2025\/11\/collage1.jpg?fit=1049%2C637&ssl=1&resize=700%2C400 2x"},"classes":[]},{"id":9834,"url":"https:\/\/kampkomiteen.net\/?p=9834","url_meta":{"origin":9889,"position":4},"title":"Uttalelse: St\u00f8tt og forsvar de 22 arresterte!","author":"Kampkomiteen","date":"14. oktober 2025","format":false,"excerpt":"Kampkomiteen oppfordrer organisasjoner og enkeltpersoner til \u00e5 st\u00f8tte de arresterte etter landskampen Norge\u2013Israel.","rel":"","context":"i &quot;Uttalelser&quot;","block_context":{"text":"Uttalelser","link":"https:\/\/kampkomiteen.net\/?cat=94"},"img":{"alt_text":"","src":"https:\/\/i0.wp.com\/kampkomiteen.net\/wp-content\/uploads\/2025\/10\/12.jpg?fit=1200%2C800&ssl=1&resize=350%2C200","width":350,"height":200,"srcset":"https:\/\/i0.wp.com\/kampkomiteen.net\/wp-content\/uploads\/2025\/10\/12.jpg?fit=1200%2C800&ssl=1&resize=350%2C200 1x, https:\/\/i0.wp.com\/kampkomiteen.net\/wp-content\/uploads\/2025\/10\/12.jpg?fit=1200%2C800&ssl=1&resize=525%2C300 1.5x, https:\/\/i0.wp.com\/kampkomiteen.net\/wp-content\/uploads\/2025\/10\/12.jpg?fit=1200%2C800&ssl=1&resize=700%2C400 2x, https:\/\/i0.wp.com\/kampkomiteen.net\/wp-content\/uploads\/2025\/10\/12.jpg?fit=1200%2C800&ssl=1&resize=1050%2C600 3x"},"classes":[]},{"id":9859,"url":"https:\/\/kampkomiteen.net\/?p=9859","url_meta":{"origin":9889,"position":5},"title":"Bergen: Veggavis til st\u00f8tte for de 22 arresterte","author":"Kampkomiteen","date":"20. oktober 2025","format":false,"excerpt":"Aktivister fra flere organisasjoner har malt og hengt opp en stor veggavis med slagordet \u00abStopp politiet og PSTs forf\u00f8lgelse av palestinaaktivister!\u00bb i solidaritet med de 22 palestinaaktivistene som ble arrestert under demonstrasjonen mot landskampen Norge-Israel.","rel":"","context":"i \"Palestina\"","block_context":{"text":"Palestina","link":"https:\/\/kampkomiteen.net\/?tag=palestina"},"img":{"alt_text":"Veggavis","src":"https:\/\/i0.wp.com\/kampkomiteen.net\/wp-content\/uploads\/2025\/10\/forside-2.jpg?fit=1160%2C873&ssl=1&resize=350%2C200","width":350,"height":200,"srcset":"https:\/\/i0.wp.com\/kampkomiteen.net\/wp-content\/uploads\/2025\/10\/forside-2.jpg?fit=1160%2C873&ssl=1&resize=350%2C200 1x, https:\/\/i0.wp.com\/kampkomiteen.net\/wp-content\/uploads\/2025\/10\/forside-2.jpg?fit=1160%2C873&ssl=1&resize=525%2C300 1.5x, https:\/\/i0.wp.com\/kampkomiteen.net\/wp-content\/uploads\/2025\/10\/forside-2.jpg?fit=1160%2C873&ssl=1&resize=700%2C400 2x, https:\/\/i0.wp.com\/kampkomiteen.net\/wp-content\/uploads\/2025\/10\/forside-2.jpg?fit=1160%2C873&ssl=1&resize=1050%2C600 3x"},"classes":[]}],"jetpack_sharing_enabled":true,"_links":{"self":[{"href":"https:\/\/kampkomiteen.net\/index.php?rest_route=\/wp\/v2\/posts\/9889","targetHints":{"allow":["GET"]}}],"collection":[{"href":"https:\/\/kampkomiteen.net\/index.php?rest_route=\/wp\/v2\/posts"}],"about":[{"href":"https:\/\/kampkomiteen.net\/index.php?rest_route=\/wp\/v2\/types\/post"}],"author":[{"embeddable":true,"href":"https:\/\/kampkomiteen.net\/index.php?rest_route=\/wp\/v2\/users\/8"}],"replies":[{"embeddable":true,"href":"https:\/\/kampkomiteen.net\/index.php?rest_route=%2Fwp%2Fv2%2Fcomments&post=9889"}],"version-history":[{"count":1,"href":"https:\/\/kampkomiteen.net\/index.php?rest_route=\/wp\/v2\/posts\/9889\/revisions"}],"predecessor-version":[{"id":9896,"href":"https:\/\/kampkomiteen.net\/index.php?rest_route=\/wp\/v2\/posts\/9889\/revisions\/9896"}],"wp:featuredmedia":[{"embeddable":true,"href":"https:\/\/kampkomiteen.net\/index.php?rest_route=\/wp\/v2\/media\/9890"}],"wp:attachment":[{"href":"https:\/\/kampkomiteen.net\/index.php?rest_route=%2Fwp%2Fv2%2Fmedia&parent=9889"}],"wp:term":[{"taxonomy":"category","embeddable":true,"href":"https:\/\/kampkomiteen.net\/index.php?rest_route=%2Fwp%2Fv2%2Fcategories&post=9889"},{"taxonomy":"post_tag","embeddable":true,"href":"https:\/\/kampkomiteen.net\/index.php?rest_route=%2Fwp%2Fv2%2Ftags&post=9889"}],"curies":[{"name":"wp","href":"https:\/\/api.w.org\/{rel}","templated":true}]}}