{"id":9870,"date":"2025-10-27T18:26:55","date_gmt":"2025-10-27T17:26:55","guid":{"rendered":"https:\/\/kampkomiteen.net\/?p=9870"},"modified":"2025-10-27T18:36:05","modified_gmt":"2025-10-27T17:36:05","slug":"kristiansand-palestinasolidaritet","status":"publish","type":"post","link":"https:\/\/kampkomiteen.net\/?p=9870","title":{"rendered":"Kristiansand: Palestinasolidaritet"},"content":{"rendered":"<div id=\"fb-root\"><\/div>\n\n<p><em>Skrevet av aktivister i Kristiansand.<\/em><\/p>\n\n\n\n<p>Den siste uka har aktivister fra Kampkomiteen deltatt i l\u00f8rdagsdemonstrasjonen for Palestina, og i sentrum, p\u00e5 Slettheia og Grim er det er satt opp plakater, klistremerker og et banner, men slagordene \u00abFritt Palestina\u00bb, \u00abSt\u00f8tt den palestinske motstandskampen\u00bb og \u00abStopp politiets og PSTs forf\u00f8lgelse av Palestinaaktivister\u00bb.<\/p>\n\n\n\n<figure class=\"wp-block-image size-full is-resized\"><img data-recalc-dims=\"1\" loading=\"lazy\" decoding=\"async\" width=\"775\" height=\"217\" src=\"https:\/\/i0.wp.com\/kampkomiteen.net\/wp-content\/uploads\/2025\/10\/image-1.png?resize=775%2C217&#038;ssl=1\" alt=\"\" class=\"wp-image-9871\" style=\"width:880px;height:auto\" srcset=\"https:\/\/i0.wp.com\/kampkomiteen.net\/wp-content\/uploads\/2025\/10\/image-1.png?w=775&amp;ssl=1 775w, https:\/\/i0.wp.com\/kampkomiteen.net\/wp-content\/uploads\/2025\/10\/image-1.png?resize=768%2C215&amp;ssl=1 768w\" sizes=\"auto, (max-width: 775px) 100vw, 775px\" \/><\/figure>\n\n\n\n<figure class=\"wp-block-image size-full is-resized\"><img data-recalc-dims=\"1\" loading=\"lazy\" decoding=\"async\" width=\"688\" height=\"316\" src=\"https:\/\/i0.wp.com\/kampkomiteen.net\/wp-content\/uploads\/2025\/10\/image-9.png?resize=688%2C316&#038;ssl=1\" alt=\"\" class=\"wp-image-9884\" style=\"width:880px;height:auto\"\/><\/figure>\n\n\n\n<figure class=\"wp-block-image size-full is-resized\"><img data-recalc-dims=\"1\" loading=\"lazy\" decoding=\"async\" width=\"810\" height=\"242\" src=\"https:\/\/i0.wp.com\/kampkomiteen.net\/wp-content\/uploads\/2025\/10\/image-7.png?resize=810%2C242&#038;ssl=1\" alt=\"\" class=\"wp-image-9879\" style=\"width:880px;height:auto\" srcset=\"https:\/\/i0.wp.com\/kampkomiteen.net\/wp-content\/uploads\/2025\/10\/image-7.png?w=874&amp;ssl=1 874w, https:\/\/i0.wp.com\/kampkomiteen.net\/wp-content\/uploads\/2025\/10\/image-7.png?resize=768%2C229&amp;ssl=1 768w\" sizes=\"auto, (max-width: 810px) 100vw, 810px\" \/><\/figure>\n\n\n\n<figure class=\"wp-block-image size-full is-resized\"><img data-recalc-dims=\"1\" loading=\"lazy\" decoding=\"async\" width=\"810\" height=\"399\" src=\"https:\/\/i0.wp.com\/kampkomiteen.net\/wp-content\/uploads\/2025\/10\/image-4.png?resize=810%2C399&#038;ssl=1\" alt=\"\" class=\"wp-image-9874\" style=\"width:880px;height:auto\" srcset=\"https:\/\/i0.wp.com\/kampkomiteen.net\/wp-content\/uploads\/2025\/10\/image-4.png?w=864&amp;ssl=1 864w, https:\/\/i0.wp.com\/kampkomiteen.net\/wp-content\/uploads\/2025\/10\/image-4.png?resize=768%2C379&amp;ssl=1 768w\" sizes=\"auto, (max-width: 810px) 100vw, 810px\" \/><\/figure>\n\n\n\n<figure class=\"wp-block-image size-full is-resized\"><img data-recalc-dims=\"1\" loading=\"lazy\" decoding=\"async\" width=\"810\" height=\"525\" src=\"https:\/\/i0.wp.com\/kampkomiteen.net\/wp-content\/uploads\/2025\/10\/image-5.png?resize=810%2C525&#038;ssl=1\" alt=\"\" class=\"wp-image-9877\" style=\"width:880px;height:auto\" srcset=\"https:\/\/i0.wp.com\/kampkomiteen.net\/wp-content\/uploads\/2025\/10\/image-5.png?w=862&amp;ssl=1 862w, https:\/\/i0.wp.com\/kampkomiteen.net\/wp-content\/uploads\/2025\/10\/image-5.png?resize=768%2C498&amp;ssl=1 768w, https:\/\/i0.wp.com\/kampkomiteen.net\/wp-content\/uploads\/2025\/10\/image-5.png?resize=850%2C550&amp;ssl=1 850w\" sizes=\"auto, (max-width: 810px) 100vw, 810px\" \/><\/figure>\n\n\n\n<figure class=\"wp-block-image size-full is-resized\"><img data-recalc-dims=\"1\" loading=\"lazy\" decoding=\"async\" width=\"810\" height=\"590\" src=\"https:\/\/i0.wp.com\/kampkomiteen.net\/wp-content\/uploads\/2025\/10\/image-6.png?resize=810%2C590&#038;ssl=1\" alt=\"\" class=\"wp-image-9878\" style=\"width:880px;height:auto\" srcset=\"https:\/\/i0.wp.com\/kampkomiteen.net\/wp-content\/uploads\/2025\/10\/image-6.png?w=862&amp;ssl=1 862w, https:\/\/i0.wp.com\/kampkomiteen.net\/wp-content\/uploads\/2025\/10\/image-6.png?resize=768%2C560&amp;ssl=1 768w\" sizes=\"auto, (max-width: 810px) 100vw, 810px\" \/><\/figure>\n\n\n\n<figure class=\"wp-block-image size-full\"><img data-recalc-dims=\"1\" loading=\"lazy\" decoding=\"async\" width=\"810\" height=\"268\" src=\"https:\/\/i0.wp.com\/kampkomiteen.net\/wp-content\/uploads\/2025\/10\/image-8.png?resize=810%2C268&#038;ssl=1\" alt=\"\" class=\"wp-image-9880\" srcset=\"https:\/\/i0.wp.com\/kampkomiteen.net\/wp-content\/uploads\/2025\/10\/image-8.png?w=889&amp;ssl=1 889w, https:\/\/i0.wp.com\/kampkomiteen.net\/wp-content\/uploads\/2025\/10\/image-8.png?resize=768%2C254&amp;ssl=1 768w\" sizes=\"auto, (max-width: 810px) 100vw, 810px\" \/><\/figure>\n\n\n\n<figure class=\"wp-block-image size-full\"><img data-recalc-dims=\"1\" loading=\"lazy\" decoding=\"async\" width=\"810\" height=\"608\" src=\"https:\/\/i0.wp.com\/kampkomiteen.net\/wp-content\/uploads\/2025\/10\/image-3.jpeg?resize=810%2C608&#038;ssl=1\" alt=\"\" class=\"wp-image-9872\" srcset=\"https:\/\/i0.wp.com\/kampkomiteen.net\/wp-content\/uploads\/2025\/10\/image-3.jpeg?w=2048&amp;ssl=1 2048w, https:\/\/i0.wp.com\/kampkomiteen.net\/wp-content\/uploads\/2025\/10\/image-3.jpeg?resize=1000%2C750&amp;ssl=1 1000w, https:\/\/i0.wp.com\/kampkomiteen.net\/wp-content\/uploads\/2025\/10\/image-3.jpeg?resize=768%2C576&amp;ssl=1 768w, https:\/\/i0.wp.com\/kampkomiteen.net\/wp-content\/uploads\/2025\/10\/image-3.jpeg?resize=1536%2C1152&amp;ssl=1 1536w, https:\/\/i0.wp.com\/kampkomiteen.net\/wp-content\/uploads\/2025\/10\/image-3.jpeg?w=1620&amp;ssl=1 1620w\" sizes=\"auto, (max-width: 810px) 100vw, 810px\" \/><\/figure>\n","protected":false},"excerpt":{"rendered":"<p>Den siste uka har aktivister fra Kampkomiteen deltatt i l\u00f8rdagsdemonstrasjonen for Palestina, og i sentrum, p\u00e5 Slettheia og Grim er det er satt opp plakater, klistremerker og et banner.<\/p>\n","protected":false},"author":8,"featured_media":9881,"comment_status":"closed","ping_status":"closed","sticky":false,"template":"","format":"standard","meta":{"advanced_seo_description":"","jetpack_seo_html_title":"","jetpack_seo_noindex":false,"_jetpack_memberships_contains_paid_content":false,"footnotes":""},"categories":[1],"tags":[21,47],"class_list":["post-9870","post","type-post","status-publish","format-standard","has-post-thumbnail","hentry","category-uncategorized","tag-palestina","tag-solidaritet"],"jetpack_featured_media_url":"https:\/\/i0.wp.com\/kampkomiteen.net\/wp-content\/uploads\/2025\/10\/fritt-palestina.jpg?fit=1160%2C653&ssl=1","jetpack_shortlink":"https:\/\/wp.me\/pchuPf-2zc","jetpack-related-posts":[{"id":9409,"url":"https:\/\/kampkomiteen.net\/?p=9409","url_meta":{"origin":9870,"position":0},"title":"Kristiansand: Solidaritet med Palestina","author":"Kampkomiteen","date":"31. august 2025","format":false,"excerpt":"Kampkomiteen har i august deltatt p\u00e5 flere markeringer og aksjoner til st\u00f8tte for Palestina.","rel":"","context":"i \"Demonstrasjon\"","block_context":{"text":"Demonstrasjon","link":"https:\/\/kampkomiteen.net\/?tag=demonstrasjon"},"img":{"alt_text":"","src":"https:\/\/i0.wp.com\/kampkomiteen.net\/wp-content\/uploads\/2025\/08\/Fritt-Palestina.jpg?fit=1160%2C653&ssl=1&resize=350%2C200","width":350,"height":200,"srcset":"https:\/\/i0.wp.com\/kampkomiteen.net\/wp-content\/uploads\/2025\/08\/Fritt-Palestina.jpg?fit=1160%2C653&ssl=1&resize=350%2C200 1x, https:\/\/i0.wp.com\/kampkomiteen.net\/wp-content\/uploads\/2025\/08\/Fritt-Palestina.jpg?fit=1160%2C653&ssl=1&resize=525%2C300 1.5x, https:\/\/i0.wp.com\/kampkomiteen.net\/wp-content\/uploads\/2025\/08\/Fritt-Palestina.jpg?fit=1160%2C653&ssl=1&resize=700%2C400 2x, https:\/\/i0.wp.com\/kampkomiteen.net\/wp-content\/uploads\/2025\/08\/Fritt-Palestina.jpg?fit=1160%2C653&ssl=1&resize=1050%2C600 3x"},"classes":[]},{"id":7889,"url":"https:\/\/kampkomiteen.net\/?p=7889","url_meta":{"origin":9870,"position":1},"title":"Kristiansand: Plakataksjon","author":"Kampkomiteen","date":"19. oktober 2024","format":false,"excerpt":"I Kristiansand sentrum er det satt opp plakater til st\u00f8tte for den palestinske motstandskampen og for den meksikanske kvinnesaks- og urfolksadvokaten Sandra Est\u00e9fana Dom\u00ednguez Mart\u00ednez.","rel":"","context":"i \"Antiimperialistisk Forbund\"","block_context":{"text":"Antiimperialistisk Forbund","link":"https:\/\/kampkomiteen.net\/?tag=antiimperialistisk-forbund"},"img":{"alt_text":"","src":"https:\/\/i0.wp.com\/kampkomiteen.net\/wp-content\/uploads\/2024\/10\/FOTO-4.png?fit=1160%2C653&ssl=1&resize=350%2C200","width":350,"height":200,"srcset":"https:\/\/i0.wp.com\/kampkomiteen.net\/wp-content\/uploads\/2024\/10\/FOTO-4.png?fit=1160%2C653&ssl=1&resize=350%2C200 1x, https:\/\/i0.wp.com\/kampkomiteen.net\/wp-content\/uploads\/2024\/10\/FOTO-4.png?fit=1160%2C653&ssl=1&resize=525%2C300 1.5x, https:\/\/i0.wp.com\/kampkomiteen.net\/wp-content\/uploads\/2024\/10\/FOTO-4.png?fit=1160%2C653&ssl=1&resize=700%2C400 2x, https:\/\/i0.wp.com\/kampkomiteen.net\/wp-content\/uploads\/2024\/10\/FOTO-4.png?fit=1160%2C653&ssl=1&resize=1050%2C600 3x"},"classes":[]},{"id":10616,"url":"https:\/\/kampkomiteen.net\/?p=10616","url_meta":{"origin":9870,"position":2},"title":"Kristiansand: Solidaritet med Palestina","author":"Kampkomiteen","date":"3. mars 2026","format":false,"excerpt":"Kampkomiteen har satt opp plakater til st\u00f8tte for den palestinske motstandskampen og deltatt i l\u00f8rdagsdemonstrasjonene for Palestina.","rel":"","context":"i \"Demonstrasjon\"","block_context":{"text":"Demonstrasjon","link":"https:\/\/kampkomiteen.net\/?tag=demonstrasjon"},"img":{"alt_text":"","src":"https:\/\/i0.wp.com\/kampkomiteen.net\/wp-content\/uploads\/2026\/03\/foto.jpg?fit=1160%2C653&ssl=1&resize=350%2C200","width":350,"height":200,"srcset":"https:\/\/i0.wp.com\/kampkomiteen.net\/wp-content\/uploads\/2026\/03\/foto.jpg?fit=1160%2C653&ssl=1&resize=350%2C200 1x, https:\/\/i0.wp.com\/kampkomiteen.net\/wp-content\/uploads\/2026\/03\/foto.jpg?fit=1160%2C653&ssl=1&resize=525%2C300 1.5x, https:\/\/i0.wp.com\/kampkomiteen.net\/wp-content\/uploads\/2026\/03\/foto.jpg?fit=1160%2C653&ssl=1&resize=700%2C400 2x, https:\/\/i0.wp.com\/kampkomiteen.net\/wp-content\/uploads\/2026\/03\/foto.jpg?fit=1160%2C653&ssl=1&resize=1050%2C600 3x"},"classes":[]},{"id":10079,"url":"https:\/\/kampkomiteen.net\/?p=10079","url_meta":{"origin":9870,"position":3},"title":"Trondheim: Plakater mot vold mot kvinner og for julemarked for Palestina","author":"Kampkomiteen","date":"23. november 2025","format":false,"excerpt":"Denne uka har aktivister satt opp plakater i anledning den internasjonale dagen mot vold mot kvinner, samt plakater for \u00e5 spre ordet om julemarked for Palestina.","rel":"","context":"i \"25. november\"","block_context":{"text":"25. november","link":"https:\/\/kampkomiteen.net\/?tag=25-november"},"img":{"alt_text":"","src":"https:\/\/i0.wp.com\/kampkomiteen.net\/wp-content\/uploads\/2025\/11\/Plakat1.jpg?fit=1025%2C700&ssl=1&resize=350%2C200","width":350,"height":200,"srcset":"https:\/\/i0.wp.com\/kampkomiteen.net\/wp-content\/uploads\/2025\/11\/Plakat1.jpg?fit=1025%2C700&ssl=1&resize=350%2C200 1x, https:\/\/i0.wp.com\/kampkomiteen.net\/wp-content\/uploads\/2025\/11\/Plakat1.jpg?fit=1025%2C700&ssl=1&resize=525%2C300 1.5x, https:\/\/i0.wp.com\/kampkomiteen.net\/wp-content\/uploads\/2025\/11\/Plakat1.jpg?fit=1025%2C700&ssl=1&resize=700%2C400 2x"},"classes":[]},{"id":7907,"url":"https:\/\/kampkomiteen.net\/?p=7907","url_meta":{"origin":9870,"position":4},"title":"Kristiansand: Plakater for den palestinske motstandskampen","author":"Kampkomiteen","date":"22. oktober 2024","format":false,"excerpt":"I Kristiansand sentrum og p\u00e5 Universitetet i Agder er det satt opp plakater for Palestina.","rel":"","context":"i \"Antiimperialisme\"","block_context":{"text":"Antiimperialisme","link":"https:\/\/kampkomiteen.net\/?tag=antiimperialisme"},"img":{"alt_text":"","src":"https:\/\/i0.wp.com\/kampkomiteen.net\/wp-content\/uploads\/2024\/10\/FOTO-3.png?fit=1160%2C653&ssl=1&resize=350%2C200","width":350,"height":200,"srcset":"https:\/\/i0.wp.com\/kampkomiteen.net\/wp-content\/uploads\/2024\/10\/FOTO-3.png?fit=1160%2C653&ssl=1&resize=350%2C200 1x, https:\/\/i0.wp.com\/kampkomiteen.net\/wp-content\/uploads\/2024\/10\/FOTO-3.png?fit=1160%2C653&ssl=1&resize=525%2C300 1.5x, https:\/\/i0.wp.com\/kampkomiteen.net\/wp-content\/uploads\/2024\/10\/FOTO-3.png?fit=1160%2C653&ssl=1&resize=700%2C400 2x, https:\/\/i0.wp.com\/kampkomiteen.net\/wp-content\/uploads\/2024\/10\/FOTO-3.png?fit=1160%2C653&ssl=1&resize=1050%2C600 3x"},"classes":[]},{"id":8941,"url":"https:\/\/kampkomiteen.net\/?p=8941","url_meta":{"origin":9870,"position":5},"title":"Kristiansand: Markering av Nakba","author":"Kampkomiteen","date":"18. mai 2025","format":false,"excerpt":"15. mai markerte aktivister fra Kampkomiteen Nakba-dagen med \u00e5 sette opp plakater og klistremerker, og \u00e5 delta p\u00e5 ei markering arrangert av Palestinsk forening og Palestinakomiteen.","rel":"","context":"i \"Nakba\"","block_context":{"text":"Nakba","link":"https:\/\/kampkomiteen.net\/?tag=nakba"},"img":{"alt_text":"","src":"https:\/\/i0.wp.com\/kampkomiteen.net\/wp-content\/uploads\/2025\/05\/Image_729584.jpg?fit=987%2C473&ssl=1&resize=350%2C200","width":350,"height":200,"srcset":"https:\/\/i0.wp.com\/kampkomiteen.net\/wp-content\/uploads\/2025\/05\/Image_729584.jpg?fit=987%2C473&ssl=1&resize=350%2C200 1x, https:\/\/i0.wp.com\/kampkomiteen.net\/wp-content\/uploads\/2025\/05\/Image_729584.jpg?fit=987%2C473&ssl=1&resize=525%2C300 1.5x, https:\/\/i0.wp.com\/kampkomiteen.net\/wp-content\/uploads\/2025\/05\/Image_729584.jpg?fit=987%2C473&ssl=1&resize=700%2C400 2x"},"classes":[]}],"jetpack_sharing_enabled":true,"_links":{"self":[{"href":"https:\/\/kampkomiteen.net\/index.php?rest_route=\/wp\/v2\/posts\/9870","targetHints":{"allow":["GET"]}}],"collection":[{"href":"https:\/\/kampkomiteen.net\/index.php?rest_route=\/wp\/v2\/posts"}],"about":[{"href":"https:\/\/kampkomiteen.net\/index.php?rest_route=\/wp\/v2\/types\/post"}],"author":[{"embeddable":true,"href":"https:\/\/kampkomiteen.net\/index.php?rest_route=\/wp\/v2\/users\/8"}],"replies":[{"embeddable":true,"href":"https:\/\/kampkomiteen.net\/index.php?rest_route=%2Fwp%2Fv2%2Fcomments&post=9870"}],"version-history":[{"count":3,"href":"https:\/\/kampkomiteen.net\/index.php?rest_route=\/wp\/v2\/posts\/9870\/revisions"}],"predecessor-version":[{"id":9887,"href":"https:\/\/kampkomiteen.net\/index.php?rest_route=\/wp\/v2\/posts\/9870\/revisions\/9887"}],"wp:featuredmedia":[{"embeddable":true,"href":"https:\/\/kampkomiteen.net\/index.php?rest_route=\/wp\/v2\/media\/9881"}],"wp:attachment":[{"href":"https:\/\/kampkomiteen.net\/index.php?rest_route=%2Fwp%2Fv2%2Fmedia&parent=9870"}],"wp:term":[{"taxonomy":"category","embeddable":true,"href":"https:\/\/kampkomiteen.net\/index.php?rest_route=%2Fwp%2Fv2%2Fcategories&post=9870"},{"taxonomy":"post_tag","embeddable":true,"href":"https:\/\/kampkomiteen.net\/index.php?rest_route=%2Fwp%2Fv2%2Ftags&post=9870"}],"curies":[{"name":"wp","href":"https:\/\/api.w.org\/{rel}","templated":true}]}}