{"id":9865,"date":"2025-10-26T23:29:58","date_gmt":"2025-10-26T22:29:58","guid":{"rendered":"https:\/\/kampkomiteen.net\/?p=9865"},"modified":"2025-10-26T23:30:00","modified_gmt":"2025-10-26T22:30:00","slug":"oslo-banner-for-antiimperialistisk-forbund","status":"publish","type":"post","link":"https:\/\/kampkomiteen.net\/?p=9865","title":{"rendered":"Oslo: Banner for Antiimperialistisk Forbund"},"content":{"rendered":"<div id=\"fb-root\"><\/div>\n\n<p><em>Skrevet av aktivister i Oslo<\/em><\/p>\n\n\n\n<p>Den 26. oktober ved Storo T-banestasjon ble det hengt opp banner der det sto \u00abFram for konstruksjonen av Antiimperialistisk Forbund!\u00bb. Banneret er synlig for passasjerer som tar T-banen.<\/p>\n\n\n\n<figure class=\"wp-block-image size-large\"><img data-recalc-dims=\"1\" loading=\"lazy\" decoding=\"async\" width=\"810\" height=\"540\" src=\"https:\/\/i0.wp.com\/kampkomiteen.net\/wp-content\/uploads\/2025\/10\/IMG_0895.jpg?resize=810%2C540&#038;ssl=1\" alt=\"\" class=\"wp-image-9866\" srcset=\"https:\/\/i0.wp.com\/kampkomiteen.net\/wp-content\/uploads\/2025\/10\/IMG_0895-scaled.jpg?resize=4000%2C2667&amp;ssl=1 4000w, https:\/\/i0.wp.com\/kampkomiteen.net\/wp-content\/uploads\/2025\/10\/IMG_0895-scaled.jpg?resize=1000%2C667&amp;ssl=1 1000w, https:\/\/i0.wp.com\/kampkomiteen.net\/wp-content\/uploads\/2025\/10\/IMG_0895-scaled.jpg?resize=768%2C512&amp;ssl=1 768w, https:\/\/i0.wp.com\/kampkomiteen.net\/wp-content\/uploads\/2025\/10\/IMG_0895-scaled.jpg?resize=1536%2C1024&amp;ssl=1 1536w, https:\/\/i0.wp.com\/kampkomiteen.net\/wp-content\/uploads\/2025\/10\/IMG_0895-scaled.jpg?resize=2048%2C1365&amp;ssl=1 2048w, https:\/\/i0.wp.com\/kampkomiteen.net\/wp-content\/uploads\/2025\/10\/IMG_0895-scaled.jpg?resize=120%2C80&amp;ssl=1 120w\" sizes=\"auto, (max-width: 810px) 100vw, 810px\" \/><\/figure>\n\n\n\n<figure class=\"wp-block-image size-large\"><img data-recalc-dims=\"1\" loading=\"lazy\" decoding=\"async\" width=\"810\" height=\"540\" src=\"https:\/\/i0.wp.com\/kampkomiteen.net\/wp-content\/uploads\/2025\/10\/IMG_0897.jpg?resize=810%2C540&#038;ssl=1\" alt=\"\" class=\"wp-image-9867\" srcset=\"https:\/\/i0.wp.com\/kampkomiteen.net\/wp-content\/uploads\/2025\/10\/IMG_0897-scaled.jpg?resize=4000%2C2667&amp;ssl=1 4000w, https:\/\/i0.wp.com\/kampkomiteen.net\/wp-content\/uploads\/2025\/10\/IMG_0897-scaled.jpg?resize=1000%2C667&amp;ssl=1 1000w, https:\/\/i0.wp.com\/kampkomiteen.net\/wp-content\/uploads\/2025\/10\/IMG_0897-scaled.jpg?resize=768%2C512&amp;ssl=1 768w, https:\/\/i0.wp.com\/kampkomiteen.net\/wp-content\/uploads\/2025\/10\/IMG_0897-scaled.jpg?resize=1536%2C1024&amp;ssl=1 1536w, https:\/\/i0.wp.com\/kampkomiteen.net\/wp-content\/uploads\/2025\/10\/IMG_0897-scaled.jpg?resize=2048%2C1365&amp;ssl=1 2048w, https:\/\/i0.wp.com\/kampkomiteen.net\/wp-content\/uploads\/2025\/10\/IMG_0897-scaled.jpg?resize=120%2C80&amp;ssl=1 120w\" sizes=\"auto, (max-width: 810px) 100vw, 810px\" \/><\/figure>\n\n\n\n<p><\/p>\n","protected":false},"excerpt":{"rendered":"<p>Den 26. oktober ved Storo T-banestasjon ble det hengt opp banner der det sto \u00abFram for konstruksjonen av Antiimperialistisk Forbund!\u00bb<\/p>\n","protected":false},"author":8,"featured_media":9866,"comment_status":"closed","ping_status":"closed","sticky":false,"template":"","format":"standard","meta":{"advanced_seo_description":"","jetpack_seo_html_title":"","jetpack_seo_noindex":false,"_jetpack_memberships_contains_paid_content":false,"footnotes":""},"categories":[1],"tags":[79,48,78],"class_list":["post-9865","post","type-post","status-publish","format-standard","has-post-thumbnail","hentry","category-uncategorized","tag-ail","tag-antiimperialisme","tag-antiimperialistisk-forbund"],"jetpack_featured_media_url":"https:\/\/i0.wp.com\/kampkomiteen.net\/wp-content\/uploads\/2025\/10\/IMG_0895-scaled.jpg?fit=2560%2C1707&ssl=1","jetpack_shortlink":"https:\/\/wp.me\/pchuPf-2z7","jetpack-related-posts":[{"id":10432,"url":"https:\/\/kampkomiteen.net\/?p=10432","url_meta":{"origin":9865,"position":0},"title":"Bergen: Demonstrasjon og \u00e5pent m\u00f8te for Venezuela","author":"Kampkomiteen","date":"4. februar 2026","format":false,"excerpt":"Tirsdag 3. februar arrangerte Bergen4Palestine og Kampkomiteen en demonstrasjon og et \u00e5pent m\u00f8te i forbindelse med den internasjonale aksjonsdagen til ford\u00f8mmelse av USA imperialismens aggresjon mot Venezuela.","rel":"","context":"Liknende innlegg","block_context":{"text":"Liknende innlegg","link":""},"img":{"alt_text":"","src":"https:\/\/i0.wp.com\/kampkomiteen.net\/wp-content\/uploads\/2026\/02\/20260203_171517.jpg?fit=1160%2C746&ssl=1&resize=350%2C200","width":350,"height":200,"srcset":"https:\/\/i0.wp.com\/kampkomiteen.net\/wp-content\/uploads\/2026\/02\/20260203_171517.jpg?fit=1160%2C746&ssl=1&resize=350%2C200 1x, https:\/\/i0.wp.com\/kampkomiteen.net\/wp-content\/uploads\/2026\/02\/20260203_171517.jpg?fit=1160%2C746&ssl=1&resize=525%2C300 1.5x, https:\/\/i0.wp.com\/kampkomiteen.net\/wp-content\/uploads\/2026\/02\/20260203_171517.jpg?fit=1160%2C746&ssl=1&resize=700%2C400 2x, https:\/\/i0.wp.com\/kampkomiteen.net\/wp-content\/uploads\/2026\/02\/20260203_171517.jpg?fit=1160%2C746&ssl=1&resize=1050%2C600 3x"},"classes":[]},{"id":8706,"url":"https:\/\/kampkomiteen.net\/?p=8706","url_meta":{"origin":9865,"position":1},"title":"Bergen: Antiimperialistisk Kulturkveld","author":"Kampkomiteen","date":"21. april 2025","format":false,"excerpt":"Skrevet av aktivister i Bergen Kampkomiteen i Bergen og Bergen4Palestine arrangerte et antiimperialistisk kulturkveld fredag 11. april. M\u00f8tet fant sted p\u00e5 Det Akademiske Kvarteret, og besto av b\u00e5de politiske og kulturelle innlegg. M\u00f8tet var pynta opp med flaggene til Palestina, Fattigb\u00f8ndenes Forbund (LCP) og Antiimperialistisk Forbund. Bakerst hang det et\u2026","rel":"","context":"Liknende innlegg","block_context":{"text":"Liknende innlegg","link":""},"img":{"alt_text":"","src":"https:\/\/i0.wp.com\/kampkomiteen.net\/wp-content\/uploads\/2025\/04\/20250411_184028-scaled.jpg?fit=1200%2C900&ssl=1&resize=350%2C200","width":350,"height":200,"srcset":"https:\/\/i0.wp.com\/kampkomiteen.net\/wp-content\/uploads\/2025\/04\/20250411_184028-scaled.jpg?fit=1200%2C900&ssl=1&resize=350%2C200 1x, https:\/\/i0.wp.com\/kampkomiteen.net\/wp-content\/uploads\/2025\/04\/20250411_184028-scaled.jpg?fit=1200%2C900&ssl=1&resize=525%2C300 1.5x, https:\/\/i0.wp.com\/kampkomiteen.net\/wp-content\/uploads\/2025\/04\/20250411_184028-scaled.jpg?fit=1200%2C900&ssl=1&resize=700%2C400 2x, https:\/\/i0.wp.com\/kampkomiteen.net\/wp-content\/uploads\/2025\/04\/20250411_184028-scaled.jpg?fit=1200%2C900&ssl=1&resize=1050%2C600 3x"},"classes":[]},{"id":8330,"url":"https:\/\/kampkomiteen.net\/?p=8330","url_meta":{"origin":9865,"position":2},"title":"Video: Aktiviteter for Antiimperialistisk Forbund","author":"Kampkomiteen","date":"2. mars 2025","format":false,"excerpt":"I 2024 ble det gjennomf\u00f8rt aktiviteter i Oslo, Bergen, Trondheim og Kristiansand, for stiftelsen av Antiimperialistisk Forbund (AIL).","rel":"","context":"i \"Antiimperialisme\"","block_context":{"text":"Antiimperialisme","link":"https:\/\/kampkomiteen.net\/?tag=antiimperialisme"},"img":{"alt_text":"","src":"https:\/\/i0.wp.com\/kampkomiteen.net\/wp-content\/uploads\/2025\/03\/video.png?fit=1160%2C653&ssl=1&resize=350%2C200","width":350,"height":200,"srcset":"https:\/\/i0.wp.com\/kampkomiteen.net\/wp-content\/uploads\/2025\/03\/video.png?fit=1160%2C653&ssl=1&resize=350%2C200 1x, https:\/\/i0.wp.com\/kampkomiteen.net\/wp-content\/uploads\/2025\/03\/video.png?fit=1160%2C653&ssl=1&resize=525%2C300 1.5x, https:\/\/i0.wp.com\/kampkomiteen.net\/wp-content\/uploads\/2025\/03\/video.png?fit=1160%2C653&ssl=1&resize=700%2C400 2x, https:\/\/i0.wp.com\/kampkomiteen.net\/wp-content\/uploads\/2025\/03\/video.png?fit=1160%2C653&ssl=1&resize=1050%2C600 3x"},"classes":[]},{"id":11179,"url":"https:\/\/kampkomiteen.net\/?p=11179","url_meta":{"origin":9865,"position":3},"title":"Bergen: Antiimperialistisk 1. mai","author":"Kampkomiteen","date":"2. mai 2026","format":false,"excerpt":"I uvant flott solv\u00e6r deltok flere hundre i Den antiimperialistiske blokken med \"St\u00f8tt folkets kamp i India og Palestina! USA - Henda vekk fra Iran!\" som hovedparole for blokken og den antiimperialistiske 1. mai markeringen.","rel":"","context":"i \"1. mai\"","block_context":{"text":"1. mai","link":"https:\/\/kampkomiteen.net\/?tag=1-mai"},"img":{"alt_text":"","src":"https:\/\/i0.wp.com\/kampkomiteen.net\/wp-content\/uploads\/2026\/05\/2-marsj-til-nonneseter.jpg?fit=1160%2C769&ssl=1&resize=350%2C200","width":350,"height":200,"srcset":"https:\/\/i0.wp.com\/kampkomiteen.net\/wp-content\/uploads\/2026\/05\/2-marsj-til-nonneseter.jpg?fit=1160%2C769&ssl=1&resize=350%2C200 1x, https:\/\/i0.wp.com\/kampkomiteen.net\/wp-content\/uploads\/2026\/05\/2-marsj-til-nonneseter.jpg?fit=1160%2C769&ssl=1&resize=525%2C300 1.5x, https:\/\/i0.wp.com\/kampkomiteen.net\/wp-content\/uploads\/2026\/05\/2-marsj-til-nonneseter.jpg?fit=1160%2C769&ssl=1&resize=700%2C400 2x, https:\/\/i0.wp.com\/kampkomiteen.net\/wp-content\/uploads\/2026\/05\/2-marsj-til-nonneseter.jpg?fit=1160%2C769&ssl=1&resize=1050%2C600 3x"},"classes":[]},{"id":7928,"url":"https:\/\/kampkomiteen.net\/?p=7928","url_meta":{"origin":9865,"position":4},"title":"Bergen: \u00c5pent m\u00f8te om antiimperialisme","author":"Kampkomiteen","date":"25. oktober 2024","format":false,"excerpt":"Fredag 25. oktober ble det avholdt et \u00e5pent m\u00f8te om antiimperialisme i Bergen. M\u00f8tet var arrangert av Kampkomiteen i Bergen, Bergen4Palestine og Aktivister for Palestina.","rel":"","context":"i \"AIL\"","block_context":{"text":"AIL","link":"https:\/\/kampkomiteen.net\/?tag=ail"},"img":{"alt_text":"","src":"https:\/\/i0.wp.com\/kampkomiteen.net\/wp-content\/uploads\/2024\/10\/AIL-2.png?fit=1160%2C870&ssl=1&resize=350%2C200","width":350,"height":200,"srcset":"https:\/\/i0.wp.com\/kampkomiteen.net\/wp-content\/uploads\/2024\/10\/AIL-2.png?fit=1160%2C870&ssl=1&resize=350%2C200 1x, https:\/\/i0.wp.com\/kampkomiteen.net\/wp-content\/uploads\/2024\/10\/AIL-2.png?fit=1160%2C870&ssl=1&resize=525%2C300 1.5x, https:\/\/i0.wp.com\/kampkomiteen.net\/wp-content\/uploads\/2024\/10\/AIL-2.png?fit=1160%2C870&ssl=1&resize=700%2C400 2x, https:\/\/i0.wp.com\/kampkomiteen.net\/wp-content\/uploads\/2024\/10\/AIL-2.png?fit=1160%2C870&ssl=1&resize=1050%2C600 3x"},"classes":[]},{"id":11017,"url":"https:\/\/kampkomiteen.net\/?p=11017","url_meta":{"origin":9865,"position":5},"title":"Bergen: Vellykka gjennomf\u00f8ring av Antiimperialistisk Konferanse","author":"Kampkomiteen","date":"28. april 2026","format":false,"excerpt":"Skrevet av aktivister i Bergen. I Bergen ble den Antiimperialistiske Konferanse holdt fra 24. til 26. april. Til sammen samla konferansen over 40 antiimperialister. Aktivister fra Kampkomiteen deltok p\u00e5 Antiimperialistisk Konferanse, arrangert av Bergen4Palestine. Det er tredje \u00e5ret p\u00e5 rad at denne konferansen blir holdt, og under \u00e5rets konferanse var\u2026","rel":"","context":"i \"Antiimperialisme\"","block_context":{"text":"Antiimperialisme","link":"https:\/\/kampkomiteen.net\/?tag=antiimperialisme"},"img":{"alt_text":"","src":"https:\/\/i0.wp.com\/kampkomiteen.net\/wp-content\/uploads\/2026\/04\/20260425_164823.jpg?fit=1160%2C658&ssl=1&resize=350%2C200","width":350,"height":200,"srcset":"https:\/\/i0.wp.com\/kampkomiteen.net\/wp-content\/uploads\/2026\/04\/20260425_164823.jpg?fit=1160%2C658&ssl=1&resize=350%2C200 1x, https:\/\/i0.wp.com\/kampkomiteen.net\/wp-content\/uploads\/2026\/04\/20260425_164823.jpg?fit=1160%2C658&ssl=1&resize=525%2C300 1.5x, https:\/\/i0.wp.com\/kampkomiteen.net\/wp-content\/uploads\/2026\/04\/20260425_164823.jpg?fit=1160%2C658&ssl=1&resize=700%2C400 2x, https:\/\/i0.wp.com\/kampkomiteen.net\/wp-content\/uploads\/2026\/04\/20260425_164823.jpg?fit=1160%2C658&ssl=1&resize=1050%2C600 3x"},"classes":[]}],"jetpack_sharing_enabled":true,"_links":{"self":[{"href":"https:\/\/kampkomiteen.net\/index.php?rest_route=\/wp\/v2\/posts\/9865","targetHints":{"allow":["GET"]}}],"collection":[{"href":"https:\/\/kampkomiteen.net\/index.php?rest_route=\/wp\/v2\/posts"}],"about":[{"href":"https:\/\/kampkomiteen.net\/index.php?rest_route=\/wp\/v2\/types\/post"}],"author":[{"embeddable":true,"href":"https:\/\/kampkomiteen.net\/index.php?rest_route=\/wp\/v2\/users\/8"}],"replies":[{"embeddable":true,"href":"https:\/\/kampkomiteen.net\/index.php?rest_route=%2Fwp%2Fv2%2Fcomments&post=9865"}],"version-history":[{"count":1,"href":"https:\/\/kampkomiteen.net\/index.php?rest_route=\/wp\/v2\/posts\/9865\/revisions"}],"predecessor-version":[{"id":9868,"href":"https:\/\/kampkomiteen.net\/index.php?rest_route=\/wp\/v2\/posts\/9865\/revisions\/9868"}],"wp:featuredmedia":[{"embeddable":true,"href":"https:\/\/kampkomiteen.net\/index.php?rest_route=\/wp\/v2\/media\/9866"}],"wp:attachment":[{"href":"https:\/\/kampkomiteen.net\/index.php?rest_route=%2Fwp%2Fv2%2Fmedia&parent=9865"}],"wp:term":[{"taxonomy":"category","embeddable":true,"href":"https:\/\/kampkomiteen.net\/index.php?rest_route=%2Fwp%2Fv2%2Fcategories&post=9865"},{"taxonomy":"post_tag","embeddable":true,"href":"https:\/\/kampkomiteen.net\/index.php?rest_route=%2Fwp%2Fv2%2Ftags&post=9865"}],"curies":[{"name":"wp","href":"https:\/\/api.w.org\/{rel}","templated":true}]}}