{"id":9859,"date":"2025-10-20T19:01:52","date_gmt":"2025-10-20T17:01:52","guid":{"rendered":"https:\/\/kampkomiteen.net\/?p=9859"},"modified":"2025-10-20T19:01:52","modified_gmt":"2025-10-20T17:01:52","slug":"bergen-veggavis-til-stotte-for-de-22-arresterte","status":"publish","type":"post","link":"https:\/\/kampkomiteen.net\/?p=9859","title":{"rendered":"Bergen: Veggavis til st\u00f8tte for de 22 arresterte"},"content":{"rendered":"<div id=\"fb-root\"><\/div>\n\n<p>Skrevet av aktivister i Bergen. <\/p>\n\n\n\n<p>Aktivister fra flere organisasjoner har malt og hengt opp en stor veggavis med slagordet \u00abStopp politiet og PSTs forf\u00f8lgelse av palestinaaktivister!\u00bb i solidaritet med de 22 palestinaaktivistene som ble arrestert under demonstrasjonen mot landskampen Norge-Israel.<\/p>\n\n\n\n<figure class=\"wp-block-image size-full\"><img data-recalc-dims=\"1\" loading=\"lazy\" decoding=\"async\" width=\"810\" height=\"610\" src=\"https:\/\/i0.wp.com\/kampkomiteen.net\/wp-content\/uploads\/2025\/10\/veggavis-1.jpg?resize=810%2C610&#038;ssl=1\" alt=\"\" class=\"wp-image-9860\" srcset=\"https:\/\/i0.wp.com\/kampkomiteen.net\/wp-content\/uploads\/2025\/10\/veggavis-1.jpg?w=1160&amp;ssl=1 1160w, https:\/\/i0.wp.com\/kampkomiteen.net\/wp-content\/uploads\/2025\/10\/veggavis-1.jpg?resize=1000%2C753&amp;ssl=1 1000w, https:\/\/i0.wp.com\/kampkomiteen.net\/wp-content\/uploads\/2025\/10\/veggavis-1.jpg?resize=768%2C578&amp;ssl=1 768w\" sizes=\"auto, (max-width: 810px) 100vw, 810px\" \/><\/figure>\n\n\n\n<figure class=\"wp-block-image size-full\"><img data-recalc-dims=\"1\" loading=\"lazy\" decoding=\"async\" width=\"810\" height=\"610\" src=\"https:\/\/i0.wp.com\/kampkomiteen.net\/wp-content\/uploads\/2025\/10\/Veggavis-2.jpg?resize=810%2C610&#038;ssl=1\" alt=\"\" class=\"wp-image-9861\" srcset=\"https:\/\/i0.wp.com\/kampkomiteen.net\/wp-content\/uploads\/2025\/10\/Veggavis-2.jpg?w=1160&amp;ssl=1 1160w, https:\/\/i0.wp.com\/kampkomiteen.net\/wp-content\/uploads\/2025\/10\/Veggavis-2.jpg?resize=1000%2C753&amp;ssl=1 1000w, https:\/\/i0.wp.com\/kampkomiteen.net\/wp-content\/uploads\/2025\/10\/Veggavis-2.jpg?resize=768%2C578&amp;ssl=1 768w\" sizes=\"auto, (max-width: 810px) 100vw, 810px\" \/><\/figure>\n\n\n\n<p><strong>Les v\u00e5r uttalelse:<\/strong><\/p>\n\n\n\n<figure class=\"wp-block-embed is-type-wp-embed is-provider-kampkomiteen wp-block-embed-kampkomiteen\"><div class=\"wp-block-embed__wrapper\">\n<blockquote class=\"wp-embedded-content\" data-secret=\"s9pYoLioLL\"><a href=\"https:\/\/kampkomiteen.net\/?p=9834\">Uttalelse: St\u00f8tt og forsvar de 22 arresterte!<\/a><\/blockquote><iframe loading=\"lazy\" class=\"wp-embedded-content\" sandbox=\"allow-scripts\" security=\"restricted\" style=\"position: absolute; visibility: hidden;\" title=\"&laquo;Uttalelse: St\u00f8tt og forsvar de 22 arresterte!&raquo; &#8212; Kampkomiteen\" src=\"https:\/\/kampkomiteen.net\/?p=9834&#038;embed=true#?secret=oRUxhxeitw#?secret=s9pYoLioLL\" data-secret=\"s9pYoLioLL\" width=\"600\" height=\"338\" frameborder=\"0\" marginwidth=\"0\" marginheight=\"0\" scrolling=\"no\"><\/iframe>\n<\/div><\/figure>\n","protected":false},"excerpt":{"rendered":"<p>Aktivister fra flere organisasjoner har malt og hengt opp en stor veggavis med slagordet \u00abStopp politiet og PSTs forf\u00f8lgelse av palestinaaktivister!\u00bb i solidaritet med de 22 palestinaaktivistene som ble arrestert under demonstrasjonen mot landskampen Norge-Israel.<\/p>\n","protected":false},"author":8,"featured_media":9862,"comment_status":"closed","ping_status":"closed","sticky":false,"template":"","format":"standard","meta":{"advanced_seo_description":"","jetpack_seo_html_title":"","jetpack_seo_noindex":false,"_jetpack_memberships_contains_paid_content":false,"footnotes":""},"categories":[1],"tags":[21,47],"class_list":["post-9859","post","type-post","status-publish","format-standard","has-post-thumbnail","hentry","category-uncategorized","tag-palestina","tag-solidaritet"],"jetpack_featured_media_url":"https:\/\/i0.wp.com\/kampkomiteen.net\/wp-content\/uploads\/2025\/10\/forside-2.jpg?fit=1160%2C873&ssl=1","jetpack_shortlink":"https:\/\/wp.me\/pchuPf-2z1","jetpack-related-posts":[{"id":9932,"url":"https:\/\/kampkomiteen.net\/?p=9932","url_meta":{"origin":9859,"position":0},"title":"Fellesuttalelse: Stopp forf\u00f8lgelsen av solidaritetsbevegelsen for Palestina!","author":"Kampkomiteen","date":"9. november 2025","format":false,"excerpt":"Flere organisasjoner har signert en fellesuttalelse mot represjonen mot Palestinaaktivister.","rel":"","context":"i \"Demonstrasjon\"","block_context":{"text":"Demonstrasjon","link":"https:\/\/kampkomiteen.net\/?tag=demonstrasjon"},"img":{"alt_text":"","src":"https:\/\/i0.wp.com\/kampkomiteen.net\/wp-content\/uploads\/2025\/10\/8-scaled.jpg?fit=1200%2C800&ssl=1&resize=350%2C200","width":350,"height":200,"srcset":"https:\/\/i0.wp.com\/kampkomiteen.net\/wp-content\/uploads\/2025\/10\/8-scaled.jpg?fit=1200%2C800&ssl=1&resize=350%2C200 1x, https:\/\/i0.wp.com\/kampkomiteen.net\/wp-content\/uploads\/2025\/10\/8-scaled.jpg?fit=1200%2C800&ssl=1&resize=525%2C300 1.5x, https:\/\/i0.wp.com\/kampkomiteen.net\/wp-content\/uploads\/2025\/10\/8-scaled.jpg?fit=1200%2C800&ssl=1&resize=700%2C400 2x, https:\/\/i0.wp.com\/kampkomiteen.net\/wp-content\/uploads\/2025\/10\/8-scaled.jpg?fit=1200%2C800&ssl=1&resize=1050%2C600 3x"},"classes":[]},{"id":9889,"url":"https:\/\/kampkomiteen.net\/?p=9889","url_meta":{"origin":9859,"position":1},"title":"Trondheim: Plakater til st\u00f8tte for de 22 arresterte","author":"Kampkomiteen","date":"28. oktober 2025","format":false,"excerpt":"Mandag 27. oktober satte aktivister fra Kampkomiteen opp plakater til st\u00f8tte for de 22 arresterte etter demonstrasjonen mot landskampen Norge-Israel.","rel":"","context":"i \"Palestina\"","block_context":{"text":"Palestina","link":"https:\/\/kampkomiteen.net\/?tag=palestina"},"img":{"alt_text":"","src":"https:\/\/i0.wp.com\/kampkomiteen.net\/wp-content\/uploads\/2025\/10\/Plakat3.jpg?fit=1009%2C700&ssl=1&resize=350%2C200","width":350,"height":200,"srcset":"https:\/\/i0.wp.com\/kampkomiteen.net\/wp-content\/uploads\/2025\/10\/Plakat3.jpg?fit=1009%2C700&ssl=1&resize=350%2C200 1x, https:\/\/i0.wp.com\/kampkomiteen.net\/wp-content\/uploads\/2025\/10\/Plakat3.jpg?fit=1009%2C700&ssl=1&resize=525%2C300 1.5x, https:\/\/i0.wp.com\/kampkomiteen.net\/wp-content\/uploads\/2025\/10\/Plakat3.jpg?fit=1009%2C700&ssl=1&resize=700%2C400 2x"},"classes":[]},{"id":10145,"url":"https:\/\/kampkomiteen.net\/?p=10145","url_meta":{"origin":9859,"position":2},"title":"Demonstrasjon mot represjon og til st\u00f8tte for de 3 palestinaaktivistene","author":"Petter","date":"7. desember 2025","format":false,"excerpt":"Skrevet av aktivister i Oslo L\u00f8rdag 6. desember ble det gjennomf\u00f8rt en demonstrasjon i Oslo mot forf\u00f8lgelsen av solidaritetsbevegelsen for Palestina. Demonstrasjonen markerte s\u00e6rlig st\u00f8tte til de 3 palestinaaktivistene og de 22 arresterte. Tilsluttet demonstrasjonen var Kampkomiteen, Internasjonal Kvinneliga for Fred og Frihet, Beskytt Demokratiet!, Handala Foreningen, Workers Socialist Organization\u2026","rel":"","context":"i \"Antiimperialisme\"","block_context":{"text":"Antiimperialisme","link":"https:\/\/kampkomiteen.net\/?tag=antiimperialisme"},"img":{"alt_text":"","src":"https:\/\/i0.wp.com\/kampkomiteen.net\/wp-content\/uploads\/2025\/12\/5b.jpg?fit=1200%2C800&ssl=1&resize=350%2C200","width":350,"height":200,"srcset":"https:\/\/i0.wp.com\/kampkomiteen.net\/wp-content\/uploads\/2025\/12\/5b.jpg?fit=1200%2C800&ssl=1&resize=350%2C200 1x, https:\/\/i0.wp.com\/kampkomiteen.net\/wp-content\/uploads\/2025\/12\/5b.jpg?fit=1200%2C800&ssl=1&resize=525%2C300 1.5x, https:\/\/i0.wp.com\/kampkomiteen.net\/wp-content\/uploads\/2025\/12\/5b.jpg?fit=1200%2C800&ssl=1&resize=700%2C400 2x, https:\/\/i0.wp.com\/kampkomiteen.net\/wp-content\/uploads\/2025\/12\/5b.jpg?fit=1200%2C800&ssl=1&resize=1050%2C600 3x"},"classes":[]},{"id":9834,"url":"https:\/\/kampkomiteen.net\/?p=9834","url_meta":{"origin":9859,"position":3},"title":"Uttalelse: St\u00f8tt og forsvar de 22 arresterte!","author":"Kampkomiteen","date":"14. oktober 2025","format":false,"excerpt":"Kampkomiteen oppfordrer organisasjoner og enkeltpersoner til \u00e5 st\u00f8tte de arresterte etter landskampen Norge\u2013Israel.","rel":"","context":"i &quot;Uttalelser&quot;","block_context":{"text":"Uttalelser","link":"https:\/\/kampkomiteen.net\/?cat=94"},"img":{"alt_text":"","src":"https:\/\/i0.wp.com\/kampkomiteen.net\/wp-content\/uploads\/2025\/10\/12.jpg?fit=1200%2C800&ssl=1&resize=350%2C200","width":350,"height":200,"srcset":"https:\/\/i0.wp.com\/kampkomiteen.net\/wp-content\/uploads\/2025\/10\/12.jpg?fit=1200%2C800&ssl=1&resize=350%2C200 1x, https:\/\/i0.wp.com\/kampkomiteen.net\/wp-content\/uploads\/2025\/10\/12.jpg?fit=1200%2C800&ssl=1&resize=525%2C300 1.5x, https:\/\/i0.wp.com\/kampkomiteen.net\/wp-content\/uploads\/2025\/10\/12.jpg?fit=1200%2C800&ssl=1&resize=700%2C400 2x, https:\/\/i0.wp.com\/kampkomiteen.net\/wp-content\/uploads\/2025\/10\/12.jpg?fit=1200%2C800&ssl=1&resize=1050%2C600 3x"},"classes":[]},{"id":10093,"url":"https:\/\/kampkomiteen.net\/?p=10093","url_meta":{"origin":9859,"position":4},"title":"Oslo: Bli med p\u00e5 demonstrasjon til st\u00f8tte for de 3 palestinaaktivistene!","author":"Kampkomiteen","date":"30. november 2025","format":false,"excerpt":"Tre palestinaaktivister m\u00e5 for andre gang m\u00f8te i rettsak for \u00e5 ha ut\u00f8vd sine grunnleggende demokratiske rettigheter ...","rel":"","context":"i \"Demonstrasjon\"","block_context":{"text":"Demonstrasjon","link":"https:\/\/kampkomiteen.net\/?tag=demonstrasjon"},"img":{"alt_text":"","src":"https:\/\/i0.wp.com\/kampkomiteen.net\/wp-content\/uploads\/2025\/11\/artikkelbilde-df3-2-oslo.jpg?fit=1200%2C845&ssl=1&resize=350%2C200","width":350,"height":200,"srcset":"https:\/\/i0.wp.com\/kampkomiteen.net\/wp-content\/uploads\/2025\/11\/artikkelbilde-df3-2-oslo.jpg?fit=1200%2C845&ssl=1&resize=350%2C200 1x, https:\/\/i0.wp.com\/kampkomiteen.net\/wp-content\/uploads\/2025\/11\/artikkelbilde-df3-2-oslo.jpg?fit=1200%2C845&ssl=1&resize=525%2C300 1.5x, https:\/\/i0.wp.com\/kampkomiteen.net\/wp-content\/uploads\/2025\/11\/artikkelbilde-df3-2-oslo.jpg?fit=1200%2C845&ssl=1&resize=700%2C400 2x, https:\/\/i0.wp.com\/kampkomiteen.net\/wp-content\/uploads\/2025\/11\/artikkelbilde-df3-2-oslo.jpg?fit=1200%2C845&ssl=1&resize=1050%2C600 3x"},"classes":[]},{"id":9302,"url":"https:\/\/kampkomiteen.net\/?p=9302","url_meta":{"origin":9859,"position":5},"title":"Bergen: Kjempende demonstrasjon mot St\u00f8re og Listhaug","author":"Kampkomiteen","date":"19. august 2025","format":false,"excerpt":"Mandag 18. august var aktivister fra Kampkomiteen p\u00e5 en demonstrasjon utenfor en valgkampdebatt i Bergen, hvor statsminister Jonas Gahr St\u00f8re og FrP leder Sylvi Listhaug deltok.","rel":"","context":"i \"Bergen\"","block_context":{"text":"Bergen","link":"https:\/\/kampkomiteen.net\/?tag=bergen"},"img":{"alt_text":"","src":"https:\/\/i0.wp.com\/kampkomiteen.net\/wp-content\/uploads\/2025\/08\/forside-scaled.jpg?fit=1200%2C805&ssl=1&resize=350%2C200","width":350,"height":200,"srcset":"https:\/\/i0.wp.com\/kampkomiteen.net\/wp-content\/uploads\/2025\/08\/forside-scaled.jpg?fit=1200%2C805&ssl=1&resize=350%2C200 1x, https:\/\/i0.wp.com\/kampkomiteen.net\/wp-content\/uploads\/2025\/08\/forside-scaled.jpg?fit=1200%2C805&ssl=1&resize=525%2C300 1.5x, https:\/\/i0.wp.com\/kampkomiteen.net\/wp-content\/uploads\/2025\/08\/forside-scaled.jpg?fit=1200%2C805&ssl=1&resize=700%2C400 2x, https:\/\/i0.wp.com\/kampkomiteen.net\/wp-content\/uploads\/2025\/08\/forside-scaled.jpg?fit=1200%2C805&ssl=1&resize=1050%2C600 3x"},"classes":[]}],"jetpack_sharing_enabled":true,"_links":{"self":[{"href":"https:\/\/kampkomiteen.net\/index.php?rest_route=\/wp\/v2\/posts\/9859","targetHints":{"allow":["GET"]}}],"collection":[{"href":"https:\/\/kampkomiteen.net\/index.php?rest_route=\/wp\/v2\/posts"}],"about":[{"href":"https:\/\/kampkomiteen.net\/index.php?rest_route=\/wp\/v2\/types\/post"}],"author":[{"embeddable":true,"href":"https:\/\/kampkomiteen.net\/index.php?rest_route=\/wp\/v2\/users\/8"}],"replies":[{"embeddable":true,"href":"https:\/\/kampkomiteen.net\/index.php?rest_route=%2Fwp%2Fv2%2Fcomments&post=9859"}],"version-history":[{"count":1,"href":"https:\/\/kampkomiteen.net\/index.php?rest_route=\/wp\/v2\/posts\/9859\/revisions"}],"predecessor-version":[{"id":9863,"href":"https:\/\/kampkomiteen.net\/index.php?rest_route=\/wp\/v2\/posts\/9859\/revisions\/9863"}],"wp:featuredmedia":[{"embeddable":true,"href":"https:\/\/kampkomiteen.net\/index.php?rest_route=\/wp\/v2\/media\/9862"}],"wp:attachment":[{"href":"https:\/\/kampkomiteen.net\/index.php?rest_route=%2Fwp%2Fv2%2Fmedia&parent=9859"}],"wp:term":[{"taxonomy":"category","embeddable":true,"href":"https:\/\/kampkomiteen.net\/index.php?rest_route=%2Fwp%2Fv2%2Fcategories&post=9859"},{"taxonomy":"post_tag","embeddable":true,"href":"https:\/\/kampkomiteen.net\/index.php?rest_route=%2Fwp%2Fv2%2Ftags&post=9859"}],"curies":[{"name":"wp","href":"https:\/\/api.w.org\/{rel}","templated":true}]}}