{"id":9512,"date":"2025-09-11T17:28:50","date_gmt":"2025-09-11T15:28:50","guid":{"rendered":"https:\/\/kampkomiteen.net\/?p=9512"},"modified":"2025-09-11T17:28:50","modified_gmt":"2025-09-11T15:28:50","slug":"oslo-apent-mote-om-obiora-og-politivold","status":"publish","type":"post","link":"https:\/\/kampkomiteen.net\/?p=9512","title":{"rendered":"Oslo: \u00c5pent m\u00f8te om Obiora og politivold"},"content":{"rendered":"<div id=\"fb-root\"><\/div>\n\n<p><em>Skrevet av aktivister i Oslo<\/em><\/p>\n\n\n\n<p>Torsdag 4. september ble det holdt et \u00e5pent m\u00f8te om drapet p\u00e5 Obiora, politivold og spesialenheten for politisaker. Det ble vist med mange eksempler hvordan politiet gransker seg selv i disse sakene gjennom spesialenheten og at det nesten alltid ender i henleggelse. Myten at politiet jobber for folkets interresser ser man gang p\u00e5 gang motbevist, der de egentlig jobber kun for staten og deres interesser. Det ble livlig diskusjon rundt temaet etter presentasjonen og mange hadde ikke h\u00f8rt om saken.<\/p>\n\n\n\n<figure class=\"wp-block-image size-full\"><img data-recalc-dims=\"1\" loading=\"lazy\" decoding=\"async\" width=\"810\" height=\"540\" src=\"https:\/\/i0.wp.com\/kampkomiteen.net\/wp-content\/uploads\/2025\/09\/IMG_9775-1-scaled.jpg?resize=810%2C540&#038;ssl=1\" alt=\"\" class=\"wp-image-9516\" srcset=\"https:\/\/i0.wp.com\/kampkomiteen.net\/wp-content\/uploads\/2025\/09\/IMG_9775-1-scaled.jpg?w=2560&amp;ssl=1 2560w, https:\/\/i0.wp.com\/kampkomiteen.net\/wp-content\/uploads\/2025\/09\/IMG_9775-1-scaled.jpg?resize=1000%2C667&amp;ssl=1 1000w, https:\/\/i0.wp.com\/kampkomiteen.net\/wp-content\/uploads\/2025\/09\/IMG_9775-1-scaled.jpg?resize=768%2C512&amp;ssl=1 768w, https:\/\/i0.wp.com\/kampkomiteen.net\/wp-content\/uploads\/2025\/09\/IMG_9775-1-scaled.jpg?resize=1536%2C1024&amp;ssl=1 1536w, https:\/\/i0.wp.com\/kampkomiteen.net\/wp-content\/uploads\/2025\/09\/IMG_9775-1-scaled.jpg?resize=2048%2C1365&amp;ssl=1 2048w, https:\/\/i0.wp.com\/kampkomiteen.net\/wp-content\/uploads\/2025\/09\/IMG_9775-1-scaled.jpg?resize=120%2C80&amp;ssl=1 120w, https:\/\/i0.wp.com\/kampkomiteen.net\/wp-content\/uploads\/2025\/09\/IMG_9775-1-scaled.jpg?w=1620&amp;ssl=1 1620w, https:\/\/i0.wp.com\/kampkomiteen.net\/wp-content\/uploads\/2025\/09\/IMG_9775-1-scaled.jpg?w=2430&amp;ssl=1 2430w\" sizes=\"auto, (max-width: 810px) 100vw, 810px\" \/><\/figure>\n\n\n\n<figure class=\"wp-block-image size-full\"><img data-recalc-dims=\"1\" loading=\"lazy\" decoding=\"async\" width=\"810\" height=\"540\" src=\"https:\/\/i0.wp.com\/kampkomiteen.net\/wp-content\/uploads\/2025\/09\/IMG_9776-1-scaled.jpg?resize=810%2C540&#038;ssl=1\" alt=\"\" class=\"wp-image-9518\" srcset=\"https:\/\/i0.wp.com\/kampkomiteen.net\/wp-content\/uploads\/2025\/09\/IMG_9776-1-scaled.jpg?w=2560&amp;ssl=1 2560w, https:\/\/i0.wp.com\/kampkomiteen.net\/wp-content\/uploads\/2025\/09\/IMG_9776-1-scaled.jpg?resize=1000%2C667&amp;ssl=1 1000w, https:\/\/i0.wp.com\/kampkomiteen.net\/wp-content\/uploads\/2025\/09\/IMG_9776-1-scaled.jpg?resize=768%2C512&amp;ssl=1 768w, https:\/\/i0.wp.com\/kampkomiteen.net\/wp-content\/uploads\/2025\/09\/IMG_9776-1-scaled.jpg?resize=1536%2C1024&amp;ssl=1 1536w, https:\/\/i0.wp.com\/kampkomiteen.net\/wp-content\/uploads\/2025\/09\/IMG_9776-1-scaled.jpg?resize=2048%2C1365&amp;ssl=1 2048w, https:\/\/i0.wp.com\/kampkomiteen.net\/wp-content\/uploads\/2025\/09\/IMG_9776-1-scaled.jpg?resize=120%2C80&amp;ssl=1 120w, https:\/\/i0.wp.com\/kampkomiteen.net\/wp-content\/uploads\/2025\/09\/IMG_9776-1-scaled.jpg?w=1620&amp;ssl=1 1620w, https:\/\/i0.wp.com\/kampkomiteen.net\/wp-content\/uploads\/2025\/09\/IMG_9776-1-scaled.jpg?w=2430&amp;ssl=1 2430w\" sizes=\"auto, (max-width: 810px) 100vw, 810px\" \/><\/figure>\n\n\n\n<figure class=\"wp-block-image size-full\"><img data-recalc-dims=\"1\" loading=\"lazy\" decoding=\"async\" width=\"810\" height=\"540\" src=\"https:\/\/i0.wp.com\/kampkomiteen.net\/wp-content\/uploads\/2025\/09\/IMG_9777-scaled.jpg?resize=810%2C540&#038;ssl=1\" alt=\"\" class=\"wp-image-9519\" srcset=\"https:\/\/i0.wp.com\/kampkomiteen.net\/wp-content\/uploads\/2025\/09\/IMG_9777-scaled.jpg?w=2560&amp;ssl=1 2560w, https:\/\/i0.wp.com\/kampkomiteen.net\/wp-content\/uploads\/2025\/09\/IMG_9777-scaled.jpg?resize=1000%2C667&amp;ssl=1 1000w, https:\/\/i0.wp.com\/kampkomiteen.net\/wp-content\/uploads\/2025\/09\/IMG_9777-scaled.jpg?resize=768%2C512&amp;ssl=1 768w, https:\/\/i0.wp.com\/kampkomiteen.net\/wp-content\/uploads\/2025\/09\/IMG_9777-scaled.jpg?resize=1536%2C1024&amp;ssl=1 1536w, https:\/\/i0.wp.com\/kampkomiteen.net\/wp-content\/uploads\/2025\/09\/IMG_9777-scaled.jpg?resize=2048%2C1365&amp;ssl=1 2048w, https:\/\/i0.wp.com\/kampkomiteen.net\/wp-content\/uploads\/2025\/09\/IMG_9777-scaled.jpg?resize=120%2C80&amp;ssl=1 120w, https:\/\/i0.wp.com\/kampkomiteen.net\/wp-content\/uploads\/2025\/09\/IMG_9777-scaled.jpg?w=1620&amp;ssl=1 1620w, https:\/\/i0.wp.com\/kampkomiteen.net\/wp-content\/uploads\/2025\/09\/IMG_9777-scaled.jpg?w=2430&amp;ssl=1 2430w\" sizes=\"auto, (max-width: 810px) 100vw, 810px\" \/><\/figure>\n","protected":false},"excerpt":{"rendered":"<p>Skrevet av aktivister i Oslo Torsdag 4. september ble det holdt et \u00e5pent m\u00f8te om drapet p\u00e5 Obiora, politivold og<\/p>\n","protected":false},"author":8,"featured_media":9518,"comment_status":"closed","ping_status":"","sticky":false,"template":"","format":"standard","meta":{"advanced_seo_description":"","jetpack_seo_html_title":"","jetpack_seo_noindex":false,"_jetpack_memberships_contains_paid_content":false,"footnotes":""},"categories":[1],"tags":[31,15,82],"class_list":["post-9512","post","type-post","status-publish","format-standard","has-post-thumbnail","hentry","category-uncategorized","tag-obiora","tag-politiet","tag-represjon"],"jetpack_featured_media_url":"https:\/\/i0.wp.com\/kampkomiteen.net\/wp-content\/uploads\/2025\/09\/IMG_9776-1-scaled.jpg?fit=2560%2C1707&ssl=1","jetpack_shortlink":"https:\/\/wp.me\/pchuPf-2tq","jetpack-related-posts":[{"id":2212,"url":"https:\/\/kampkomiteen.net\/?p=2212","url_meta":{"origin":9512,"position":0},"title":"Rettferdighet for Obiora og Osmanovic!","author":"Kampkomiteen","date":"10. september 2021","format":false,"excerpt":"7. september var det markeringer mot politivold og rasisme i flere byer, p\u00e5 dagen 15 \u00e5r etter at Eugene Obiora ble drept av politiet i Trondheim med et ulovlig halsgrep. Demonstrantene krevde rettferdighet for Obiora, og de krevde rettferdighet for Mirza Osmanovic som ble skutt og drept av politiet i\u2026","rel":"","context":"i \"Demonstrasjon\"","block_context":{"text":"Demonstrasjon","link":"https:\/\/kampkomiteen.net\/?tag=demonstrasjon"},"img":{"alt_text":"","src":"https:\/\/i0.wp.com\/kampkomiteen.net\/wp-content\/uploads\/2021\/09\/Image_131373.jpg?fit=1200%2C800&ssl=1&resize=350%2C200","width":350,"height":200,"srcset":"https:\/\/i0.wp.com\/kampkomiteen.net\/wp-content\/uploads\/2021\/09\/Image_131373.jpg?fit=1200%2C800&ssl=1&resize=350%2C200 1x, https:\/\/i0.wp.com\/kampkomiteen.net\/wp-content\/uploads\/2021\/09\/Image_131373.jpg?fit=1200%2C800&ssl=1&resize=525%2C300 1.5x, https:\/\/i0.wp.com\/kampkomiteen.net\/wp-content\/uploads\/2021\/09\/Image_131373.jpg?fit=1200%2C800&ssl=1&resize=700%2C400 2x, https:\/\/i0.wp.com\/kampkomiteen.net\/wp-content\/uploads\/2021\/09\/Image_131373.jpg?fit=1200%2C800&ssl=1&resize=1050%2C600 3x"},"classes":[]},{"id":6344,"url":"https:\/\/kampkomiteen.net\/?p=6344","url_meta":{"origin":9512,"position":1},"title":"Demonstrasjoner mot politivold og rasisme","author":"Kampkomiteen","date":"9. september 2023","format":false,"excerpt":"7. september var det 17 \u00e5r siden politiet drepte Eugene Ejike Obiora. Kampkomiteen har markert dagen i Oslo, Trondheim, Bergen og Kristiansand.","rel":"","context":"i \"Antirasisme\"","block_context":{"text":"Antirasisme","link":"https:\/\/kampkomiteen.net\/?tag=antirasisme"},"img":{"alt_text":"","src":"https:\/\/i0.wp.com\/kampkomiteen.net\/wp-content\/uploads\/2023\/09\/Tog1.jpg?fit=1200%2C800&ssl=1&resize=350%2C200","width":350,"height":200,"srcset":"https:\/\/i0.wp.com\/kampkomiteen.net\/wp-content\/uploads\/2023\/09\/Tog1.jpg?fit=1200%2C800&ssl=1&resize=350%2C200 1x, https:\/\/i0.wp.com\/kampkomiteen.net\/wp-content\/uploads\/2023\/09\/Tog1.jpg?fit=1200%2C800&ssl=1&resize=525%2C300 1.5x, https:\/\/i0.wp.com\/kampkomiteen.net\/wp-content\/uploads\/2023\/09\/Tog1.jpg?fit=1200%2C800&ssl=1&resize=700%2C400 2x, https:\/\/i0.wp.com\/kampkomiteen.net\/wp-content\/uploads\/2023\/09\/Tog1.jpg?fit=1200%2C800&ssl=1&resize=1050%2C600 3x"},"classes":[]},{"id":3026,"url":"https:\/\/kampkomiteen.net\/?p=3026","url_meta":{"origin":9512,"position":2},"title":"Markeringer p\u00e5 Eugene Obioras d\u00f8dsdag","author":"Kampkomiteen","date":"8. september 2022","format":false,"excerpt":"7. september var det 16 \u00e5r siden Eugene Obiora ble drept av politiet i Trondheim. Dagen ble markert i Trondheim, Oslo, Bergen og Kristiansand og vi deler her rapporter og bilder som er sendt inn fra aktivister i disse byene.","rel":"","context":"i \"Antirasisme\"","block_context":{"text":"Antirasisme","link":"https:\/\/kampkomiteen.net\/?tag=antirasisme"},"img":{"alt_text":"","src":"https:\/\/i0.wp.com\/kampkomiteen.net\/wp-content\/uploads\/2022\/09\/Untitled-1.jpg?fit=1200%2C770&ssl=1&resize=350%2C200","width":350,"height":200,"srcset":"https:\/\/i0.wp.com\/kampkomiteen.net\/wp-content\/uploads\/2022\/09\/Untitled-1.jpg?fit=1200%2C770&ssl=1&resize=350%2C200 1x, https:\/\/i0.wp.com\/kampkomiteen.net\/wp-content\/uploads\/2022\/09\/Untitled-1.jpg?fit=1200%2C770&ssl=1&resize=525%2C300 1.5x, https:\/\/i0.wp.com\/kampkomiteen.net\/wp-content\/uploads\/2022\/09\/Untitled-1.jpg?fit=1200%2C770&ssl=1&resize=700%2C400 2x, https:\/\/i0.wp.com\/kampkomiteen.net\/wp-content\/uploads\/2022\/09\/Untitled-1.jpg?fit=1200%2C770&ssl=1&resize=1050%2C600 3x"},"classes":[]},{"id":7657,"url":"https:\/\/kampkomiteen.net\/?p=7657","url_meta":{"origin":9512,"position":3},"title":"Kristiansand: Markering av Eugene Obioras d\u00f8dsdag","author":"Kampkomiteen","date":"8. september 2024","format":false,"excerpt":"7. desember var det 18 \u00e5r siden politiet i Trondheim drepte Eugene Obiora, og dagen ble markert p\u00e5 torget i Kristiansand.\u00a0","rel":"","context":"i \"Demonstrasjon\"","block_context":{"text":"Demonstrasjon","link":"https:\/\/kampkomiteen.net\/?tag=demonstrasjon"},"img":{"alt_text":"","src":"https:\/\/i0.wp.com\/kampkomiteen.net\/wp-content\/uploads\/2024\/09\/3.jpg?fit=1024%2C577&ssl=1&resize=350%2C200","width":350,"height":200,"srcset":"https:\/\/i0.wp.com\/kampkomiteen.net\/wp-content\/uploads\/2024\/09\/3.jpg?fit=1024%2C577&ssl=1&resize=350%2C200 1x, https:\/\/i0.wp.com\/kampkomiteen.net\/wp-content\/uploads\/2024\/09\/3.jpg?fit=1024%2C577&ssl=1&resize=525%2C300 1.5x, https:\/\/i0.wp.com\/kampkomiteen.net\/wp-content\/uploads\/2024\/09\/3.jpg?fit=1024%2C577&ssl=1&resize=700%2C400 2x"},"classes":[]},{"id":2978,"url":"https:\/\/kampkomiteen.net\/?p=2978","url_meta":{"origin":9512,"position":4},"title":"Obioras d\u00f8dsdag: Markeringer mot rasisme og politivold","author":"Kampkomiteen","date":"2. september 2022","format":false,"excerpt":"Den 7. september, dagen da Eugene Ejike Obiora ble kvalt til d\u00f8de av fire politimenn i Trondheim i 2006, markeres dagen med markeringer mot rasisme og politivold. Kampkomiteen skal delta i markeringer i Oslo, Bergen, Trondheim og Kristiansand.","rel":"","context":"Liknende innlegg","block_context":{"text":"Liknende innlegg","link":""},"img":{"alt_text":"","src":"https:\/\/i0.wp.com\/kampkomiteen.net\/wp-content\/uploads\/2022\/09\/R.jpg?fit=960%2C632&ssl=1&resize=350%2C200","width":350,"height":200,"srcset":"https:\/\/i0.wp.com\/kampkomiteen.net\/wp-content\/uploads\/2022\/09\/R.jpg?fit=960%2C632&ssl=1&resize=350%2C200 1x, https:\/\/i0.wp.com\/kampkomiteen.net\/wp-content\/uploads\/2022\/09\/R.jpg?fit=960%2C632&ssl=1&resize=525%2C300 1.5x, https:\/\/i0.wp.com\/kampkomiteen.net\/wp-content\/uploads\/2022\/09\/R.jpg?fit=960%2C632&ssl=1&resize=700%2C400 2x"},"classes":[]},{"id":2193,"url":"https:\/\/kampkomiteen.net\/?p=2193","url_meta":{"origin":9512,"position":5},"title":"Markeringer mot politivold og rasisme 7. september.","author":"Kampkomiteen","date":"3. september 2021","format":false,"excerpt":"M\u00f8t opp p\u00e5 tirsdag, st\u00e5 opp mot politivold og rasisme! Kristiansand: Kl.17 p\u00e5 \u00d8vre torv. Oslo: Kl.18 ved Gr\u00f8nland politistasjon. Trondheim: Kl.18 p\u00e5 torget. Bergen: Kl.18.00 p\u00e5 V\u00e5gsalmenningen, ved Holberg-statuen.","rel":"","context":"i \"BLM\"","block_context":{"text":"BLM","link":"https:\/\/kampkomiteen.net\/?tag=blm"},"img":{"alt_text":"","src":"https:\/\/i0.wp.com\/kampkomiteen.net\/wp-content\/uploads\/2021\/09\/IMG_1358.jpg?fit=1200%2C900&ssl=1&resize=350%2C200","width":350,"height":200,"srcset":"https:\/\/i0.wp.com\/kampkomiteen.net\/wp-content\/uploads\/2021\/09\/IMG_1358.jpg?fit=1200%2C900&ssl=1&resize=350%2C200 1x, https:\/\/i0.wp.com\/kampkomiteen.net\/wp-content\/uploads\/2021\/09\/IMG_1358.jpg?fit=1200%2C900&ssl=1&resize=525%2C300 1.5x, https:\/\/i0.wp.com\/kampkomiteen.net\/wp-content\/uploads\/2021\/09\/IMG_1358.jpg?fit=1200%2C900&ssl=1&resize=700%2C400 2x, https:\/\/i0.wp.com\/kampkomiteen.net\/wp-content\/uploads\/2021\/09\/IMG_1358.jpg?fit=1200%2C900&ssl=1&resize=1050%2C600 3x"},"classes":[]}],"jetpack_sharing_enabled":true,"_links":{"self":[{"href":"https:\/\/kampkomiteen.net\/index.php?rest_route=\/wp\/v2\/posts\/9512","targetHints":{"allow":["GET"]}}],"collection":[{"href":"https:\/\/kampkomiteen.net\/index.php?rest_route=\/wp\/v2\/posts"}],"about":[{"href":"https:\/\/kampkomiteen.net\/index.php?rest_route=\/wp\/v2\/types\/post"}],"author":[{"embeddable":true,"href":"https:\/\/kampkomiteen.net\/index.php?rest_route=\/wp\/v2\/users\/8"}],"replies":[{"embeddable":true,"href":"https:\/\/kampkomiteen.net\/index.php?rest_route=%2Fwp%2Fv2%2Fcomments&post=9512"}],"version-history":[{"count":3,"href":"https:\/\/kampkomiteen.net\/index.php?rest_route=\/wp\/v2\/posts\/9512\/revisions"}],"predecessor-version":[{"id":9520,"href":"https:\/\/kampkomiteen.net\/index.php?rest_route=\/wp\/v2\/posts\/9512\/revisions\/9520"}],"wp:featuredmedia":[{"embeddable":true,"href":"https:\/\/kampkomiteen.net\/index.php?rest_route=\/wp\/v2\/media\/9518"}],"wp:attachment":[{"href":"https:\/\/kampkomiteen.net\/index.php?rest_route=%2Fwp%2Fv2%2Fmedia&parent=9512"}],"wp:term":[{"taxonomy":"category","embeddable":true,"href":"https:\/\/kampkomiteen.net\/index.php?rest_route=%2Fwp%2Fv2%2Fcategories&post=9512"},{"taxonomy":"post_tag","embeddable":true,"href":"https:\/\/kampkomiteen.net\/index.php?rest_route=%2Fwp%2Fv2%2Ftags&post=9512"}],"curies":[{"name":"wp","href":"https:\/\/api.w.org\/{rel}","templated":true}]}}