{"id":9501,"date":"2025-09-10T19:45:02","date_gmt":"2025-09-10T17:45:02","guid":{"rendered":"https:\/\/kampkomiteen.net\/?p=9501"},"modified":"2025-09-10T19:45:02","modified_gmt":"2025-09-10T17:45:02","slug":"trondheim-rettferdighet-for-eugene-obiora","status":"publish","type":"post","link":"https:\/\/kampkomiteen.net\/?p=9501","title":{"rendered":"Trondheim: Rettferdighet for Eugene Obiora!"},"content":{"rendered":"<div id=\"fb-root\"><\/div>\n\n<p><em>Skrevet av aktivister i Trondheim.<\/em><\/p>\n\n\n\n<p><strong>L\u00f8rdag 6. september arrangerte Kampkomiteen, med flere, demonstrasjon mot politivold, represjon og rasisme.<\/strong><\/p>\n\n\n\n<p>Demonstrasjonen ble holdt i forbindelse med at det er 19 \u00e5r siden politiet i Trondheim drepte Eugene Obiora. Kampkomiteen, R\u00f8dt Trondheim Studentlag, Tr\u00f8ndelag- og Trondheim Sosialistisk Ungdom, Palestinakomiteen Tr\u00f8ndelag, Studenter for Palestina Trondheim og Revolusjon\u00e6rt Kommunistisk Forbund var tilsluttet demonstrasjonen, som startet i Nordre gate. Her ble det holdt fem appeller fra representanter fra de ulike organisasjonene, ropt slagord og delt ut l\u00f8pesedler. Det var sv\u00e6rt mye folk i sentrum denne l\u00f8rdagen, og flere forbipasserende stoppet opp for \u00e5 lytte til appellene og ta i mot l\u00f8peseddel.<\/p>\n\n\n\n<p>Appellene fokuserte blant annet p\u00e5 at drapet p\u00e5 Obiora ikke var et enkelttilfelle, og at kampen mot rasisme og politivold, som i hovedsak rammer fattige, svarte og psykisk syke, m\u00e5 fortsette. Det ble ogs\u00e5 understreket at det rasistisk motiverte drapet p\u00e5 Tamima Nibras Juhar kunne v\u00e6rt avverget dersom politiet tok advarslene p\u00e5 alvor. Det ble ogs\u00e5 snakket om systemisk rasisme, s\u00e6rlig om den som rammer folk fra muslimske deler av verden.<\/p>\n\n\n\n<p>Saken fortsetter under bildene.<\/p>\n\n\n\n<figure class=\"wp-block-image size-full\"><img data-recalc-dims=\"1\" loading=\"lazy\" decoding=\"async\" width=\"810\" height=\"412\" src=\"https:\/\/i0.wp.com\/kampkomiteen.net\/wp-content\/uploads\/2025\/09\/2-2.jpg?resize=810%2C412&#038;ssl=1\" alt=\"\" class=\"wp-image-9502\" srcset=\"https:\/\/i0.wp.com\/kampkomiteen.net\/wp-content\/uploads\/2025\/09\/2-2.jpg?w=884&amp;ssl=1 884w, https:\/\/i0.wp.com\/kampkomiteen.net\/wp-content\/uploads\/2025\/09\/2-2.jpg?resize=768%2C391&amp;ssl=1 768w\" sizes=\"auto, (max-width: 810px) 100vw, 810px\" \/><\/figure>\n\n\n\n<figure class=\"wp-block-image size-full\"><img data-recalc-dims=\"1\" loading=\"lazy\" decoding=\"async\" width=\"810\" height=\"456\" src=\"https:\/\/i0.wp.com\/kampkomiteen.net\/wp-content\/uploads\/2025\/09\/4-1.jpg?resize=810%2C456&#038;ssl=1\" alt=\"\" class=\"wp-image-9503\" srcset=\"https:\/\/i0.wp.com\/kampkomiteen.net\/wp-content\/uploads\/2025\/09\/4-1.jpg?w=960&amp;ssl=1 960w, https:\/\/i0.wp.com\/kampkomiteen.net\/wp-content\/uploads\/2025\/09\/4-1.jpg?resize=768%2C432&amp;ssl=1 768w\" sizes=\"auto, (max-width: 810px) 100vw, 810px\" \/><\/figure>\n\n\n\n<figure class=\"wp-block-image size-full\"><img data-recalc-dims=\"1\" loading=\"lazy\" decoding=\"async\" width=\"806\" height=\"450\" src=\"https:\/\/i0.wp.com\/kampkomiteen.net\/wp-content\/uploads\/2025\/09\/5-1.jpg?resize=806%2C450&#038;ssl=1\" alt=\"\" class=\"wp-image-9504\" srcset=\"https:\/\/i0.wp.com\/kampkomiteen.net\/wp-content\/uploads\/2025\/09\/5-1.jpg?w=806&amp;ssl=1 806w, https:\/\/i0.wp.com\/kampkomiteen.net\/wp-content\/uploads\/2025\/09\/5-1.jpg?resize=768%2C429&amp;ssl=1 768w\" sizes=\"auto, (max-width: 806px) 100vw, 806px\" \/><\/figure>\n\n\n\n<p><br>Deretter gikk demonstrantene i tog til politistasjonen. Fremst i toget ble det b\u00e5ret et malt portrett av Eugene Obiora. P\u00e5 veien ble det taktfast ropt slagord som \u201cRettferd for Obiora,\u201d \u201cVi glemmer aldri Obiora,\u201d \u201cIngen rasister i v\u00e5re gater, med eller uten uniform,\u201d og \u201cPoliti og milit\u00e6r, kapitalens leieh\u00e6r!\u201d<br><br><\/p>\n\n\n\n<figure class=\"wp-block-image size-full\"><img data-recalc-dims=\"1\" loading=\"lazy\" decoding=\"async\" width=\"810\" height=\"456\" src=\"https:\/\/i0.wp.com\/kampkomiteen.net\/wp-content\/uploads\/2025\/09\/7.jpg?resize=810%2C456&#038;ssl=1\" alt=\"\" class=\"wp-image-9505\" srcset=\"https:\/\/i0.wp.com\/kampkomiteen.net\/wp-content\/uploads\/2025\/09\/7.jpg?w=960&amp;ssl=1 960w, https:\/\/i0.wp.com\/kampkomiteen.net\/wp-content\/uploads\/2025\/09\/7.jpg?resize=768%2C432&amp;ssl=1 768w\" sizes=\"auto, (max-width: 810px) 100vw, 810px\" \/><\/figure>\n\n\n\n<p>Utenfor politistasjonen ble det satt ned bilde, lys og blomster til minne for Eugene Obiora, og holdt ett minutts stillhet. Til slutt ble det kraftfullt ropt slagord og holdt en appell fra Kampkomiteen som krevde rettferdighet for Eugene Obiora. Appellen ble avsluttet slik:<br><br><em>\u201c<\/em><em>Betjentene som drepte Obiora fikk heller ingen straff. De var tidligere blitt anmeldt for vold 14 ganger. Trond Volden var anmeldt for kvelertak tre ganger, og i 1999 ble han anmeldt for en brutal og rasistisk p\u00e5gripelse. Han jobber fortsatt i politiet i Trondheim og er til og med blitt forfremma. Lederen av Politiets Fellesforbund kalte det rasistiske drapet for \u00abgodt politiarbeid.\u00bb Vi mener at det er tydelig at problemet ikke er noen d\u00e5rlige enkeltpersoner: det er hele etaten som beskytter hverandre, og det er hele etaten som er skyldig!\u201d<\/em><\/p>\n\n\n\n<figure class=\"wp-block-image size-full\"><img data-recalc-dims=\"1\" loading=\"lazy\" decoding=\"async\" width=\"810\" height=\"427\" src=\"https:\/\/i0.wp.com\/kampkomiteen.net\/wp-content\/uploads\/2025\/09\/8.jpg?resize=810%2C427&#038;ssl=1\" alt=\"\" class=\"wp-image-9506\" srcset=\"https:\/\/i0.wp.com\/kampkomiteen.net\/wp-content\/uploads\/2025\/09\/8.jpg?w=924&amp;ssl=1 924w, https:\/\/i0.wp.com\/kampkomiteen.net\/wp-content\/uploads\/2025\/09\/8.jpg?resize=768%2C405&amp;ssl=1 768w\" sizes=\"auto, (max-width: 810px) 100vw, 810px\" \/><\/figure>\n\n\n\n<figure class=\"wp-block-image size-full\"><img data-recalc-dims=\"1\" loading=\"lazy\" decoding=\"async\" width=\"771\" height=\"638\" src=\"https:\/\/i0.wp.com\/kampkomiteen.net\/wp-content\/uploads\/2025\/09\/9.jpg?resize=771%2C638&#038;ssl=1\" alt=\"\" class=\"wp-image-9507\" srcset=\"https:\/\/i0.wp.com\/kampkomiteen.net\/wp-content\/uploads\/2025\/09\/9.jpg?w=771&amp;ssl=1 771w, https:\/\/i0.wp.com\/kampkomiteen.net\/wp-content\/uploads\/2025\/09\/9.jpg?resize=768%2C636&amp;ssl=1 768w\" sizes=\"auto, (max-width: 771px) 100vw, 771px\" \/><\/figure>\n","protected":false},"excerpt":{"rendered":"<p>L\u00f8rdag 6. september arrangerte Kampkomiteen, med flere, demonstrasjon mot politivold, represjon og rasisme.<\/p>\n","protected":false},"author":8,"featured_media":9509,"comment_status":"closed","ping_status":"","sticky":false,"template":"","format":"standard","meta":{"advanced_seo_description":"","jetpack_seo_html_title":"","jetpack_seo_noindex":false,"_jetpack_memberships_contains_paid_content":false,"footnotes":""},"categories":[1],"tags":[4,31,15],"class_list":["post-9501","post","type-post","status-publish","format-standard","has-post-thumbnail","hentry","category-uncategorized","tag-demonstrasjon","tag-obiora","tag-politiet"],"jetpack_featured_media_url":"https:\/\/i0.wp.com\/kampkomiteen.net\/wp-content\/uploads\/2025\/09\/1-2.jpg?fit=831%2C600&ssl=1","jetpack_shortlink":"https:\/\/wp.me\/pchuPf-2tf","jetpack-related-posts":[{"id":2212,"url":"https:\/\/kampkomiteen.net\/?p=2212","url_meta":{"origin":9501,"position":0},"title":"Rettferdighet for Obiora og Osmanovic!","author":"Kampkomiteen","date":"10. september 2021","format":false,"excerpt":"7. september var det markeringer mot politivold og rasisme i flere byer, p\u00e5 dagen 15 \u00e5r etter at Eugene Obiora ble drept av politiet i Trondheim med et ulovlig halsgrep. Demonstrantene krevde rettferdighet for Obiora, og de krevde rettferdighet for Mirza Osmanovic som ble skutt og drept av politiet i\u2026","rel":"","context":"i \"Demonstrasjon\"","block_context":{"text":"Demonstrasjon","link":"https:\/\/kampkomiteen.net\/?tag=demonstrasjon"},"img":{"alt_text":"","src":"https:\/\/i0.wp.com\/kampkomiteen.net\/wp-content\/uploads\/2021\/09\/Image_131373.jpg?fit=1200%2C800&ssl=1&resize=350%2C200","width":350,"height":200,"srcset":"https:\/\/i0.wp.com\/kampkomiteen.net\/wp-content\/uploads\/2021\/09\/Image_131373.jpg?fit=1200%2C800&ssl=1&resize=350%2C200 1x, https:\/\/i0.wp.com\/kampkomiteen.net\/wp-content\/uploads\/2021\/09\/Image_131373.jpg?fit=1200%2C800&ssl=1&resize=525%2C300 1.5x, https:\/\/i0.wp.com\/kampkomiteen.net\/wp-content\/uploads\/2021\/09\/Image_131373.jpg?fit=1200%2C800&ssl=1&resize=700%2C400 2x, https:\/\/i0.wp.com\/kampkomiteen.net\/wp-content\/uploads\/2021\/09\/Image_131373.jpg?fit=1200%2C800&ssl=1&resize=1050%2C600 3x"},"classes":[]},{"id":3026,"url":"https:\/\/kampkomiteen.net\/?p=3026","url_meta":{"origin":9501,"position":1},"title":"Markeringer p\u00e5 Eugene Obioras d\u00f8dsdag","author":"Kampkomiteen","date":"8. september 2022","format":false,"excerpt":"7. september var det 16 \u00e5r siden Eugene Obiora ble drept av politiet i Trondheim. Dagen ble markert i Trondheim, Oslo, Bergen og Kristiansand og vi deler her rapporter og bilder som er sendt inn fra aktivister i disse byene.","rel":"","context":"i \"Antirasisme\"","block_context":{"text":"Antirasisme","link":"https:\/\/kampkomiteen.net\/?tag=antirasisme"},"img":{"alt_text":"","src":"https:\/\/i0.wp.com\/kampkomiteen.net\/wp-content\/uploads\/2022\/09\/Untitled-1.jpg?fit=1200%2C770&ssl=1&resize=350%2C200","width":350,"height":200,"srcset":"https:\/\/i0.wp.com\/kampkomiteen.net\/wp-content\/uploads\/2022\/09\/Untitled-1.jpg?fit=1200%2C770&ssl=1&resize=350%2C200 1x, https:\/\/i0.wp.com\/kampkomiteen.net\/wp-content\/uploads\/2022\/09\/Untitled-1.jpg?fit=1200%2C770&ssl=1&resize=525%2C300 1.5x, https:\/\/i0.wp.com\/kampkomiteen.net\/wp-content\/uploads\/2022\/09\/Untitled-1.jpg?fit=1200%2C770&ssl=1&resize=700%2C400 2x, https:\/\/i0.wp.com\/kampkomiteen.net\/wp-content\/uploads\/2022\/09\/Untitled-1.jpg?fit=1200%2C770&ssl=1&resize=1050%2C600 3x"},"classes":[]},{"id":7663,"url":"https:\/\/kampkomiteen.net\/?p=7663","url_meta":{"origin":9501,"position":2},"title":"Trondheim: Demonstrasjon mot politivold og represjon","author":"Kampkomiteen","date":"8. september 2024","format":false,"excerpt":"Fredag 6. september arrangerte Kampkomiteen i Trondheim en demonstrasjon mot politivold, represjon og rasisme. Demonstrasjonen ble avholdt i anledning \u00e5rsdagen for da politiet i Trondheim drepte Eugene Obiora i 2006.","rel":"","context":"i \"Demonstrasjon\"","block_context":{"text":"Demonstrasjon","link":"https:\/\/kampkomiteen.net\/?tag=demonstrasjon"},"img":{"alt_text":"","src":"https:\/\/i0.wp.com\/kampkomiteen.net\/wp-content\/uploads\/2024\/09\/Obiora.jpg?fit=1200%2C800&ssl=1&resize=350%2C200","width":350,"height":200,"srcset":"https:\/\/i0.wp.com\/kampkomiteen.net\/wp-content\/uploads\/2024\/09\/Obiora.jpg?fit=1200%2C800&ssl=1&resize=350%2C200 1x, https:\/\/i0.wp.com\/kampkomiteen.net\/wp-content\/uploads\/2024\/09\/Obiora.jpg?fit=1200%2C800&ssl=1&resize=525%2C300 1.5x, https:\/\/i0.wp.com\/kampkomiteen.net\/wp-content\/uploads\/2024\/09\/Obiora.jpg?fit=1200%2C800&ssl=1&resize=700%2C400 2x, https:\/\/i0.wp.com\/kampkomiteen.net\/wp-content\/uploads\/2024\/09\/Obiora.jpg?fit=1200%2C800&ssl=1&resize=1050%2C600 3x"},"classes":[]},{"id":7640,"url":"https:\/\/kampkomiteen.net\/?p=7640","url_meta":{"origin":9501,"position":3},"title":"Tr\u00f8ndelag: Bli med p\u00e5 demonstrasjon mot politivold!","author":"Kampkomiteen","date":"3. september 2024","format":false,"excerpt":"Aktivister fra Kampkomiteen har satt opp plakater i Tr\u00f8ndelag for \u00e5 mobilisere til demonstrasjon mot politivold og represjon.","rel":"","context":"i \"Demonstrasjon\"","block_context":{"text":"Demonstrasjon","link":"https:\/\/kampkomiteen.net\/?tag=demonstrasjon"},"img":{"alt_text":"","src":"https:\/\/i0.wp.com\/kampkomiteen.net\/wp-content\/uploads\/2024\/09\/Plakat-scaled.jpg?fit=1200%2C800&ssl=1&resize=350%2C200","width":350,"height":200,"srcset":"https:\/\/i0.wp.com\/kampkomiteen.net\/wp-content\/uploads\/2024\/09\/Plakat-scaled.jpg?fit=1200%2C800&ssl=1&resize=350%2C200 1x, https:\/\/i0.wp.com\/kampkomiteen.net\/wp-content\/uploads\/2024\/09\/Plakat-scaled.jpg?fit=1200%2C800&ssl=1&resize=525%2C300 1.5x, https:\/\/i0.wp.com\/kampkomiteen.net\/wp-content\/uploads\/2024\/09\/Plakat-scaled.jpg?fit=1200%2C800&ssl=1&resize=700%2C400 2x, https:\/\/i0.wp.com\/kampkomiteen.net\/wp-content\/uploads\/2024\/09\/Plakat-scaled.jpg?fit=1200%2C800&ssl=1&resize=1050%2C600 3x"},"classes":[]},{"id":6344,"url":"https:\/\/kampkomiteen.net\/?p=6344","url_meta":{"origin":9501,"position":4},"title":"Demonstrasjoner mot politivold og rasisme","author":"Kampkomiteen","date":"9. september 2023","format":false,"excerpt":"7. september var det 17 \u00e5r siden politiet drepte Eugene Ejike Obiora. Kampkomiteen har markert dagen i Oslo, Trondheim, Bergen og Kristiansand.","rel":"","context":"i \"Antirasisme\"","block_context":{"text":"Antirasisme","link":"https:\/\/kampkomiteen.net\/?tag=antirasisme"},"img":{"alt_text":"","src":"https:\/\/i0.wp.com\/kampkomiteen.net\/wp-content\/uploads\/2023\/09\/Tog1.jpg?fit=1200%2C800&ssl=1&resize=350%2C200","width":350,"height":200,"srcset":"https:\/\/i0.wp.com\/kampkomiteen.net\/wp-content\/uploads\/2023\/09\/Tog1.jpg?fit=1200%2C800&ssl=1&resize=350%2C200 1x, https:\/\/i0.wp.com\/kampkomiteen.net\/wp-content\/uploads\/2023\/09\/Tog1.jpg?fit=1200%2C800&ssl=1&resize=525%2C300 1.5x, https:\/\/i0.wp.com\/kampkomiteen.net\/wp-content\/uploads\/2023\/09\/Tog1.jpg?fit=1200%2C800&ssl=1&resize=700%2C400 2x, https:\/\/i0.wp.com\/kampkomiteen.net\/wp-content\/uploads\/2023\/09\/Tog1.jpg?fit=1200%2C800&ssl=1&resize=1050%2C600 3x"},"classes":[]},{"id":1416,"url":"https:\/\/kampkomiteen.net\/?p=1416","url_meta":{"origin":9501,"position":5},"title":"Markeringer p\u00e5 Eugene Obioras d\u00f8dsdag","author":"Kampkomiteen","date":"9. september 2020","format":false,"excerpt":"BLM-markeringene tidligere i \u00e5r, og anti-SIAN-demonstrasjonene gjennom sommeren, har v\u00e6rt en kraftfull impuls i kampen mot politivold og rasisme. \u00c5rets markeringer for Obiora er de f\u00f8rste p\u00e5 flere \u00e5r, og er ogs\u00e5, s\u00e5 vidt vi vet, f\u00f8rste gang det er gjennomf\u00f8rt i minst fem byer samme dag.","rel":"","context":"i \"BLM\"","block_context":{"text":"BLM","link":"https:\/\/kampkomiteen.net\/?tag=blm"},"img":{"alt_text":"","src":"https:\/\/i0.wp.com\/kampkomiteen.net\/wp-content\/uploads\/2020\/09\/Trondheim-Obiora.jpg?fit=1200%2C900&ssl=1&resize=350%2C200","width":350,"height":200,"srcset":"https:\/\/i0.wp.com\/kampkomiteen.net\/wp-content\/uploads\/2020\/09\/Trondheim-Obiora.jpg?fit=1200%2C900&ssl=1&resize=350%2C200 1x, https:\/\/i0.wp.com\/kampkomiteen.net\/wp-content\/uploads\/2020\/09\/Trondheim-Obiora.jpg?fit=1200%2C900&ssl=1&resize=525%2C300 1.5x, https:\/\/i0.wp.com\/kampkomiteen.net\/wp-content\/uploads\/2020\/09\/Trondheim-Obiora.jpg?fit=1200%2C900&ssl=1&resize=700%2C400 2x, https:\/\/i0.wp.com\/kampkomiteen.net\/wp-content\/uploads\/2020\/09\/Trondheim-Obiora.jpg?fit=1200%2C900&ssl=1&resize=1050%2C600 3x"},"classes":[]}],"jetpack_sharing_enabled":true,"_links":{"self":[{"href":"https:\/\/kampkomiteen.net\/index.php?rest_route=\/wp\/v2\/posts\/9501","targetHints":{"allow":["GET"]}}],"collection":[{"href":"https:\/\/kampkomiteen.net\/index.php?rest_route=\/wp\/v2\/posts"}],"about":[{"href":"https:\/\/kampkomiteen.net\/index.php?rest_route=\/wp\/v2\/types\/post"}],"author":[{"embeddable":true,"href":"https:\/\/kampkomiteen.net\/index.php?rest_route=\/wp\/v2\/users\/8"}],"replies":[{"embeddable":true,"href":"https:\/\/kampkomiteen.net\/index.php?rest_route=%2Fwp%2Fv2%2Fcomments&post=9501"}],"version-history":[{"count":2,"href":"https:\/\/kampkomiteen.net\/index.php?rest_route=\/wp\/v2\/posts\/9501\/revisions"}],"predecessor-version":[{"id":9510,"href":"https:\/\/kampkomiteen.net\/index.php?rest_route=\/wp\/v2\/posts\/9501\/revisions\/9510"}],"wp:featuredmedia":[{"embeddable":true,"href":"https:\/\/kampkomiteen.net\/index.php?rest_route=\/wp\/v2\/media\/9509"}],"wp:attachment":[{"href":"https:\/\/kampkomiteen.net\/index.php?rest_route=%2Fwp%2Fv2%2Fmedia&parent=9501"}],"wp:term":[{"taxonomy":"category","embeddable":true,"href":"https:\/\/kampkomiteen.net\/index.php?rest_route=%2Fwp%2Fv2%2Fcategories&post=9501"},{"taxonomy":"post_tag","embeddable":true,"href":"https:\/\/kampkomiteen.net\/index.php?rest_route=%2Fwp%2Fv2%2Ftags&post=9501"}],"curies":[{"name":"wp","href":"https:\/\/api.w.org\/{rel}","templated":true}]}}