{"id":9471,"date":"2025-09-07T21:22:58","date_gmt":"2025-09-07T19:22:58","guid":{"rendered":"https:\/\/kampkomiteen.net\/?p=9471"},"modified":"2025-09-07T21:22:58","modified_gmt":"2025-09-07T19:22:58","slug":"trondheim-lordagsdemonstrasjon-for-palestina-3","status":"publish","type":"post","link":"https:\/\/kampkomiteen.net\/?p=9471","title":{"rendered":"Trondheim: L\u00f8rdagsdemonstrasjon for Palestina"},"content":{"rendered":"<div id=\"fb-root\"><\/div>\n\n<p><em>Skrevet av aktivister i Trondheim.<\/em><\/p>\n\n\n\n<p><strong>L\u00f8rdag 6. september deltok aktivister fra Kampkomiteen p\u00e5 l\u00f8rdagsdemonstrasjon for Palestina.<\/strong><\/p>\n\n\n\n<p>De ukentlige demonstrasjonene fortsetter \u00e5 ha stort oppm\u00f8te. Det ble spilt musikk, holdt appeller og ropt slagord, samt sunget allsang av \u201cHi hi ya Falasteen.\u201d I appellene ble det blant annet understreket at palestinerne if\u00f8lge folkeretten har rett til \u00e5 yte milit\u00e6r motstand mot okkupanten Israel, og at Hamas, i motsetning til Israel, har vist vilje til \u00e5 overholde avtaler, f.eks. v\u00e5penhvileavtaler. Det ble ogs\u00e5 pekt p\u00e5 EUs og NATOs rolle i imperialismen, der Norge gjennom sitt NATO-medlemsskap forsyner Israel med v\u00e5pen via USA, og EU hindrer flyktninger fra imperialistisk krig og folkemord fra \u00e5 komme til Europa.<\/p>\n\n\n\n<p>Fordi det er Pride-parade i Trondheim l\u00f8rdag 13. september blir det ikke demonstrasjon i Nordre gate, men en Palestinaseksjon med parolen \u201cNo pride in genocide!\u201d i regi av Studenter for Palestina.&nbsp;<\/p>\n\n\n\n<figure class=\"wp-block-image size-full\"><img data-recalc-dims=\"1\" loading=\"lazy\" decoding=\"async\" width=\"810\" height=\"508\" src=\"https:\/\/i0.wp.com\/kampkomiteen.net\/wp-content\/uploads\/2025\/09\/Demo2-1.jpg?resize=810%2C508&#038;ssl=1\" alt=\"\" class=\"wp-image-9472\" srcset=\"https:\/\/i0.wp.com\/kampkomiteen.net\/wp-content\/uploads\/2025\/09\/Demo2-1.jpg?w=898&amp;ssl=1 898w, https:\/\/i0.wp.com\/kampkomiteen.net\/wp-content\/uploads\/2025\/09\/Demo2-1.jpg?resize=768%2C481&amp;ssl=1 768w\" sizes=\"auto, (max-width: 810px) 100vw, 810px\" \/><\/figure>\n\n\n\n<figure class=\"wp-block-image size-full\"><img data-recalc-dims=\"1\" loading=\"lazy\" decoding=\"async\" width=\"810\" height=\"613\" src=\"https:\/\/i0.wp.com\/kampkomiteen.net\/wp-content\/uploads\/2025\/09\/Demo3.jpg?resize=810%2C613&#038;ssl=1\" alt=\"\" class=\"wp-image-9473\" srcset=\"https:\/\/i0.wp.com\/kampkomiteen.net\/wp-content\/uploads\/2025\/09\/Demo3.jpg?w=892&amp;ssl=1 892w, https:\/\/i0.wp.com\/kampkomiteen.net\/wp-content\/uploads\/2025\/09\/Demo3.jpg?resize=768%2C581&amp;ssl=1 768w\" sizes=\"auto, (max-width: 810px) 100vw, 810px\" \/><\/figure>\n\n\n\n<figure class=\"wp-block-image size-full\"><img data-recalc-dims=\"1\" loading=\"lazy\" decoding=\"async\" width=\"762\" height=\"443\" src=\"https:\/\/i0.wp.com\/kampkomiteen.net\/wp-content\/uploads\/2025\/09\/Demo4-1.jpg?resize=762%2C443&#038;ssl=1\" alt=\"\" class=\"wp-image-9474\"\/><\/figure>\n","protected":false},"excerpt":{"rendered":"<p>L\u00f8rdag 6. september deltok aktivister fra Kampkomiteen p\u00e5 l\u00f8rdagsdemonstrasjon for Palestina.<\/p>\n","protected":false},"author":8,"featured_media":9475,"comment_status":"closed","ping_status":"","sticky":false,"template":"","format":"standard","meta":{"advanced_seo_description":"","jetpack_seo_html_title":"","jetpack_seo_noindex":false,"_jetpack_memberships_contains_paid_content":false,"footnotes":""},"categories":[1],"tags":[4,21,47],"class_list":["post-9471","post","type-post","status-publish","format-standard","has-post-thumbnail","hentry","category-uncategorized","tag-demonstrasjon","tag-palestina","tag-solidaritet"],"jetpack_featured_media_url":"https:\/\/i0.wp.com\/kampkomiteen.net\/wp-content\/uploads\/2025\/09\/Demo1.jpg?fit=844%2C450&ssl=1","jetpack_shortlink":"https:\/\/wp.me\/pchuPf-2sL","jetpack-related-posts":[{"id":10251,"url":"https:\/\/kampkomiteen.net\/?p=10251","url_meta":{"origin":9471,"position":0},"title":"Trondheim: L\u00f8rdagsdemonstrasjon for Palestina","author":"Kampkomiteen","date":"11. januar 2026","format":false,"excerpt":"L\u00f8rdag 10. januar deltok aktivister fra Kampkomiteen i \u00e5rets f\u00f8rste l\u00f8rdagsdemonstrasjon for Palestina i Trondheim.","rel":"","context":"i \"Antiimperialisme\"","block_context":{"text":"Antiimperialisme","link":"https:\/\/kampkomiteen.net\/?tag=antiimperialisme"},"img":{"alt_text":"","src":"https:\/\/i0.wp.com\/kampkomiteen.net\/wp-content\/uploads\/2026\/01\/lordagsdemo2.jpg?fit=933%2C700&ssl=1&resize=350%2C200","width":350,"height":200,"srcset":"https:\/\/i0.wp.com\/kampkomiteen.net\/wp-content\/uploads\/2026\/01\/lordagsdemo2.jpg?fit=933%2C700&ssl=1&resize=350%2C200 1x, https:\/\/i0.wp.com\/kampkomiteen.net\/wp-content\/uploads\/2026\/01\/lordagsdemo2.jpg?fit=933%2C700&ssl=1&resize=525%2C300 1.5x, https:\/\/i0.wp.com\/kampkomiteen.net\/wp-content\/uploads\/2026\/01\/lordagsdemo2.jpg?fit=933%2C700&ssl=1&resize=700%2C400 2x"},"classes":[]},{"id":8660,"url":"https:\/\/kampkomiteen.net\/?p=8660","url_meta":{"origin":9471,"position":1},"title":"Trondheim: Ukentlig palestinademonstrasjon","author":"Kampkomiteen","date":"6. april 2025","format":false,"excerpt":"L\u00f8rdag 5. april deltok Kampkomiteen p\u00e5 den andre av det som skal bli ukentlige demonstrasjoner for Palestina.","rel":"","context":"i \"Demonstrasjon\"","block_context":{"text":"Demonstrasjon","link":"https:\/\/kampkomiteen.net\/?tag=demonstrasjon"},"img":{"alt_text":"","src":"https:\/\/i0.wp.com\/kampkomiteen.net\/wp-content\/uploads\/2025\/04\/IMG_0754.png?fit=640%2C480&ssl=1&resize=350%2C200","width":350,"height":200,"srcset":"https:\/\/i0.wp.com\/kampkomiteen.net\/wp-content\/uploads\/2025\/04\/IMG_0754.png?fit=640%2C480&ssl=1&resize=350%2C200 1x, https:\/\/i0.wp.com\/kampkomiteen.net\/wp-content\/uploads\/2025\/04\/IMG_0754.png?fit=640%2C480&ssl=1&resize=525%2C300 1.5x"},"classes":[]},{"id":9383,"url":"https:\/\/kampkomiteen.net\/?p=9383","url_meta":{"origin":9471,"position":2},"title":"Trondheim: Ny kraftfull demonstrasjon for Palestina","author":"Kampkomiteen","date":"25. august 2025","format":false,"excerpt":"L\u00f8rdag 23. august deltok aktivister fra Kampkomiteen i l\u00f8rdagsdemonstrasjonen for Palestina.","rel":"","context":"i \"Demonstrasjon\"","block_context":{"text":"Demonstrasjon","link":"https:\/\/kampkomiteen.net\/?tag=demonstrasjon"},"img":{"alt_text":"","src":"https:\/\/i0.wp.com\/kampkomiteen.net\/wp-content\/uploads\/2025\/08\/Demo5-1.jpg?fit=1125%2C750&ssl=1&resize=350%2C200","width":350,"height":200,"srcset":"https:\/\/i0.wp.com\/kampkomiteen.net\/wp-content\/uploads\/2025\/08\/Demo5-1.jpg?fit=1125%2C750&ssl=1&resize=350%2C200 1x, https:\/\/i0.wp.com\/kampkomiteen.net\/wp-content\/uploads\/2025\/08\/Demo5-1.jpg?fit=1125%2C750&ssl=1&resize=525%2C300 1.5x, https:\/\/i0.wp.com\/kampkomiteen.net\/wp-content\/uploads\/2025\/08\/Demo5-1.jpg?fit=1125%2C750&ssl=1&resize=700%2C400 2x, https:\/\/i0.wp.com\/kampkomiteen.net\/wp-content\/uploads\/2025\/08\/Demo5-1.jpg?fit=1125%2C750&ssl=1&resize=1050%2C600 3x"},"classes":[]},{"id":9372,"url":"https:\/\/kampkomiteen.net\/?p=9372","url_meta":{"origin":9471,"position":3},"title":"Trondheim: L\u00f8rdagsdemonstrasjon for Palestina","author":"Kampkomiteen","date":"24. august 2025","format":false,"excerpt":"L\u00f8rdag 16. august deltok aktivister fra Kampkomiteen i den ukentlige demonstrasjonen for Palestina.","rel":"","context":"i \"Demonstrasjon\"","block_context":{"text":"Demonstrasjon","link":"https:\/\/kampkomiteen.net\/?tag=demonstrasjon"},"img":{"alt_text":"","src":"https:\/\/i0.wp.com\/kampkomiteen.net\/wp-content\/uploads\/2025\/08\/Illustrasjonsbilde.jpg?fit=753%2C525&ssl=1&resize=350%2C200","width":350,"height":200,"srcset":"https:\/\/i0.wp.com\/kampkomiteen.net\/wp-content\/uploads\/2025\/08\/Illustrasjonsbilde.jpg?fit=753%2C525&ssl=1&resize=350%2C200 1x, https:\/\/i0.wp.com\/kampkomiteen.net\/wp-content\/uploads\/2025\/08\/Illustrasjonsbilde.jpg?fit=753%2C525&ssl=1&resize=525%2C300 1.5x, https:\/\/i0.wp.com\/kampkomiteen.net\/wp-content\/uploads\/2025\/08\/Illustrasjonsbilde.jpg?fit=753%2C525&ssl=1&resize=700%2C400 2x"},"classes":[]},{"id":6824,"url":"https:\/\/kampkomiteen.net\/?p=6824","url_meta":{"origin":9471,"position":4},"title":"Trondheim: Demonstrasjoner for Palestina og boikott av Israel","author":"Kampkomiteen","date":"10. februar 2024","format":false,"excerpt":"L\u00f8rdag 3. februar deltok Kampkomiteen p\u00e5 to demonstrasjoner i Trondheim arrangert av Palestina-aktivister.","rel":"","context":"Liknende innlegg","block_context":{"text":"Liknende innlegg","link":""},"img":{"alt_text":"","src":"https:\/\/i0.wp.com\/kampkomiteen.net\/wp-content\/uploads\/2024\/02\/Palestina_Trondheim.jpg?fit=1200%2C900&ssl=1&resize=350%2C200","width":350,"height":200,"srcset":"https:\/\/i0.wp.com\/kampkomiteen.net\/wp-content\/uploads\/2024\/02\/Palestina_Trondheim.jpg?fit=1200%2C900&ssl=1&resize=350%2C200 1x, https:\/\/i0.wp.com\/kampkomiteen.net\/wp-content\/uploads\/2024\/02\/Palestina_Trondheim.jpg?fit=1200%2C900&ssl=1&resize=525%2C300 1.5x, https:\/\/i0.wp.com\/kampkomiteen.net\/wp-content\/uploads\/2024\/02\/Palestina_Trondheim.jpg?fit=1200%2C900&ssl=1&resize=700%2C400 2x, https:\/\/i0.wp.com\/kampkomiteen.net\/wp-content\/uploads\/2024\/02\/Palestina_Trondheim.jpg?fit=1200%2C900&ssl=1&resize=1050%2C600 3x"},"classes":[]},{"id":8902,"url":"https:\/\/kampkomiteen.net\/?p=8902","url_meta":{"origin":9471,"position":5},"title":"Trondheim: Demonstrasjoner for Palestina","author":"Kampkomiteen","date":"15. mai 2025","format":false,"excerpt":"De siste to ukene har Kampkomiteen i Trondheim deltatt i demonstrasjoner for Palestina.","rel":"","context":"i \"Demonstrasjon\"","block_context":{"text":"Demonstrasjon","link":"https:\/\/kampkomiteen.net\/?tag=demonstrasjon"},"img":{"alt_text":"","src":"https:\/\/i0.wp.com\/kampkomiteen.net\/wp-content\/uploads\/2025\/05\/10-mai-1-scaled.jpg?fit=1200%2C800&ssl=1&resize=350%2C200","width":350,"height":200,"srcset":"https:\/\/i0.wp.com\/kampkomiteen.net\/wp-content\/uploads\/2025\/05\/10-mai-1-scaled.jpg?fit=1200%2C800&ssl=1&resize=350%2C200 1x, https:\/\/i0.wp.com\/kampkomiteen.net\/wp-content\/uploads\/2025\/05\/10-mai-1-scaled.jpg?fit=1200%2C800&ssl=1&resize=525%2C300 1.5x, https:\/\/i0.wp.com\/kampkomiteen.net\/wp-content\/uploads\/2025\/05\/10-mai-1-scaled.jpg?fit=1200%2C800&ssl=1&resize=700%2C400 2x, https:\/\/i0.wp.com\/kampkomiteen.net\/wp-content\/uploads\/2025\/05\/10-mai-1-scaled.jpg?fit=1200%2C800&ssl=1&resize=1050%2C600 3x"},"classes":[]}],"jetpack_sharing_enabled":true,"_links":{"self":[{"href":"https:\/\/kampkomiteen.net\/index.php?rest_route=\/wp\/v2\/posts\/9471","targetHints":{"allow":["GET"]}}],"collection":[{"href":"https:\/\/kampkomiteen.net\/index.php?rest_route=\/wp\/v2\/posts"}],"about":[{"href":"https:\/\/kampkomiteen.net\/index.php?rest_route=\/wp\/v2\/types\/post"}],"author":[{"embeddable":true,"href":"https:\/\/kampkomiteen.net\/index.php?rest_route=\/wp\/v2\/users\/8"}],"replies":[{"embeddable":true,"href":"https:\/\/kampkomiteen.net\/index.php?rest_route=%2Fwp%2Fv2%2Fcomments&post=9471"}],"version-history":[{"count":1,"href":"https:\/\/kampkomiteen.net\/index.php?rest_route=\/wp\/v2\/posts\/9471\/revisions"}],"predecessor-version":[{"id":9476,"href":"https:\/\/kampkomiteen.net\/index.php?rest_route=\/wp\/v2\/posts\/9471\/revisions\/9476"}],"wp:featuredmedia":[{"embeddable":true,"href":"https:\/\/kampkomiteen.net\/index.php?rest_route=\/wp\/v2\/media\/9475"}],"wp:attachment":[{"href":"https:\/\/kampkomiteen.net\/index.php?rest_route=%2Fwp%2Fv2%2Fmedia&parent=9471"}],"wp:term":[{"taxonomy":"category","embeddable":true,"href":"https:\/\/kampkomiteen.net\/index.php?rest_route=%2Fwp%2Fv2%2Fcategories&post=9471"},{"taxonomy":"post_tag","embeddable":true,"href":"https:\/\/kampkomiteen.net\/index.php?rest_route=%2Fwp%2Fv2%2Ftags&post=9471"}],"curies":[{"name":"wp","href":"https:\/\/api.w.org\/{rel}","templated":true}]}}