{"id":9457,"date":"2025-09-03T18:39:25","date_gmt":"2025-09-03T16:39:25","guid":{"rendered":"https:\/\/kampkomiteen.net\/?p=9457"},"modified":"2025-09-02T18:48:34","modified_gmt":"2025-09-02T16:48:34","slug":"trondelag-mobilisering-til-obiora-markering","status":"publish","type":"post","link":"https:\/\/kampkomiteen.net\/?p=9457","title":{"rendered":"Tr\u00f8ndelag: Mobilisering til Obiora-markering"},"content":{"rendered":"<div id=\"fb-root\"><\/div>\n\n<p><em>Skrevet av aktivister i Tr\u00f8ndelag.<\/em><\/p>\n\n\n\n<p><strong>Det er satt opp mobiliseringsplakater for demonstrasjon mjot politivold, represjon og rasisme..<\/strong><\/p>\n\n\n\n<p>Plakatene er satt opp p\u00e5 M\u00f8llenberg og Ila i Trondheim, samt i sentrum av Stj\u00f8rdal. Det ble ogs\u00e5 hengt opp plakater inne p\u00e5 NTNUs campuser p\u00e5 Dragvoll og Kalvskinnet.<\/p>\n\n\n\n<p><strong>Bli med p\u00e5 demonstrasjon!<\/strong><\/p>\n\n\n\n<p><strong>L\u00f8rdag 6. september, kl. 15:00 i midten av Nordre gate.<\/strong><\/p>\n\n\n\n<p>Les mer om demonstrasjonen p\u00e5 <a href=\"https:\/\/kampkomiteen.net\/?p=9396\">Kampkomiteens<\/a> nettside, og <a href=\"https:\/\/www.facebook.com\/events\/1455167938860672\/\">Facebook<\/a>.<\/p>\n\n\n\n<figure class=\"wp-block-image size-full\"><img data-recalc-dims=\"1\" loading=\"lazy\" decoding=\"async\" width=\"810\" height=\"540\" src=\"https:\/\/i0.wp.com\/kampkomiteen.net\/wp-content\/uploads\/2025\/09\/Obioraplakat1.jpg?resize=810%2C540&#038;ssl=1\" alt=\"\" class=\"wp-image-9458\" srcset=\"https:\/\/i0.wp.com\/kampkomiteen.net\/wp-content\/uploads\/2025\/09\/Obioraplakat1.jpg?w=960&amp;ssl=1 960w, https:\/\/i0.wp.com\/kampkomiteen.net\/wp-content\/uploads\/2025\/09\/Obioraplakat1.jpg?resize=768%2C512&amp;ssl=1 768w, https:\/\/i0.wp.com\/kampkomiteen.net\/wp-content\/uploads\/2025\/09\/Obioraplakat1.jpg?resize=120%2C80&amp;ssl=1 120w\" sizes=\"auto, (max-width: 810px) 100vw, 810px\" \/><\/figure>\n\n\n\n<figure class=\"wp-block-image size-full\"><img data-recalc-dims=\"1\" loading=\"lazy\" decoding=\"async\" width=\"731\" height=\"450\" src=\"https:\/\/i0.wp.com\/kampkomiteen.net\/wp-content\/uploads\/2025\/09\/Obioraplakat6.jpg?resize=731%2C450&#038;ssl=1\" alt=\"\" class=\"wp-image-9459\"\/><\/figure>\n\n\n\n<figure class=\"wp-block-image size-full\"><img data-recalc-dims=\"1\" loading=\"lazy\" decoding=\"async\" width=\"810\" height=\"593\" src=\"https:\/\/i0.wp.com\/kampkomiteen.net\/wp-content\/uploads\/2025\/09\/Obioraplakat7.jpg?resize=810%2C593&#038;ssl=1\" alt=\"\" class=\"wp-image-9460\" srcset=\"https:\/\/i0.wp.com\/kampkomiteen.net\/wp-content\/uploads\/2025\/09\/Obioraplakat7.jpg?w=1024&amp;ssl=1 1024w, https:\/\/i0.wp.com\/kampkomiteen.net\/wp-content\/uploads\/2025\/09\/Obioraplakat7.jpg?resize=1000%2C732&amp;ssl=1 1000w, https:\/\/i0.wp.com\/kampkomiteen.net\/wp-content\/uploads\/2025\/09\/Obioraplakat7.jpg?resize=768%2C563&amp;ssl=1 768w\" sizes=\"auto, (max-width: 810px) 100vw, 810px\" \/><\/figure>\n\n\n\n<figure class=\"wp-block-image size-full\"><img data-recalc-dims=\"1\" loading=\"lazy\" decoding=\"async\" width=\"810\" height=\"584\" src=\"https:\/\/i0.wp.com\/kampkomiteen.net\/wp-content\/uploads\/2025\/09\/Obioraplakat8.jpg?resize=810%2C584&#038;ssl=1\" alt=\"\" class=\"wp-image-9461\" srcset=\"https:\/\/i0.wp.com\/kampkomiteen.net\/wp-content\/uploads\/2025\/09\/Obioraplakat8.jpg?w=1041&amp;ssl=1 1041w, https:\/\/i0.wp.com\/kampkomiteen.net\/wp-content\/uploads\/2025\/09\/Obioraplakat8.jpg?resize=1000%2C720&amp;ssl=1 1000w, https:\/\/i0.wp.com\/kampkomiteen.net\/wp-content\/uploads\/2025\/09\/Obioraplakat8.jpg?resize=768%2C553&amp;ssl=1 768w\" sizes=\"auto, (max-width: 810px) 100vw, 810px\" \/><\/figure>\n","protected":false},"excerpt":{"rendered":"<p>Det er satt opp mobiliseringsplakater for demonstrasjon mjot politivold, represjon og rasisme..<\/p>\n","protected":false},"author":8,"featured_media":9462,"comment_status":"closed","ping_status":"","sticky":false,"template":"","format":"standard","meta":{"advanced_seo_description":"","jetpack_seo_html_title":"","jetpack_seo_noindex":false,"_jetpack_memberships_contains_paid_content":false,"footnotes":""},"categories":[1],"tags":[38,4,15],"class_list":["post-9457","post","type-post","status-publish","format-standard","has-post-thumbnail","hentry","category-uncategorized","tag-antirasisme","tag-demonstrasjon","tag-politiet"],"jetpack_featured_media_url":"https:\/\/i0.wp.com\/kampkomiteen.net\/wp-content\/uploads\/2025\/09\/Obioraplakat2.jpg?fit=816%2C544&ssl=1","jetpack_shortlink":"https:\/\/wp.me\/pchuPf-2sx","jetpack-related-posts":[{"id":7640,"url":"https:\/\/kampkomiteen.net\/?p=7640","url_meta":{"origin":9457,"position":0},"title":"Tr\u00f8ndelag: Bli med p\u00e5 demonstrasjon mot politivold!","author":"Kampkomiteen","date":"3. september 2024","format":false,"excerpt":"Aktivister fra Kampkomiteen har satt opp plakater i Tr\u00f8ndelag for \u00e5 mobilisere til demonstrasjon mot politivold og represjon.","rel":"","context":"i \"Demonstrasjon\"","block_context":{"text":"Demonstrasjon","link":"https:\/\/kampkomiteen.net\/?tag=demonstrasjon"},"img":{"alt_text":"","src":"https:\/\/i0.wp.com\/kampkomiteen.net\/wp-content\/uploads\/2024\/09\/Plakat-scaled.jpg?fit=1200%2C800&ssl=1&resize=350%2C200","width":350,"height":200,"srcset":"https:\/\/i0.wp.com\/kampkomiteen.net\/wp-content\/uploads\/2024\/09\/Plakat-scaled.jpg?fit=1200%2C800&ssl=1&resize=350%2C200 1x, https:\/\/i0.wp.com\/kampkomiteen.net\/wp-content\/uploads\/2024\/09\/Plakat-scaled.jpg?fit=1200%2C800&ssl=1&resize=525%2C300 1.5x, https:\/\/i0.wp.com\/kampkomiteen.net\/wp-content\/uploads\/2024\/09\/Plakat-scaled.jpg?fit=1200%2C800&ssl=1&resize=700%2C400 2x, https:\/\/i0.wp.com\/kampkomiteen.net\/wp-content\/uploads\/2024\/09\/Plakat-scaled.jpg?fit=1200%2C800&ssl=1&resize=1050%2C600 3x"},"classes":[]},{"id":9501,"url":"https:\/\/kampkomiteen.net\/?p=9501","url_meta":{"origin":9457,"position":1},"title":"Trondheim: Rettferdighet for Eugene Obiora!","author":"Kampkomiteen","date":"10. september 2025","format":false,"excerpt":"L\u00f8rdag 6. september arrangerte Kampkomiteen, med flere, demonstrasjon mot politivold, represjon og rasisme.","rel":"","context":"i \"Demonstrasjon\"","block_context":{"text":"Demonstrasjon","link":"https:\/\/kampkomiteen.net\/?tag=demonstrasjon"},"img":{"alt_text":"","src":"https:\/\/i0.wp.com\/kampkomiteen.net\/wp-content\/uploads\/2025\/09\/1-2.jpg?fit=831%2C600&ssl=1&resize=350%2C200","width":350,"height":200,"srcset":"https:\/\/i0.wp.com\/kampkomiteen.net\/wp-content\/uploads\/2025\/09\/1-2.jpg?fit=831%2C600&ssl=1&resize=350%2C200 1x, https:\/\/i0.wp.com\/kampkomiteen.net\/wp-content\/uploads\/2025\/09\/1-2.jpg?fit=831%2C600&ssl=1&resize=525%2C300 1.5x, https:\/\/i0.wp.com\/kampkomiteen.net\/wp-content\/uploads\/2025\/09\/1-2.jpg?fit=831%2C600&ssl=1&resize=700%2C400 2x"},"classes":[]},{"id":6298,"url":"https:\/\/kampkomiteen.net\/?p=6298","url_meta":{"origin":9457,"position":2},"title":"Bli med p\u00e5 demonstrasjon mot politivold og rasisme!","author":"Kampkomiteen","date":"26. august 2023","format":false,"excerpt":"Den 7. september i 2006 ble Eugene Ejike Obiora drept i Trondheim, av \ufb01re politifolk som presset livet ut av ham. Ingen av de \ufb01re \ufb01kk noen stra\ufb00. Hovedmannen er forfremmet og han er n\u00e5 ofte innsatsleder i politiet.","rel":"","context":"i \"Antirasisme\"","block_context":{"text":"Antirasisme","link":"https:\/\/kampkomiteen.net\/?tag=antirasisme"},"img":{"alt_text":"","src":"https:\/\/i0.wp.com\/kampkomiteen.net\/wp-content\/uploads\/2023\/08\/foto.png?fit=1160%2C653&ssl=1&resize=350%2C200","width":350,"height":200,"srcset":"https:\/\/i0.wp.com\/kampkomiteen.net\/wp-content\/uploads\/2023\/08\/foto.png?fit=1160%2C653&ssl=1&resize=350%2C200 1x, https:\/\/i0.wp.com\/kampkomiteen.net\/wp-content\/uploads\/2023\/08\/foto.png?fit=1160%2C653&ssl=1&resize=525%2C300 1.5x, https:\/\/i0.wp.com\/kampkomiteen.net\/wp-content\/uploads\/2023\/08\/foto.png?fit=1160%2C653&ssl=1&resize=700%2C400 2x, https:\/\/i0.wp.com\/kampkomiteen.net\/wp-content\/uploads\/2023\/08\/foto.png?fit=1160%2C653&ssl=1&resize=1050%2C600 3x"},"classes":[]},{"id":7663,"url":"https:\/\/kampkomiteen.net\/?p=7663","url_meta":{"origin":9457,"position":3},"title":"Trondheim: Demonstrasjon mot politivold og represjon","author":"Kampkomiteen","date":"8. september 2024","format":false,"excerpt":"Fredag 6. september arrangerte Kampkomiteen i Trondheim en demonstrasjon mot politivold, represjon og rasisme. Demonstrasjonen ble avholdt i anledning \u00e5rsdagen for da politiet i Trondheim drepte Eugene Obiora i 2006.","rel":"","context":"i \"Demonstrasjon\"","block_context":{"text":"Demonstrasjon","link":"https:\/\/kampkomiteen.net\/?tag=demonstrasjon"},"img":{"alt_text":"","src":"https:\/\/i0.wp.com\/kampkomiteen.net\/wp-content\/uploads\/2024\/09\/Obiora.jpg?fit=1200%2C800&ssl=1&resize=350%2C200","width":350,"height":200,"srcset":"https:\/\/i0.wp.com\/kampkomiteen.net\/wp-content\/uploads\/2024\/09\/Obiora.jpg?fit=1200%2C800&ssl=1&resize=350%2C200 1x, https:\/\/i0.wp.com\/kampkomiteen.net\/wp-content\/uploads\/2024\/09\/Obiora.jpg?fit=1200%2C800&ssl=1&resize=525%2C300 1.5x, https:\/\/i0.wp.com\/kampkomiteen.net\/wp-content\/uploads\/2024\/09\/Obiora.jpg?fit=1200%2C800&ssl=1&resize=700%2C400 2x, https:\/\/i0.wp.com\/kampkomiteen.net\/wp-content\/uploads\/2024\/09\/Obiora.jpg?fit=1200%2C800&ssl=1&resize=1050%2C600 3x"},"classes":[]},{"id":6344,"url":"https:\/\/kampkomiteen.net\/?p=6344","url_meta":{"origin":9457,"position":4},"title":"Demonstrasjoner mot politivold og rasisme","author":"Kampkomiteen","date":"9. september 2023","format":false,"excerpt":"7. september var det 17 \u00e5r siden politiet drepte Eugene Ejike Obiora. Kampkomiteen har markert dagen i Oslo, Trondheim, Bergen og Kristiansand.","rel":"","context":"i \"Antirasisme\"","block_context":{"text":"Antirasisme","link":"https:\/\/kampkomiteen.net\/?tag=antirasisme"},"img":{"alt_text":"","src":"https:\/\/i0.wp.com\/kampkomiteen.net\/wp-content\/uploads\/2023\/09\/Tog1.jpg?fit=1200%2C800&ssl=1&resize=350%2C200","width":350,"height":200,"srcset":"https:\/\/i0.wp.com\/kampkomiteen.net\/wp-content\/uploads\/2023\/09\/Tog1.jpg?fit=1200%2C800&ssl=1&resize=350%2C200 1x, https:\/\/i0.wp.com\/kampkomiteen.net\/wp-content\/uploads\/2023\/09\/Tog1.jpg?fit=1200%2C800&ssl=1&resize=525%2C300 1.5x, https:\/\/i0.wp.com\/kampkomiteen.net\/wp-content\/uploads\/2023\/09\/Tog1.jpg?fit=1200%2C800&ssl=1&resize=700%2C400 2x, https:\/\/i0.wp.com\/kampkomiteen.net\/wp-content\/uploads\/2023\/09\/Tog1.jpg?fit=1200%2C800&ssl=1&resize=1050%2C600 3x"},"classes":[]},{"id":7633,"url":"https:\/\/kampkomiteen.net\/?p=7633","url_meta":{"origin":9457,"position":5},"title":"Kristiansand: Plakater for markering mot politivold og rasisme","author":"Kampkomiteen","date":"2. september 2024","format":false,"excerpt":"M\u00f8t opp p\u00e5 torvet l\u00f8rdag 7. september kl. 15.30!","rel":"","context":"i \"Antirasisme\"","block_context":{"text":"Antirasisme","link":"https:\/\/kampkomiteen.net\/?tag=antirasisme"},"img":{"alt_text":"","src":"https:\/\/i0.wp.com\/kampkomiteen.net\/wp-content\/uploads\/2024\/09\/unnamed-1-2.jpg?fit=1200%2C900&ssl=1&resize=350%2C200","width":350,"height":200,"srcset":"https:\/\/i0.wp.com\/kampkomiteen.net\/wp-content\/uploads\/2024\/09\/unnamed-1-2.jpg?fit=1200%2C900&ssl=1&resize=350%2C200 1x, https:\/\/i0.wp.com\/kampkomiteen.net\/wp-content\/uploads\/2024\/09\/unnamed-1-2.jpg?fit=1200%2C900&ssl=1&resize=525%2C300 1.5x, https:\/\/i0.wp.com\/kampkomiteen.net\/wp-content\/uploads\/2024\/09\/unnamed-1-2.jpg?fit=1200%2C900&ssl=1&resize=700%2C400 2x, https:\/\/i0.wp.com\/kampkomiteen.net\/wp-content\/uploads\/2024\/09\/unnamed-1-2.jpg?fit=1200%2C900&ssl=1&resize=1050%2C600 3x"},"classes":[]}],"jetpack_sharing_enabled":true,"_links":{"self":[{"href":"https:\/\/kampkomiteen.net\/index.php?rest_route=\/wp\/v2\/posts\/9457","targetHints":{"allow":["GET"]}}],"collection":[{"href":"https:\/\/kampkomiteen.net\/index.php?rest_route=\/wp\/v2\/posts"}],"about":[{"href":"https:\/\/kampkomiteen.net\/index.php?rest_route=\/wp\/v2\/types\/post"}],"author":[{"embeddable":true,"href":"https:\/\/kampkomiteen.net\/index.php?rest_route=\/wp\/v2\/users\/8"}],"replies":[{"embeddable":true,"href":"https:\/\/kampkomiteen.net\/index.php?rest_route=%2Fwp%2Fv2%2Fcomments&post=9457"}],"version-history":[{"count":1,"href":"https:\/\/kampkomiteen.net\/index.php?rest_route=\/wp\/v2\/posts\/9457\/revisions"}],"predecessor-version":[{"id":9463,"href":"https:\/\/kampkomiteen.net\/index.php?rest_route=\/wp\/v2\/posts\/9457\/revisions\/9463"}],"wp:featuredmedia":[{"embeddable":true,"href":"https:\/\/kampkomiteen.net\/index.php?rest_route=\/wp\/v2\/media\/9462"}],"wp:attachment":[{"href":"https:\/\/kampkomiteen.net\/index.php?rest_route=%2Fwp%2Fv2%2Fmedia&parent=9457"}],"wp:term":[{"taxonomy":"category","embeddable":true,"href":"https:\/\/kampkomiteen.net\/index.php?rest_route=%2Fwp%2Fv2%2Fcategories&post=9457"},{"taxonomy":"post_tag","embeddable":true,"href":"https:\/\/kampkomiteen.net\/index.php?rest_route=%2Fwp%2Fv2%2Ftags&post=9457"}],"curies":[{"name":"wp","href":"https:\/\/api.w.org\/{rel}","templated":true}]}}