{"id":9450,"date":"2025-09-02T18:25:21","date_gmt":"2025-09-02T16:25:21","guid":{"rendered":"https:\/\/kampkomiteen.net\/?p=9450"},"modified":"2025-09-02T18:25:21","modified_gmt":"2025-09-02T16:25:21","slug":"trondheim-kraftfull-demonstrasjon-for-palestina","status":"publish","type":"post","link":"https:\/\/kampkomiteen.net\/?p=9450","title":{"rendered":"Trondheim: Kraftfull demonstrasjon for Palestina"},"content":{"rendered":"<div id=\"fb-root\"><\/div>\n\n<p><em>Skrevet av aktivister i Trondheim.<\/em><\/p>\n\n\n\n<p><strong>L\u00f8rdag 30. august deltok Kampkomiteen p\u00e5 en kraftfull demonstrasjon mot Israels folkemord mot palestinerne.&nbsp;<\/strong><br>Demonstrasjonen var en del av den nasjonale markeringa under parolen \u201cAldri mer er n\u00e5!\u201d Flere hundre demonstranter m\u00f8tte opp p\u00e5 Cicignons plass i sentrum, hvor det ble holdt flere sterke appeller. Den ene appellanten holdt oppe ei klokke i ett minutt, og sa etterp\u00e5 at palestinerne har levd under et folkemord i snart en million minutter. Appellantene hadde gjennomg\u00e5ende et fokus p\u00e5 at folkelig motstand og organisering nytter, og det ble understreket at den palestinske motstandskampen er legitim. Etter appellene gikk demonstrantene i tog gjennom sentrum, mens det ble ropt slagord som \u201cvi er folket, vi gir oss aldri, trekk ut pengene n\u00e5, n\u00e5, n\u00e5, n\u00e5!\u201d og \u201cOljefondet ut av Israel!\u201d Demonstrasjonen ble avsluttet med flere slagord i Nordre gate, og allsang av \u201cHi hi ya Falasteen.\u201d<\/p>\n\n\n\n<p>Etter demonstrasjonen gikk flere av demonstrantene med bannere og flagg til gamle bybro, hvor det ble filmet en videohilsen til Global Sumud Flotilla, som dagen etter reiste mot Gaza med n\u00f8dhjelp og for \u00e5 bryte blokaden. Det er opprettet en <a href=\"https:\/\/www.spleis.no\/project\/443634\">en spleis<\/a> for \u00f8konomisk st\u00f8tte.<\/p>\n\n\n\n<figure class=\"wp-block-image size-full\"><img data-recalc-dims=\"1\" loading=\"lazy\" decoding=\"async\" width=\"731\" height=\"487\" src=\"https:\/\/i0.wp.com\/kampkomiteen.net\/wp-content\/uploads\/2025\/09\/demo4.jpg?resize=731%2C487&#038;ssl=1\" alt=\"\" class=\"wp-image-9451\" srcset=\"https:\/\/i0.wp.com\/kampkomiteen.net\/wp-content\/uploads\/2025\/09\/demo4.jpg?w=731&amp;ssl=1 731w, https:\/\/i0.wp.com\/kampkomiteen.net\/wp-content\/uploads\/2025\/09\/demo4.jpg?resize=120%2C80&amp;ssl=1 120w\" sizes=\"auto, (max-width: 731px) 100vw, 731px\" \/><\/figure>\n\n\n\n<figure class=\"wp-block-image size-full\"><img data-recalc-dims=\"1\" loading=\"lazy\" decoding=\"async\" width=\"810\" height=\"404\" src=\"https:\/\/i0.wp.com\/kampkomiteen.net\/wp-content\/uploads\/2025\/09\/demo7.jpg?resize=810%2C404&#038;ssl=1\" alt=\"\" class=\"wp-image-9452\" srcset=\"https:\/\/i0.wp.com\/kampkomiteen.net\/wp-content\/uploads\/2025\/09\/demo7.jpg?w=827&amp;ssl=1 827w, https:\/\/i0.wp.com\/kampkomiteen.net\/wp-content\/uploads\/2025\/09\/demo7.jpg?resize=768%2C383&amp;ssl=1 768w\" sizes=\"auto, (max-width: 810px) 100vw, 810px\" \/><\/figure>\n\n\n\n<figure class=\"wp-block-image size-full\"><img data-recalc-dims=\"1\" loading=\"lazy\" decoding=\"async\" width=\"810\" height=\"608\" src=\"https:\/\/i0.wp.com\/kampkomiteen.net\/wp-content\/uploads\/2025\/09\/demo8.jpg?resize=810%2C608&#038;ssl=1\" alt=\"\" class=\"wp-image-9453\" srcset=\"https:\/\/i0.wp.com\/kampkomiteen.net\/wp-content\/uploads\/2025\/09\/demo8.jpg?w=849&amp;ssl=1 849w, https:\/\/i0.wp.com\/kampkomiteen.net\/wp-content\/uploads\/2025\/09\/demo8.jpg?resize=768%2C576&amp;ssl=1 768w\" sizes=\"auto, (max-width: 810px) 100vw, 810px\" \/><\/figure>\n\n\n\n<figure class=\"wp-block-image size-full\"><img data-recalc-dims=\"1\" loading=\"lazy\" decoding=\"async\" width=\"810\" height=\"434\" src=\"https:\/\/i0.wp.com\/kampkomiteen.net\/wp-content\/uploads\/2025\/09\/demo9.jpg?resize=810%2C434&#038;ssl=1\" alt=\"\" class=\"wp-image-9454\" srcset=\"https:\/\/i0.wp.com\/kampkomiteen.net\/wp-content\/uploads\/2025\/09\/demo9.jpg?w=1121&amp;ssl=1 1121w, https:\/\/i0.wp.com\/kampkomiteen.net\/wp-content\/uploads\/2025\/09\/demo9.jpg?resize=1000%2C535&amp;ssl=1 1000w, https:\/\/i0.wp.com\/kampkomiteen.net\/wp-content\/uploads\/2025\/09\/demo9.jpg?resize=768%2C411&amp;ssl=1 768w\" sizes=\"auto, (max-width: 810px) 100vw, 810px\" \/><\/figure>\n","protected":false},"excerpt":{"rendered":"<p>L\u00f8rdag 30. august deltok Kampkomiteen p\u00e5 en kraftfull demonstrasjon mot Israels folkemord mot palestinerne. <\/p>\n","protected":false},"author":8,"featured_media":9455,"comment_status":"closed","ping_status":"","sticky":false,"template":"","format":"standard","meta":{"advanced_seo_description":"","jetpack_seo_html_title":"","jetpack_seo_noindex":false,"_jetpack_memberships_contains_paid_content":false,"footnotes":""},"categories":[1],"tags":[4,21,47],"class_list":["post-9450","post","type-post","status-publish","format-standard","has-post-thumbnail","hentry","category-uncategorized","tag-demonstrasjon","tag-palestina","tag-solidaritet"],"jetpack_featured_media_url":"https:\/\/i0.wp.com\/kampkomiteen.net\/wp-content\/uploads\/2025\/09\/demo2.jpg?fit=837%2C556&ssl=1","jetpack_shortlink":"https:\/\/wp.me\/pchuPf-2sq","jetpack-related-posts":[{"id":9658,"url":"https:\/\/kampkomiteen.net\/?p=9658","url_meta":{"origin":9450,"position":0},"title":"Trondheim: Demonstrasjoner for Palestina","author":"Kampkomiteen","date":"30. september 2025","format":false,"excerpt":"De siste to ukene har Kampkomiteen deltatt p\u00e5 flere demonstrasjoner til st\u00f8tte for Palestina.","rel":"","context":"i \"Demonstrasjon\"","block_context":{"text":"Demonstrasjon","link":"https:\/\/kampkomiteen.net\/?tag=demonstrasjon"},"img":{"alt_text":"","src":"https:\/\/i0.wp.com\/kampkomiteen.net\/wp-content\/uploads\/2025\/09\/lordagsdemo3.jpg?fit=1150%2C680&ssl=1&resize=350%2C200","width":350,"height":200,"srcset":"https:\/\/i0.wp.com\/kampkomiteen.net\/wp-content\/uploads\/2025\/09\/lordagsdemo3.jpg?fit=1150%2C680&ssl=1&resize=350%2C200 1x, https:\/\/i0.wp.com\/kampkomiteen.net\/wp-content\/uploads\/2025\/09\/lordagsdemo3.jpg?fit=1150%2C680&ssl=1&resize=525%2C300 1.5x, https:\/\/i0.wp.com\/kampkomiteen.net\/wp-content\/uploads\/2025\/09\/lordagsdemo3.jpg?fit=1150%2C680&ssl=1&resize=700%2C400 2x, https:\/\/i0.wp.com\/kampkomiteen.net\/wp-content\/uploads\/2025\/09\/lordagsdemo3.jpg?fit=1150%2C680&ssl=1&resize=1050%2C600 3x"},"classes":[]},{"id":8440,"url":"https:\/\/kampkomiteen.net\/?p=8440","url_meta":{"origin":9450,"position":1},"title":"Trondheim: Demonstrasjon mot Nammo","author":"Kampkomiteen","date":"1. mars 2025","format":false,"excerpt":"Aktivister fra Kampkomiteen deltok torsdag 27. februar p\u00e5 en demonstrasjon mot Nammos sponsoravtale med det norske hopplandslaget. Studenter for Palestina ledet demonstrasjonen, og planlegger flere lignende markeringer og aksjoner under ski-VM.","rel":"","context":"i \"Demonstrasjon\"","block_context":{"text":"Demonstrasjon","link":"https:\/\/kampkomiteen.net\/?tag=demonstrasjon"},"img":{"alt_text":"","src":"https:\/\/i0.wp.com\/kampkomiteen.net\/wp-content\/uploads\/2025\/03\/signal-2025-02-27-19-01-14-626-1.jpg?fit=1000%2C750&ssl=1&resize=350%2C200","width":350,"height":200,"srcset":"https:\/\/i0.wp.com\/kampkomiteen.net\/wp-content\/uploads\/2025\/03\/signal-2025-02-27-19-01-14-626-1.jpg?fit=1000%2C750&ssl=1&resize=350%2C200 1x, https:\/\/i0.wp.com\/kampkomiteen.net\/wp-content\/uploads\/2025\/03\/signal-2025-02-27-19-01-14-626-1.jpg?fit=1000%2C750&ssl=1&resize=525%2C300 1.5x, https:\/\/i0.wp.com\/kampkomiteen.net\/wp-content\/uploads\/2025\/03\/signal-2025-02-27-19-01-14-626-1.jpg?fit=1000%2C750&ssl=1&resize=700%2C400 2x"},"classes":[]},{"id":9244,"url":"https:\/\/kampkomiteen.net\/?p=9244","url_meta":{"origin":9450,"position":2},"title":"Trondheim: L\u00f8rdagsdemonstrasjon for Palestina","author":"Kampkomiteen","date":"31. juli 2025","format":false,"excerpt":"L\u00f8rdag 26. juli var det ny ukentlig demonstrasjon for Palestina. Minst 150 mennesker m\u00f8tte opp for \u00e5 vise motstand mot Israels folkemord.","rel":"","context":"i \"Demonstrasjon\"","block_context":{"text":"Demonstrasjon","link":"https:\/\/kampkomiteen.net\/?tag=demonstrasjon"},"img":{"alt_text":"","src":"https:\/\/i0.wp.com\/kampkomiteen.net\/wp-content\/uploads\/2025\/07\/26.7-1.jpg?fit=819%2C546&ssl=1&resize=350%2C200","width":350,"height":200,"srcset":"https:\/\/i0.wp.com\/kampkomiteen.net\/wp-content\/uploads\/2025\/07\/26.7-1.jpg?fit=819%2C546&ssl=1&resize=350%2C200 1x, https:\/\/i0.wp.com\/kampkomiteen.net\/wp-content\/uploads\/2025\/07\/26.7-1.jpg?fit=819%2C546&ssl=1&resize=525%2C300 1.5x, https:\/\/i0.wp.com\/kampkomiteen.net\/wp-content\/uploads\/2025\/07\/26.7-1.jpg?fit=819%2C546&ssl=1&resize=700%2C400 2x"},"classes":[]},{"id":9501,"url":"https:\/\/kampkomiteen.net\/?p=9501","url_meta":{"origin":9450,"position":3},"title":"Trondheim: Rettferdighet for Eugene Obiora!","author":"Kampkomiteen","date":"10. september 2025","format":false,"excerpt":"L\u00f8rdag 6. september arrangerte Kampkomiteen, med flere, demonstrasjon mot politivold, represjon og rasisme.","rel":"","context":"i \"Demonstrasjon\"","block_context":{"text":"Demonstrasjon","link":"https:\/\/kampkomiteen.net\/?tag=demonstrasjon"},"img":{"alt_text":"","src":"https:\/\/i0.wp.com\/kampkomiteen.net\/wp-content\/uploads\/2025\/09\/1-2.jpg?fit=831%2C600&ssl=1&resize=350%2C200","width":350,"height":200,"srcset":"https:\/\/i0.wp.com\/kampkomiteen.net\/wp-content\/uploads\/2025\/09\/1-2.jpg?fit=831%2C600&ssl=1&resize=350%2C200 1x, https:\/\/i0.wp.com\/kampkomiteen.net\/wp-content\/uploads\/2025\/09\/1-2.jpg?fit=831%2C600&ssl=1&resize=525%2C300 1.5x, https:\/\/i0.wp.com\/kampkomiteen.net\/wp-content\/uploads\/2025\/09\/1-2.jpg?fit=831%2C600&ssl=1&resize=700%2C400 2x"},"classes":[]},{"id":9086,"url":"https:\/\/kampkomiteen.net\/?p=9086","url_meta":{"origin":9450,"position":4},"title":"Trondheim: Solidaritet med Palestina","author":"Kampkomiteen","date":"18. juni 2025","format":false,"excerpt":"Kampkomiteen har deltatt p\u00e5 ukentlig demonstrasjon for Palestina og mobilisert til kommende markering l\u00f8rdag 21. juni.","rel":"","context":"i \"Demonstrasjon\"","block_context":{"text":"Demonstrasjon","link":"https:\/\/kampkomiteen.net\/?tag=demonstrasjon"},"img":{"alt_text":"","src":"https:\/\/i0.wp.com\/kampkomiteen.net\/wp-content\/uploads\/2025\/06\/DSCF3053.jpg?fit=1000%2C750&ssl=1&resize=350%2C200","width":350,"height":200,"srcset":"https:\/\/i0.wp.com\/kampkomiteen.net\/wp-content\/uploads\/2025\/06\/DSCF3053.jpg?fit=1000%2C750&ssl=1&resize=350%2C200 1x, https:\/\/i0.wp.com\/kampkomiteen.net\/wp-content\/uploads\/2025\/06\/DSCF3053.jpg?fit=1000%2C750&ssl=1&resize=525%2C300 1.5x, https:\/\/i0.wp.com\/kampkomiteen.net\/wp-content\/uploads\/2025\/06\/DSCF3053.jpg?fit=1000%2C750&ssl=1&resize=700%2C400 2x"},"classes":[]},{"id":6813,"url":"https:\/\/kampkomiteen.net\/?p=6813","url_meta":{"origin":9450,"position":5},"title":"Bergen: Kraftfull demonstrasjon mot israelsk m\u00f8te","author":"Kampkomiteen","date":"7. februar 2024","format":false,"excerpt":"Kampkomiteen deltok p\u00e5 en demonstrasjon i Bergen 7. februar. Demonstrasjonen var mot et m\u00f8te der to representanter for den israelske staten var til stede. En fra IDF og en fra det israelske utenriksdepartementet.","rel":"","context":"i \"Bergen\"","block_context":{"text":"Bergen","link":"https:\/\/kampkomiteen.net\/?tag=bergen"},"img":{"alt_text":"","src":"https:\/\/i0.wp.com\/kampkomiteen.net\/wp-content\/uploads\/2024\/02\/Pal2.png?fit=1200%2C900&ssl=1&resize=350%2C200","width":350,"height":200,"srcset":"https:\/\/i0.wp.com\/kampkomiteen.net\/wp-content\/uploads\/2024\/02\/Pal2.png?fit=1200%2C900&ssl=1&resize=350%2C200 1x, https:\/\/i0.wp.com\/kampkomiteen.net\/wp-content\/uploads\/2024\/02\/Pal2.png?fit=1200%2C900&ssl=1&resize=525%2C300 1.5x, https:\/\/i0.wp.com\/kampkomiteen.net\/wp-content\/uploads\/2024\/02\/Pal2.png?fit=1200%2C900&ssl=1&resize=700%2C400 2x, https:\/\/i0.wp.com\/kampkomiteen.net\/wp-content\/uploads\/2024\/02\/Pal2.png?fit=1200%2C900&ssl=1&resize=1050%2C600 3x"},"classes":[]}],"jetpack_sharing_enabled":true,"_links":{"self":[{"href":"https:\/\/kampkomiteen.net\/index.php?rest_route=\/wp\/v2\/posts\/9450","targetHints":{"allow":["GET"]}}],"collection":[{"href":"https:\/\/kampkomiteen.net\/index.php?rest_route=\/wp\/v2\/posts"}],"about":[{"href":"https:\/\/kampkomiteen.net\/index.php?rest_route=\/wp\/v2\/types\/post"}],"author":[{"embeddable":true,"href":"https:\/\/kampkomiteen.net\/index.php?rest_route=\/wp\/v2\/users\/8"}],"replies":[{"embeddable":true,"href":"https:\/\/kampkomiteen.net\/index.php?rest_route=%2Fwp%2Fv2%2Fcomments&post=9450"}],"version-history":[{"count":1,"href":"https:\/\/kampkomiteen.net\/index.php?rest_route=\/wp\/v2\/posts\/9450\/revisions"}],"predecessor-version":[{"id":9456,"href":"https:\/\/kampkomiteen.net\/index.php?rest_route=\/wp\/v2\/posts\/9450\/revisions\/9456"}],"wp:featuredmedia":[{"embeddable":true,"href":"https:\/\/kampkomiteen.net\/index.php?rest_route=\/wp\/v2\/media\/9455"}],"wp:attachment":[{"href":"https:\/\/kampkomiteen.net\/index.php?rest_route=%2Fwp%2Fv2%2Fmedia&parent=9450"}],"wp:term":[{"taxonomy":"category","embeddable":true,"href":"https:\/\/kampkomiteen.net\/index.php?rest_route=%2Fwp%2Fv2%2Fcategories&post=9450"},{"taxonomy":"post_tag","embeddable":true,"href":"https:\/\/kampkomiteen.net\/index.php?rest_route=%2Fwp%2Fv2%2Ftags&post=9450"}],"curies":[{"name":"wp","href":"https:\/\/api.w.org\/{rel}","templated":true}]}}