{"id":9440,"date":"2025-09-02T16:11:31","date_gmt":"2025-09-02T14:11:31","guid":{"rendered":"https:\/\/kampkomiteen.net\/?p=9440"},"modified":"2025-09-02T16:12:28","modified_gmt":"2025-09-02T14:12:28","slug":"oslo-massiv-demonstrasjon-for-palestina","status":"publish","type":"post","link":"https:\/\/kampkomiteen.net\/?p=9440","title":{"rendered":"Oslo: Massiv demonstrasjon for Palestina"},"content":{"rendered":"<div id=\"fb-root\"><\/div>\n\n<p><em>Skrevet av aktivister i Oslo<\/em><\/p>\n\n\n\n<p>L\u00f8rdag 30. august deltok aktivister fra Kampkomiteen i Oslo p\u00e5 en demonstrasjon organisert av Palestinakomiteen med bannerne \u00abForsvar retten til \u00e5 protestere! St\u00f8tt de 3 palestinaaktivistene\u00bb og \u00abIngen st\u00f8tte til Israels folkemord\u00bb. Det var flere andre organisasjoner og grupper som deltok. Demonstrasjoner for Palestina ble holdt samtidig i flere byer der Palestinakomiteen hadde mobilisert. Under demonstrasjonen i Oslo deltok flere tusen demonstranter.<\/p>\n\n\n\n<p>Demonstrasjonen startet p\u00e5 Gr\u00f8nland og gikk i tog gjennom Oslo til Stortinget. Det var god stemning og h\u00f8yt engasjement. Under toget ble det ropt flere slagord som \u00abFritt Palestina \u2013 boikott Israel!\u00bb, \u00abIsrael er terrorist!\u00bb, \u00abNed med okkupanten \u2013 St\u00f8tt motstandskampen!\u00bb, \u00abViva, viva intifada!\u00bb, \u00abTrekk ut Oljefondet!\u00bb og \u00abFrom the river to the sea \u2013 Palestine will be free!\u00bb.<\/p>\n\n\n\n<p>F\u00f8r demonstrasjonen n\u00e5dde Stortinget begynte det \u00e5 regne kraftig, men demonstrasjonen fortsatte videre p\u00e5 tross av dette og det senket ikke engasjementet. Da demonstrasjonstoget ankom Stortinget ble det holdt flere appeller. Det oppstod lydproblemer som gjorde det vanskelig \u00e5 h\u00f8re appellene. Som respons valgte demonstrantene \u00e5 m\u00f8te situasjonen med tromming og flere slagord, som blant annet \u00abDeath, death to the IDF!\u00bb.<\/p>\n\n\n\n<figure class=\"wp-block-image size-full\"><img data-recalc-dims=\"1\" loading=\"lazy\" decoding=\"async\" width=\"810\" height=\"540\" src=\"https:\/\/i0.wp.com\/kampkomiteen.net\/wp-content\/uploads\/2025\/09\/1-1-scaled.jpg?resize=810%2C540&#038;ssl=1\" alt=\"\" class=\"wp-image-9441\" srcset=\"https:\/\/i0.wp.com\/kampkomiteen.net\/wp-content\/uploads\/2025\/09\/1-1-scaled.jpg?w=2560&amp;ssl=1 2560w, https:\/\/i0.wp.com\/kampkomiteen.net\/wp-content\/uploads\/2025\/09\/1-1-scaled.jpg?resize=1000%2C667&amp;ssl=1 1000w, https:\/\/i0.wp.com\/kampkomiteen.net\/wp-content\/uploads\/2025\/09\/1-1-scaled.jpg?resize=768%2C512&amp;ssl=1 768w, https:\/\/i0.wp.com\/kampkomiteen.net\/wp-content\/uploads\/2025\/09\/1-1-scaled.jpg?resize=1536%2C1024&amp;ssl=1 1536w, https:\/\/i0.wp.com\/kampkomiteen.net\/wp-content\/uploads\/2025\/09\/1-1-scaled.jpg?resize=2048%2C1365&amp;ssl=1 2048w, https:\/\/i0.wp.com\/kampkomiteen.net\/wp-content\/uploads\/2025\/09\/1-1-scaled.jpg?resize=120%2C80&amp;ssl=1 120w, https:\/\/i0.wp.com\/kampkomiteen.net\/wp-content\/uploads\/2025\/09\/1-1-scaled.jpg?w=1620&amp;ssl=1 1620w, https:\/\/i0.wp.com\/kampkomiteen.net\/wp-content\/uploads\/2025\/09\/1-1-scaled.jpg?w=2430&amp;ssl=1 2430w\" sizes=\"auto, (max-width: 810px) 100vw, 810px\" \/><\/figure>\n\n\n\n<figure class=\"wp-block-image size-full\"><img data-recalc-dims=\"1\" loading=\"lazy\" decoding=\"async\" width=\"810\" height=\"540\" src=\"https:\/\/i0.wp.com\/kampkomiteen.net\/wp-content\/uploads\/2025\/09\/2-1-scaled.jpg?resize=810%2C540&#038;ssl=1\" alt=\"\" class=\"wp-image-9442\" srcset=\"https:\/\/i0.wp.com\/kampkomiteen.net\/wp-content\/uploads\/2025\/09\/2-1-scaled.jpg?w=2560&amp;ssl=1 2560w, https:\/\/i0.wp.com\/kampkomiteen.net\/wp-content\/uploads\/2025\/09\/2-1-scaled.jpg?resize=1000%2C667&amp;ssl=1 1000w, https:\/\/i0.wp.com\/kampkomiteen.net\/wp-content\/uploads\/2025\/09\/2-1-scaled.jpg?resize=768%2C512&amp;ssl=1 768w, https:\/\/i0.wp.com\/kampkomiteen.net\/wp-content\/uploads\/2025\/09\/2-1-scaled.jpg?resize=1536%2C1024&amp;ssl=1 1536w, https:\/\/i0.wp.com\/kampkomiteen.net\/wp-content\/uploads\/2025\/09\/2-1-scaled.jpg?resize=2048%2C1365&amp;ssl=1 2048w, https:\/\/i0.wp.com\/kampkomiteen.net\/wp-content\/uploads\/2025\/09\/2-1-scaled.jpg?resize=120%2C80&amp;ssl=1 120w, https:\/\/i0.wp.com\/kampkomiteen.net\/wp-content\/uploads\/2025\/09\/2-1-scaled.jpg?w=1620&amp;ssl=1 1620w, https:\/\/i0.wp.com\/kampkomiteen.net\/wp-content\/uploads\/2025\/09\/2-1-scaled.jpg?w=2430&amp;ssl=1 2430w\" sizes=\"auto, (max-width: 810px) 100vw, 810px\" \/><\/figure>\n\n\n\n<figure class=\"wp-block-image size-full\"><img data-recalc-dims=\"1\" loading=\"lazy\" decoding=\"async\" width=\"810\" height=\"540\" src=\"https:\/\/i0.wp.com\/kampkomiteen.net\/wp-content\/uploads\/2025\/09\/3-scaled.jpg?resize=810%2C540&#038;ssl=1\" alt=\"\" class=\"wp-image-9445\" srcset=\"https:\/\/i0.wp.com\/kampkomiteen.net\/wp-content\/uploads\/2025\/09\/3-scaled.jpg?w=2560&amp;ssl=1 2560w, https:\/\/i0.wp.com\/kampkomiteen.net\/wp-content\/uploads\/2025\/09\/3-scaled.jpg?resize=1000%2C667&amp;ssl=1 1000w, https:\/\/i0.wp.com\/kampkomiteen.net\/wp-content\/uploads\/2025\/09\/3-scaled.jpg?resize=768%2C512&amp;ssl=1 768w, https:\/\/i0.wp.com\/kampkomiteen.net\/wp-content\/uploads\/2025\/09\/3-scaled.jpg?resize=1536%2C1024&amp;ssl=1 1536w, https:\/\/i0.wp.com\/kampkomiteen.net\/wp-content\/uploads\/2025\/09\/3-scaled.jpg?resize=2048%2C1365&amp;ssl=1 2048w, https:\/\/i0.wp.com\/kampkomiteen.net\/wp-content\/uploads\/2025\/09\/3-scaled.jpg?resize=120%2C80&amp;ssl=1 120w, https:\/\/i0.wp.com\/kampkomiteen.net\/wp-content\/uploads\/2025\/09\/3-scaled.jpg?w=1620&amp;ssl=1 1620w, https:\/\/i0.wp.com\/kampkomiteen.net\/wp-content\/uploads\/2025\/09\/3-scaled.jpg?w=2430&amp;ssl=1 2430w\" sizes=\"auto, (max-width: 810px) 100vw, 810px\" \/><\/figure>\n\n\n\n<figure class=\"wp-block-image size-full\"><img data-recalc-dims=\"1\" loading=\"lazy\" decoding=\"async\" width=\"810\" height=\"540\" src=\"https:\/\/i0.wp.com\/kampkomiteen.net\/wp-content\/uploads\/2025\/09\/4-scaled.jpg?resize=810%2C540&#038;ssl=1\" alt=\"\" class=\"wp-image-9444\" srcset=\"https:\/\/i0.wp.com\/kampkomiteen.net\/wp-content\/uploads\/2025\/09\/4-scaled.jpg?w=2560&amp;ssl=1 2560w, https:\/\/i0.wp.com\/kampkomiteen.net\/wp-content\/uploads\/2025\/09\/4-scaled.jpg?resize=1000%2C667&amp;ssl=1 1000w, https:\/\/i0.wp.com\/kampkomiteen.net\/wp-content\/uploads\/2025\/09\/4-scaled.jpg?resize=768%2C512&amp;ssl=1 768w, https:\/\/i0.wp.com\/kampkomiteen.net\/wp-content\/uploads\/2025\/09\/4-scaled.jpg?resize=1536%2C1024&amp;ssl=1 1536w, https:\/\/i0.wp.com\/kampkomiteen.net\/wp-content\/uploads\/2025\/09\/4-scaled.jpg?resize=2048%2C1365&amp;ssl=1 2048w, https:\/\/i0.wp.com\/kampkomiteen.net\/wp-content\/uploads\/2025\/09\/4-scaled.jpg?resize=120%2C80&amp;ssl=1 120w, https:\/\/i0.wp.com\/kampkomiteen.net\/wp-content\/uploads\/2025\/09\/4-scaled.jpg?w=1620&amp;ssl=1 1620w, https:\/\/i0.wp.com\/kampkomiteen.net\/wp-content\/uploads\/2025\/09\/4-scaled.jpg?w=2430&amp;ssl=1 2430w\" sizes=\"auto, (max-width: 810px) 100vw, 810px\" \/><\/figure>\n\n\n\n<figure class=\"wp-block-image size-full\"><img data-recalc-dims=\"1\" loading=\"lazy\" decoding=\"async\" width=\"810\" height=\"540\" src=\"https:\/\/i0.wp.com\/kampkomiteen.net\/wp-content\/uploads\/2025\/09\/5-scaled.jpg?resize=810%2C540&#038;ssl=1\" alt=\"\" class=\"wp-image-9443\" srcset=\"https:\/\/i0.wp.com\/kampkomiteen.net\/wp-content\/uploads\/2025\/09\/5-scaled.jpg?w=2560&amp;ssl=1 2560w, https:\/\/i0.wp.com\/kampkomiteen.net\/wp-content\/uploads\/2025\/09\/5-scaled.jpg?resize=1000%2C667&amp;ssl=1 1000w, https:\/\/i0.wp.com\/kampkomiteen.net\/wp-content\/uploads\/2025\/09\/5-scaled.jpg?resize=768%2C512&amp;ssl=1 768w, https:\/\/i0.wp.com\/kampkomiteen.net\/wp-content\/uploads\/2025\/09\/5-scaled.jpg?resize=1536%2C1024&amp;ssl=1 1536w, https:\/\/i0.wp.com\/kampkomiteen.net\/wp-content\/uploads\/2025\/09\/5-scaled.jpg?resize=2048%2C1365&amp;ssl=1 2048w, https:\/\/i0.wp.com\/kampkomiteen.net\/wp-content\/uploads\/2025\/09\/5-scaled.jpg?resize=120%2C80&amp;ssl=1 120w, https:\/\/i0.wp.com\/kampkomiteen.net\/wp-content\/uploads\/2025\/09\/5-scaled.jpg?w=1620&amp;ssl=1 1620w, https:\/\/i0.wp.com\/kampkomiteen.net\/wp-content\/uploads\/2025\/09\/5-scaled.jpg?w=2430&amp;ssl=1 2430w\" sizes=\"auto, (max-width: 810px) 100vw, 810px\" \/><\/figure>\n","protected":false},"excerpt":{"rendered":"<p>L\u00f8rdag 30. august deltok aktivister fra Kampkomiteen i Oslo p\u00e5 en demonstrasjon organisert av Palestinakomiteen med bannerne \u00abForsvar retten til \u00e5 protestere! St\u00f8tt de 3 palestinaaktivistene\u00bb og \u00abIngen st\u00f8tte til Israels folkemord!\u00bb.<\/p>\n","protected":false},"author":8,"featured_media":9442,"comment_status":"closed","ping_status":"closed","sticky":false,"template":"","format":"standard","meta":{"advanced_seo_description":"","jetpack_seo_html_title":"","jetpack_seo_noindex":false,"_jetpack_memberships_contains_paid_content":false,"footnotes":""},"categories":[1],"tags":[48,4,21,47],"class_list":["post-9440","post","type-post","status-publish","format-standard","has-post-thumbnail","hentry","category-uncategorized","tag-antiimperialisme","tag-demonstrasjon","tag-palestina","tag-solidaritet"],"jetpack_featured_media_url":"https:\/\/i0.wp.com\/kampkomiteen.net\/wp-content\/uploads\/2025\/09\/2-1-scaled.jpg?fit=2560%2C1707&ssl=1","jetpack_shortlink":"https:\/\/wp.me\/pchuPf-2sg","jetpack-related-posts":[{"id":8457,"url":"https:\/\/kampkomiteen.net\/?p=8457","url_meta":{"origin":9440,"position":0},"title":"Oslo: Stor demonstrasjon for Palestina","author":"Kampkomiteen","date":"2. mars 2025","format":false,"excerpt":"Den 1. mars deltok aktivister fra Kampkomiteen i Oslo p\u00e5 en demonstrasjon arrangert av Palestinakomiteen og Den Norsk-Palestinske Foreningen. Kampkomiteen deltok med et banner der det sto \u00abforsvar retten til \u00e5 protestere \u2013 st\u00f8tt de 3 palestinaaktistene\u00bb.","rel":"","context":"i \"Demonstrasjon\"","block_context":{"text":"Demonstrasjon","link":"https:\/\/kampkomiteen.net\/?tag=demonstrasjon"},"img":{"alt_text":"","src":"https:\/\/i0.wp.com\/kampkomiteen.net\/wp-content\/uploads\/2025\/03\/dCoverbilde.jpg?fit=1200%2C800&ssl=1&resize=350%2C200","width":350,"height":200,"srcset":"https:\/\/i0.wp.com\/kampkomiteen.net\/wp-content\/uploads\/2025\/03\/dCoverbilde.jpg?fit=1200%2C800&ssl=1&resize=350%2C200 1x, https:\/\/i0.wp.com\/kampkomiteen.net\/wp-content\/uploads\/2025\/03\/dCoverbilde.jpg?fit=1200%2C800&ssl=1&resize=525%2C300 1.5x, https:\/\/i0.wp.com\/kampkomiteen.net\/wp-content\/uploads\/2025\/03\/dCoverbilde.jpg?fit=1200%2C800&ssl=1&resize=700%2C400 2x, https:\/\/i0.wp.com\/kampkomiteen.net\/wp-content\/uploads\/2025\/03\/dCoverbilde.jpg?fit=1200%2C800&ssl=1&resize=1050%2C600 3x"},"classes":[]},{"id":6530,"url":"https:\/\/kampkomiteen.net\/?p=6530","url_meta":{"origin":9440,"position":1},"title":"Oslo: Demonstrasjon for Palestina","author":"Kampkomiteen","date":"28. oktober 2023","format":false,"excerpt":"Fredag 28. oktober ble det holdt en demonstrasjon arrangert av Facebookgruppen \u00abBoikott Israel, Fri Palestina\u00bb. Kampkomiteen deltok med parolen \u00abSt\u00f8tt den palestinske motstandskampen! Fritt Palestina\u00bb.","rel":"","context":"i \"Palestina\"","block_context":{"text":"Palestina","link":"https:\/\/kampkomiteen.net\/?tag=palestina"},"img":{"alt_text":"","src":"https:\/\/i0.wp.com\/kampkomiteen.net\/wp-content\/uploads\/2023\/10\/pasted-image-0-5.png?fit=1200%2C900&ssl=1&resize=350%2C200","width":350,"height":200,"srcset":"https:\/\/i0.wp.com\/kampkomiteen.net\/wp-content\/uploads\/2023\/10\/pasted-image-0-5.png?fit=1200%2C900&ssl=1&resize=350%2C200 1x, https:\/\/i0.wp.com\/kampkomiteen.net\/wp-content\/uploads\/2023\/10\/pasted-image-0-5.png?fit=1200%2C900&ssl=1&resize=525%2C300 1.5x, https:\/\/i0.wp.com\/kampkomiteen.net\/wp-content\/uploads\/2023\/10\/pasted-image-0-5.png?fit=1200%2C900&ssl=1&resize=700%2C400 2x, https:\/\/i0.wp.com\/kampkomiteen.net\/wp-content\/uploads\/2023\/10\/pasted-image-0-5.png?fit=1200%2C900&ssl=1&resize=1050%2C600 3x"},"classes":[]},{"id":9152,"url":"https:\/\/kampkomiteen.net\/?p=9152","url_meta":{"origin":9440,"position":2},"title":"Oslo: Demonstrasjon til st\u00f8tte for Palestine Action","author":"Kampkomiteen","date":"11. juli 2025","format":false,"excerpt":"Aktivister fra Kampkomiteen deltok p\u00e5 Aksjonsgruppa for Palestina sin demonstrasjon i st\u00f8tte til Palestine Action foran den britiske ambassaden med banneret \u00abSt\u00f8tt den palestinske motstandskampen! Fritt Palestina!\u00bb. Flere andre organisasjoner og grupper deltok.","rel":"","context":"i \"Demonstrasjon\"","block_context":{"text":"Demonstrasjon","link":"https:\/\/kampkomiteen.net\/?tag=demonstrasjon"},"img":{"alt_text":"","src":"https:\/\/i0.wp.com\/kampkomiteen.net\/wp-content\/uploads\/2025\/07\/IMG_9360-scaled.jpg?fit=1200%2C800&ssl=1&resize=350%2C200","width":350,"height":200,"srcset":"https:\/\/i0.wp.com\/kampkomiteen.net\/wp-content\/uploads\/2025\/07\/IMG_9360-scaled.jpg?fit=1200%2C800&ssl=1&resize=350%2C200 1x, https:\/\/i0.wp.com\/kampkomiteen.net\/wp-content\/uploads\/2025\/07\/IMG_9360-scaled.jpg?fit=1200%2C800&ssl=1&resize=525%2C300 1.5x, https:\/\/i0.wp.com\/kampkomiteen.net\/wp-content\/uploads\/2025\/07\/IMG_9360-scaled.jpg?fit=1200%2C800&ssl=1&resize=700%2C400 2x, https:\/\/i0.wp.com\/kampkomiteen.net\/wp-content\/uploads\/2025\/07\/IMG_9360-scaled.jpg?fit=1200%2C800&ssl=1&resize=1050%2C600 3x"},"classes":[]},{"id":9302,"url":"https:\/\/kampkomiteen.net\/?p=9302","url_meta":{"origin":9440,"position":3},"title":"Bergen: Kjempende demonstrasjon mot St\u00f8re og Listhaug","author":"Kampkomiteen","date":"19. august 2025","format":false,"excerpt":"Mandag 18. august var aktivister fra Kampkomiteen p\u00e5 en demonstrasjon utenfor en valgkampdebatt i Bergen, hvor statsminister Jonas Gahr St\u00f8re og FrP leder Sylvi Listhaug deltok.","rel":"","context":"i \"Bergen\"","block_context":{"text":"Bergen","link":"https:\/\/kampkomiteen.net\/?tag=bergen"},"img":{"alt_text":"","src":"https:\/\/i0.wp.com\/kampkomiteen.net\/wp-content\/uploads\/2025\/08\/forside-scaled.jpg?fit=1200%2C805&ssl=1&resize=350%2C200","width":350,"height":200,"srcset":"https:\/\/i0.wp.com\/kampkomiteen.net\/wp-content\/uploads\/2025\/08\/forside-scaled.jpg?fit=1200%2C805&ssl=1&resize=350%2C200 1x, https:\/\/i0.wp.com\/kampkomiteen.net\/wp-content\/uploads\/2025\/08\/forside-scaled.jpg?fit=1200%2C805&ssl=1&resize=525%2C300 1.5x, https:\/\/i0.wp.com\/kampkomiteen.net\/wp-content\/uploads\/2025\/08\/forside-scaled.jpg?fit=1200%2C805&ssl=1&resize=700%2C400 2x, https:\/\/i0.wp.com\/kampkomiteen.net\/wp-content\/uploads\/2025\/08\/forside-scaled.jpg?fit=1200%2C805&ssl=1&resize=1050%2C600 3x"},"classes":[]},{"id":9851,"url":"https:\/\/kampkomiteen.net\/?p=9851","url_meta":{"origin":9440,"position":4},"title":"Oslo: Markering av 7. oktober","author":"Kampkomiteen","date":"10. oktober 2025","format":false,"excerpt":"Den 7. oktober deltok aktivister fra Kampkomiteen i Oslo p\u00e5 Palestinakomiteen sin markering av 7. oktober. Markeringa startet med en kort introduksjon f\u00f8r det ble lest opp en navneliste av flere palestinere som har blitt drept som f\u00f8lger av Israels krigf\u00f8ring. Det ble ogs\u00e5 delt ut skilt med navn og\u2026","rel":"","context":"i \"Antiimperialisme\"","block_context":{"text":"Antiimperialisme","link":"https:\/\/kampkomiteen.net\/?tag=antiimperialisme"},"img":{"alt_text":"","src":"https:\/\/i0.wp.com\/kampkomiteen.net\/wp-content\/uploads\/2025\/10\/4-1-scaled.jpg?fit=1200%2C800&ssl=1&resize=350%2C200","width":350,"height":200,"srcset":"https:\/\/i0.wp.com\/kampkomiteen.net\/wp-content\/uploads\/2025\/10\/4-1-scaled.jpg?fit=1200%2C800&ssl=1&resize=350%2C200 1x, https:\/\/i0.wp.com\/kampkomiteen.net\/wp-content\/uploads\/2025\/10\/4-1-scaled.jpg?fit=1200%2C800&ssl=1&resize=525%2C300 1.5x, https:\/\/i0.wp.com\/kampkomiteen.net\/wp-content\/uploads\/2025\/10\/4-1-scaled.jpg?fit=1200%2C800&ssl=1&resize=700%2C400 2x, https:\/\/i0.wp.com\/kampkomiteen.net\/wp-content\/uploads\/2025\/10\/4-1-scaled.jpg?fit=1200%2C800&ssl=1&resize=1050%2C600 3x"},"classes":[]},{"id":7058,"url":"https:\/\/kampkomiteen.net\/?p=7058","url_meta":{"origin":9440,"position":5},"title":"Oslo: Demonstrasjon for Palestina\u00a0","author":"Kampkomiteen","date":"20. mars 2024","format":false,"excerpt":"L\u00f8rdag 16. mars deltok aktivister fra Kampkomiteen i en demonstrasjon for Palestina arrangert av Palestinakomiteen.","rel":"","context":"i \"Demonstrasjon\"","block_context":{"text":"Demonstrasjon","link":"https:\/\/kampkomiteen.net\/?tag=demonstrasjon"},"img":{"alt_text":"","src":"https:\/\/i0.wp.com\/kampkomiteen.net\/wp-content\/uploads\/2024\/03\/16-mars-24-oslo-pal.jpg?fit=1200%2C746&ssl=1&resize=350%2C200","width":350,"height":200,"srcset":"https:\/\/i0.wp.com\/kampkomiteen.net\/wp-content\/uploads\/2024\/03\/16-mars-24-oslo-pal.jpg?fit=1200%2C746&ssl=1&resize=350%2C200 1x, https:\/\/i0.wp.com\/kampkomiteen.net\/wp-content\/uploads\/2024\/03\/16-mars-24-oslo-pal.jpg?fit=1200%2C746&ssl=1&resize=525%2C300 1.5x, https:\/\/i0.wp.com\/kampkomiteen.net\/wp-content\/uploads\/2024\/03\/16-mars-24-oslo-pal.jpg?fit=1200%2C746&ssl=1&resize=700%2C400 2x, https:\/\/i0.wp.com\/kampkomiteen.net\/wp-content\/uploads\/2024\/03\/16-mars-24-oslo-pal.jpg?fit=1200%2C746&ssl=1&resize=1050%2C600 3x"},"classes":[]}],"jetpack_sharing_enabled":true,"_links":{"self":[{"href":"https:\/\/kampkomiteen.net\/index.php?rest_route=\/wp\/v2\/posts\/9440","targetHints":{"allow":["GET"]}}],"collection":[{"href":"https:\/\/kampkomiteen.net\/index.php?rest_route=\/wp\/v2\/posts"}],"about":[{"href":"https:\/\/kampkomiteen.net\/index.php?rest_route=\/wp\/v2\/types\/post"}],"author":[{"embeddable":true,"href":"https:\/\/kampkomiteen.net\/index.php?rest_route=\/wp\/v2\/users\/8"}],"replies":[{"embeddable":true,"href":"https:\/\/kampkomiteen.net\/index.php?rest_route=%2Fwp%2Fv2%2Fcomments&post=9440"}],"version-history":[{"count":2,"href":"https:\/\/kampkomiteen.net\/index.php?rest_route=\/wp\/v2\/posts\/9440\/revisions"}],"predecessor-version":[{"id":9448,"href":"https:\/\/kampkomiteen.net\/index.php?rest_route=\/wp\/v2\/posts\/9440\/revisions\/9448"}],"wp:featuredmedia":[{"embeddable":true,"href":"https:\/\/kampkomiteen.net\/index.php?rest_route=\/wp\/v2\/media\/9442"}],"wp:attachment":[{"href":"https:\/\/kampkomiteen.net\/index.php?rest_route=%2Fwp%2Fv2%2Fmedia&parent=9440"}],"wp:term":[{"taxonomy":"category","embeddable":true,"href":"https:\/\/kampkomiteen.net\/index.php?rest_route=%2Fwp%2Fv2%2Fcategories&post=9440"},{"taxonomy":"post_tag","embeddable":true,"href":"https:\/\/kampkomiteen.net\/index.php?rest_route=%2Fwp%2Fv2%2Ftags&post=9440"}],"curies":[{"name":"wp","href":"https:\/\/api.w.org\/{rel}","templated":true}]}}