{"id":9432,"date":"2025-09-02T15:27:03","date_gmt":"2025-09-02T13:27:03","guid":{"rendered":"https:\/\/kampkomiteen.net\/?p=9432"},"modified":"2025-09-02T15:27:57","modified_gmt":"2025-09-02T13:27:57","slug":"oslo-apent-mote-om-oljefondet","status":"publish","type":"post","link":"https:\/\/kampkomiteen.net\/?p=9432","title":{"rendered":"Oslo: \u00c5pent m\u00f8te om \u00abOljefondet\u00bb"},"content":{"rendered":"<div id=\"fb-root\"><\/div>\n\n<p><em>Skrevet av aktivister i Oslo<\/em><\/p>\n\n\n\n<p>Onsdag 27. august ble det holdt et \u00e5pent m\u00f8te om det s\u00e5kalte \u00abOljefondet\u00bb av Kampkomiteen i Oslo. Det kom flere interesserte deltakere p\u00e5 m\u00f8tet og det var god stemning.<\/p>\n\n\n\n<p>Presentasjonen pekte ut hvordan det s\u00e5kalte \u00abOljefondet\u00bb ikke profitterer mest p\u00e5 olje og gass, men av imperialistisk utbytting. Den forklarte imperialismens karakter og hvordan norsk imperialisme har tjent seg rik p\u00e5 \u00e5 utbytte de undertrykte landene. S\u00e6rlig ble \u00abOljefondets\u00bb rolle i folkemordet mot Palestinerne vektlagt og hvordan \u00abOljefondet\u00bb tjener seg rik p\u00e5 \u00e5 samarbeide med israelske selskaper. <\/p>\n\n\n\n<p>Etter presentasjonen ble det stilt flere sp\u00f8rsm\u00e5l som ble grundig svart.<\/p>\n\n\n\n<figure class=\"wp-block-image size-full\"><img data-recalc-dims=\"1\" loading=\"lazy\" decoding=\"async\" width=\"810\" height=\"540\" src=\"https:\/\/i0.wp.com\/kampkomiteen.net\/wp-content\/uploads\/2025\/09\/1-scaled.jpg?resize=810%2C540&#038;ssl=1\" alt=\"\" class=\"wp-image-9433\" srcset=\"https:\/\/i0.wp.com\/kampkomiteen.net\/wp-content\/uploads\/2025\/09\/1-scaled.jpg?w=2560&amp;ssl=1 2560w, https:\/\/i0.wp.com\/kampkomiteen.net\/wp-content\/uploads\/2025\/09\/1-scaled.jpg?resize=1000%2C667&amp;ssl=1 1000w, https:\/\/i0.wp.com\/kampkomiteen.net\/wp-content\/uploads\/2025\/09\/1-scaled.jpg?resize=768%2C512&amp;ssl=1 768w, https:\/\/i0.wp.com\/kampkomiteen.net\/wp-content\/uploads\/2025\/09\/1-scaled.jpg?resize=1536%2C1024&amp;ssl=1 1536w, https:\/\/i0.wp.com\/kampkomiteen.net\/wp-content\/uploads\/2025\/09\/1-scaled.jpg?resize=2048%2C1365&amp;ssl=1 2048w, https:\/\/i0.wp.com\/kampkomiteen.net\/wp-content\/uploads\/2025\/09\/1-scaled.jpg?resize=120%2C80&amp;ssl=1 120w, https:\/\/i0.wp.com\/kampkomiteen.net\/wp-content\/uploads\/2025\/09\/1-scaled.jpg?w=1620&amp;ssl=1 1620w, https:\/\/i0.wp.com\/kampkomiteen.net\/wp-content\/uploads\/2025\/09\/1-scaled.jpg?w=2430&amp;ssl=1 2430w\" sizes=\"auto, (max-width: 810px) 100vw, 810px\" \/><\/figure>\n\n\n\n<figure class=\"wp-block-image size-full\"><img data-recalc-dims=\"1\" loading=\"lazy\" decoding=\"async\" width=\"810\" height=\"540\" src=\"https:\/\/i0.wp.com\/kampkomiteen.net\/wp-content\/uploads\/2025\/09\/2-scaled.jpg?resize=810%2C540&#038;ssl=1\" alt=\"\" class=\"wp-image-9434\" srcset=\"https:\/\/i0.wp.com\/kampkomiteen.net\/wp-content\/uploads\/2025\/09\/2-scaled.jpg?w=2560&amp;ssl=1 2560w, https:\/\/i0.wp.com\/kampkomiteen.net\/wp-content\/uploads\/2025\/09\/2-scaled.jpg?resize=1000%2C667&amp;ssl=1 1000w, https:\/\/i0.wp.com\/kampkomiteen.net\/wp-content\/uploads\/2025\/09\/2-scaled.jpg?resize=768%2C512&amp;ssl=1 768w, https:\/\/i0.wp.com\/kampkomiteen.net\/wp-content\/uploads\/2025\/09\/2-scaled.jpg?resize=1536%2C1024&amp;ssl=1 1536w, https:\/\/i0.wp.com\/kampkomiteen.net\/wp-content\/uploads\/2025\/09\/2-scaled.jpg?resize=2048%2C1365&amp;ssl=1 2048w, https:\/\/i0.wp.com\/kampkomiteen.net\/wp-content\/uploads\/2025\/09\/2-scaled.jpg?resize=120%2C80&amp;ssl=1 120w, https:\/\/i0.wp.com\/kampkomiteen.net\/wp-content\/uploads\/2025\/09\/2-scaled.jpg?w=1620&amp;ssl=1 1620w, https:\/\/i0.wp.com\/kampkomiteen.net\/wp-content\/uploads\/2025\/09\/2-scaled.jpg?w=2430&amp;ssl=1 2430w\" sizes=\"auto, (max-width: 810px) 100vw, 810px\" \/><\/figure>\n","protected":false},"excerpt":{"rendered":"<p>Onsdag 27. august ble det holdt et \u00e5pent m\u00f8te om det s\u00e5kalte \u00abOljefondet\u00bb av Kampkomiteen i Oslo. Det kom flere interesserte deltakere p\u00e5 m\u00f8tet og det var god stemning.<\/p>\n","protected":false},"author":8,"featured_media":9433,"comment_status":"closed","ping_status":"closed","sticky":false,"template":"","format":"standard","meta":{"advanced_seo_description":"","jetpack_seo_html_title":"","jetpack_seo_noindex":false,"_jetpack_memberships_contains_paid_content":false,"footnotes":""},"categories":[1],"tags":[48,17,21,47],"class_list":["post-9432","post","type-post","status-publish","format-standard","has-post-thumbnail","hentry","category-uncategorized","tag-antiimperialisme","tag-imperialisme","tag-palestina","tag-solidaritet"],"jetpack_featured_media_url":"https:\/\/i0.wp.com\/kampkomiteen.net\/wp-content\/uploads\/2025\/09\/1-scaled.jpg?fit=2560%2C1707&ssl=1","jetpack_shortlink":"https:\/\/wp.me\/pchuPf-2s8","jetpack-related-posts":[{"id":9362,"url":"https:\/\/kampkomiteen.net\/?p=9362","url_meta":{"origin":9432,"position":0},"title":"Oslo: Plakater for \u00e5pent m\u00f8te om \u00abOljefondet\u00bb og norsk imperialisme","author":"Kampkomiteen","date":"21. august 2025","format":false,"excerpt":"Aktivister fra Kampkomiteen i Oslo har utf\u00f8rt en plakataksjon der det ble hengt opp plakater for \u00e5 mobilisere til et \u00e5pent m\u00f8te om \u00abOljefondet\u00bb og norsk imperialisme.","rel":"","context":"i \"Antiimperialisme\"","block_context":{"text":"Antiimperialisme","link":"https:\/\/kampkomiteen.net\/?tag=antiimperialisme"},"img":{"alt_text":"","src":"https:\/\/i0.wp.com\/kampkomiteen.net\/wp-content\/uploads\/2025\/08\/IMG_9499-scaled.jpg?fit=1200%2C800&ssl=1&resize=350%2C200","width":350,"height":200,"srcset":"https:\/\/i0.wp.com\/kampkomiteen.net\/wp-content\/uploads\/2025\/08\/IMG_9499-scaled.jpg?fit=1200%2C800&ssl=1&resize=350%2C200 1x, https:\/\/i0.wp.com\/kampkomiteen.net\/wp-content\/uploads\/2025\/08\/IMG_9499-scaled.jpg?fit=1200%2C800&ssl=1&resize=525%2C300 1.5x, https:\/\/i0.wp.com\/kampkomiteen.net\/wp-content\/uploads\/2025\/08\/IMG_9499-scaled.jpg?fit=1200%2C800&ssl=1&resize=700%2C400 2x, https:\/\/i0.wp.com\/kampkomiteen.net\/wp-content\/uploads\/2025\/08\/IMG_9499-scaled.jpg?fit=1200%2C800&ssl=1&resize=1050%2C600 3x"},"classes":[]},{"id":9591,"url":"https:\/\/kampkomiteen.net\/?p=9591","url_meta":{"origin":9432,"position":1},"title":"Oslo: \u00c5pent m\u00f8te om Israel som en lakei for USA-imperialismen","author":"Kampkomiteen","date":"29. september 2025","format":false,"excerpt":"Torsdag 18. september arrangerte Kampkomiteen i Oslo et \u00e5pent m\u00f8te om Israel som en lakei for USA-imperialismen. Presentasjonen gikk inn p\u00e5 opphavet og karakteren til Israel, dens rolle for imperialistene og hvordan den er fullstendig avhengig av dem, s\u00e6rlig USA-imperialismen, for \u00e5 overleve.","rel":"","context":"i \"\u00c5pent m\u00f8te\"","block_context":{"text":"\u00c5pent m\u00f8te","link":"https:\/\/kampkomiteen.net\/?tag=apent-mote"},"img":{"alt_text":"","src":"https:\/\/i0.wp.com\/kampkomiteen.net\/wp-content\/uploads\/2025\/09\/Bilde1-1.jpg?fit=1200%2C800&ssl=1&resize=350%2C200","width":350,"height":200,"srcset":"https:\/\/i0.wp.com\/kampkomiteen.net\/wp-content\/uploads\/2025\/09\/Bilde1-1.jpg?fit=1200%2C800&ssl=1&resize=350%2C200 1x, https:\/\/i0.wp.com\/kampkomiteen.net\/wp-content\/uploads\/2025\/09\/Bilde1-1.jpg?fit=1200%2C800&ssl=1&resize=525%2C300 1.5x, https:\/\/i0.wp.com\/kampkomiteen.net\/wp-content\/uploads\/2025\/09\/Bilde1-1.jpg?fit=1200%2C800&ssl=1&resize=700%2C400 2x, https:\/\/i0.wp.com\/kampkomiteen.net\/wp-content\/uploads\/2025\/09\/Bilde1-1.jpg?fit=1200%2C800&ssl=1&resize=1050%2C600 3x"},"classes":[]},{"id":9336,"url":"https:\/\/kampkomiteen.net\/?p=9336","url_meta":{"origin":9432,"position":2},"title":"Oslo: Bli med p\u00e5 \u00e5pent m\u00f8te!","author":"Kampkomiteen","date":"21. august 2025","format":false,"excerpt":"Til tross for l\u00f8gner og t\u00e5kelegging finansierer fortsatt norsk imperialisme, gjennom \"Oljefondet\" i folkemordstaten og apartheidstaten Israel. Med andre ord: det parasittiske \"Oljefondet\" har fortsatt blod p\u00e5 henda, de er fortsatt investert i selskap som tjener p\u00e5 folkemordet.","rel":"","context":"i \"\u00c5pent m\u00f8te\"","block_context":{"text":"\u00c5pent m\u00f8te","link":"https:\/\/kampkomiteen.net\/?tag=apent-mote"},"img":{"alt_text":"","src":"https:\/\/i0.wp.com\/kampkomiteen.net\/wp-content\/uploads\/2025\/08\/Plakat-Opent-mote-oljefondet4.jpg?fit=1200%2C675&ssl=1&resize=350%2C200","width":350,"height":200,"srcset":"https:\/\/i0.wp.com\/kampkomiteen.net\/wp-content\/uploads\/2025\/08\/Plakat-Opent-mote-oljefondet4.jpg?fit=1200%2C675&ssl=1&resize=350%2C200 1x, https:\/\/i0.wp.com\/kampkomiteen.net\/wp-content\/uploads\/2025\/08\/Plakat-Opent-mote-oljefondet4.jpg?fit=1200%2C675&ssl=1&resize=525%2C300 1.5x, https:\/\/i0.wp.com\/kampkomiteen.net\/wp-content\/uploads\/2025\/08\/Plakat-Opent-mote-oljefondet4.jpg?fit=1200%2C675&ssl=1&resize=700%2C400 2x, https:\/\/i0.wp.com\/kampkomiteen.net\/wp-content\/uploads\/2025\/08\/Plakat-Opent-mote-oljefondet4.jpg?fit=1200%2C675&ssl=1&resize=1050%2C600 3x"},"classes":[]},{"id":9512,"url":"https:\/\/kampkomiteen.net\/?p=9512","url_meta":{"origin":9432,"position":3},"title":"Oslo: \u00c5pent m\u00f8te om Obiora og politivold","author":"Kampkomiteen","date":"11. september 2025","format":false,"excerpt":"Skrevet av aktivister i Oslo Torsdag 4. september ble det holdt et \u00e5pent m\u00f8te om drapet p\u00e5 Obiora, politivold og spesialenheten for politisaker. Det ble vist med mange eksempler hvordan politiet gransker seg selv i disse sakene gjennom spesialenheten og at det nesten alltid ender i henleggelse. Myten at politiet\u2026","rel":"","context":"i \"Obiora\"","block_context":{"text":"Obiora","link":"https:\/\/kampkomiteen.net\/?tag=obiora"},"img":{"alt_text":"","src":"https:\/\/i0.wp.com\/kampkomiteen.net\/wp-content\/uploads\/2025\/09\/IMG_9776-1-scaled.jpg?fit=1200%2C800&ssl=1&resize=350%2C200","width":350,"height":200,"srcset":"https:\/\/i0.wp.com\/kampkomiteen.net\/wp-content\/uploads\/2025\/09\/IMG_9776-1-scaled.jpg?fit=1200%2C800&ssl=1&resize=350%2C200 1x, https:\/\/i0.wp.com\/kampkomiteen.net\/wp-content\/uploads\/2025\/09\/IMG_9776-1-scaled.jpg?fit=1200%2C800&ssl=1&resize=525%2C300 1.5x, https:\/\/i0.wp.com\/kampkomiteen.net\/wp-content\/uploads\/2025\/09\/IMG_9776-1-scaled.jpg?fit=1200%2C800&ssl=1&resize=700%2C400 2x, https:\/\/i0.wp.com\/kampkomiteen.net\/wp-content\/uploads\/2025\/09\/IMG_9776-1-scaled.jpg?fit=1200%2C800&ssl=1&resize=1050%2C600 3x"},"classes":[]},{"id":8641,"url":"https:\/\/kampkomiteen.net\/?p=8641","url_meta":{"origin":9432,"position":4},"title":"Oslo: \u00c5pent m\u00f8te for folkets kamp i Brasil","author":"Kampkomiteen","date":"1. april 2025","format":false,"excerpt":"Kampkomiteen i Oslo har arrangert et \u00e5pent m\u00f8te om folkets kamp i Brasil.","rel":"","context":"i \"Antiimperialisme\"","block_context":{"text":"Antiimperialisme","link":"https:\/\/kampkomiteen.net\/?tag=antiimperialisme"},"img":{"alt_text":"","src":"https:\/\/i0.wp.com\/kampkomiteen.net\/wp-content\/uploads\/2025\/04\/1.jpg?fit=1200%2C676&ssl=1&resize=350%2C200","width":350,"height":200,"srcset":"https:\/\/i0.wp.com\/kampkomiteen.net\/wp-content\/uploads\/2025\/04\/1.jpg?fit=1200%2C676&ssl=1&resize=350%2C200 1x, https:\/\/i0.wp.com\/kampkomiteen.net\/wp-content\/uploads\/2025\/04\/1.jpg?fit=1200%2C676&ssl=1&resize=525%2C300 1.5x, https:\/\/i0.wp.com\/kampkomiteen.net\/wp-content\/uploads\/2025\/04\/1.jpg?fit=1200%2C676&ssl=1&resize=700%2C400 2x, https:\/\/i0.wp.com\/kampkomiteen.net\/wp-content\/uploads\/2025\/04\/1.jpg?fit=1200%2C676&ssl=1&resize=1050%2C600 3x"},"classes":[]},{"id":7915,"url":"https:\/\/kampkomiteen.net\/?p=7915","url_meta":{"origin":9432,"position":5},"title":"Oslo: \u00c5pent m\u00f8te om Palestina","author":"Kampkomiteen","date":"23. oktober 2024","format":false,"excerpt":"Kampkomiteen har avholdt et m\u00f8te med en presentasjon av Palestinas historie, med spesifikt fokus p\u00e5 den v\u00e6pna motstandskampen p\u00e5 Universitetet p\u00e5 Blindern.","rel":"","context":"i \"Imperialisme\"","block_context":{"text":"Imperialisme","link":"https:\/\/kampkomiteen.net\/?tag=imperialisme"},"img":{"alt_text":"","src":"https:\/\/i0.wp.com\/kampkomiteen.net\/wp-content\/uploads\/2024\/10\/1-4-scaled.jpg?fit=1200%2C800&ssl=1&resize=350%2C200","width":350,"height":200,"srcset":"https:\/\/i0.wp.com\/kampkomiteen.net\/wp-content\/uploads\/2024\/10\/1-4-scaled.jpg?fit=1200%2C800&ssl=1&resize=350%2C200 1x, https:\/\/i0.wp.com\/kampkomiteen.net\/wp-content\/uploads\/2024\/10\/1-4-scaled.jpg?fit=1200%2C800&ssl=1&resize=525%2C300 1.5x, https:\/\/i0.wp.com\/kampkomiteen.net\/wp-content\/uploads\/2024\/10\/1-4-scaled.jpg?fit=1200%2C800&ssl=1&resize=700%2C400 2x, https:\/\/i0.wp.com\/kampkomiteen.net\/wp-content\/uploads\/2024\/10\/1-4-scaled.jpg?fit=1200%2C800&ssl=1&resize=1050%2C600 3x"},"classes":[]}],"jetpack_sharing_enabled":true,"_links":{"self":[{"href":"https:\/\/kampkomiteen.net\/index.php?rest_route=\/wp\/v2\/posts\/9432","targetHints":{"allow":["GET"]}}],"collection":[{"href":"https:\/\/kampkomiteen.net\/index.php?rest_route=\/wp\/v2\/posts"}],"about":[{"href":"https:\/\/kampkomiteen.net\/index.php?rest_route=\/wp\/v2\/types\/post"}],"author":[{"embeddable":true,"href":"https:\/\/kampkomiteen.net\/index.php?rest_route=\/wp\/v2\/users\/8"}],"replies":[{"embeddable":true,"href":"https:\/\/kampkomiteen.net\/index.php?rest_route=%2Fwp%2Fv2%2Fcomments&post=9432"}],"version-history":[{"count":5,"href":"https:\/\/kampkomiteen.net\/index.php?rest_route=\/wp\/v2\/posts\/9432\/revisions"}],"predecessor-version":[{"id":9439,"href":"https:\/\/kampkomiteen.net\/index.php?rest_route=\/wp\/v2\/posts\/9432\/revisions\/9439"}],"wp:featuredmedia":[{"embeddable":true,"href":"https:\/\/kampkomiteen.net\/index.php?rest_route=\/wp\/v2\/media\/9433"}],"wp:attachment":[{"href":"https:\/\/kampkomiteen.net\/index.php?rest_route=%2Fwp%2Fv2%2Fmedia&parent=9432"}],"wp:term":[{"taxonomy":"category","embeddable":true,"href":"https:\/\/kampkomiteen.net\/index.php?rest_route=%2Fwp%2Fv2%2Fcategories&post=9432"},{"taxonomy":"post_tag","embeddable":true,"href":"https:\/\/kampkomiteen.net\/index.php?rest_route=%2Fwp%2Fv2%2Ftags&post=9432"}],"curies":[{"name":"wp","href":"https:\/\/api.w.org\/{rel}","templated":true}]}}