{"id":9409,"date":"2025-08-31T22:16:42","date_gmt":"2025-08-31T20:16:42","guid":{"rendered":"https:\/\/kampkomiteen.net\/?p=9409"},"modified":"2025-08-31T22:21:54","modified_gmt":"2025-08-31T20:21:54","slug":"kristiansand-solidaritet-med-palestina-6","status":"publish","type":"post","link":"https:\/\/kampkomiteen.net\/?p=9409","title":{"rendered":"Kristiansand: Solidaritet med Palestina"},"content":{"rendered":"<div id=\"fb-root\"><\/div>\n\n<p><em>Skrevet av aktivister i Kristiansand.&nbsp;<\/em><\/p>\n\n\n\n<p><strong>Kampkomiteen har i august deltatt p\u00e5 flere markeringer og aksjoner til st\u00f8tte for Palestina.<\/strong><\/p>\n\n\n\n<p>6. august deltok aktivister fra Kampkomiteen i en aksjon mot Oljefondets investeringer i krigsmaskineri og folkerettsbrudd. Det var et demonstrasjonstog gjennom sentrum og ned til Kunstsiloen der aktivistene stilte opp med flagg og bannere mot oljefondet utenfor innganga til Tangen-samlinga.&nbsp;<\/p>\n\n\n\n<figure class=\"wp-block-image size-full is-resized\"><img data-recalc-dims=\"1\" loading=\"lazy\" decoding=\"async\" width=\"763\" height=\"315\" src=\"https:\/\/i0.wp.com\/kampkomiteen.net\/wp-content\/uploads\/2025\/08\/image.png?resize=763%2C315&#038;ssl=1\" alt=\"\" class=\"wp-image-9410\" style=\"width:880px;height:auto\"\/><\/figure>\n\n\n\n<figure class=\"wp-block-image size-full is-resized\"><img data-recalc-dims=\"1\" loading=\"lazy\" decoding=\"async\" width=\"810\" height=\"293\" src=\"https:\/\/i0.wp.com\/kampkomiteen.net\/wp-content\/uploads\/2025\/08\/image-1.png?resize=810%2C293&#038;ssl=1\" alt=\"\" class=\"wp-image-9411\" style=\"width:880px;height:auto\" srcset=\"https:\/\/i0.wp.com\/kampkomiteen.net\/wp-content\/uploads\/2025\/08\/image-1.png?w=870&amp;ssl=1 870w, https:\/\/i0.wp.com\/kampkomiteen.net\/wp-content\/uploads\/2025\/08\/image-1.png?resize=768%2C278&amp;ssl=1 768w\" sizes=\"auto, (max-width: 810px) 100vw, 810px\" \/><\/figure>\n\n\n\n<p>13. august deltok aktivistene i ei markering for Gaza p\u00e5 Arendalsuka.<\/p>\n\n\n\n<figure class=\"wp-block-image size-full is-resized\"><img data-recalc-dims=\"1\" loading=\"lazy\" decoding=\"async\" width=\"810\" height=\"230\" src=\"https:\/\/i0.wp.com\/kampkomiteen.net\/wp-content\/uploads\/2025\/08\/image-2.png?resize=810%2C230&#038;ssl=1\" alt=\"\" class=\"wp-image-9412\" style=\"width:880px;height:auto\" srcset=\"https:\/\/i0.wp.com\/kampkomiteen.net\/wp-content\/uploads\/2025\/08\/image-2.png?w=850&amp;ssl=1 850w, https:\/\/i0.wp.com\/kampkomiteen.net\/wp-content\/uploads\/2025\/08\/image-2.png?resize=768%2C218&amp;ssl=1 768w\" sizes=\"auto, (max-width: 810px) 100vw, 810px\" \/><\/figure>\n\n\n\n<p>13. august arrangerte Kampkomiteen sammen med andre organisasjoner en demonstrasjon mot MIFF:<\/p>\n\n\n\n<figure class=\"wp-block-embed is-type-wp-embed is-provider-kampkomiteen wp-block-embed-kampkomiteen\"><div class=\"wp-block-embed__wrapper\">\n<blockquote class=\"wp-embedded-content\" data-secret=\"wjKNioHdy1\"><a href=\"https:\/\/kampkomiteen.net\/?p=9292\">Arendal: Demonstrasjon mot MIFF<\/a><\/blockquote><iframe loading=\"lazy\" class=\"wp-embedded-content\" sandbox=\"allow-scripts\" security=\"restricted\" style=\"position: absolute; visibility: hidden;\" title=\"&laquo;Arendal: Demonstrasjon mot MIFF&raquo; &#8212; Kampkomiteen\" src=\"https:\/\/kampkomiteen.net\/?p=9292&#038;embed=true#?secret=UmvHemdoHd#?secret=wjKNioHdy1\" data-secret=\"wjKNioHdy1\" width=\"600\" height=\"338\" frameborder=\"0\" marginwidth=\"0\" marginheight=\"0\" scrolling=\"no\"><\/iframe>\n<\/div><\/figure>\n\n\n\n<p>Det ble delt ut flyers og satt opp plakater i Kristiansand og Arendal i forkant av demonstrasjonen:<\/p>\n\n\n\n<figure class=\"wp-block-embed is-type-wp-embed is-provider-kampkomiteen wp-block-embed-kampkomiteen\"><div class=\"wp-block-embed__wrapper\">\n<blockquote class=\"wp-embedded-content\" data-secret=\"pNXRBB33oI\"><a href=\"https:\/\/kampkomiteen.net\/?p=9267\">Arendal: Bli med p\u00e5 demo mot MIFF!\u00a0<\/a><\/blockquote><iframe loading=\"lazy\" class=\"wp-embedded-content\" sandbox=\"allow-scripts\" security=\"restricted\" style=\"position: absolute; visibility: hidden;\" title=\"&laquo;Arendal: Bli med p\u00e5 demo mot MIFF!\u00a0&raquo; &#8212; Kampkomiteen\" src=\"https:\/\/kampkomiteen.net\/?p=9267&#038;embed=true#?secret=WgGflzn1uC#?secret=pNXRBB33oI\" data-secret=\"pNXRBB33oI\" width=\"600\" height=\"338\" frameborder=\"0\" marginwidth=\"0\" marginheight=\"0\" scrolling=\"no\"><\/iframe>\n<\/div><\/figure>\n\n\n\n<p>26. august arrangerte Agder for Palestina et tog som gikk fra elva ved Lundsbroa til sj\u00f8en, der det ble satt ut papirb\u00e5ter til st\u00f8tte for Global Sumud Flotilla som reiser med over 50 b\u00e5ter og starter fra Barcelona til Gaza s\u00f8ndag 31. august.<\/p>\n\n\n\n<figure class=\"wp-block-image size-full is-resized\"><img data-recalc-dims=\"1\" loading=\"lazy\" decoding=\"async\" width=\"810\" height=\"369\" src=\"https:\/\/i0.wp.com\/kampkomiteen.net\/wp-content\/uploads\/2025\/08\/image-3.png?resize=810%2C369&#038;ssl=1\" alt=\"\" class=\"wp-image-9413\" style=\"width:880px;height:auto\" srcset=\"https:\/\/i0.wp.com\/kampkomiteen.net\/wp-content\/uploads\/2025\/08\/image-3.png?w=832&amp;ssl=1 832w, https:\/\/i0.wp.com\/kampkomiteen.net\/wp-content\/uploads\/2025\/08\/image-3.png?resize=768%2C350&amp;ssl=1 768w\" sizes=\"auto, (max-width: 810px) 100vw, 810px\" \/><\/figure>\n\n\n\n<p>I l\u00f8pet av m\u00e5neden er det satt opp plakater og klistremerker i sentrum, og det er ogs\u00e5 satt opp nye slagord p\u00e5 graffitiveggen p\u00e5 Odder\u00f8ya.<\/p>\n\n\n\n<figure class=\"wp-block-image size-full is-resized\"><img data-recalc-dims=\"1\" loading=\"lazy\" decoding=\"async\" width=\"810\" height=\"614\" src=\"https:\/\/i0.wp.com\/kampkomiteen.net\/wp-content\/uploads\/2025\/08\/image-6.png?resize=810%2C614&#038;ssl=1\" alt=\"\" class=\"wp-image-9416\" style=\"width:880px;height:auto\" srcset=\"https:\/\/i0.wp.com\/kampkomiteen.net\/wp-content\/uploads\/2025\/08\/image-6.png?w=874&amp;ssl=1 874w, https:\/\/i0.wp.com\/kampkomiteen.net\/wp-content\/uploads\/2025\/08\/image-6.png?resize=768%2C583&amp;ssl=1 768w\" sizes=\"auto, (max-width: 810px) 100vw, 810px\" \/><\/figure>\n\n\n\n<figure class=\"wp-block-image size-full\"><img data-recalc-dims=\"1\" loading=\"lazy\" decoding=\"async\" width=\"810\" height=\"610\" src=\"https:\/\/i0.wp.com\/kampkomiteen.net\/wp-content\/uploads\/2025\/08\/image-5.png?resize=810%2C610&#038;ssl=1\" alt=\"\" class=\"wp-image-9415\" srcset=\"https:\/\/i0.wp.com\/kampkomiteen.net\/wp-content\/uploads\/2025\/08\/image-5.png?w=2048&amp;ssl=1 2048w, https:\/\/i0.wp.com\/kampkomiteen.net\/wp-content\/uploads\/2025\/08\/image-5.png?resize=1000%2C753&amp;ssl=1 1000w, https:\/\/i0.wp.com\/kampkomiteen.net\/wp-content\/uploads\/2025\/08\/image-5.png?resize=768%2C578&amp;ssl=1 768w, https:\/\/i0.wp.com\/kampkomiteen.net\/wp-content\/uploads\/2025\/08\/image-5.png?resize=1536%2C1157&amp;ssl=1 1536w, https:\/\/i0.wp.com\/kampkomiteen.net\/wp-content\/uploads\/2025\/08\/image-5.png?w=1620&amp;ssl=1 1620w\" sizes=\"auto, (max-width: 810px) 100vw, 810px\" \/><\/figure>\n\n\n\n<p>Kampkomiteen deltar p\u00e5 l\u00f8rdagsdemonstrasjonene som arrangeres av Palestinakomiteen og Palestinsk forening. Det er oppm\u00f8te klokka 14 ved Slottet hver l\u00f8rdag.\u00a0<\/p>\n\n\n\n<figure class=\"wp-block-image size-full is-resized\"><img data-recalc-dims=\"1\" loading=\"lazy\" decoding=\"async\" width=\"605\" height=\"578\" src=\"https:\/\/i0.wp.com\/kampkomiteen.net\/wp-content\/uploads\/2025\/08\/image-7.png?resize=605%2C578&#038;ssl=1\" alt=\"\" class=\"wp-image-9417\" style=\"width:880px;height:auto\"\/><figcaption class=\"wp-element-caption\">2. august.&nbsp;<\/figcaption><\/figure>\n\n\n\n<figure class=\"wp-block-image size-full is-resized\"><img data-recalc-dims=\"1\" loading=\"lazy\" decoding=\"async\" width=\"757\" height=\"307\" src=\"https:\/\/i0.wp.com\/kampkomiteen.net\/wp-content\/uploads\/2025\/08\/image-8.png?resize=757%2C307&#038;ssl=1\" alt=\"\" class=\"wp-image-9418\" style=\"width:880px;height:auto\"\/><\/figure>\n\n\n\n<figure class=\"wp-block-image size-full is-resized\"><img data-recalc-dims=\"1\" loading=\"lazy\" decoding=\"async\" width=\"810\" height=\"372\" src=\"https:\/\/i0.wp.com\/kampkomiteen.net\/wp-content\/uploads\/2025\/08\/image-9.png?resize=810%2C372&#038;ssl=1\" alt=\"\" class=\"wp-image-9419\" style=\"width:880px;height:auto\" srcset=\"https:\/\/i0.wp.com\/kampkomiteen.net\/wp-content\/uploads\/2025\/08\/image-9.png?w=862&amp;ssl=1 862w, https:\/\/i0.wp.com\/kampkomiteen.net\/wp-content\/uploads\/2025\/08\/image-9.png?resize=768%2C353&amp;ssl=1 768w\" sizes=\"auto, (max-width: 810px) 100vw, 810px\" \/><figcaption class=\"wp-element-caption\">9. august.<\/figcaption><\/figure>\n\n\n\n<figure class=\"wp-block-image size-full is-resized\"><img data-recalc-dims=\"1\" loading=\"lazy\" decoding=\"async\" width=\"711\" height=\"349\" src=\"https:\/\/i0.wp.com\/kampkomiteen.net\/wp-content\/uploads\/2025\/08\/image-13.png?resize=711%2C349&#038;ssl=1\" alt=\"\" class=\"wp-image-9423\" style=\"width:880px;height:auto\"\/><\/figure>\n\n\n\n<figure class=\"wp-block-image size-full is-resized\"><img data-recalc-dims=\"1\" loading=\"lazy\" decoding=\"async\" width=\"810\" height=\"403\" src=\"https:\/\/i0.wp.com\/kampkomiteen.net\/wp-content\/uploads\/2025\/08\/image-10.png?resize=810%2C403&#038;ssl=1\" alt=\"\" class=\"wp-image-9420\" style=\"width:880px;height:auto\" srcset=\"https:\/\/i0.wp.com\/kampkomiteen.net\/wp-content\/uploads\/2025\/08\/image-10.png?w=847&amp;ssl=1 847w, https:\/\/i0.wp.com\/kampkomiteen.net\/wp-content\/uploads\/2025\/08\/image-10.png?resize=768%2C382&amp;ssl=1 768w\" sizes=\"auto, (max-width: 810px) 100vw, 810px\" \/><figcaption class=\"wp-element-caption\">16. august.<\/figcaption><\/figure>\n\n\n\n<figure class=\"wp-block-image size-full\"><img data-recalc-dims=\"1\" loading=\"lazy\" decoding=\"async\" width=\"810\" height=\"485\" src=\"https:\/\/i0.wp.com\/kampkomiteen.net\/wp-content\/uploads\/2025\/08\/image-14.png?resize=810%2C485&#038;ssl=1\" alt=\"\" class=\"wp-image-9424\" srcset=\"https:\/\/i0.wp.com\/kampkomiteen.net\/wp-content\/uploads\/2025\/08\/image-14.png?w=1741&amp;ssl=1 1741w, https:\/\/i0.wp.com\/kampkomiteen.net\/wp-content\/uploads\/2025\/08\/image-14.png?resize=1000%2C599&amp;ssl=1 1000w, https:\/\/i0.wp.com\/kampkomiteen.net\/wp-content\/uploads\/2025\/08\/image-14.png?resize=768%2C460&amp;ssl=1 768w, https:\/\/i0.wp.com\/kampkomiteen.net\/wp-content\/uploads\/2025\/08\/image-14.png?resize=1536%2C919&amp;ssl=1 1536w, https:\/\/i0.wp.com\/kampkomiteen.net\/wp-content\/uploads\/2025\/08\/image-14.png?w=1620&amp;ssl=1 1620w\" sizes=\"auto, (max-width: 810px) 100vw, 810px\" \/><figcaption class=\"wp-element-caption\">23. august, Palestina-blokka i paraden p\u00e5 Skeive S\u00f8rlandsdager.&nbsp;<\/figcaption><\/figure>\n\n\n\n<figure class=\"wp-block-image size-full is-resized\"><img data-recalc-dims=\"1\" loading=\"lazy\" decoding=\"async\" width=\"810\" height=\"333\" src=\"https:\/\/i0.wp.com\/kampkomiteen.net\/wp-content\/uploads\/2025\/08\/image-15.png?resize=810%2C333&#038;ssl=1\" alt=\"\" class=\"wp-image-9425\" style=\"width:880px;height:auto\" srcset=\"https:\/\/i0.wp.com\/kampkomiteen.net\/wp-content\/uploads\/2025\/08\/image-15.png?w=841&amp;ssl=1 841w, https:\/\/i0.wp.com\/kampkomiteen.net\/wp-content\/uploads\/2025\/08\/image-15.png?resize=768%2C316&amp;ssl=1 768w\" sizes=\"auto, (max-width: 810px) 100vw, 810px\" \/><figcaption class=\"wp-element-caption\">30. august.<\/figcaption><\/figure>\n","protected":false},"excerpt":{"rendered":"<p>Kampkomiteen har i august deltatt p\u00e5 flere markeringer og aksjoner til st\u00f8tte for Palestina.<\/p>\n","protected":false},"author":8,"featured_media":9426,"comment_status":"closed","ping_status":"closed","sticky":false,"template":"","format":"standard","meta":{"advanced_seo_description":"","jetpack_seo_html_title":"","jetpack_seo_noindex":false,"_jetpack_memberships_contains_paid_content":false,"footnotes":""},"categories":[1],"tags":[4,21,47],"class_list":["post-9409","post","type-post","status-publish","format-standard","has-post-thumbnail","hentry","category-uncategorized","tag-demonstrasjon","tag-palestina","tag-solidaritet"],"jetpack_featured_media_url":"https:\/\/i0.wp.com\/kampkomiteen.net\/wp-content\/uploads\/2025\/08\/Fritt-Palestina.jpg?fit=1160%2C653&ssl=1","jetpack_shortlink":"https:\/\/wp.me\/pchuPf-2rL","jetpack-related-posts":[{"id":9252,"url":"https:\/\/kampkomiteen.net\/?p=9252","url_meta":{"origin":9409,"position":0},"title":"Kristiansand: Solidaritet med Palestina","author":"Kampkomiteen","date":"4. august 2025","format":false,"excerpt":"Kampkomiteen har deltatt p\u00e5 flere markeringer og aksjoner til st\u00f8tte for Palestina i juli.","rel":"","context":"i \"Demonstrasjon\"","block_context":{"text":"Demonstrasjon","link":"https:\/\/kampkomiteen.net\/?tag=demonstrasjon"},"img":{"alt_text":"","src":"https:\/\/i0.wp.com\/kampkomiteen.net\/wp-content\/uploads\/2025\/08\/bilde2.jpg?fit=1160%2C653&ssl=1&resize=350%2C200","width":350,"height":200,"srcset":"https:\/\/i0.wp.com\/kampkomiteen.net\/wp-content\/uploads\/2025\/08\/bilde2.jpg?fit=1160%2C653&ssl=1&resize=350%2C200 1x, https:\/\/i0.wp.com\/kampkomiteen.net\/wp-content\/uploads\/2025\/08\/bilde2.jpg?fit=1160%2C653&ssl=1&resize=525%2C300 1.5x, https:\/\/i0.wp.com\/kampkomiteen.net\/wp-content\/uploads\/2025\/08\/bilde2.jpg?fit=1160%2C653&ssl=1&resize=700%2C400 2x, https:\/\/i0.wp.com\/kampkomiteen.net\/wp-content\/uploads\/2025\/08\/bilde2.jpg?fit=1160%2C653&ssl=1&resize=1050%2C600 3x"},"classes":[]},{"id":11060,"url":"https:\/\/kampkomiteen.net\/?p=11060","url_meta":{"origin":9409,"position":1},"title":"Kristiansand: Solidaritet med Palestina","author":"Kampkomiteen","date":"29. april 2026","format":false,"excerpt":"Aktivister fra Kampkomiteen har deltatt i flere markeringer til st\u00f8tte for det palestinske folket i april.\u00a0","rel":"","context":"i \"Demonstrasjon\"","block_context":{"text":"Demonstrasjon","link":"https:\/\/kampkomiteen.net\/?tag=demonstrasjon"},"img":{"alt_text":"","src":"https:\/\/i0.wp.com\/kampkomiteen.net\/wp-content\/uploads\/2026\/04\/image-6.jpeg?fit=1160%2C653&ssl=1&resize=350%2C200","width":350,"height":200,"srcset":"https:\/\/i0.wp.com\/kampkomiteen.net\/wp-content\/uploads\/2026\/04\/image-6.jpeg?fit=1160%2C653&ssl=1&resize=350%2C200 1x, https:\/\/i0.wp.com\/kampkomiteen.net\/wp-content\/uploads\/2026\/04\/image-6.jpeg?fit=1160%2C653&ssl=1&resize=525%2C300 1.5x, https:\/\/i0.wp.com\/kampkomiteen.net\/wp-content\/uploads\/2026\/04\/image-6.jpeg?fit=1160%2C653&ssl=1&resize=700%2C400 2x, https:\/\/i0.wp.com\/kampkomiteen.net\/wp-content\/uploads\/2026\/04\/image-6.jpeg?fit=1160%2C653&ssl=1&resize=1050%2C600 3x"},"classes":[]},{"id":9025,"url":"https:\/\/kampkomiteen.net\/?p=9025","url_meta":{"origin":9409,"position":2},"title":"Kristiansand: Solidaritet med Palestina","author":"Kampkomiteen","date":"1. juni 2025","format":false,"excerpt":"I mai deltok Kampkomiteen p\u00e5 flere markeringer og aksjoner til st\u00f8tte for Palestina.","rel":"","context":"i \"Demonstrasjon\"","block_context":{"text":"Demonstrasjon","link":"https:\/\/kampkomiteen.net\/?tag=demonstrasjon"},"img":{"alt_text":"","src":"https:\/\/i0.wp.com\/kampkomiteen.net\/wp-content\/uploads\/2025\/06\/unnamed.jpg?fit=1024%2C461&ssl=1&resize=350%2C200","width":350,"height":200,"srcset":"https:\/\/i0.wp.com\/kampkomiteen.net\/wp-content\/uploads\/2025\/06\/unnamed.jpg?fit=1024%2C461&ssl=1&resize=350%2C200 1x, https:\/\/i0.wp.com\/kampkomiteen.net\/wp-content\/uploads\/2025\/06\/unnamed.jpg?fit=1024%2C461&ssl=1&resize=525%2C300 1.5x, https:\/\/i0.wp.com\/kampkomiteen.net\/wp-content\/uploads\/2025\/06\/unnamed.jpg?fit=1024%2C461&ssl=1&resize=700%2C400 2x"},"classes":[]},{"id":9122,"url":"https:\/\/kampkomiteen.net\/?p=9122","url_meta":{"origin":9409,"position":3},"title":"Kristiansand: Solidaritet med Palestina","author":"Kampkomiteen","date":"1. juli 2025","format":false,"excerpt":"Kampkomiteen deltok i juni p\u00e5 flere markeringer og aksjoner til st\u00f8tte for folkets kamp i Palestina.","rel":"","context":"i \"Demonstrasjon\"","block_context":{"text":"Demonstrasjon","link":"https:\/\/kampkomiteen.net\/?tag=demonstrasjon"},"img":{"alt_text":"","src":"https:\/\/i0.wp.com\/kampkomiteen.net\/wp-content\/uploads\/2025\/07\/Image_783333.jpg?fit=1011%2C626&ssl=1&resize=350%2C200","width":350,"height":200,"srcset":"https:\/\/i0.wp.com\/kampkomiteen.net\/wp-content\/uploads\/2025\/07\/Image_783333.jpg?fit=1011%2C626&ssl=1&resize=350%2C200 1x, https:\/\/i0.wp.com\/kampkomiteen.net\/wp-content\/uploads\/2025\/07\/Image_783333.jpg?fit=1011%2C626&ssl=1&resize=525%2C300 1.5x, https:\/\/i0.wp.com\/kampkomiteen.net\/wp-content\/uploads\/2025\/07\/Image_783333.jpg?fit=1011%2C626&ssl=1&resize=700%2C400 2x"},"classes":[]},{"id":8129,"url":"https:\/\/kampkomiteen.net\/?p=8129","url_meta":{"origin":9409,"position":4},"title":"Kristiansand: Markeringer mot okkupasjon og folkemord","author":"Kampkomiteen","date":"2. januar 2025","format":false,"excerpt":"Aktivister fra Kampkomiteen har deltatt i de ukentlige markeringene til st\u00f8tte for det palestinske folket, som arrangeres av Palestinsk forening og Palestinakomiteen.\u00a0","rel":"","context":"i \"Demonstrasjon\"","block_context":{"text":"Demonstrasjon","link":"https:\/\/kampkomiteen.net\/?tag=demonstrasjon"},"img":{"alt_text":"","src":"https:\/\/i0.wp.com\/kampkomiteen.net\/wp-content\/uploads\/2025\/01\/21.12.jpg?fit=1200%2C889&ssl=1&resize=350%2C200","width":350,"height":200,"srcset":"https:\/\/i0.wp.com\/kampkomiteen.net\/wp-content\/uploads\/2025\/01\/21.12.jpg?fit=1200%2C889&ssl=1&resize=350%2C200 1x, https:\/\/i0.wp.com\/kampkomiteen.net\/wp-content\/uploads\/2025\/01\/21.12.jpg?fit=1200%2C889&ssl=1&resize=525%2C300 1.5x, https:\/\/i0.wp.com\/kampkomiteen.net\/wp-content\/uploads\/2025\/01\/21.12.jpg?fit=1200%2C889&ssl=1&resize=700%2C400 2x, https:\/\/i0.wp.com\/kampkomiteen.net\/wp-content\/uploads\/2025\/01\/21.12.jpg?fit=1200%2C889&ssl=1&resize=1050%2C600 3x"},"classes":[]},{"id":7964,"url":"https:\/\/kampkomiteen.net\/?p=7964","url_meta":{"origin":9409,"position":5},"title":"Kristiansand: Markeringer mot okkupasjon og folkemord","author":"Kampkomiteen","date":"1. november 2024","format":false,"excerpt":"Aktivister fra Kampkomiteen har deltatt i de ukentlige markeringene til st\u00f8tte for det palestinske folket, som arrangeres av Palestinsk forening og Palestinakomiteen.\u00a0","rel":"","context":"i \"Demonstrasjon\"","block_context":{"text":"Demonstrasjon","link":"https:\/\/kampkomiteen.net\/?tag=demonstrasjon"},"img":{"alt_text":"","src":"https:\/\/i0.wp.com\/kampkomiteen.net\/wp-content\/uploads\/2024\/11\/unnamed-1.png?fit=1024%2C577&ssl=1&resize=350%2C200","width":350,"height":200,"srcset":"https:\/\/i0.wp.com\/kampkomiteen.net\/wp-content\/uploads\/2024\/11\/unnamed-1.png?fit=1024%2C577&ssl=1&resize=350%2C200 1x, https:\/\/i0.wp.com\/kampkomiteen.net\/wp-content\/uploads\/2024\/11\/unnamed-1.png?fit=1024%2C577&ssl=1&resize=525%2C300 1.5x, https:\/\/i0.wp.com\/kampkomiteen.net\/wp-content\/uploads\/2024\/11\/unnamed-1.png?fit=1024%2C577&ssl=1&resize=700%2C400 2x"},"classes":[]}],"jetpack_sharing_enabled":true,"_links":{"self":[{"href":"https:\/\/kampkomiteen.net\/index.php?rest_route=\/wp\/v2\/posts\/9409","targetHints":{"allow":["GET"]}}],"collection":[{"href":"https:\/\/kampkomiteen.net\/index.php?rest_route=\/wp\/v2\/posts"}],"about":[{"href":"https:\/\/kampkomiteen.net\/index.php?rest_route=\/wp\/v2\/types\/post"}],"author":[{"embeddable":true,"href":"https:\/\/kampkomiteen.net\/index.php?rest_route=\/wp\/v2\/users\/8"}],"replies":[{"embeddable":true,"href":"https:\/\/kampkomiteen.net\/index.php?rest_route=%2Fwp%2Fv2%2Fcomments&post=9409"}],"version-history":[{"count":3,"href":"https:\/\/kampkomiteen.net\/index.php?rest_route=\/wp\/v2\/posts\/9409\/revisions"}],"predecessor-version":[{"id":9430,"href":"https:\/\/kampkomiteen.net\/index.php?rest_route=\/wp\/v2\/posts\/9409\/revisions\/9430"}],"wp:featuredmedia":[{"embeddable":true,"href":"https:\/\/kampkomiteen.net\/index.php?rest_route=\/wp\/v2\/media\/9426"}],"wp:attachment":[{"href":"https:\/\/kampkomiteen.net\/index.php?rest_route=%2Fwp%2Fv2%2Fmedia&parent=9409"}],"wp:term":[{"taxonomy":"category","embeddable":true,"href":"https:\/\/kampkomiteen.net\/index.php?rest_route=%2Fwp%2Fv2%2Fcategories&post=9409"},{"taxonomy":"post_tag","embeddable":true,"href":"https:\/\/kampkomiteen.net\/index.php?rest_route=%2Fwp%2Fv2%2Ftags&post=9409"}],"curies":[{"name":"wp","href":"https:\/\/api.w.org\/{rel}","templated":true}]}}