{"id":9401,"date":"2025-08-30T10:48:25","date_gmt":"2025-08-30T08:48:25","guid":{"rendered":"https:\/\/kampkomiteen.net\/?p=9401"},"modified":"2025-08-30T10:48:27","modified_gmt":"2025-08-30T08:48:27","slug":"kristiansand-presenter-dr-sernas-i-live","status":"publish","type":"post","link":"https:\/\/kampkomiteen.net\/?p=9401","title":{"rendered":"Kristiansand: Presenter Dr. Sernas i live!"},"content":{"rendered":"<div id=\"fb-root\"><\/div>\n\n<p>Skrevet av aktivister i Kristiansand.&nbsp;<\/p>\n\n\n\n<p>30. august er den internasjonale dagen mot tvungen forsvinning. Tvangsforsvinning er en metode som brukes mot aktivister og revolusjon\u00e6re, der staten f\u00e5r personer til \u00e5 forsvinne ved drap eller kidnapping, men nekter \u00e5 ha kjennskap til det. Dette gj\u00f8res for \u00e5 stoppe motstandere og samfunnsledere, for \u00e5 spre frykt i befolkninga og skremme dem fra politisk arbeid. Den revolusjon\u00e6re bevegelsen i flere land krever at de forsvunne presenteres i live og at staten skal holdes skyldig for sine forbrytelser mot folket.\u00a0\u00a0<\/p>\n\n\n\n<p>I Latin-Amerika, og spesielt i Mexico, er tvangsforsvinning en vanlig praksis. De fleste av de forsvunne kan antas \u00e5 v\u00e6re d\u00f8de, men de kan ogs\u00e5 holdes i hemmelig fangenskap. Usikkerheten rundt hva som har skjedd med dem er en stor belastning for de p\u00e5r\u00f8rende, og gj\u00f8r det vanskelig \u00e5 f\u00e5 de skyldige d\u00f8mt. I Mexico er det over 130.000 forsvunne personer, over 72.000 uidentifiserte lik og titusenvis av hemmelige graver over hele landet.\u00a0<\/p>\n\n\n\n<p>Dr. Sernas var professor ved Benito Ju\u00e1rez\u2019 Autonome Universitet i Oaxaca (UABJO) i Mexico. Han var forsker, foreleser, forfatter, aktivist og forsvarer av folkets rettigheter. Han forsvarte politiske fanger og kjempende urfolk, og han var juridisk r\u00e5dgiver for den revolusjon\u00e6re organisasjonen Corriente del Pueblo Sol Rojo. Han forsvant 10. mai 2018 etter et vellykka juridisk forsvar av 23 fengsla Sol Rojo-medlemmer sikta for terrorisme, der han fikk alle l\u00f8slatt og frikjent. Dr. Sernas kamerater og familie har aldri slutta \u00e5 kreve at han blir presentert i live.&nbsp;<\/p>\n\n\n\n<p>Aktivister fra Kampkomiteen i Kristiansand har satt opp plakater fra <a href=\"https:\/\/solrojista.blogspot.com\/2025\/08\/mexico-por-el-dr-ernesto-sernas-garcia.html\">Sol Rojo<\/a> for Dr. Ernesto Sernas Garc\u00eda, som en del av kampanjen #DrSernasPresentaci\u00f3nConVida.<\/p>\n\n\n\n<figure class=\"wp-block-image size-full\"><img data-recalc-dims=\"1\" loading=\"lazy\" decoding=\"async\" width=\"810\" height=\"610\" src=\"https:\/\/i0.wp.com\/kampkomiteen.net\/wp-content\/uploads\/2025\/08\/Image_348861.jpg?resize=810%2C610&#038;ssl=1\" alt=\"\" class=\"wp-image-9402\" srcset=\"https:\/\/i0.wp.com\/kampkomiteen.net\/wp-content\/uploads\/2025\/08\/Image_348861.jpg?w=1020&amp;ssl=1 1020w, https:\/\/i0.wp.com\/kampkomiteen.net\/wp-content\/uploads\/2025\/08\/Image_348861.jpg?resize=1000%2C753&amp;ssl=1 1000w, https:\/\/i0.wp.com\/kampkomiteen.net\/wp-content\/uploads\/2025\/08\/Image_348861.jpg?resize=768%2C578&amp;ssl=1 768w\" sizes=\"auto, (max-width: 810px) 100vw, 810px\" \/><\/figure>\n\n\n\n<figure class=\"wp-block-image size-large\"><img data-recalc-dims=\"1\" loading=\"lazy\" decoding=\"async\" width=\"810\" height=\"610\" src=\"https:\/\/i0.wp.com\/kampkomiteen.net\/wp-content\/uploads\/2025\/08\/IMG_20250829_171439414_MFNR.jpg?resize=810%2C610&#038;ssl=1\" alt=\"\" class=\"wp-image-9404\" srcset=\"https:\/\/i0.wp.com\/kampkomiteen.net\/wp-content\/uploads\/2025\/08\/IMG_20250829_171439414_MFNR-scaled.jpg?resize=4000%2C3012&amp;ssl=1 4000w, https:\/\/i0.wp.com\/kampkomiteen.net\/wp-content\/uploads\/2025\/08\/IMG_20250829_171439414_MFNR-scaled.jpg?resize=1000%2C753&amp;ssl=1 1000w, https:\/\/i0.wp.com\/kampkomiteen.net\/wp-content\/uploads\/2025\/08\/IMG_20250829_171439414_MFNR-scaled.jpg?resize=768%2C578&amp;ssl=1 768w, https:\/\/i0.wp.com\/kampkomiteen.net\/wp-content\/uploads\/2025\/08\/IMG_20250829_171439414_MFNR-scaled.jpg?resize=1536%2C1157&amp;ssl=1 1536w, https:\/\/i0.wp.com\/kampkomiteen.net\/wp-content\/uploads\/2025\/08\/IMG_20250829_171439414_MFNR-scaled.jpg?resize=2048%2C1542&amp;ssl=1 2048w\" sizes=\"auto, (max-width: 810px) 100vw, 810px\" \/><\/figure>\n\n\n\n<figure class=\"wp-block-image size-large\"><img data-recalc-dims=\"1\" loading=\"lazy\" decoding=\"async\" width=\"810\" height=\"610\" src=\"https:\/\/i0.wp.com\/kampkomiteen.net\/wp-content\/uploads\/2025\/08\/IMG_20250829_171705263_HDR.jpg?resize=810%2C610&#038;ssl=1\" alt=\"\" class=\"wp-image-9405\" srcset=\"https:\/\/i0.wp.com\/kampkomiteen.net\/wp-content\/uploads\/2025\/08\/IMG_20250829_171705263_HDR-scaled.jpg?resize=4000%2C3012&amp;ssl=1 4000w, https:\/\/i0.wp.com\/kampkomiteen.net\/wp-content\/uploads\/2025\/08\/IMG_20250829_171705263_HDR-scaled.jpg?resize=1000%2C753&amp;ssl=1 1000w, https:\/\/i0.wp.com\/kampkomiteen.net\/wp-content\/uploads\/2025\/08\/IMG_20250829_171705263_HDR-scaled.jpg?resize=768%2C578&amp;ssl=1 768w, https:\/\/i0.wp.com\/kampkomiteen.net\/wp-content\/uploads\/2025\/08\/IMG_20250829_171705263_HDR-scaled.jpg?resize=1536%2C1157&amp;ssl=1 1536w, https:\/\/i0.wp.com\/kampkomiteen.net\/wp-content\/uploads\/2025\/08\/IMG_20250829_171705263_HDR-scaled.jpg?resize=2048%2C1542&amp;ssl=1 2048w\" sizes=\"auto, (max-width: 810px) 100vw, 810px\" \/><\/figure>\n\n\n\n<p><\/p>\n","protected":false},"excerpt":{"rendered":"<p>Aktivister har satt opp plakater for Dr. Ernesto Sernas Garc\u00eda i Kristiansand sentrum.<\/p>\n","protected":false},"author":8,"featured_media":9403,"comment_status":"closed","ping_status":"closed","sticky":false,"template":"","format":"standard","meta":{"advanced_seo_description":"","jetpack_seo_html_title":"","jetpack_seo_noindex":false,"_jetpack_memberships_contains_paid_content":false,"footnotes":""},"categories":[1],"tags":[],"class_list":["post-9401","post","type-post","status-publish","format-standard","has-post-thumbnail","hentry","category-uncategorized"],"jetpack_featured_media_url":"https:\/\/i0.wp.com\/kampkomiteen.net\/wp-content\/uploads\/2025\/08\/IMG_20250829_170938240_MFNR-scaled.jpg?fit=2560%2C1928&ssl=1","jetpack_shortlink":"https:\/\/wp.me\/pchuPf-2rD","jetpack-related-posts":[{"id":6311,"url":"https:\/\/kampkomiteen.net\/?p=6311","url_meta":{"origin":9401,"position":0},"title":"Kristiansand: Plakater mot tvangsforsvinning","author":"Kampkomiteen","date":"30. august 2023","format":false,"excerpt":"30. august, p\u00e5 den internasjonale dagen for ofre for tvungen forsvinning, satte aktivister fra Kampkomiteen opp plakater i Kristiansand sentrum.\u00a0","rel":"","context":"i \"Chile\"","block_context":{"text":"Chile","link":"https:\/\/kampkomiteen.net\/?tag=chile"},"img":{"alt_text":"","src":"https:\/\/i0.wp.com\/kampkomiteen.net\/wp-content\/uploads\/2023\/08\/foto-1.png?fit=1160%2C653&ssl=1&resize=350%2C200","width":350,"height":200,"srcset":"https:\/\/i0.wp.com\/kampkomiteen.net\/wp-content\/uploads\/2023\/08\/foto-1.png?fit=1160%2C653&ssl=1&resize=350%2C200 1x, https:\/\/i0.wp.com\/kampkomiteen.net\/wp-content\/uploads\/2023\/08\/foto-1.png?fit=1160%2C653&ssl=1&resize=525%2C300 1.5x, https:\/\/i0.wp.com\/kampkomiteen.net\/wp-content\/uploads\/2023\/08\/foto-1.png?fit=1160%2C653&ssl=1&resize=700%2C400 2x, https:\/\/i0.wp.com\/kampkomiteen.net\/wp-content\/uploads\/2023\/08\/foto-1.png?fit=1160%2C653&ssl=1&resize=1050%2C600 3x"},"classes":[]},{"id":7725,"url":"https:\/\/kampkomiteen.net\/?p=7725","url_meta":{"origin":9401,"position":1},"title":"Kristiansand: 10 \u00e5r siden Ayotzinapa-studentene forsvant","author":"Kampkomiteen","date":"27. september 2024","format":false,"excerpt":"Kampkomiteen har satt opp plakater for de 43 meksikanske studentene fra l\u00e6rerskolen Ayotzinapa som forsvant 26. september 2014. P\u00e5 plakatene er det bilder av de 43 og det st\u00e5r \u00abAyotzinapa 43\u00bb og \u00abFordi de tok dem i live, vil vi ha dem tilbake i live!\u00bb","rel":"","context":"i \"Mexico\"","block_context":{"text":"Mexico","link":"https:\/\/kampkomiteen.net\/?tag=mexico"},"img":{"alt_text":"","src":"https:\/\/i0.wp.com\/kampkomiteen.net\/wp-content\/uploads\/2024\/09\/unnamed-3-1.jpg?fit=707%2C510&ssl=1&resize=350%2C200","width":350,"height":200,"srcset":"https:\/\/i0.wp.com\/kampkomiteen.net\/wp-content\/uploads\/2024\/09\/unnamed-3-1.jpg?fit=707%2C510&ssl=1&resize=350%2C200 1x, https:\/\/i0.wp.com\/kampkomiteen.net\/wp-content\/uploads\/2024\/09\/unnamed-3-1.jpg?fit=707%2C510&ssl=1&resize=525%2C300 1.5x, https:\/\/i0.wp.com\/kampkomiteen.net\/wp-content\/uploads\/2024\/09\/unnamed-3-1.jpg?fit=707%2C510&ssl=1&resize=700%2C400 2x"},"classes":[]},{"id":3092,"url":"https:\/\/kampkomiteen.net\/?p=3092","url_meta":{"origin":9401,"position":2},"title":"Kristiansand: Plakater for studenter tvangsforsvunnet av den meksikanske staten","author":"Kampkomiteen","date":"27. september 2022","format":false,"excerpt":"27. september satte aktivister fra Kampkomiteen opp plakater for de 43 studentene som forsvant fra l\u00e6rerskolen Ayotzinapa p\u00e5 denne datoen i 2014.","rel":"","context":"i \"Mexico\"","block_context":{"text":"Mexico","link":"https:\/\/kampkomiteen.net\/?tag=mexico"},"img":{"alt_text":"","src":"https:\/\/i0.wp.com\/kampkomiteen.net\/wp-content\/uploads\/2022\/09\/pasted-image-0-30-1.png?fit=1200%2C900&ssl=1&resize=350%2C200","width":350,"height":200,"srcset":"https:\/\/i0.wp.com\/kampkomiteen.net\/wp-content\/uploads\/2022\/09\/pasted-image-0-30-1.png?fit=1200%2C900&ssl=1&resize=350%2C200 1x, https:\/\/i0.wp.com\/kampkomiteen.net\/wp-content\/uploads\/2022\/09\/pasted-image-0-30-1.png?fit=1200%2C900&ssl=1&resize=525%2C300 1.5x, https:\/\/i0.wp.com\/kampkomiteen.net\/wp-content\/uploads\/2022\/09\/pasted-image-0-30-1.png?fit=1200%2C900&ssl=1&resize=700%2C400 2x, https:\/\/i0.wp.com\/kampkomiteen.net\/wp-content\/uploads\/2022\/09\/pasted-image-0-30-1.png?fit=1200%2C900&ssl=1&resize=1050%2C600 3x"},"classes":[]},{"id":7889,"url":"https:\/\/kampkomiteen.net\/?p=7889","url_meta":{"origin":9401,"position":3},"title":"Kristiansand: Plakataksjon","author":"Kampkomiteen","date":"19. oktober 2024","format":false,"excerpt":"I Kristiansand sentrum er det satt opp plakater til st\u00f8tte for den palestinske motstandskampen og for den meksikanske kvinnesaks- og urfolksadvokaten Sandra Est\u00e9fana Dom\u00ednguez Mart\u00ednez.","rel":"","context":"i \"Antiimperialistisk Forbund\"","block_context":{"text":"Antiimperialistisk Forbund","link":"https:\/\/kampkomiteen.net\/?tag=antiimperialistisk-forbund"},"img":{"alt_text":"","src":"https:\/\/i0.wp.com\/kampkomiteen.net\/wp-content\/uploads\/2024\/10\/FOTO-4.png?fit=1160%2C653&ssl=1&resize=350%2C200","width":350,"height":200,"srcset":"https:\/\/i0.wp.com\/kampkomiteen.net\/wp-content\/uploads\/2024\/10\/FOTO-4.png?fit=1160%2C653&ssl=1&resize=350%2C200 1x, https:\/\/i0.wp.com\/kampkomiteen.net\/wp-content\/uploads\/2024\/10\/FOTO-4.png?fit=1160%2C653&ssl=1&resize=525%2C300 1.5x, https:\/\/i0.wp.com\/kampkomiteen.net\/wp-content\/uploads\/2024\/10\/FOTO-4.png?fit=1160%2C653&ssl=1&resize=700%2C400 2x, https:\/\/i0.wp.com\/kampkomiteen.net\/wp-content\/uploads\/2024\/10\/FOTO-4.png?fit=1160%2C653&ssl=1&resize=1050%2C600 3x"},"classes":[]},{"id":2960,"url":"https:\/\/kampkomiteen.net\/?p=2960","url_meta":{"origin":9401,"position":4},"title":"Bring Dr. Sernas tilbake i live!","author":"Kampkomiteen","date":"2. september 2022","format":false,"excerpt":"Dr. Ernesto Sernas Garc\u00eda, som en del av den internasjonale kampanjen #DrSernasPresentaci\u00f3nConVida. Det er satt opp plakater i Kristiansand, Oslo og Trondheim.","rel":"","context":"i \"Mexico\"","block_context":{"text":"Mexico","link":"https:\/\/kampkomiteen.net\/?tag=mexico"},"img":{"alt_text":"","src":"https:\/\/i0.wp.com\/kampkomiteen.net\/wp-content\/uploads\/2022\/09\/pasted-image-0-24.png?fit=1200%2C900&ssl=1&resize=350%2C200","width":350,"height":200,"srcset":"https:\/\/i0.wp.com\/kampkomiteen.net\/wp-content\/uploads\/2022\/09\/pasted-image-0-24.png?fit=1200%2C900&ssl=1&resize=350%2C200 1x, https:\/\/i0.wp.com\/kampkomiteen.net\/wp-content\/uploads\/2022\/09\/pasted-image-0-24.png?fit=1200%2C900&ssl=1&resize=525%2C300 1.5x, https:\/\/i0.wp.com\/kampkomiteen.net\/wp-content\/uploads\/2022\/09\/pasted-image-0-24.png?fit=1200%2C900&ssl=1&resize=700%2C400 2x, https:\/\/i0.wp.com\/kampkomiteen.net\/wp-content\/uploads\/2022\/09\/pasted-image-0-24.png?fit=1200%2C900&ssl=1&resize=1050%2C600 3x"},"classes":[]},{"id":2807,"url":"https:\/\/kampkomiteen.net\/?p=2807","url_meta":{"origin":9401,"position":5},"title":"Bli med p\u00e5 markeringer mot den russiske angrepskrigen!","author":"Kampkomiteen","date":"10. juni 2022","format":false,"excerpt":"11.6. fra kl. 13 og utover p\u00e5 Mestizo spr\u00e5k- og kultursenter p\u00e5 T\u00f8yen. Det blir poesiopplesning og det vil holdes en stand mot krigen. Og 15.6. kl. 18 p\u00e5 Torvet i Kristiansand. Kampkomiteen er ogs\u00e5 med \u00e5 arrangere en demonstrasjon mot drap p\u00e5 kvinner, samme dag kl. 16.30.","rel":"","context":"i \"Demonstrasjon\"","block_context":{"text":"Demonstrasjon","link":"https:\/\/kampkomiteen.net\/?tag=demonstrasjon"},"img":{"alt_text":"","src":"https:\/\/i0.wp.com\/kampkomiteen.net\/wp-content\/uploads\/2022\/06\/pasted-image-0-20.png?fit=1200%2C675&ssl=1&resize=350%2C200","width":350,"height":200,"srcset":"https:\/\/i0.wp.com\/kampkomiteen.net\/wp-content\/uploads\/2022\/06\/pasted-image-0-20.png?fit=1200%2C675&ssl=1&resize=350%2C200 1x, https:\/\/i0.wp.com\/kampkomiteen.net\/wp-content\/uploads\/2022\/06\/pasted-image-0-20.png?fit=1200%2C675&ssl=1&resize=525%2C300 1.5x, https:\/\/i0.wp.com\/kampkomiteen.net\/wp-content\/uploads\/2022\/06\/pasted-image-0-20.png?fit=1200%2C675&ssl=1&resize=700%2C400 2x, https:\/\/i0.wp.com\/kampkomiteen.net\/wp-content\/uploads\/2022\/06\/pasted-image-0-20.png?fit=1200%2C675&ssl=1&resize=1050%2C600 3x"},"classes":[]}],"jetpack_sharing_enabled":true,"_links":{"self":[{"href":"https:\/\/kampkomiteen.net\/index.php?rest_route=\/wp\/v2\/posts\/9401","targetHints":{"allow":["GET"]}}],"collection":[{"href":"https:\/\/kampkomiteen.net\/index.php?rest_route=\/wp\/v2\/posts"}],"about":[{"href":"https:\/\/kampkomiteen.net\/index.php?rest_route=\/wp\/v2\/types\/post"}],"author":[{"embeddable":true,"href":"https:\/\/kampkomiteen.net\/index.php?rest_route=\/wp\/v2\/users\/8"}],"replies":[{"embeddable":true,"href":"https:\/\/kampkomiteen.net\/index.php?rest_route=%2Fwp%2Fv2%2Fcomments&post=9401"}],"version-history":[{"count":3,"href":"https:\/\/kampkomiteen.net\/index.php?rest_route=\/wp\/v2\/posts\/9401\/revisions"}],"predecessor-version":[{"id":9408,"href":"https:\/\/kampkomiteen.net\/index.php?rest_route=\/wp\/v2\/posts\/9401\/revisions\/9408"}],"wp:featuredmedia":[{"embeddable":true,"href":"https:\/\/kampkomiteen.net\/index.php?rest_route=\/wp\/v2\/media\/9403"}],"wp:attachment":[{"href":"https:\/\/kampkomiteen.net\/index.php?rest_route=%2Fwp%2Fv2%2Fmedia&parent=9401"}],"wp:term":[{"taxonomy":"category","embeddable":true,"href":"https:\/\/kampkomiteen.net\/index.php?rest_route=%2Fwp%2Fv2%2Fcategories&post=9401"},{"taxonomy":"post_tag","embeddable":true,"href":"https:\/\/kampkomiteen.net\/index.php?rest_route=%2Fwp%2Fv2%2Ftags&post=9401"}],"curies":[{"name":"wp","href":"https:\/\/api.w.org\/{rel}","templated":true}]}}