{"id":9396,"date":"2025-08-27T20:50:15","date_gmt":"2025-08-27T18:50:15","guid":{"rendered":"https:\/\/kampkomiteen.net\/?p=9396"},"modified":"2025-08-28T18:28:44","modified_gmt":"2025-08-28T16:28:44","slug":"trondheim-bli-med-pa-demonstrasjon-mot-politivold-represjon-og-rasisme","status":"publish","type":"post","link":"https:\/\/kampkomiteen.net\/?p=9396","title":{"rendered":"Trondheim: Bli med p\u00e5 demonstrasjon mot politivold, represjon og rasisme!"},"content":{"rendered":"<div id=\"fb-root\"><\/div>\n\n<p><em>Skrevet av aktivister i Trondheim.<\/em><\/p>\n\n\n\n<p><br><strong>Kampkomiteen i Trondheim oppfordrer til \u00e5 bli med \u00e5 demonstrere mot politivold, represjon og rasisme.\u00a0<\/strong><\/p>\n\n\n\n<p>Den 7. september i 2006 ble Eugene Ejike Obiora drept av politiet utenfor \u00d8stbyen Servicekontor i Trondheim. Obiora ble kvalt, og ingen av de fire politifolka involvert fikk noen straff. Hovedmannen er forfremmet og er n\u00e5 ofte innsatsleder for politiet i Trondheim. Dette drapet var ikke et enkelttilfelle. Obiora er verken den f\u00f8rste eller siste som er drept av norsk politi, og politiet i Norge dreper stadig oftere. Politiets og statens vold rammer f\u00f8rst og fremst fattige, arbeidere og svarte, innvandrere, rusmisbrukere og psykisk syke. Den rammer folk som allerede tr\u00e5kkes p\u00e5 hver dag.&nbsp;<\/p>\n\n\n\n<p><strong>Bli med p\u00e5 demonstrasjon! <\/strong><strong><br><\/strong><strong>L\u00f8rdag 6. september, kl. 15:00 i midten av Nordre gate.<\/strong><\/p>\n\n\n\n<p><em>Vi glemmer aldri Obiora!<br>Ingen rasister i v\u00e5re gater &#8211; med eller uten uniform!<\/em><\/p>\n\n\n\n<p><strong><br><\/strong><\/p>\n","protected":false},"excerpt":{"rendered":"<p>Kampkomiteen i Trondheim oppfordrer til \u00e5 bli med \u00e5 demonstrere mot politivold, represjon og rasisme.\u00a0<\/p>\n","protected":false},"author":8,"featured_media":7685,"comment_status":"closed","ping_status":"","sticky":false,"template":"","format":"standard","meta":{"advanced_seo_description":"","jetpack_seo_html_title":"","jetpack_seo_noindex":false,"_jetpack_memberships_contains_paid_content":false,"footnotes":""},"categories":[1],"tags":[38,4,31,15,82],"class_list":["post-9396","post","type-post","status-publish","format-standard","has-post-thumbnail","hentry","category-uncategorized","tag-antirasisme","tag-demonstrasjon","tag-obiora","tag-politiet","tag-represjon"],"jetpack_featured_media_url":"https:\/\/i0.wp.com\/kampkomiteen.net\/wp-content\/uploads\/2024\/09\/Obiora-1-scaled.jpg?fit=2560%2C1707&ssl=1","jetpack_shortlink":"https:\/\/wp.me\/pchuPf-2ry","jetpack-related-posts":[{"id":9501,"url":"https:\/\/kampkomiteen.net\/?p=9501","url_meta":{"origin":9396,"position":0},"title":"Trondheim: Rettferdighet for Eugene Obiora!","author":"Kampkomiteen","date":"10. september 2025","format":false,"excerpt":"L\u00f8rdag 6. september arrangerte Kampkomiteen, med flere, demonstrasjon mot politivold, represjon og rasisme.","rel":"","context":"i \"Demonstrasjon\"","block_context":{"text":"Demonstrasjon","link":"https:\/\/kampkomiteen.net\/?tag=demonstrasjon"},"img":{"alt_text":"","src":"https:\/\/i0.wp.com\/kampkomiteen.net\/wp-content\/uploads\/2025\/09\/1-2.jpg?fit=831%2C600&ssl=1&resize=350%2C200","width":350,"height":200,"srcset":"https:\/\/i0.wp.com\/kampkomiteen.net\/wp-content\/uploads\/2025\/09\/1-2.jpg?fit=831%2C600&ssl=1&resize=350%2C200 1x, https:\/\/i0.wp.com\/kampkomiteen.net\/wp-content\/uploads\/2025\/09\/1-2.jpg?fit=831%2C600&ssl=1&resize=525%2C300 1.5x, https:\/\/i0.wp.com\/kampkomiteen.net\/wp-content\/uploads\/2025\/09\/1-2.jpg?fit=831%2C600&ssl=1&resize=700%2C400 2x"},"classes":[]},{"id":6298,"url":"https:\/\/kampkomiteen.net\/?p=6298","url_meta":{"origin":9396,"position":1},"title":"Bli med p\u00e5 demonstrasjon mot politivold og rasisme!","author":"Kampkomiteen","date":"26. august 2023","format":false,"excerpt":"Den 7. september i 2006 ble Eugene Ejike Obiora drept i Trondheim, av \ufb01re politifolk som presset livet ut av ham. Ingen av de \ufb01re \ufb01kk noen stra\ufb00. Hovedmannen er forfremmet og han er n\u00e5 ofte innsatsleder i politiet.","rel":"","context":"i \"Antirasisme\"","block_context":{"text":"Antirasisme","link":"https:\/\/kampkomiteen.net\/?tag=antirasisme"},"img":{"alt_text":"","src":"https:\/\/i0.wp.com\/kampkomiteen.net\/wp-content\/uploads\/2023\/08\/foto.png?fit=1160%2C653&ssl=1&resize=350%2C200","width":350,"height":200,"srcset":"https:\/\/i0.wp.com\/kampkomiteen.net\/wp-content\/uploads\/2023\/08\/foto.png?fit=1160%2C653&ssl=1&resize=350%2C200 1x, https:\/\/i0.wp.com\/kampkomiteen.net\/wp-content\/uploads\/2023\/08\/foto.png?fit=1160%2C653&ssl=1&resize=525%2C300 1.5x, https:\/\/i0.wp.com\/kampkomiteen.net\/wp-content\/uploads\/2023\/08\/foto.png?fit=1160%2C653&ssl=1&resize=700%2C400 2x, https:\/\/i0.wp.com\/kampkomiteen.net\/wp-content\/uploads\/2023\/08\/foto.png?fit=1160%2C653&ssl=1&resize=1050%2C600 3x"},"classes":[]},{"id":7640,"url":"https:\/\/kampkomiteen.net\/?p=7640","url_meta":{"origin":9396,"position":2},"title":"Tr\u00f8ndelag: Bli med p\u00e5 demonstrasjon mot politivold!","author":"Kampkomiteen","date":"3. september 2024","format":false,"excerpt":"Aktivister fra Kampkomiteen har satt opp plakater i Tr\u00f8ndelag for \u00e5 mobilisere til demonstrasjon mot politivold og represjon.","rel":"","context":"i \"Demonstrasjon\"","block_context":{"text":"Demonstrasjon","link":"https:\/\/kampkomiteen.net\/?tag=demonstrasjon"},"img":{"alt_text":"","src":"https:\/\/i0.wp.com\/kampkomiteen.net\/wp-content\/uploads\/2024\/09\/Plakat-scaled.jpg?fit=1200%2C800&ssl=1&resize=350%2C200","width":350,"height":200,"srcset":"https:\/\/i0.wp.com\/kampkomiteen.net\/wp-content\/uploads\/2024\/09\/Plakat-scaled.jpg?fit=1200%2C800&ssl=1&resize=350%2C200 1x, https:\/\/i0.wp.com\/kampkomiteen.net\/wp-content\/uploads\/2024\/09\/Plakat-scaled.jpg?fit=1200%2C800&ssl=1&resize=525%2C300 1.5x, https:\/\/i0.wp.com\/kampkomiteen.net\/wp-content\/uploads\/2024\/09\/Plakat-scaled.jpg?fit=1200%2C800&ssl=1&resize=700%2C400 2x, https:\/\/i0.wp.com\/kampkomiteen.net\/wp-content\/uploads\/2024\/09\/Plakat-scaled.jpg?fit=1200%2C800&ssl=1&resize=1050%2C600 3x"},"classes":[]},{"id":7663,"url":"https:\/\/kampkomiteen.net\/?p=7663","url_meta":{"origin":9396,"position":3},"title":"Trondheim: Demonstrasjon mot politivold og represjon","author":"Kampkomiteen","date":"8. september 2024","format":false,"excerpt":"Fredag 6. september arrangerte Kampkomiteen i Trondheim en demonstrasjon mot politivold, represjon og rasisme. Demonstrasjonen ble avholdt i anledning \u00e5rsdagen for da politiet i Trondheim drepte Eugene Obiora i 2006.","rel":"","context":"i \"Demonstrasjon\"","block_context":{"text":"Demonstrasjon","link":"https:\/\/kampkomiteen.net\/?tag=demonstrasjon"},"img":{"alt_text":"","src":"https:\/\/i0.wp.com\/kampkomiteen.net\/wp-content\/uploads\/2024\/09\/Obiora.jpg?fit=1200%2C800&ssl=1&resize=350%2C200","width":350,"height":200,"srcset":"https:\/\/i0.wp.com\/kampkomiteen.net\/wp-content\/uploads\/2024\/09\/Obiora.jpg?fit=1200%2C800&ssl=1&resize=350%2C200 1x, https:\/\/i0.wp.com\/kampkomiteen.net\/wp-content\/uploads\/2024\/09\/Obiora.jpg?fit=1200%2C800&ssl=1&resize=525%2C300 1.5x, https:\/\/i0.wp.com\/kampkomiteen.net\/wp-content\/uploads\/2024\/09\/Obiora.jpg?fit=1200%2C800&ssl=1&resize=700%2C400 2x, https:\/\/i0.wp.com\/kampkomiteen.net\/wp-content\/uploads\/2024\/09\/Obiora.jpg?fit=1200%2C800&ssl=1&resize=1050%2C600 3x"},"classes":[]},{"id":2212,"url":"https:\/\/kampkomiteen.net\/?p=2212","url_meta":{"origin":9396,"position":4},"title":"Rettferdighet for Obiora og Osmanovic!","author":"Kampkomiteen","date":"10. september 2021","format":false,"excerpt":"7. september var det markeringer mot politivold og rasisme i flere byer, p\u00e5 dagen 15 \u00e5r etter at Eugene Obiora ble drept av politiet i Trondheim med et ulovlig halsgrep. Demonstrantene krevde rettferdighet for Obiora, og de krevde rettferdighet for Mirza Osmanovic som ble skutt og drept av politiet i\u2026","rel":"","context":"i \"Demonstrasjon\"","block_context":{"text":"Demonstrasjon","link":"https:\/\/kampkomiteen.net\/?tag=demonstrasjon"},"img":{"alt_text":"","src":"https:\/\/i0.wp.com\/kampkomiteen.net\/wp-content\/uploads\/2021\/09\/Image_131373.jpg?fit=1200%2C800&ssl=1&resize=350%2C200","width":350,"height":200,"srcset":"https:\/\/i0.wp.com\/kampkomiteen.net\/wp-content\/uploads\/2021\/09\/Image_131373.jpg?fit=1200%2C800&ssl=1&resize=350%2C200 1x, https:\/\/i0.wp.com\/kampkomiteen.net\/wp-content\/uploads\/2021\/09\/Image_131373.jpg?fit=1200%2C800&ssl=1&resize=525%2C300 1.5x, https:\/\/i0.wp.com\/kampkomiteen.net\/wp-content\/uploads\/2021\/09\/Image_131373.jpg?fit=1200%2C800&ssl=1&resize=700%2C400 2x, https:\/\/i0.wp.com\/kampkomiteen.net\/wp-content\/uploads\/2021\/09\/Image_131373.jpg?fit=1200%2C800&ssl=1&resize=1050%2C600 3x"},"classes":[]},{"id":6344,"url":"https:\/\/kampkomiteen.net\/?p=6344","url_meta":{"origin":9396,"position":5},"title":"Demonstrasjoner mot politivold og rasisme","author":"Kampkomiteen","date":"9. september 2023","format":false,"excerpt":"7. september var det 17 \u00e5r siden politiet drepte Eugene Ejike Obiora. Kampkomiteen har markert dagen i Oslo, Trondheim, Bergen og Kristiansand.","rel":"","context":"i \"Antirasisme\"","block_context":{"text":"Antirasisme","link":"https:\/\/kampkomiteen.net\/?tag=antirasisme"},"img":{"alt_text":"","src":"https:\/\/i0.wp.com\/kampkomiteen.net\/wp-content\/uploads\/2023\/09\/Tog1.jpg?fit=1200%2C800&ssl=1&resize=350%2C200","width":350,"height":200,"srcset":"https:\/\/i0.wp.com\/kampkomiteen.net\/wp-content\/uploads\/2023\/09\/Tog1.jpg?fit=1200%2C800&ssl=1&resize=350%2C200 1x, https:\/\/i0.wp.com\/kampkomiteen.net\/wp-content\/uploads\/2023\/09\/Tog1.jpg?fit=1200%2C800&ssl=1&resize=525%2C300 1.5x, https:\/\/i0.wp.com\/kampkomiteen.net\/wp-content\/uploads\/2023\/09\/Tog1.jpg?fit=1200%2C800&ssl=1&resize=700%2C400 2x, https:\/\/i0.wp.com\/kampkomiteen.net\/wp-content\/uploads\/2023\/09\/Tog1.jpg?fit=1200%2C800&ssl=1&resize=1050%2C600 3x"},"classes":[]}],"jetpack_sharing_enabled":true,"_links":{"self":[{"href":"https:\/\/kampkomiteen.net\/index.php?rest_route=\/wp\/v2\/posts\/9396","targetHints":{"allow":["GET"]}}],"collection":[{"href":"https:\/\/kampkomiteen.net\/index.php?rest_route=\/wp\/v2\/posts"}],"about":[{"href":"https:\/\/kampkomiteen.net\/index.php?rest_route=\/wp\/v2\/types\/post"}],"author":[{"embeddable":true,"href":"https:\/\/kampkomiteen.net\/index.php?rest_route=\/wp\/v2\/users\/8"}],"replies":[{"embeddable":true,"href":"https:\/\/kampkomiteen.net\/index.php?rest_route=%2Fwp%2Fv2%2Fcomments&post=9396"}],"version-history":[{"count":1,"href":"https:\/\/kampkomiteen.net\/index.php?rest_route=\/wp\/v2\/posts\/9396\/revisions"}],"predecessor-version":[{"id":9399,"href":"https:\/\/kampkomiteen.net\/index.php?rest_route=\/wp\/v2\/posts\/9396\/revisions\/9399"}],"wp:featuredmedia":[{"embeddable":true,"href":"https:\/\/kampkomiteen.net\/index.php?rest_route=\/wp\/v2\/media\/7685"}],"wp:attachment":[{"href":"https:\/\/kampkomiteen.net\/index.php?rest_route=%2Fwp%2Fv2%2Fmedia&parent=9396"}],"wp:term":[{"taxonomy":"category","embeddable":true,"href":"https:\/\/kampkomiteen.net\/index.php?rest_route=%2Fwp%2Fv2%2Fcategories&post=9396"},{"taxonomy":"post_tag","embeddable":true,"href":"https:\/\/kampkomiteen.net\/index.php?rest_route=%2Fwp%2Fv2%2Ftags&post=9396"}],"curies":[{"name":"wp","href":"https:\/\/api.w.org\/{rel}","templated":true}]}}