{"id":9391,"date":"2025-08-26T21:40:01","date_gmt":"2025-08-26T19:40:01","guid":{"rendered":"https:\/\/kampkomiteen.net\/?p=9391"},"modified":"2025-08-26T21:42:41","modified_gmt":"2025-08-26T19:42:41","slug":"oslo-bli-med-pa-apne-moter","status":"publish","type":"post","link":"https:\/\/kampkomiteen.net\/?p=9391","title":{"rendered":"Oslo: Bli med p\u00e5 \u00e5pne m\u00f8ter!"},"content":{"rendered":"<div id=\"fb-root\"><\/div>\n\n<p><em>Skrevet av aktivister i Oslo.<\/em><\/p>\n\n\n\n<p>F\u00f8rstkommende onsdag arrangerer Kampkomiteen i Oslo \u00e5pent m\u00f8te om oljefondet og norsk imperialisme:<\/p>\n\n\n\n<figure class=\"wp-block-embed is-type-wp-embed is-provider-kampkomiteen wp-block-embed-kampkomiteen\"><div class=\"wp-block-embed__wrapper\">\n<blockquote class=\"wp-embedded-content\" data-secret=\"ecofERrqnq\"><a href=\"https:\/\/kampkomiteen.net\/?p=9336\">Oslo: Bli med p\u00e5 \u00e5pent m\u00f8te!<\/a><\/blockquote><iframe loading=\"lazy\" class=\"wp-embedded-content\" sandbox=\"allow-scripts\" security=\"restricted\" style=\"position: absolute; visibility: hidden;\" title=\"&laquo;Oslo: Bli med p\u00e5 \u00e5pent m\u00f8te!&raquo; &#8212; Kampkomiteen\" src=\"https:\/\/kampkomiteen.net\/?p=9336&#038;embed=true#?secret=6VDab0neTm#?secret=ecofERrqnq\" data-secret=\"ecofERrqnq\" width=\"600\" height=\"338\" frameborder=\"0\" marginwidth=\"0\" marginheight=\"0\" scrolling=\"no\"><\/iframe>\n<\/div><\/figure>\n\n\n\n<p>Videre inviterer vi til \u00e5pne m\u00f8ter hver torsdag i september. Bli med!<\/p>\n\n\n\n<h4 class=\"wp-block-heading\">Om Eugene Obiora, politivolden og spesialenheten for politisaker<\/h4>\n\n\n\n<p>Dato: Torsdag 4. september<br>Tid: 18:00<br>Sted: Harriet Holters hus (Universitetet i Oslo \/ Blindern)<\/p>\n\n\n\n<h3 class=\"wp-block-heading\">Filmvisning om Georges Abdallah, og l\u00e6rdommene fra kampen for hans frihet<\/h3>\n\n\n\n<p>Dato: Torsdag 11. september<br>Tid: 18:00<br>Sted: Harriet Holters hus (Universitetet i Oslo \/ Blindern)<\/p>\n\n\n\n<h3 class=\"wp-block-heading\">Israel &#8211; en lakei for USA-imperialismen<\/h3>\n\n\n\n<p>Dato: Torsdag 18. september<br>Tid: 18:00<br>Sted: Harriet Holters hus (Universitetet i Oslo \/ Blindern)<\/p>\n\n\n\n<h3 class=\"wp-block-heading\">Om forf\u00f8lgelsen av solidaritetsbevegelsen for Palestina og angrepene p\u00e5 folkets demokratiske rettigheter<\/h3>\n\n\n\n<p>Dato: Torsdag 25. september<br>Tid: 18:00<br>Sted: Harriet Holters hus (Universitetet i Oslo \/ Blindern)<\/p>\n","protected":false},"excerpt":{"rendered":"<p>Kampkomiteen i Oslo arrangerer \u00e5pne m\u00f8ter hver torsdag i september. Bli med!<\/p>\n","protected":false},"author":8,"featured_media":6299,"comment_status":"closed","ping_status":"closed","sticky":false,"template":"","format":"standard","meta":{"advanced_seo_description":"","jetpack_seo_html_title":"","jetpack_seo_noindex":false,"_jetpack_memberships_contains_paid_content":false,"footnotes":""},"categories":[1],"tags":[],"class_list":["post-9391","post","type-post","status-publish","format-standard","has-post-thumbnail","hentry","category-uncategorized"],"jetpack_featured_media_url":"https:\/\/i0.wp.com\/kampkomiteen.net\/wp-content\/uploads\/2023\/08\/foto.png?fit=1160%2C653&ssl=1","jetpack_shortlink":"https:\/\/wp.me\/pchuPf-2rt","jetpack-related-posts":[{"id":9336,"url":"https:\/\/kampkomiteen.net\/?p=9336","url_meta":{"origin":9391,"position":0},"title":"Oslo: Bli med p\u00e5 \u00e5pent m\u00f8te!","author":"Kampkomiteen","date":"21. august 2025","format":false,"excerpt":"Til tross for l\u00f8gner og t\u00e5kelegging finansierer fortsatt norsk imperialisme, gjennom \"Oljefondet\" i folkemordstaten og apartheidstaten Israel. Med andre ord: det parasittiske \"Oljefondet\" har fortsatt blod p\u00e5 henda, de er fortsatt investert i selskap som tjener p\u00e5 folkemordet.","rel":"","context":"i \"\u00c5pent m\u00f8te\"","block_context":{"text":"\u00c5pent m\u00f8te","link":"https:\/\/kampkomiteen.net\/?tag=apent-mote"},"img":{"alt_text":"","src":"https:\/\/i0.wp.com\/kampkomiteen.net\/wp-content\/uploads\/2025\/08\/Plakat-Opent-mote-oljefondet4.jpg?fit=1200%2C675&ssl=1&resize=350%2C200","width":350,"height":200,"srcset":"https:\/\/i0.wp.com\/kampkomiteen.net\/wp-content\/uploads\/2025\/08\/Plakat-Opent-mote-oljefondet4.jpg?fit=1200%2C675&ssl=1&resize=350%2C200 1x, https:\/\/i0.wp.com\/kampkomiteen.net\/wp-content\/uploads\/2025\/08\/Plakat-Opent-mote-oljefondet4.jpg?fit=1200%2C675&ssl=1&resize=525%2C300 1.5x, https:\/\/i0.wp.com\/kampkomiteen.net\/wp-content\/uploads\/2025\/08\/Plakat-Opent-mote-oljefondet4.jpg?fit=1200%2C675&ssl=1&resize=700%2C400 2x, https:\/\/i0.wp.com\/kampkomiteen.net\/wp-content\/uploads\/2025\/08\/Plakat-Opent-mote-oljefondet4.jpg?fit=1200%2C675&ssl=1&resize=1050%2C600 3x"},"classes":[]},{"id":9578,"url":"https:\/\/kampkomiteen.net\/?p=9578","url_meta":{"origin":9391,"position":1},"title":"Oslo: \u00c5pent m\u00f8te om Georges Ibrahim Abdallah","author":"Kampkomiteen","date":"29. september 2025","format":false,"excerpt":"Torsdag 11. september holdt Kampkomiteen i Oslo et \u00e5pent m\u00f8te med innledning og filmvisning om Georges Ibrahim Abdallah og l\u00e6rdommene fra kampen for hans frihet.","rel":"","context":"i \"Antiimperialisme\"","block_context":{"text":"Antiimperialisme","link":"https:\/\/kampkomiteen.net\/?tag=antiimperialisme"},"img":{"alt_text":"","src":"https:\/\/i0.wp.com\/kampkomiteen.net\/wp-content\/uploads\/2025\/09\/1-3-scaled.jpg?fit=1200%2C800&ssl=1&resize=350%2C200","width":350,"height":200,"srcset":"https:\/\/i0.wp.com\/kampkomiteen.net\/wp-content\/uploads\/2025\/09\/1-3-scaled.jpg?fit=1200%2C800&ssl=1&resize=350%2C200 1x, https:\/\/i0.wp.com\/kampkomiteen.net\/wp-content\/uploads\/2025\/09\/1-3-scaled.jpg?fit=1200%2C800&ssl=1&resize=525%2C300 1.5x, https:\/\/i0.wp.com\/kampkomiteen.net\/wp-content\/uploads\/2025\/09\/1-3-scaled.jpg?fit=1200%2C800&ssl=1&resize=700%2C400 2x, https:\/\/i0.wp.com\/kampkomiteen.net\/wp-content\/uploads\/2025\/09\/1-3-scaled.jpg?fit=1200%2C800&ssl=1&resize=1050%2C600 3x"},"classes":[]},{"id":8300,"url":"https:\/\/kampkomiteen.net\/?p=8300","url_meta":{"origin":9391,"position":2},"title":"Oslo: Bli med p\u00e5 demonstrasjoner til st\u00f8tte for de 3 palestinaaktivistene og retten til \u00e5 protestere!","author":"Petter","date":"11. februar 2025","format":false,"excerpt":"Kampkomiteen oppfordrer alle v\u00e5re lesere og st\u00f8ttespillere i Oslo-omr\u00e5det til \u00e5 bli med p\u00e5 demonstrasjonene ...","rel":"","context":"Liknende innlegg","block_context":{"text":"Liknende innlegg","link":""},"img":{"alt_text":"","src":"https:\/\/i0.wp.com\/kampkomiteen.net\/wp-content\/uploads\/2025\/02\/delebilde1.jpg?fit=1111%2C1200&ssl=1&resize=350%2C200","width":350,"height":200,"srcset":"https:\/\/i0.wp.com\/kampkomiteen.net\/wp-content\/uploads\/2025\/02\/delebilde1.jpg?fit=1111%2C1200&ssl=1&resize=350%2C200 1x, https:\/\/i0.wp.com\/kampkomiteen.net\/wp-content\/uploads\/2025\/02\/delebilde1.jpg?fit=1111%2C1200&ssl=1&resize=525%2C300 1.5x, https:\/\/i0.wp.com\/kampkomiteen.net\/wp-content\/uploads\/2025\/02\/delebilde1.jpg?fit=1111%2C1200&ssl=1&resize=700%2C400 2x, https:\/\/i0.wp.com\/kampkomiteen.net\/wp-content\/uploads\/2025\/02\/delebilde1.jpg?fit=1111%2C1200&ssl=1&resize=1050%2C600 3x"},"classes":[]},{"id":8980,"url":"https:\/\/kampkomiteen.net\/?p=8980","url_meta":{"origin":9391,"position":3},"title":"Bli med i Kampkomiteen!","author":"Kampkomiteen","date":"7. juni 2025","format":false,"excerpt":"Om du er lei av se krig, sult og urettferdighet \u2013 bli en av dem som organiserer seg, kjemper og gj\u00f8r motstand! Bli med i Kampkomiteen.","rel":"","context":"Liknende innlegg","block_context":{"text":"Liknende innlegg","link":""},"img":{"alt_text":"","src":"https:\/\/i0.wp.com\/kampkomiteen.net\/wp-content\/uploads\/2025\/04\/1.mai_.jpg?fit=602%2C401&ssl=1&resize=350%2C200","width":350,"height":200,"srcset":"https:\/\/i0.wp.com\/kampkomiteen.net\/wp-content\/uploads\/2025\/04\/1.mai_.jpg?fit=602%2C401&ssl=1&resize=350%2C200 1x, https:\/\/i0.wp.com\/kampkomiteen.net\/wp-content\/uploads\/2025\/04\/1.mai_.jpg?fit=602%2C401&ssl=1&resize=525%2C300 1.5x"},"classes":[]},{"id":8101,"url":"https:\/\/kampkomiteen.net\/?p=8101","url_meta":{"origin":9391,"position":4},"title":"Kristiansand: \u00c5pne m\u00f8ter om Palestina og antiimperialisme","author":"Kampkomiteen","date":"6. desember 2024","format":false,"excerpt":"Kampkomiteen har i h\u00f8st arrangert to \u00e5pne m\u00f8ter i Kristiansand. Et om Palestina, og et om antiimperialisme.","rel":"","context":"i \"Antiimperialisme\"","block_context":{"text":"Antiimperialisme","link":"https:\/\/kampkomiteen.net\/?tag=antiimperialisme"},"img":{"alt_text":"","src":"https:\/\/i0.wp.com\/kampkomiteen.net\/wp-content\/uploads\/2024\/12\/unnamed-7.jpg?fit=1200%2C900&ssl=1&resize=350%2C200","width":350,"height":200,"srcset":"https:\/\/i0.wp.com\/kampkomiteen.net\/wp-content\/uploads\/2024\/12\/unnamed-7.jpg?fit=1200%2C900&ssl=1&resize=350%2C200 1x, https:\/\/i0.wp.com\/kampkomiteen.net\/wp-content\/uploads\/2024\/12\/unnamed-7.jpg?fit=1200%2C900&ssl=1&resize=525%2C300 1.5x, https:\/\/i0.wp.com\/kampkomiteen.net\/wp-content\/uploads\/2024\/12\/unnamed-7.jpg?fit=1200%2C900&ssl=1&resize=700%2C400 2x, https:\/\/i0.wp.com\/kampkomiteen.net\/wp-content\/uploads\/2024\/12\/unnamed-7.jpg?fit=1200%2C900&ssl=1&resize=1050%2C600 3x"},"classes":[]},{"id":8330,"url":"https:\/\/kampkomiteen.net\/?p=8330","url_meta":{"origin":9391,"position":5},"title":"Video: Aktiviteter for Antiimperialistisk Forbund","author":"Kampkomiteen","date":"2. mars 2025","format":false,"excerpt":"I 2024 ble det gjennomf\u00f8rt aktiviteter i Oslo, Bergen, Trondheim og Kristiansand, for stiftelsen av Antiimperialistisk Forbund (AIL).","rel":"","context":"i \"Antiimperialisme\"","block_context":{"text":"Antiimperialisme","link":"https:\/\/kampkomiteen.net\/?tag=antiimperialisme"},"img":{"alt_text":"","src":"https:\/\/i0.wp.com\/kampkomiteen.net\/wp-content\/uploads\/2025\/03\/video.png?fit=1160%2C653&ssl=1&resize=350%2C200","width":350,"height":200,"srcset":"https:\/\/i0.wp.com\/kampkomiteen.net\/wp-content\/uploads\/2025\/03\/video.png?fit=1160%2C653&ssl=1&resize=350%2C200 1x, https:\/\/i0.wp.com\/kampkomiteen.net\/wp-content\/uploads\/2025\/03\/video.png?fit=1160%2C653&ssl=1&resize=525%2C300 1.5x, https:\/\/i0.wp.com\/kampkomiteen.net\/wp-content\/uploads\/2025\/03\/video.png?fit=1160%2C653&ssl=1&resize=700%2C400 2x, https:\/\/i0.wp.com\/kampkomiteen.net\/wp-content\/uploads\/2025\/03\/video.png?fit=1160%2C653&ssl=1&resize=1050%2C600 3x"},"classes":[]}],"jetpack_sharing_enabled":true,"_links":{"self":[{"href":"https:\/\/kampkomiteen.net\/index.php?rest_route=\/wp\/v2\/posts\/9391","targetHints":{"allow":["GET"]}}],"collection":[{"href":"https:\/\/kampkomiteen.net\/index.php?rest_route=\/wp\/v2\/posts"}],"about":[{"href":"https:\/\/kampkomiteen.net\/index.php?rest_route=\/wp\/v2\/types\/post"}],"author":[{"embeddable":true,"href":"https:\/\/kampkomiteen.net\/index.php?rest_route=\/wp\/v2\/users\/8"}],"replies":[{"embeddable":true,"href":"https:\/\/kampkomiteen.net\/index.php?rest_route=%2Fwp%2Fv2%2Fcomments&post=9391"}],"version-history":[{"count":2,"href":"https:\/\/kampkomiteen.net\/index.php?rest_route=\/wp\/v2\/posts\/9391\/revisions"}],"predecessor-version":[{"id":9395,"href":"https:\/\/kampkomiteen.net\/index.php?rest_route=\/wp\/v2\/posts\/9391\/revisions\/9395"}],"wp:featuredmedia":[{"embeddable":true,"href":"https:\/\/kampkomiteen.net\/index.php?rest_route=\/wp\/v2\/media\/6299"}],"wp:attachment":[{"href":"https:\/\/kampkomiteen.net\/index.php?rest_route=%2Fwp%2Fv2%2Fmedia&parent=9391"}],"wp:term":[{"taxonomy":"category","embeddable":true,"href":"https:\/\/kampkomiteen.net\/index.php?rest_route=%2Fwp%2Fv2%2Fcategories&post=9391"},{"taxonomy":"post_tag","embeddable":true,"href":"https:\/\/kampkomiteen.net\/index.php?rest_route=%2Fwp%2Fv2%2Ftags&post=9391"}],"curies":[{"name":"wp","href":"https:\/\/api.w.org\/{rel}","templated":true}]}}