{"id":9383,"date":"2025-08-25T20:57:52","date_gmt":"2025-08-25T18:57:52","guid":{"rendered":"https:\/\/kampkomiteen.net\/?p=9383"},"modified":"2025-08-25T20:57:52","modified_gmt":"2025-08-25T18:57:52","slug":"trondheim-ny-kraftfull-demonstrasjon-for-palestina","status":"publish","type":"post","link":"https:\/\/kampkomiteen.net\/?p=9383","title":{"rendered":"Trondheim: Ny kraftfull demonstrasjon for Palestina"},"content":{"rendered":"<div id=\"fb-root\"><\/div>\n\n<p><em>Skrevet av aktivister i Trondheim.<\/em><\/p>\n\n\n\n<p><strong>L\u00f8rdag 23. august deltok aktivister fra Kampkomiteen i l\u00f8rdagsdemonstrasjonen for Palestina.<\/strong><\/p>\n\n\n\n<p>De ukentlige demonstrasjonene fortsetter \u00e5 ha stort oppm\u00f8te og sterkt engasjement. Det ble holdt appeller, framf\u00f8rt musikk og sunget allsang, f\u00f8r demonstrantene gikk i tog gjennom sentrum. Demonstrasjonen ble avsluttet med kraftfulle slagord for den palestinske motstandskampen og boikott av Israel.&nbsp;<\/p>\n\n\n\n<p>I den ene appellen holdt en representant for J\u00f8diske stemmer for rettferdig fred blant annet fram at sionistenes fors\u00f8k p\u00e5 \u00e5 stemple all motstand mot Israel som antisemitisme gir grobunn for nettopp antisemitisme og at det midt opp i alt det forferdelige skal v\u00e6re glade for at vi ikke ser mer antisemitisme. F\u00f8r demonstrasjonen avsluttet ble det lagt vekt p\u00e5 at innsatsen som er blitt lagt ned fra hver og en som har deltatt i solidaritetsbevegelsen har hatt betydning for at \u201cOljefondet\u201d har trukket seg ut av noen selskaper som har bidratt til folkemordet, selv om det fortsatt er mange igjen.<\/p>\n\n\n\n<figure class=\"wp-block-image size-full\"><img data-recalc-dims=\"1\" loading=\"lazy\" decoding=\"async\" width=\"810\" height=\"496\" src=\"https:\/\/i0.wp.com\/kampkomiteen.net\/wp-content\/uploads\/2025\/08\/Demo1-1.jpg?resize=810%2C496&#038;ssl=1\" alt=\"\" class=\"wp-image-9384\" srcset=\"https:\/\/i0.wp.com\/kampkomiteen.net\/wp-content\/uploads\/2025\/08\/Demo1-1.jpg?w=1221&amp;ssl=1 1221w, https:\/\/i0.wp.com\/kampkomiteen.net\/wp-content\/uploads\/2025\/08\/Demo1-1.jpg?resize=1000%2C613&amp;ssl=1 1000w, https:\/\/i0.wp.com\/kampkomiteen.net\/wp-content\/uploads\/2025\/08\/Demo1-1.jpg?resize=768%2C470&amp;ssl=1 768w\" sizes=\"auto, (max-width: 810px) 100vw, 810px\" \/><\/figure>\n\n\n\n<figure class=\"wp-block-image size-full\"><img data-recalc-dims=\"1\" loading=\"lazy\" decoding=\"async\" width=\"810\" height=\"455\" src=\"https:\/\/i0.wp.com\/kampkomiteen.net\/wp-content\/uploads\/2025\/08\/Demo2-1.jpg?resize=810%2C455&#038;ssl=1\" alt=\"\" class=\"wp-image-9385\" srcset=\"https:\/\/i0.wp.com\/kampkomiteen.net\/wp-content\/uploads\/2025\/08\/Demo2-1.jpg?w=1335&amp;ssl=1 1335w, https:\/\/i0.wp.com\/kampkomiteen.net\/wp-content\/uploads\/2025\/08\/Demo2-1.jpg?resize=1000%2C562&amp;ssl=1 1000w, https:\/\/i0.wp.com\/kampkomiteen.net\/wp-content\/uploads\/2025\/08\/Demo2-1.jpg?resize=768%2C431&amp;ssl=1 768w\" sizes=\"auto, (max-width: 810px) 100vw, 810px\" \/><\/figure>\n\n\n\n<figure class=\"wp-block-image size-full\"><img data-recalc-dims=\"1\" loading=\"lazy\" decoding=\"async\" width=\"810\" height=\"540\" src=\"https:\/\/i0.wp.com\/kampkomiteen.net\/wp-content\/uploads\/2025\/08\/Demo3-1.jpg?resize=810%2C540&#038;ssl=1\" alt=\"\" class=\"wp-image-9386\" srcset=\"https:\/\/i0.wp.com\/kampkomiteen.net\/wp-content\/uploads\/2025\/08\/Demo3-1.jpg?w=1125&amp;ssl=1 1125w, https:\/\/i0.wp.com\/kampkomiteen.net\/wp-content\/uploads\/2025\/08\/Demo3-1.jpg?resize=1000%2C667&amp;ssl=1 1000w, https:\/\/i0.wp.com\/kampkomiteen.net\/wp-content\/uploads\/2025\/08\/Demo3-1.jpg?resize=768%2C512&amp;ssl=1 768w, https:\/\/i0.wp.com\/kampkomiteen.net\/wp-content\/uploads\/2025\/08\/Demo3-1.jpg?resize=120%2C80&amp;ssl=1 120w\" sizes=\"auto, (max-width: 810px) 100vw, 810px\" \/><\/figure>\n\n\n\n<figure class=\"wp-block-image size-full\"><img data-recalc-dims=\"1\" loading=\"lazy\" decoding=\"async\" width=\"810\" height=\"656\" src=\"https:\/\/i0.wp.com\/kampkomiteen.net\/wp-content\/uploads\/2025\/08\/Demo4-1.jpg?resize=810%2C656&#038;ssl=1\" alt=\"\" class=\"wp-image-9387\" srcset=\"https:\/\/i0.wp.com\/kampkomiteen.net\/wp-content\/uploads\/2025\/08\/Demo4-1.jpg?w=926&amp;ssl=1 926w, https:\/\/i0.wp.com\/kampkomiteen.net\/wp-content\/uploads\/2025\/08\/Demo4-1.jpg?resize=768%2C622&amp;ssl=1 768w\" sizes=\"auto, (max-width: 810px) 100vw, 810px\" \/><\/figure>\n","protected":false},"excerpt":{"rendered":"<p>L\u00f8rdag 23. august deltok aktivister fra Kampkomiteen i l\u00f8rdagsdemonstrasjonen for Palestina.<\/p>\n","protected":false},"author":8,"featured_media":9388,"comment_status":"closed","ping_status":"","sticky":false,"template":"","format":"standard","meta":{"advanced_seo_description":"","jetpack_seo_html_title":"","jetpack_seo_noindex":false,"_jetpack_memberships_contains_paid_content":false,"footnotes":""},"categories":[1],"tags":[4,21,47],"class_list":["post-9383","post","type-post","status-publish","format-standard","has-post-thumbnail","hentry","category-uncategorized","tag-demonstrasjon","tag-palestina","tag-solidaritet"],"jetpack_featured_media_url":"https:\/\/i0.wp.com\/kampkomiteen.net\/wp-content\/uploads\/2025\/08\/Demo5-1.jpg?fit=1125%2C750&ssl=1","jetpack_shortlink":"https:\/\/wp.me\/pchuPf-2rl","jetpack-related-posts":[{"id":8660,"url":"https:\/\/kampkomiteen.net\/?p=8660","url_meta":{"origin":9383,"position":0},"title":"Trondheim: Ukentlig palestinademonstrasjon","author":"Kampkomiteen","date":"6. april 2025","format":false,"excerpt":"L\u00f8rdag 5. april deltok Kampkomiteen p\u00e5 den andre av det som skal bli ukentlige demonstrasjoner for Palestina.","rel":"","context":"i \"Demonstrasjon\"","block_context":{"text":"Demonstrasjon","link":"https:\/\/kampkomiteen.net\/?tag=demonstrasjon"},"img":{"alt_text":"","src":"https:\/\/i0.wp.com\/kampkomiteen.net\/wp-content\/uploads\/2025\/04\/IMG_0754.png?fit=640%2C480&ssl=1&resize=350%2C200","width":350,"height":200,"srcset":"https:\/\/i0.wp.com\/kampkomiteen.net\/wp-content\/uploads\/2025\/04\/IMG_0754.png?fit=640%2C480&ssl=1&resize=350%2C200 1x, https:\/\/i0.wp.com\/kampkomiteen.net\/wp-content\/uploads\/2025\/04\/IMG_0754.png?fit=640%2C480&ssl=1&resize=525%2C300 1.5x"},"classes":[]},{"id":9372,"url":"https:\/\/kampkomiteen.net\/?p=9372","url_meta":{"origin":9383,"position":1},"title":"Trondheim: L\u00f8rdagsdemonstrasjon for Palestina","author":"Kampkomiteen","date":"24. august 2025","format":false,"excerpt":"L\u00f8rdag 16. august deltok aktivister fra Kampkomiteen i den ukentlige demonstrasjonen for Palestina.","rel":"","context":"i \"Demonstrasjon\"","block_context":{"text":"Demonstrasjon","link":"https:\/\/kampkomiteen.net\/?tag=demonstrasjon"},"img":{"alt_text":"","src":"https:\/\/i0.wp.com\/kampkomiteen.net\/wp-content\/uploads\/2025\/08\/Illustrasjonsbilde.jpg?fit=753%2C525&ssl=1&resize=350%2C200","width":350,"height":200,"srcset":"https:\/\/i0.wp.com\/kampkomiteen.net\/wp-content\/uploads\/2025\/08\/Illustrasjonsbilde.jpg?fit=753%2C525&ssl=1&resize=350%2C200 1x, https:\/\/i0.wp.com\/kampkomiteen.net\/wp-content\/uploads\/2025\/08\/Illustrasjonsbilde.jpg?fit=753%2C525&ssl=1&resize=525%2C300 1.5x, https:\/\/i0.wp.com\/kampkomiteen.net\/wp-content\/uploads\/2025\/08\/Illustrasjonsbilde.jpg?fit=753%2C525&ssl=1&resize=700%2C400 2x"},"classes":[]},{"id":9450,"url":"https:\/\/kampkomiteen.net\/?p=9450","url_meta":{"origin":9383,"position":2},"title":"Trondheim: Kraftfull demonstrasjon for Palestina","author":"Kampkomiteen","date":"2. september 2025","format":false,"excerpt":"L\u00f8rdag 30. august deltok Kampkomiteen p\u00e5 en kraftfull demonstrasjon mot Israels folkemord mot palestinerne.","rel":"","context":"i \"Demonstrasjon\"","block_context":{"text":"Demonstrasjon","link":"https:\/\/kampkomiteen.net\/?tag=demonstrasjon"},"img":{"alt_text":"","src":"https:\/\/i0.wp.com\/kampkomiteen.net\/wp-content\/uploads\/2025\/09\/demo2.jpg?fit=837%2C556&ssl=1&resize=350%2C200","width":350,"height":200,"srcset":"https:\/\/i0.wp.com\/kampkomiteen.net\/wp-content\/uploads\/2025\/09\/demo2.jpg?fit=837%2C556&ssl=1&resize=350%2C200 1x, https:\/\/i0.wp.com\/kampkomiteen.net\/wp-content\/uploads\/2025\/09\/demo2.jpg?fit=837%2C556&ssl=1&resize=525%2C300 1.5x, https:\/\/i0.wp.com\/kampkomiteen.net\/wp-content\/uploads\/2025\/09\/demo2.jpg?fit=837%2C556&ssl=1&resize=700%2C400 2x"},"classes":[]},{"id":6742,"url":"https:\/\/kampkomiteen.net\/?p=6742","url_meta":{"origin":9383,"position":3},"title":"Trondheim: Demonstrasjon for Gaza","author":"Kampkomiteen","date":"21. januar 2024","format":false,"excerpt":"L\u00f8rdag 20. januar deltok aktivister fra Kampkomiteen p\u00e5 en demonstrasjon for Gaza i Trondheim. Demonstrasjonen samla over tusen deltakere og ble arrangert av Palestinakomiteen og Studenter for Palestina.","rel":"","context":"i \"Demonstrasjon\"","block_context":{"text":"Demonstrasjon","link":"https:\/\/kampkomiteen.net\/?tag=demonstrasjon"},"img":{"alt_text":"","src":"https:\/\/i0.wp.com\/kampkomiteen.net\/wp-content\/uploads\/2024\/01\/Gazademo_Trheim.jpg?fit=1160%2C870&ssl=1&resize=350%2C200","width":350,"height":200,"srcset":"https:\/\/i0.wp.com\/kampkomiteen.net\/wp-content\/uploads\/2024\/01\/Gazademo_Trheim.jpg?fit=1160%2C870&ssl=1&resize=350%2C200 1x, https:\/\/i0.wp.com\/kampkomiteen.net\/wp-content\/uploads\/2024\/01\/Gazademo_Trheim.jpg?fit=1160%2C870&ssl=1&resize=525%2C300 1.5x, https:\/\/i0.wp.com\/kampkomiteen.net\/wp-content\/uploads\/2024\/01\/Gazademo_Trheim.jpg?fit=1160%2C870&ssl=1&resize=700%2C400 2x, https:\/\/i0.wp.com\/kampkomiteen.net\/wp-content\/uploads\/2024\/01\/Gazademo_Trheim.jpg?fit=1160%2C870&ssl=1&resize=1050%2C600 3x"},"classes":[]},{"id":8313,"url":"https:\/\/kampkomiteen.net\/?p=8313","url_meta":{"origin":9383,"position":4},"title":"Trondheim: Demonstrasjon og mobilisering for Palestina","author":"Kampkomiteen","date":"13. februar 2025","format":false,"excerpt":"Kampkomiteen deltok l\u00f8rdag 8. februar p\u00e5 en demonstrasjon i regi av Palestinakomiteen og Studenter for Palestina i Trondheim. Mobiliseringen til demonstrasjon 15. februar fortsetter.","rel":"","context":"i \"Demonstrasjon\"","block_context":{"text":"Demonstrasjon","link":"https:\/\/kampkomiteen.net\/?tag=demonstrasjon"},"img":{"alt_text":"","src":"https:\/\/i0.wp.com\/kampkomiteen.net\/wp-content\/uploads\/2025\/02\/DSCF2782.jpg?fit=1200%2C900&ssl=1&resize=350%2C200","width":350,"height":200,"srcset":"https:\/\/i0.wp.com\/kampkomiteen.net\/wp-content\/uploads\/2025\/02\/DSCF2782.jpg?fit=1200%2C900&ssl=1&resize=350%2C200 1x, https:\/\/i0.wp.com\/kampkomiteen.net\/wp-content\/uploads\/2025\/02\/DSCF2782.jpg?fit=1200%2C900&ssl=1&resize=525%2C300 1.5x, https:\/\/i0.wp.com\/kampkomiteen.net\/wp-content\/uploads\/2025\/02\/DSCF2782.jpg?fit=1200%2C900&ssl=1&resize=700%2C400 2x, https:\/\/i0.wp.com\/kampkomiteen.net\/wp-content\/uploads\/2025\/02\/DSCF2782.jpg?fit=1200%2C900&ssl=1&resize=1050%2C600 3x"},"classes":[]},{"id":10710,"url":"https:\/\/kampkomiteen.net\/?p=10710","url_meta":{"origin":9383,"position":5},"title":"Trondheim: Demonstrasjon mot USAs og Israels angrep p\u00e5 Iran","author":"Kampkomiteen","date":"9. mars 2026","format":false,"excerpt":"Tirsdag 3. mars ble det arrangert en demonstrasjon som ford\u00f8mte USAs og Israels angrep p\u00e5 Iran.","rel":"","context":"i \"Antiimperialisme\"","block_context":{"text":"Antiimperialisme","link":"https:\/\/kampkomiteen.net\/?tag=antiimperialisme"},"img":{"alt_text":"","src":"https:\/\/i0.wp.com\/kampkomiteen.net\/wp-content\/uploads\/2026\/03\/DemoIran4.jpg?fit=1050%2C700&ssl=1&resize=350%2C200","width":350,"height":200,"srcset":"https:\/\/i0.wp.com\/kampkomiteen.net\/wp-content\/uploads\/2026\/03\/DemoIran4.jpg?fit=1050%2C700&ssl=1&resize=350%2C200 1x, https:\/\/i0.wp.com\/kampkomiteen.net\/wp-content\/uploads\/2026\/03\/DemoIran4.jpg?fit=1050%2C700&ssl=1&resize=525%2C300 1.5x, https:\/\/i0.wp.com\/kampkomiteen.net\/wp-content\/uploads\/2026\/03\/DemoIran4.jpg?fit=1050%2C700&ssl=1&resize=700%2C400 2x, https:\/\/i0.wp.com\/kampkomiteen.net\/wp-content\/uploads\/2026\/03\/DemoIran4.jpg?fit=1050%2C700&ssl=1&resize=1050%2C600 3x"},"classes":[]}],"jetpack_sharing_enabled":true,"_links":{"self":[{"href":"https:\/\/kampkomiteen.net\/index.php?rest_route=\/wp\/v2\/posts\/9383","targetHints":{"allow":["GET"]}}],"collection":[{"href":"https:\/\/kampkomiteen.net\/index.php?rest_route=\/wp\/v2\/posts"}],"about":[{"href":"https:\/\/kampkomiteen.net\/index.php?rest_route=\/wp\/v2\/types\/post"}],"author":[{"embeddable":true,"href":"https:\/\/kampkomiteen.net\/index.php?rest_route=\/wp\/v2\/users\/8"}],"replies":[{"embeddable":true,"href":"https:\/\/kampkomiteen.net\/index.php?rest_route=%2Fwp%2Fv2%2Fcomments&post=9383"}],"version-history":[{"count":1,"href":"https:\/\/kampkomiteen.net\/index.php?rest_route=\/wp\/v2\/posts\/9383\/revisions"}],"predecessor-version":[{"id":9389,"href":"https:\/\/kampkomiteen.net\/index.php?rest_route=\/wp\/v2\/posts\/9383\/revisions\/9389"}],"wp:featuredmedia":[{"embeddable":true,"href":"https:\/\/kampkomiteen.net\/index.php?rest_route=\/wp\/v2\/media\/9388"}],"wp:attachment":[{"href":"https:\/\/kampkomiteen.net\/index.php?rest_route=%2Fwp%2Fv2%2Fmedia&parent=9383"}],"wp:term":[{"taxonomy":"category","embeddable":true,"href":"https:\/\/kampkomiteen.net\/index.php?rest_route=%2Fwp%2Fv2%2Fcategories&post=9383"},{"taxonomy":"post_tag","embeddable":true,"href":"https:\/\/kampkomiteen.net\/index.php?rest_route=%2Fwp%2Fv2%2Ftags&post=9383"}],"curies":[{"name":"wp","href":"https:\/\/api.w.org\/{rel}","templated":true}]}}