{"id":9372,"date":"2025-08-24T12:27:59","date_gmt":"2025-08-24T10:27:59","guid":{"rendered":"https:\/\/kampkomiteen.net\/?p=9372"},"modified":"2025-08-24T12:27:59","modified_gmt":"2025-08-24T10:27:59","slug":"trondheim-lordagsdemonstrasjon-for-palestina-2","status":"publish","type":"post","link":"https:\/\/kampkomiteen.net\/?p=9372","title":{"rendered":"Trondheim: L\u00f8rdagsdemonstrasjon for Palestina"},"content":{"rendered":"<div id=\"fb-root\"><\/div>\n\n<p><em>Skrevet av aktivister i Trondheim.<\/em><\/p>\n\n\n\n<p><strong>L\u00f8rdag 16. august deltok aktivister fra Kampkomiteen i den ukentlige demonstrasjonen for Palestina.<\/strong><\/p>\n\n\n\n<p>Ogs\u00e5 denne gangen var det stort oppm\u00f8te av mennesker i alle aldre. Det ble holdt appeller og kraftfullt ropt slagord, blant annet \u201cOljefondet ut av Israel,\u201d \u201cintifada, intifada, lenge leve intifada,\u201d \u201cla Gaza leve, la barna leve,\u201d \u201cfascist, sionist, Israel er terrorist\u201d og \u201cboikott Israel, fritt Palestina!\u201d Demonstrasjonen ble avsluttet med tog gjennom sentrum, ledet av parolen \u201cOljefondet ut av Israel!\u201d To sionister fors\u00f8kte \u00e5 forstyrre demonstrasjonen, men trakk seg tilbake da de ble m\u00f8tt med standhaftighet og slagord som \u201cIngen fascister i v\u00e5re gater!\u201d fra demonstrantene.<\/p>\n\n\n\n<figure class=\"wp-block-image size-full\"><img data-recalc-dims=\"1\" loading=\"lazy\" decoding=\"async\" width=\"810\" height=\"414\" src=\"https:\/\/i0.wp.com\/kampkomiteen.net\/wp-content\/uploads\/2025\/08\/Demo1.jpg?resize=810%2C414&#038;ssl=1\" alt=\"\" class=\"wp-image-9373\" srcset=\"https:\/\/i0.wp.com\/kampkomiteen.net\/wp-content\/uploads\/2025\/08\/Demo1.jpg?w=861&amp;ssl=1 861w, https:\/\/i0.wp.com\/kampkomiteen.net\/wp-content\/uploads\/2025\/08\/Demo1.jpg?resize=768%2C392&amp;ssl=1 768w\" sizes=\"auto, (max-width: 810px) 100vw, 810px\" \/><\/figure>\n\n\n\n<figure class=\"wp-block-image size-full\"><img data-recalc-dims=\"1\" loading=\"lazy\" decoding=\"async\" width=\"810\" height=\"580\" src=\"https:\/\/i0.wp.com\/kampkomiteen.net\/wp-content\/uploads\/2025\/08\/Demo2.jpg?resize=810%2C580&#038;ssl=1\" alt=\"\" class=\"wp-image-9374\" srcset=\"https:\/\/i0.wp.com\/kampkomiteen.net\/wp-content\/uploads\/2025\/08\/Demo2.jpg?w=907&amp;ssl=1 907w, https:\/\/i0.wp.com\/kampkomiteen.net\/wp-content\/uploads\/2025\/08\/Demo2.jpg?resize=768%2C550&amp;ssl=1 768w\" sizes=\"auto, (max-width: 810px) 100vw, 810px\" \/><\/figure>\n\n\n\n<figure class=\"wp-block-image size-full\"><img data-recalc-dims=\"1\" loading=\"lazy\" decoding=\"async\" width=\"810\" height=\"515\" src=\"https:\/\/i0.wp.com\/kampkomiteen.net\/wp-content\/uploads\/2025\/08\/Demo3.jpg?resize=810%2C515&#038;ssl=1\" alt=\"\" class=\"wp-image-9375\" srcset=\"https:\/\/i0.wp.com\/kampkomiteen.net\/wp-content\/uploads\/2025\/08\/Demo3.jpg?w=1102&amp;ssl=1 1102w, https:\/\/i0.wp.com\/kampkomiteen.net\/wp-content\/uploads\/2025\/08\/Demo3.jpg?resize=1000%2C635&amp;ssl=1 1000w, https:\/\/i0.wp.com\/kampkomiteen.net\/wp-content\/uploads\/2025\/08\/Demo3.jpg?resize=768%2C488&amp;ssl=1 768w, https:\/\/i0.wp.com\/kampkomiteen.net\/wp-content\/uploads\/2025\/08\/Demo3.jpg?resize=360%2C230&amp;ssl=1 360w, https:\/\/i0.wp.com\/kampkomiteen.net\/wp-content\/uploads\/2025\/08\/Demo3.jpg?resize=600%2C380&amp;ssl=1 600w\" sizes=\"auto, (max-width: 810px) 100vw, 810px\" \/><\/figure>\n\n\n\n<figure class=\"wp-block-image size-full\"><img data-recalc-dims=\"1\" loading=\"lazy\" decoding=\"async\" width=\"675\" height=\"450\" src=\"https:\/\/i0.wp.com\/kampkomiteen.net\/wp-content\/uploads\/2025\/08\/Demo4.jpg?resize=675%2C450&#038;ssl=1\" alt=\"\" class=\"wp-image-9376\" srcset=\"https:\/\/i0.wp.com\/kampkomiteen.net\/wp-content\/uploads\/2025\/08\/Demo4.jpg?w=675&amp;ssl=1 675w, https:\/\/i0.wp.com\/kampkomiteen.net\/wp-content\/uploads\/2025\/08\/Demo4.jpg?resize=120%2C80&amp;ssl=1 120w\" sizes=\"auto, (max-width: 675px) 100vw, 675px\" \/><\/figure>\n\n\n\n<figure class=\"wp-block-image size-full\"><img data-recalc-dims=\"1\" loading=\"lazy\" decoding=\"async\" width=\"719\" height=\"488\" src=\"https:\/\/i0.wp.com\/kampkomiteen.net\/wp-content\/uploads\/2025\/08\/Demo5.jpg?resize=719%2C488&#038;ssl=1\" alt=\"\" class=\"wp-image-9377\" srcset=\"https:\/\/i0.wp.com\/kampkomiteen.net\/wp-content\/uploads\/2025\/08\/Demo5.jpg?w=719&amp;ssl=1 719w, https:\/\/i0.wp.com\/kampkomiteen.net\/wp-content\/uploads\/2025\/08\/Demo5.jpg?resize=120%2C80&amp;ssl=1 120w\" sizes=\"auto, (max-width: 719px) 100vw, 719px\" \/><\/figure>\n\n\n\n<figure class=\"wp-block-image size-full\"><img data-recalc-dims=\"1\" loading=\"lazy\" decoding=\"async\" width=\"737\" height=\"450\" src=\"https:\/\/i0.wp.com\/kampkomiteen.net\/wp-content\/uploads\/2025\/08\/Demo6.jpg?resize=737%2C450&#038;ssl=1\" alt=\"\" class=\"wp-image-9378\"\/><\/figure>\n\n\n\n<figure class=\"wp-block-image size-full\"><img data-recalc-dims=\"1\" loading=\"lazy\" decoding=\"async\" width=\"675\" height=\"450\" src=\"https:\/\/i0.wp.com\/kampkomiteen.net\/wp-content\/uploads\/2025\/08\/Demo7.jpg?resize=675%2C450&#038;ssl=1\" alt=\"\" class=\"wp-image-9379\" srcset=\"https:\/\/i0.wp.com\/kampkomiteen.net\/wp-content\/uploads\/2025\/08\/Demo7.jpg?w=675&amp;ssl=1 675w, https:\/\/i0.wp.com\/kampkomiteen.net\/wp-content\/uploads\/2025\/08\/Demo7.jpg?resize=120%2C80&amp;ssl=1 120w\" sizes=\"auto, (max-width: 675px) 100vw, 675px\" \/><\/figure>\n","protected":false},"excerpt":{"rendered":"<p>L\u00f8rdag 16. august deltok aktivister fra Kampkomiteen i den ukentlige demonstrasjonen for Palestina.<\/p>\n","protected":false},"author":8,"featured_media":9380,"comment_status":"closed","ping_status":"","sticky":false,"template":"","format":"standard","meta":{"advanced_seo_description":"","jetpack_seo_html_title":"","jetpack_seo_noindex":false,"_jetpack_memberships_contains_paid_content":false,"footnotes":""},"categories":[1],"tags":[4,21,47],"class_list":["post-9372","post","type-post","status-publish","format-standard","has-post-thumbnail","hentry","category-uncategorized","tag-demonstrasjon","tag-palestina","tag-solidaritet"],"jetpack_featured_media_url":"https:\/\/i0.wp.com\/kampkomiteen.net\/wp-content\/uploads\/2025\/08\/Illustrasjonsbilde.jpg?fit=753%2C525&ssl=1","jetpack_shortlink":"https:\/\/wp.me\/pchuPf-2ra","jetpack-related-posts":[{"id":8660,"url":"https:\/\/kampkomiteen.net\/?p=8660","url_meta":{"origin":9372,"position":0},"title":"Trondheim: Ukentlig palestinademonstrasjon","author":"Kampkomiteen","date":"6. april 2025","format":false,"excerpt":"L\u00f8rdag 5. april deltok Kampkomiteen p\u00e5 den andre av det som skal bli ukentlige demonstrasjoner for Palestina.","rel":"","context":"i \"Demonstrasjon\"","block_context":{"text":"Demonstrasjon","link":"https:\/\/kampkomiteen.net\/?tag=demonstrasjon"},"img":{"alt_text":"","src":"https:\/\/i0.wp.com\/kampkomiteen.net\/wp-content\/uploads\/2025\/04\/IMG_0754.png?fit=640%2C480&ssl=1&resize=350%2C200","width":350,"height":200,"srcset":"https:\/\/i0.wp.com\/kampkomiteen.net\/wp-content\/uploads\/2025\/04\/IMG_0754.png?fit=640%2C480&ssl=1&resize=350%2C200 1x, https:\/\/i0.wp.com\/kampkomiteen.net\/wp-content\/uploads\/2025\/04\/IMG_0754.png?fit=640%2C480&ssl=1&resize=525%2C300 1.5x"},"classes":[]},{"id":8079,"url":"https:\/\/kampkomiteen.net\/?p=8079","url_meta":{"origin":9372,"position":1},"title":"Trondheim: Markeringer mot vold mot kvinner og for Palestina","author":"Kampkomiteen","date":"2. desember 2024","format":false,"excerpt":"L\u00f8rdag 30. november deltok Kampkomiteen i Trondheim p\u00e5 ei markering av den internasjonale dagen mot vold mot kvinner, og en demonstrasjon for Palestina.","rel":"","context":"i \"25. november\"","block_context":{"text":"25. november","link":"https:\/\/kampkomiteen.net\/?tag=25-november"},"img":{"alt_text":"","src":"https:\/\/i0.wp.com\/kampkomiteen.net\/wp-content\/uploads\/2024\/12\/Paldemo3-scaled.jpg?fit=1200%2C800&ssl=1&resize=350%2C200","width":350,"height":200,"srcset":"https:\/\/i0.wp.com\/kampkomiteen.net\/wp-content\/uploads\/2024\/12\/Paldemo3-scaled.jpg?fit=1200%2C800&ssl=1&resize=350%2C200 1x, https:\/\/i0.wp.com\/kampkomiteen.net\/wp-content\/uploads\/2024\/12\/Paldemo3-scaled.jpg?fit=1200%2C800&ssl=1&resize=525%2C300 1.5x, https:\/\/i0.wp.com\/kampkomiteen.net\/wp-content\/uploads\/2024\/12\/Paldemo3-scaled.jpg?fit=1200%2C800&ssl=1&resize=700%2C400 2x, https:\/\/i0.wp.com\/kampkomiteen.net\/wp-content\/uploads\/2024\/12\/Paldemo3-scaled.jpg?fit=1200%2C800&ssl=1&resize=1050%2C600 3x"},"classes":[]},{"id":9383,"url":"https:\/\/kampkomiteen.net\/?p=9383","url_meta":{"origin":9372,"position":2},"title":"Trondheim: Ny kraftfull demonstrasjon for Palestina","author":"Kampkomiteen","date":"25. august 2025","format":false,"excerpt":"L\u00f8rdag 23. august deltok aktivister fra Kampkomiteen i l\u00f8rdagsdemonstrasjonen for Palestina.","rel":"","context":"i \"Demonstrasjon\"","block_context":{"text":"Demonstrasjon","link":"https:\/\/kampkomiteen.net\/?tag=demonstrasjon"},"img":{"alt_text":"","src":"https:\/\/i0.wp.com\/kampkomiteen.net\/wp-content\/uploads\/2025\/08\/Demo5-1.jpg?fit=1125%2C750&ssl=1&resize=350%2C200","width":350,"height":200,"srcset":"https:\/\/i0.wp.com\/kampkomiteen.net\/wp-content\/uploads\/2025\/08\/Demo5-1.jpg?fit=1125%2C750&ssl=1&resize=350%2C200 1x, https:\/\/i0.wp.com\/kampkomiteen.net\/wp-content\/uploads\/2025\/08\/Demo5-1.jpg?fit=1125%2C750&ssl=1&resize=525%2C300 1.5x, https:\/\/i0.wp.com\/kampkomiteen.net\/wp-content\/uploads\/2025\/08\/Demo5-1.jpg?fit=1125%2C750&ssl=1&resize=700%2C400 2x, https:\/\/i0.wp.com\/kampkomiteen.net\/wp-content\/uploads\/2025\/08\/Demo5-1.jpg?fit=1125%2C750&ssl=1&resize=1050%2C600 3x"},"classes":[]},{"id":6824,"url":"https:\/\/kampkomiteen.net\/?p=6824","url_meta":{"origin":9372,"position":3},"title":"Trondheim: Demonstrasjoner for Palestina og boikott av Israel","author":"Kampkomiteen","date":"10. februar 2024","format":false,"excerpt":"L\u00f8rdag 3. februar deltok Kampkomiteen p\u00e5 to demonstrasjoner i Trondheim arrangert av Palestina-aktivister.","rel":"","context":"Liknende innlegg","block_context":{"text":"Liknende innlegg","link":""},"img":{"alt_text":"","src":"https:\/\/i0.wp.com\/kampkomiteen.net\/wp-content\/uploads\/2024\/02\/Palestina_Trondheim.jpg?fit=1200%2C900&ssl=1&resize=350%2C200","width":350,"height":200,"srcset":"https:\/\/i0.wp.com\/kampkomiteen.net\/wp-content\/uploads\/2024\/02\/Palestina_Trondheim.jpg?fit=1200%2C900&ssl=1&resize=350%2C200 1x, https:\/\/i0.wp.com\/kampkomiteen.net\/wp-content\/uploads\/2024\/02\/Palestina_Trondheim.jpg?fit=1200%2C900&ssl=1&resize=525%2C300 1.5x, https:\/\/i0.wp.com\/kampkomiteen.net\/wp-content\/uploads\/2024\/02\/Palestina_Trondheim.jpg?fit=1200%2C900&ssl=1&resize=700%2C400 2x, https:\/\/i0.wp.com\/kampkomiteen.net\/wp-content\/uploads\/2024\/02\/Palestina_Trondheim.jpg?fit=1200%2C900&ssl=1&resize=1050%2C600 3x"},"classes":[]},{"id":9658,"url":"https:\/\/kampkomiteen.net\/?p=9658","url_meta":{"origin":9372,"position":4},"title":"Trondheim: Demonstrasjoner for Palestina","author":"Kampkomiteen","date":"30. september 2025","format":false,"excerpt":"De siste to ukene har Kampkomiteen deltatt p\u00e5 flere demonstrasjoner til st\u00f8tte for Palestina.","rel":"","context":"i \"Demonstrasjon\"","block_context":{"text":"Demonstrasjon","link":"https:\/\/kampkomiteen.net\/?tag=demonstrasjon"},"img":{"alt_text":"","src":"https:\/\/i0.wp.com\/kampkomiteen.net\/wp-content\/uploads\/2025\/09\/lordagsdemo3.jpg?fit=1150%2C680&ssl=1&resize=350%2C200","width":350,"height":200,"srcset":"https:\/\/i0.wp.com\/kampkomiteen.net\/wp-content\/uploads\/2025\/09\/lordagsdemo3.jpg?fit=1150%2C680&ssl=1&resize=350%2C200 1x, https:\/\/i0.wp.com\/kampkomiteen.net\/wp-content\/uploads\/2025\/09\/lordagsdemo3.jpg?fit=1150%2C680&ssl=1&resize=525%2C300 1.5x, https:\/\/i0.wp.com\/kampkomiteen.net\/wp-content\/uploads\/2025\/09\/lordagsdemo3.jpg?fit=1150%2C680&ssl=1&resize=700%2C400 2x, https:\/\/i0.wp.com\/kampkomiteen.net\/wp-content\/uploads\/2025\/09\/lordagsdemo3.jpg?fit=1150%2C680&ssl=1&resize=1050%2C600 3x"},"classes":[]},{"id":9440,"url":"https:\/\/kampkomiteen.net\/?p=9440","url_meta":{"origin":9372,"position":5},"title":"Oslo: Massiv demonstrasjon for Palestina","author":"Kampkomiteen","date":"2. september 2025","format":false,"excerpt":"L\u00f8rdag 30. august deltok aktivister fra Kampkomiteen i Oslo p\u00e5 en demonstrasjon organisert av Palestinakomiteen med bannerne \u00abForsvar retten til \u00e5 protestere! St\u00f8tt de 3 palestinaaktivistene\u00bb og \u00abIngen st\u00f8tte til Israels folkemord!\u00bb.","rel":"","context":"i \"Antiimperialisme\"","block_context":{"text":"Antiimperialisme","link":"https:\/\/kampkomiteen.net\/?tag=antiimperialisme"},"img":{"alt_text":"","src":"https:\/\/i0.wp.com\/kampkomiteen.net\/wp-content\/uploads\/2025\/09\/2-1-scaled.jpg?fit=1200%2C800&ssl=1&resize=350%2C200","width":350,"height":200,"srcset":"https:\/\/i0.wp.com\/kampkomiteen.net\/wp-content\/uploads\/2025\/09\/2-1-scaled.jpg?fit=1200%2C800&ssl=1&resize=350%2C200 1x, https:\/\/i0.wp.com\/kampkomiteen.net\/wp-content\/uploads\/2025\/09\/2-1-scaled.jpg?fit=1200%2C800&ssl=1&resize=525%2C300 1.5x, https:\/\/i0.wp.com\/kampkomiteen.net\/wp-content\/uploads\/2025\/09\/2-1-scaled.jpg?fit=1200%2C800&ssl=1&resize=700%2C400 2x, https:\/\/i0.wp.com\/kampkomiteen.net\/wp-content\/uploads\/2025\/09\/2-1-scaled.jpg?fit=1200%2C800&ssl=1&resize=1050%2C600 3x"},"classes":[]}],"jetpack_sharing_enabled":true,"_links":{"self":[{"href":"https:\/\/kampkomiteen.net\/index.php?rest_route=\/wp\/v2\/posts\/9372","targetHints":{"allow":["GET"]}}],"collection":[{"href":"https:\/\/kampkomiteen.net\/index.php?rest_route=\/wp\/v2\/posts"}],"about":[{"href":"https:\/\/kampkomiteen.net\/index.php?rest_route=\/wp\/v2\/types\/post"}],"author":[{"embeddable":true,"href":"https:\/\/kampkomiteen.net\/index.php?rest_route=\/wp\/v2\/users\/8"}],"replies":[{"embeddable":true,"href":"https:\/\/kampkomiteen.net\/index.php?rest_route=%2Fwp%2Fv2%2Fcomments&post=9372"}],"version-history":[{"count":1,"href":"https:\/\/kampkomiteen.net\/index.php?rest_route=\/wp\/v2\/posts\/9372\/revisions"}],"predecessor-version":[{"id":9381,"href":"https:\/\/kampkomiteen.net\/index.php?rest_route=\/wp\/v2\/posts\/9372\/revisions\/9381"}],"wp:featuredmedia":[{"embeddable":true,"href":"https:\/\/kampkomiteen.net\/index.php?rest_route=\/wp\/v2\/media\/9380"}],"wp:attachment":[{"href":"https:\/\/kampkomiteen.net\/index.php?rest_route=%2Fwp%2Fv2%2Fmedia&parent=9372"}],"wp:term":[{"taxonomy":"category","embeddable":true,"href":"https:\/\/kampkomiteen.net\/index.php?rest_route=%2Fwp%2Fv2%2Fcategories&post=9372"},{"taxonomy":"post_tag","embeddable":true,"href":"https:\/\/kampkomiteen.net\/index.php?rest_route=%2Fwp%2Fv2%2Ftags&post=9372"}],"curies":[{"name":"wp","href":"https:\/\/api.w.org\/{rel}","templated":true}]}}