{"id":9362,"date":"2025-08-21T21:12:31","date_gmt":"2025-08-21T19:12:31","guid":{"rendered":"https:\/\/kampkomiteen.net\/?p=9362"},"modified":"2025-08-21T21:13:59","modified_gmt":"2025-08-21T19:13:59","slug":"oslo-plakater-for-apent-mote-om-oljefondet-og-norsk-imperialisme","status":"publish","type":"post","link":"https:\/\/kampkomiteen.net\/?p=9362","title":{"rendered":"Oslo: Plakater for \u00e5pent m\u00f8te om \u00abOljefondet\u00bb og norsk imperialisme"},"content":{"rendered":"<div id=\"fb-root\"><\/div>\n\n<p><em>Skrevet av aktivister i Oslo<\/em><\/p>\n\n\n\n<p>Aktivister fra Kampkomiteen i Oslo har utf\u00f8rt en plakataksjon der det ble hengt opp plakater for \u00e5 mobilisere til et \u00e5pent m\u00f8te om \u00abOljefondet\u00bb og norsk imperialisme. Plakatene ble satt opp p\u00e5 Blindern campus og Kringsj\u00e5 og ble godt tatt imot av flere forbipasserende.<\/p>\n\n\n\n<p>Det \u00e5pne m\u00f8te holdes onsdag 27. august, kl. 18:00, p\u00e5 Harriet Holters hus p\u00e5 Blindern.<\/p>\n\n\n\n<figure class=\"wp-block-image size-full\"><img data-recalc-dims=\"1\" loading=\"lazy\" decoding=\"async\" width=\"810\" height=\"540\" src=\"https:\/\/i0.wp.com\/kampkomiteen.net\/wp-content\/uploads\/2025\/08\/IMG_9498-scaled.jpg?resize=810%2C540&#038;ssl=1\" alt=\"\" class=\"wp-image-9363\" srcset=\"https:\/\/i0.wp.com\/kampkomiteen.net\/wp-content\/uploads\/2025\/08\/IMG_9498-scaled.jpg?w=2560&amp;ssl=1 2560w, https:\/\/i0.wp.com\/kampkomiteen.net\/wp-content\/uploads\/2025\/08\/IMG_9498-scaled.jpg?resize=1000%2C667&amp;ssl=1 1000w, https:\/\/i0.wp.com\/kampkomiteen.net\/wp-content\/uploads\/2025\/08\/IMG_9498-scaled.jpg?resize=768%2C512&amp;ssl=1 768w, https:\/\/i0.wp.com\/kampkomiteen.net\/wp-content\/uploads\/2025\/08\/IMG_9498-scaled.jpg?resize=1536%2C1024&amp;ssl=1 1536w, https:\/\/i0.wp.com\/kampkomiteen.net\/wp-content\/uploads\/2025\/08\/IMG_9498-scaled.jpg?resize=2048%2C1365&amp;ssl=1 2048w, https:\/\/i0.wp.com\/kampkomiteen.net\/wp-content\/uploads\/2025\/08\/IMG_9498-scaled.jpg?resize=120%2C80&amp;ssl=1 120w, https:\/\/i0.wp.com\/kampkomiteen.net\/wp-content\/uploads\/2025\/08\/IMG_9498-scaled.jpg?w=1620&amp;ssl=1 1620w, https:\/\/i0.wp.com\/kampkomiteen.net\/wp-content\/uploads\/2025\/08\/IMG_9498-scaled.jpg?w=2430&amp;ssl=1 2430w\" sizes=\"auto, (max-width: 810px) 100vw, 810px\" \/><\/figure>\n\n\n\n<figure class=\"wp-block-image size-full\"><img data-recalc-dims=\"1\" loading=\"lazy\" decoding=\"async\" width=\"810\" height=\"540\" src=\"https:\/\/i0.wp.com\/kampkomiteen.net\/wp-content\/uploads\/2025\/08\/IMG_9490-scaled.jpg?resize=810%2C540&#038;ssl=1\" alt=\"\" class=\"wp-image-9364\" srcset=\"https:\/\/i0.wp.com\/kampkomiteen.net\/wp-content\/uploads\/2025\/08\/IMG_9490-scaled.jpg?w=2560&amp;ssl=1 2560w, https:\/\/i0.wp.com\/kampkomiteen.net\/wp-content\/uploads\/2025\/08\/IMG_9490-scaled.jpg?resize=1000%2C667&amp;ssl=1 1000w, https:\/\/i0.wp.com\/kampkomiteen.net\/wp-content\/uploads\/2025\/08\/IMG_9490-scaled.jpg?resize=768%2C512&amp;ssl=1 768w, https:\/\/i0.wp.com\/kampkomiteen.net\/wp-content\/uploads\/2025\/08\/IMG_9490-scaled.jpg?resize=1536%2C1024&amp;ssl=1 1536w, https:\/\/i0.wp.com\/kampkomiteen.net\/wp-content\/uploads\/2025\/08\/IMG_9490-scaled.jpg?resize=2048%2C1365&amp;ssl=1 2048w, https:\/\/i0.wp.com\/kampkomiteen.net\/wp-content\/uploads\/2025\/08\/IMG_9490-scaled.jpg?resize=120%2C80&amp;ssl=1 120w, https:\/\/i0.wp.com\/kampkomiteen.net\/wp-content\/uploads\/2025\/08\/IMG_9490-scaled.jpg?w=1620&amp;ssl=1 1620w, https:\/\/i0.wp.com\/kampkomiteen.net\/wp-content\/uploads\/2025\/08\/IMG_9490-scaled.jpg?w=2430&amp;ssl=1 2430w\" sizes=\"auto, (max-width: 810px) 100vw, 810px\" \/><\/figure>\n\n\n\n<figure class=\"wp-block-image size-full\"><img data-recalc-dims=\"1\" loading=\"lazy\" decoding=\"async\" width=\"810\" height=\"540\" src=\"https:\/\/i0.wp.com\/kampkomiteen.net\/wp-content\/uploads\/2025\/08\/IMG_9499-scaled.jpg?resize=810%2C540&#038;ssl=1\" alt=\"\" class=\"wp-image-9365\" srcset=\"https:\/\/i0.wp.com\/kampkomiteen.net\/wp-content\/uploads\/2025\/08\/IMG_9499-scaled.jpg?w=2560&amp;ssl=1 2560w, https:\/\/i0.wp.com\/kampkomiteen.net\/wp-content\/uploads\/2025\/08\/IMG_9499-scaled.jpg?resize=1000%2C667&amp;ssl=1 1000w, https:\/\/i0.wp.com\/kampkomiteen.net\/wp-content\/uploads\/2025\/08\/IMG_9499-scaled.jpg?resize=768%2C512&amp;ssl=1 768w, https:\/\/i0.wp.com\/kampkomiteen.net\/wp-content\/uploads\/2025\/08\/IMG_9499-scaled.jpg?resize=1536%2C1024&amp;ssl=1 1536w, https:\/\/i0.wp.com\/kampkomiteen.net\/wp-content\/uploads\/2025\/08\/IMG_9499-scaled.jpg?resize=2048%2C1365&amp;ssl=1 2048w, https:\/\/i0.wp.com\/kampkomiteen.net\/wp-content\/uploads\/2025\/08\/IMG_9499-scaled.jpg?resize=120%2C80&amp;ssl=1 120w, https:\/\/i0.wp.com\/kampkomiteen.net\/wp-content\/uploads\/2025\/08\/IMG_9499-scaled.jpg?w=1620&amp;ssl=1 1620w, https:\/\/i0.wp.com\/kampkomiteen.net\/wp-content\/uploads\/2025\/08\/IMG_9499-scaled.jpg?w=2430&amp;ssl=1 2430w\" sizes=\"auto, (max-width: 810px) 100vw, 810px\" \/><\/figure>\n","protected":false},"excerpt":{"rendered":"<p>Aktivister fra Kampkomiteen i Oslo har utf\u00f8rt en plakataksjon der det ble hengt opp plakater for \u00e5 mobilisere til et \u00e5pent m\u00f8te om \u00abOljefondet\u00bb og norsk imperialisme.<\/p>\n","protected":false},"author":8,"featured_media":9365,"comment_status":"closed","ping_status":"closed","sticky":false,"template":"","format":"standard","meta":{"advanced_seo_description":"","jetpack_seo_html_title":"","jetpack_seo_noindex":false,"_jetpack_memberships_contains_paid_content":false,"footnotes":""},"categories":[1],"tags":[48,17,21],"class_list":["post-9362","post","type-post","status-publish","format-standard","has-post-thumbnail","hentry","category-uncategorized","tag-antiimperialisme","tag-imperialisme","tag-palestina"],"jetpack_featured_media_url":"https:\/\/i0.wp.com\/kampkomiteen.net\/wp-content\/uploads\/2025\/08\/IMG_9499-scaled.jpg?fit=2560%2C1707&ssl=1","jetpack_shortlink":"https:\/\/wp.me\/pchuPf-2r0","jetpack-related-posts":[{"id":8091,"url":"https:\/\/kampkomiteen.net\/?p=8091","url_meta":{"origin":9362,"position":0},"title":"Oslo: Plakater for \u00e5pent m\u00f8te","author":"Kampkomiteen","date":"5. desember 2024","format":false,"excerpt":"Aktivister fra Kampkomiteen i Oslo har hengt opp plakater for et \u00e5pent m\u00f8te om antiimperialisme og stiftelsen av Antiimperialistisk Forbund.","rel":"","context":"i \"Antiimperialisme\"","block_context":{"text":"Antiimperialisme","link":"https:\/\/kampkomiteen.net\/?tag=antiimperialisme"},"img":{"alt_text":"","src":"https:\/\/i0.wp.com\/kampkomiteen.net\/wp-content\/uploads\/2024\/12\/1.png?fit=1200%2C676&ssl=1&resize=350%2C200","width":350,"height":200,"srcset":"https:\/\/i0.wp.com\/kampkomiteen.net\/wp-content\/uploads\/2024\/12\/1.png?fit=1200%2C676&ssl=1&resize=350%2C200 1x, https:\/\/i0.wp.com\/kampkomiteen.net\/wp-content\/uploads\/2024\/12\/1.png?fit=1200%2C676&ssl=1&resize=525%2C300 1.5x, https:\/\/i0.wp.com\/kampkomiteen.net\/wp-content\/uploads\/2024\/12\/1.png?fit=1200%2C676&ssl=1&resize=700%2C400 2x, https:\/\/i0.wp.com\/kampkomiteen.net\/wp-content\/uploads\/2024\/12\/1.png?fit=1200%2C676&ssl=1&resize=1050%2C600 3x"},"classes":[]},{"id":9336,"url":"https:\/\/kampkomiteen.net\/?p=9336","url_meta":{"origin":9362,"position":1},"title":"Oslo: Bli med p\u00e5 \u00e5pent m\u00f8te!","author":"Kampkomiteen","date":"21. august 2025","format":false,"excerpt":"Til tross for l\u00f8gner og t\u00e5kelegging finansierer fortsatt norsk imperialisme, gjennom \"Oljefondet\" i folkemordstaten og apartheidstaten Israel. Med andre ord: det parasittiske \"Oljefondet\" har fortsatt blod p\u00e5 henda, de er fortsatt investert i selskap som tjener p\u00e5 folkemordet.","rel":"","context":"i \"\u00c5pent m\u00f8te\"","block_context":{"text":"\u00c5pent m\u00f8te","link":"https:\/\/kampkomiteen.net\/?tag=apent-mote"},"img":{"alt_text":"","src":"https:\/\/i0.wp.com\/kampkomiteen.net\/wp-content\/uploads\/2025\/08\/Plakat-Opent-mote-oljefondet4.jpg?fit=1200%2C675&ssl=1&resize=350%2C200","width":350,"height":200,"srcset":"https:\/\/i0.wp.com\/kampkomiteen.net\/wp-content\/uploads\/2025\/08\/Plakat-Opent-mote-oljefondet4.jpg?fit=1200%2C675&ssl=1&resize=350%2C200 1x, https:\/\/i0.wp.com\/kampkomiteen.net\/wp-content\/uploads\/2025\/08\/Plakat-Opent-mote-oljefondet4.jpg?fit=1200%2C675&ssl=1&resize=525%2C300 1.5x, https:\/\/i0.wp.com\/kampkomiteen.net\/wp-content\/uploads\/2025\/08\/Plakat-Opent-mote-oljefondet4.jpg?fit=1200%2C675&ssl=1&resize=700%2C400 2x, https:\/\/i0.wp.com\/kampkomiteen.net\/wp-content\/uploads\/2025\/08\/Plakat-Opent-mote-oljefondet4.jpg?fit=1200%2C675&ssl=1&resize=1050%2C600 3x"},"classes":[]},{"id":9432,"url":"https:\/\/kampkomiteen.net\/?p=9432","url_meta":{"origin":9362,"position":2},"title":"Oslo: \u00c5pent m\u00f8te om \u00abOljefondet\u00bb","author":"Kampkomiteen","date":"2. september 2025","format":false,"excerpt":"Onsdag 27. august ble det holdt et \u00e5pent m\u00f8te om det s\u00e5kalte \u00abOljefondet\u00bb av Kampkomiteen i Oslo. Det kom flere interesserte deltakere p\u00e5 m\u00f8tet og det var god stemning.","rel":"","context":"i \"Antiimperialisme\"","block_context":{"text":"Antiimperialisme","link":"https:\/\/kampkomiteen.net\/?tag=antiimperialisme"},"img":{"alt_text":"","src":"https:\/\/i0.wp.com\/kampkomiteen.net\/wp-content\/uploads\/2025\/09\/1-scaled.jpg?fit=1200%2C800&ssl=1&resize=350%2C200","width":350,"height":200,"srcset":"https:\/\/i0.wp.com\/kampkomiteen.net\/wp-content\/uploads\/2025\/09\/1-scaled.jpg?fit=1200%2C800&ssl=1&resize=350%2C200 1x, https:\/\/i0.wp.com\/kampkomiteen.net\/wp-content\/uploads\/2025\/09\/1-scaled.jpg?fit=1200%2C800&ssl=1&resize=525%2C300 1.5x, https:\/\/i0.wp.com\/kampkomiteen.net\/wp-content\/uploads\/2025\/09\/1-scaled.jpg?fit=1200%2C800&ssl=1&resize=700%2C400 2x, https:\/\/i0.wp.com\/kampkomiteen.net\/wp-content\/uploads\/2025\/09\/1-scaled.jpg?fit=1200%2C800&ssl=1&resize=1050%2C600 3x"},"classes":[]},{"id":9134,"url":"https:\/\/kampkomiteen.net\/?p=9134","url_meta":{"origin":9362,"position":3},"title":"Oslo: Plakater for folkets kamp i India og Georges Abdallah","author":"Kampkomiteen","date":"7. juli 2025","format":false,"excerpt":"Aktivister fra Kampkomiteen i Oslo har utf\u00f8rt en plakataksjon der det ble hengt opp plakater til st\u00f8tte for folkets kamp i India og for frigj\u00f8relsen av Georges Ibrahim Abdallah. Plakatene har blitt satt opp p\u00e5 Jernbanetorget og Gr\u00f8nland.","rel":"","context":"i \"India\"","block_context":{"text":"India","link":"https:\/\/kampkomiteen.net\/?tag=india"},"img":{"alt_text":"","src":"https:\/\/i0.wp.com\/kampkomiteen.net\/wp-content\/uploads\/2025\/07\/1.jpg?fit=1200%2C800&ssl=1&resize=350%2C200","width":350,"height":200,"srcset":"https:\/\/i0.wp.com\/kampkomiteen.net\/wp-content\/uploads\/2025\/07\/1.jpg?fit=1200%2C800&ssl=1&resize=350%2C200 1x, https:\/\/i0.wp.com\/kampkomiteen.net\/wp-content\/uploads\/2025\/07\/1.jpg?fit=1200%2C800&ssl=1&resize=525%2C300 1.5x, https:\/\/i0.wp.com\/kampkomiteen.net\/wp-content\/uploads\/2025\/07\/1.jpg?fit=1200%2C800&ssl=1&resize=700%2C400 2x, https:\/\/i0.wp.com\/kampkomiteen.net\/wp-content\/uploads\/2025\/07\/1.jpg?fit=1200%2C800&ssl=1&resize=1050%2C600 3x"},"classes":[]},{"id":7874,"url":"https:\/\/kampkomiteen.net\/?p=7874","url_meta":{"origin":9362,"position":4},"title":"Oslo: Plakater for \u00e5pent m\u00f8te om Palestina p\u00e5 Blindern","author":"Kampkomiteen","date":"17. oktober 2024","format":false,"excerpt":"Aktivister i Kampkomiteen har hengt opp plakater som mobiliserer til det kommende \u00e5pne m\u00f8tet p\u00e5 Universitetet p\u00e5 Blindern.","rel":"","context":"i \"Antiimperialisme\"","block_context":{"text":"Antiimperialisme","link":"https:\/\/kampkomiteen.net\/?tag=antiimperialisme"},"img":{"alt_text":"","src":"https:\/\/i0.wp.com\/kampkomiteen.net\/wp-content\/uploads\/2024\/10\/5-1.jpg?fit=1200%2C676&ssl=1&resize=350%2C200","width":350,"height":200,"srcset":"https:\/\/i0.wp.com\/kampkomiteen.net\/wp-content\/uploads\/2024\/10\/5-1.jpg?fit=1200%2C676&ssl=1&resize=350%2C200 1x, https:\/\/i0.wp.com\/kampkomiteen.net\/wp-content\/uploads\/2024\/10\/5-1.jpg?fit=1200%2C676&ssl=1&resize=525%2C300 1.5x, https:\/\/i0.wp.com\/kampkomiteen.net\/wp-content\/uploads\/2024\/10\/5-1.jpg?fit=1200%2C676&ssl=1&resize=700%2C400 2x, https:\/\/i0.wp.com\/kampkomiteen.net\/wp-content\/uploads\/2024\/10\/5-1.jpg?fit=1200%2C676&ssl=1&resize=1050%2C600 3x"},"classes":[]},{"id":8603,"url":"https:\/\/kampkomiteen.net\/?p=8603","url_meta":{"origin":9362,"position":5},"title":"Oslo: Plakater for \u00e5pent m\u00f8te om folkets kamp i Brasil","author":"Kampkomiteen","date":"23. mars 2025","format":false,"excerpt":"Aktivister i Kampkomiteen i Oslo har hengt opp plakater og delt ut flyers p\u00e5 Blindern som mobiliserer for det kommende \u00e5pne m\u00f8tet om Brasil.","rel":"","context":"i \"Antiimperialisme\"","block_context":{"text":"Antiimperialisme","link":"https:\/\/kampkomiteen.net\/?tag=antiimperialisme"},"img":{"alt_text":"","src":"https:\/\/i0.wp.com\/kampkomiteen.net\/wp-content\/uploads\/2025\/03\/3-4.jpg?fit=1200%2C800&ssl=1&resize=350%2C200","width":350,"height":200,"srcset":"https:\/\/i0.wp.com\/kampkomiteen.net\/wp-content\/uploads\/2025\/03\/3-4.jpg?fit=1200%2C800&ssl=1&resize=350%2C200 1x, https:\/\/i0.wp.com\/kampkomiteen.net\/wp-content\/uploads\/2025\/03\/3-4.jpg?fit=1200%2C800&ssl=1&resize=525%2C300 1.5x, https:\/\/i0.wp.com\/kampkomiteen.net\/wp-content\/uploads\/2025\/03\/3-4.jpg?fit=1200%2C800&ssl=1&resize=700%2C400 2x, https:\/\/i0.wp.com\/kampkomiteen.net\/wp-content\/uploads\/2025\/03\/3-4.jpg?fit=1200%2C800&ssl=1&resize=1050%2C600 3x"},"classes":[]}],"jetpack_sharing_enabled":true,"_links":{"self":[{"href":"https:\/\/kampkomiteen.net\/index.php?rest_route=\/wp\/v2\/posts\/9362","targetHints":{"allow":["GET"]}}],"collection":[{"href":"https:\/\/kampkomiteen.net\/index.php?rest_route=\/wp\/v2\/posts"}],"about":[{"href":"https:\/\/kampkomiteen.net\/index.php?rest_route=\/wp\/v2\/types\/post"}],"author":[{"embeddable":true,"href":"https:\/\/kampkomiteen.net\/index.php?rest_route=\/wp\/v2\/users\/8"}],"replies":[{"embeddable":true,"href":"https:\/\/kampkomiteen.net\/index.php?rest_route=%2Fwp%2Fv2%2Fcomments&post=9362"}],"version-history":[{"count":3,"href":"https:\/\/kampkomiteen.net\/index.php?rest_route=\/wp\/v2\/posts\/9362\/revisions"}],"predecessor-version":[{"id":9368,"href":"https:\/\/kampkomiteen.net\/index.php?rest_route=\/wp\/v2\/posts\/9362\/revisions\/9368"}],"wp:featuredmedia":[{"embeddable":true,"href":"https:\/\/kampkomiteen.net\/index.php?rest_route=\/wp\/v2\/media\/9365"}],"wp:attachment":[{"href":"https:\/\/kampkomiteen.net\/index.php?rest_route=%2Fwp%2Fv2%2Fmedia&parent=9362"}],"wp:term":[{"taxonomy":"category","embeddable":true,"href":"https:\/\/kampkomiteen.net\/index.php?rest_route=%2Fwp%2Fv2%2Fcategories&post=9362"},{"taxonomy":"post_tag","embeddable":true,"href":"https:\/\/kampkomiteen.net\/index.php?rest_route=%2Fwp%2Fv2%2Ftags&post=9362"}],"curies":[{"name":"wp","href":"https:\/\/api.w.org\/{rel}","templated":true}]}}