{"id":9336,"date":"2025-08-21T17:14:22","date_gmt":"2025-08-21T15:14:22","guid":{"rendered":"https:\/\/kampkomiteen.net\/?p=9336"},"modified":"2025-08-21T21:51:24","modified_gmt":"2025-08-21T19:51:24","slug":"oslo-bli-med-pa-apent-mote","status":"publish","type":"post","link":"https:\/\/kampkomiteen.net\/?p=9336","title":{"rendered":"Oslo: Bli med p\u00e5 \u00e5pent m\u00f8te!"},"content":{"rendered":"<div id=\"fb-root\"><\/div>\n\n<p><em>Skrevet av aktivister i Oslo<\/em><\/p>\n\n\n\n<h2 class=\"wp-block-heading\">Oljefondet ut av Israel!<\/h2>\n\n\n\n<p>Til tross for l\u00f8gner og t\u00e5kelegging finansierer fortsatt norsk imperialisme, gjennom &laquo;Oljefondet&raquo;, folkemordstaten og apartheidstaten Israel. Med andre ord: det parasittiske &laquo;Oljefondet&raquo; bygger p\u00e5 imperialismen, og de er fortsatt investert i selskaper som tjener p\u00e5 folkemordet. At regjeringen ble presset til \u00e5 selge seg ut av 11 israelske selskap, er et resultat av kamp som m\u00e5 fortsette!<\/p>\n\n\n\n<p>Kom p\u00e5 \u00e5pent m\u00f8te for \u00e5 l\u00e6re mer! <\/p>\n\n\n\n<p>Harriet Holters hus, Blindern<\/p>\n\n\n\n<p>27. August 18:00<\/p>\n\n\n\n<p>Det vil ogs\u00e5 bli \u00e5pne m\u00f8ter hver uke i september. Mer informasjon kommer l\u00f8pende.<\/p>\n\n\n\n<figure class=\"wp-block-image size-full\"><img data-recalc-dims=\"1\" loading=\"lazy\" decoding=\"async\" width=\"810\" height=\"1145\" src=\"https:\/\/i0.wp.com\/kampkomiteen.net\/wp-content\/uploads\/2025\/08\/Plakat-Opent-mote-oljefondet.jpg?resize=810%2C1145&#038;ssl=1\" alt=\"\" class=\"wp-image-9353\" srcset=\"https:\/\/i0.wp.com\/kampkomiteen.net\/wp-content\/uploads\/2025\/08\/Plakat-Opent-mote-oljefondet.jpg?w=1169&amp;ssl=1 1169w, https:\/\/i0.wp.com\/kampkomiteen.net\/wp-content\/uploads\/2025\/08\/Plakat-Opent-mote-oljefondet.jpg?resize=707%2C1000&amp;ssl=1 707w, https:\/\/i0.wp.com\/kampkomiteen.net\/wp-content\/uploads\/2025\/08\/Plakat-Opent-mote-oljefondet.jpg?resize=768%2C1086&amp;ssl=1 768w, https:\/\/i0.wp.com\/kampkomiteen.net\/wp-content\/uploads\/2025\/08\/Plakat-Opent-mote-oljefondet.jpg?resize=1086%2C1536&amp;ssl=1 1086w\" sizes=\"auto, (max-width: 810px) 100vw, 810px\" \/><\/figure>\n","protected":false},"excerpt":{"rendered":"<p>Til tross for l\u00f8gner og t\u00e5kelegging finansierer fortsatt norsk imperialisme, gjennom &laquo;Oljefondet&raquo; i folkemordstaten og apartheidstaten Israel. Med andre ord: det parasittiske &laquo;Oljefondet&raquo; har fortsatt blod p\u00e5 henda, de er fortsatt investert i selskap som tjener p\u00e5 folkemordet.<\/p>\n","protected":false},"author":8,"featured_media":9346,"comment_status":"closed","ping_status":"closed","sticky":false,"template":"","format":"standard","meta":{"advanced_seo_description":"","jetpack_seo_html_title":"","jetpack_seo_noindex":false,"_jetpack_memberships_contains_paid_content":false,"footnotes":""},"categories":[1],"tags":[76,17,21],"class_list":["post-9336","post","type-post","status-publish","format-standard","has-post-thumbnail","hentry","category-uncategorized","tag-apent-mote","tag-imperialisme","tag-palestina"],"jetpack_featured_media_url":"https:\/\/i0.wp.com\/kampkomiteen.net\/wp-content\/uploads\/2025\/08\/Plakat-Opent-mote-oljefondet4.jpg?fit=1920%2C1080&ssl=1","jetpack_shortlink":"https:\/\/wp.me\/pchuPf-2qA","jetpack-related-posts":[{"id":9362,"url":"https:\/\/kampkomiteen.net\/?p=9362","url_meta":{"origin":9336,"position":0},"title":"Oslo: Plakater for \u00e5pent m\u00f8te om \u00abOljefondet\u00bb og norsk imperialisme","author":"Kampkomiteen","date":"21. august 2025","format":false,"excerpt":"Aktivister fra Kampkomiteen i Oslo har utf\u00f8rt en plakataksjon der det ble hengt opp plakater for \u00e5 mobilisere til et \u00e5pent m\u00f8te om \u00abOljefondet\u00bb og norsk imperialisme.","rel":"","context":"i \"Antiimperialisme\"","block_context":{"text":"Antiimperialisme","link":"https:\/\/kampkomiteen.net\/?tag=antiimperialisme"},"img":{"alt_text":"","src":"https:\/\/i0.wp.com\/kampkomiteen.net\/wp-content\/uploads\/2025\/08\/IMG_9499-scaled.jpg?fit=1200%2C800&ssl=1&resize=350%2C200","width":350,"height":200,"srcset":"https:\/\/i0.wp.com\/kampkomiteen.net\/wp-content\/uploads\/2025\/08\/IMG_9499-scaled.jpg?fit=1200%2C800&ssl=1&resize=350%2C200 1x, https:\/\/i0.wp.com\/kampkomiteen.net\/wp-content\/uploads\/2025\/08\/IMG_9499-scaled.jpg?fit=1200%2C800&ssl=1&resize=525%2C300 1.5x, https:\/\/i0.wp.com\/kampkomiteen.net\/wp-content\/uploads\/2025\/08\/IMG_9499-scaled.jpg?fit=1200%2C800&ssl=1&resize=700%2C400 2x, https:\/\/i0.wp.com\/kampkomiteen.net\/wp-content\/uploads\/2025\/08\/IMG_9499-scaled.jpg?fit=1200%2C800&ssl=1&resize=1050%2C600 3x"},"classes":[]},{"id":9432,"url":"https:\/\/kampkomiteen.net\/?p=9432","url_meta":{"origin":9336,"position":1},"title":"Oslo: \u00c5pent m\u00f8te om \u00abOljefondet\u00bb","author":"Kampkomiteen","date":"2. september 2025","format":false,"excerpt":"Onsdag 27. august ble det holdt et \u00e5pent m\u00f8te om det s\u00e5kalte \u00abOljefondet\u00bb av Kampkomiteen i Oslo. Det kom flere interesserte deltakere p\u00e5 m\u00f8tet og det var god stemning.","rel":"","context":"i \"Antiimperialisme\"","block_context":{"text":"Antiimperialisme","link":"https:\/\/kampkomiteen.net\/?tag=antiimperialisme"},"img":{"alt_text":"","src":"https:\/\/i0.wp.com\/kampkomiteen.net\/wp-content\/uploads\/2025\/09\/1-scaled.jpg?fit=1200%2C800&ssl=1&resize=350%2C200","width":350,"height":200,"srcset":"https:\/\/i0.wp.com\/kampkomiteen.net\/wp-content\/uploads\/2025\/09\/1-scaled.jpg?fit=1200%2C800&ssl=1&resize=350%2C200 1x, https:\/\/i0.wp.com\/kampkomiteen.net\/wp-content\/uploads\/2025\/09\/1-scaled.jpg?fit=1200%2C800&ssl=1&resize=525%2C300 1.5x, https:\/\/i0.wp.com\/kampkomiteen.net\/wp-content\/uploads\/2025\/09\/1-scaled.jpg?fit=1200%2C800&ssl=1&resize=700%2C400 2x, https:\/\/i0.wp.com\/kampkomiteen.net\/wp-content\/uploads\/2025\/09\/1-scaled.jpg?fit=1200%2C800&ssl=1&resize=1050%2C600 3x"},"classes":[]},{"id":9391,"url":"https:\/\/kampkomiteen.net\/?p=9391","url_meta":{"origin":9336,"position":2},"title":"Oslo: Bli med p\u00e5 \u00e5pne m\u00f8ter!","author":"Kampkomiteen","date":"26. august 2025","format":false,"excerpt":"Kampkomiteen i Oslo arrangerer \u00e5pne m\u00f8ter hver torsdag i september. Bli med!","rel":"","context":"Liknende innlegg","block_context":{"text":"Liknende innlegg","link":""},"img":{"alt_text":"","src":"https:\/\/i0.wp.com\/kampkomiteen.net\/wp-content\/uploads\/2023\/08\/foto.png?fit=1160%2C653&ssl=1&resize=350%2C200","width":350,"height":200,"srcset":"https:\/\/i0.wp.com\/kampkomiteen.net\/wp-content\/uploads\/2023\/08\/foto.png?fit=1160%2C653&ssl=1&resize=350%2C200 1x, https:\/\/i0.wp.com\/kampkomiteen.net\/wp-content\/uploads\/2023\/08\/foto.png?fit=1160%2C653&ssl=1&resize=525%2C300 1.5x, https:\/\/i0.wp.com\/kampkomiteen.net\/wp-content\/uploads\/2023\/08\/foto.png?fit=1160%2C653&ssl=1&resize=700%2C400 2x, https:\/\/i0.wp.com\/kampkomiteen.net\/wp-content\/uploads\/2023\/08\/foto.png?fit=1160%2C653&ssl=1&resize=1050%2C600 3x"},"classes":[]},{"id":9440,"url":"https:\/\/kampkomiteen.net\/?p=9440","url_meta":{"origin":9336,"position":3},"title":"Oslo: Massiv demonstrasjon for Palestina","author":"Kampkomiteen","date":"2. september 2025","format":false,"excerpt":"L\u00f8rdag 30. august deltok aktivister fra Kampkomiteen i Oslo p\u00e5 en demonstrasjon organisert av Palestinakomiteen med bannerne \u00abForsvar retten til \u00e5 protestere! St\u00f8tt de 3 palestinaaktivistene\u00bb og \u00abIngen st\u00f8tte til Israels folkemord!\u00bb.","rel":"","context":"i \"Antiimperialisme\"","block_context":{"text":"Antiimperialisme","link":"https:\/\/kampkomiteen.net\/?tag=antiimperialisme"},"img":{"alt_text":"","src":"https:\/\/i0.wp.com\/kampkomiteen.net\/wp-content\/uploads\/2025\/09\/2-1-scaled.jpg?fit=1200%2C800&ssl=1&resize=350%2C200","width":350,"height":200,"srcset":"https:\/\/i0.wp.com\/kampkomiteen.net\/wp-content\/uploads\/2025\/09\/2-1-scaled.jpg?fit=1200%2C800&ssl=1&resize=350%2C200 1x, https:\/\/i0.wp.com\/kampkomiteen.net\/wp-content\/uploads\/2025\/09\/2-1-scaled.jpg?fit=1200%2C800&ssl=1&resize=525%2C300 1.5x, https:\/\/i0.wp.com\/kampkomiteen.net\/wp-content\/uploads\/2025\/09\/2-1-scaled.jpg?fit=1200%2C800&ssl=1&resize=700%2C400 2x, https:\/\/i0.wp.com\/kampkomiteen.net\/wp-content\/uploads\/2025\/09\/2-1-scaled.jpg?fit=1200%2C800&ssl=1&resize=1050%2C600 3x"},"classes":[]},{"id":6700,"url":"https:\/\/kampkomiteen.net\/?p=6700","url_meta":{"origin":9336,"position":4},"title":"Bergen: Demonstrasjon mot norsk imperialisme","author":"Kampkomiteen","date":"12. januar 2024","format":false,"excerpt":"22. desember deltok Kampkomiteen p\u00e5 en demonstrasjon i Bergen for Palestina og mot norsk imperialisme i R\u00f8dehavet. Demonstrantene markerte seg mot norsk deltagelse i den USA-ledede milit\u00e6re koalisjonen i R\u00f8dehavet for \u00e5 tvinge gjennom handel med Israel. Demonstrantene gikk i tog fra Torgallmenningen til et rederikontor ved Bryggen.","rel":"","context":"i \"Bergen\"","block_context":{"text":"Bergen","link":"https:\/\/kampkomiteen.net\/?tag=bergen"},"img":{"alt_text":"","src":"https:\/\/i0.wp.com\/kampkomiteen.net\/wp-content\/uploads\/2024\/01\/IMG_20231222_164840-scaled.jpg?fit=1200%2C900&ssl=1&resize=350%2C200","width":350,"height":200,"srcset":"https:\/\/i0.wp.com\/kampkomiteen.net\/wp-content\/uploads\/2024\/01\/IMG_20231222_164840-scaled.jpg?fit=1200%2C900&ssl=1&resize=350%2C200 1x, https:\/\/i0.wp.com\/kampkomiteen.net\/wp-content\/uploads\/2024\/01\/IMG_20231222_164840-scaled.jpg?fit=1200%2C900&ssl=1&resize=525%2C300 1.5x, https:\/\/i0.wp.com\/kampkomiteen.net\/wp-content\/uploads\/2024\/01\/IMG_20231222_164840-scaled.jpg?fit=1200%2C900&ssl=1&resize=700%2C400 2x, https:\/\/i0.wp.com\/kampkomiteen.net\/wp-content\/uploads\/2024\/01\/IMG_20231222_164840-scaled.jpg?fit=1200%2C900&ssl=1&resize=1050%2C600 3x"},"classes":[]},{"id":385,"url":"https:\/\/kampkomiteen.net\/?p=385","url_meta":{"origin":9336,"position":5},"title":"Nakba \u2013 katastrofen da terrorstaten Israel ble oppretta","author":"admin","date":"13. mai 2019","format":false,"excerpt":"15. mai markerer vi Nakba, katastrofen der over \u00be million palestinere ble fordrevet, og flere hundre landsbyer ble \u00f8delagt for \u00e5 f\u00e5 oppretta Israel som en j\u00f8disk stat i 1948. Undertrykkinga har fortsatt, den p\u00e5g\u00e5r enn\u00e5, og det er all grunn til fremdeles \u00e5 markere denne dagen.","rel":"","context":"Liknende innlegg","block_context":{"text":"Liknende innlegg","link":""},"img":{"alt_text":"","src":"https:\/\/i0.wp.com\/kampkomiteen.net\/wp-content\/uploads\/2019\/05\/nakba2.jpg?fit=600%2C429&ssl=1&resize=350%2C200","width":350,"height":200,"srcset":"https:\/\/i0.wp.com\/kampkomiteen.net\/wp-content\/uploads\/2019\/05\/nakba2.jpg?fit=600%2C429&ssl=1&resize=350%2C200 1x, https:\/\/i0.wp.com\/kampkomiteen.net\/wp-content\/uploads\/2019\/05\/nakba2.jpg?fit=600%2C429&ssl=1&resize=525%2C300 1.5x"},"classes":[]}],"jetpack_sharing_enabled":true,"_links":{"self":[{"href":"https:\/\/kampkomiteen.net\/index.php?rest_route=\/wp\/v2\/posts\/9336","targetHints":{"allow":["GET"]}}],"collection":[{"href":"https:\/\/kampkomiteen.net\/index.php?rest_route=\/wp\/v2\/posts"}],"about":[{"href":"https:\/\/kampkomiteen.net\/index.php?rest_route=\/wp\/v2\/types\/post"}],"author":[{"embeddable":true,"href":"https:\/\/kampkomiteen.net\/index.php?rest_route=\/wp\/v2\/users\/8"}],"replies":[{"embeddable":true,"href":"https:\/\/kampkomiteen.net\/index.php?rest_route=%2Fwp%2Fv2%2Fcomments&post=9336"}],"version-history":[{"count":11,"href":"https:\/\/kampkomiteen.net\/index.php?rest_route=\/wp\/v2\/posts\/9336\/revisions"}],"predecessor-version":[{"id":9370,"href":"https:\/\/kampkomiteen.net\/index.php?rest_route=\/wp\/v2\/posts\/9336\/revisions\/9370"}],"wp:featuredmedia":[{"embeddable":true,"href":"https:\/\/kampkomiteen.net\/index.php?rest_route=\/wp\/v2\/media\/9346"}],"wp:attachment":[{"href":"https:\/\/kampkomiteen.net\/index.php?rest_route=%2Fwp%2Fv2%2Fmedia&parent=9336"}],"wp:term":[{"taxonomy":"category","embeddable":true,"href":"https:\/\/kampkomiteen.net\/index.php?rest_route=%2Fwp%2Fv2%2Fcategories&post=9336"},{"taxonomy":"post_tag","embeddable":true,"href":"https:\/\/kampkomiteen.net\/index.php?rest_route=%2Fwp%2Fv2%2Ftags&post=9336"}],"curies":[{"name":"wp","href":"https:\/\/api.w.org\/{rel}","templated":true}]}}