{"id":9316,"date":"2025-08-21T15:47:29","date_gmt":"2025-08-21T13:47:29","guid":{"rendered":"https:\/\/kampkomiteen.net\/?p=9316"},"modified":"2025-08-25T22:17:33","modified_gmt":"2025-08-25T20:17:33","slug":"oslo-motdemonstrasjon-mot-rasister-pa-gronland","status":"publish","type":"post","link":"https:\/\/kampkomiteen.net\/?p=9316","title":{"rendered":"Oslo: Motdemonstrasjon mot rasister p\u00e5 Gr\u00f8nland"},"content":{"rendered":"<div id=\"fb-root\"><\/div>\n\n<p><em>Skrevet av aktivister i Oslo<\/em><\/p>\n\n\n\n<p>Fredag 15. august deltok aktivister fra Kampkomiteen p\u00e5 en antirasistisk motdemonstrasjon p\u00e5 Gr\u00f8nland arrangert av Antirasistisk Fellesskap og Gr\u00f8nland Beboerforening. Flere hundre mennesker deltok, med et stort antall grupper, fagforeninger og organisasjoner. Mange hadde tatt med seg bannere og flagg med anti-rasistiske og anti-fascistiske slagord og paroler. Politiet hadde ogs\u00e5 sterk tilstedev\u00e6relse med hester, droner, biler og v\u00e5pen.<\/p>\n\n\n\n<p>Markeringen begynte med musikkinnslag og appeller fra diverse deltakere og lokale politikere. Det ble ogs\u00e5 fremf\u00f8rt slampoesi. Fremm\u00f8tte politikere fra H\u00f8yre, R\u00f8dt, Arbeiderpartiet og Sosialistisk Venstreparti valgte \u00e5 holde korte taler og pratet om hvor viktig de synes det var at alle m\u00e5tte \u00abta vare p\u00e5 hverandre\u00bb og \u00ab\u00e5 vise kj\u00e6rlighet\u00bb, f\u00f8r de raskt forlot omr\u00e5det etter at de var ferdige.<\/p>\n\n\n\n<p>De fremm\u00f8tte \u00f8nsket derimot en kjempende markering og mobiliserte raskt for \u00e5 ikke bare jage vekk rasistene, men ogs\u00e5 for \u00e5 isolere politiet som valgte \u00e5 sl\u00e5 ring rundt en \u00abjournalist\u00bb fra Alternativ Media \u2013 stikk i strid med politikernes budskap om \u00e5 \u00abvende det andre kinnet\u00bb til rasistene og slutte fred med dem.<\/p>\n\n\n\n<p>Det var ogs\u00e5 tydelig for de fremm\u00f8tte at politiet ikke var der for \u00e5 st\u00f8tte markeringen eller forsvare dem mot rasistisk hets og trakassering, men for \u00e5 beskytte rasistene og deres provokative angrep. I m\u00f8te med motstand og raseri, ble politiet i stedet ydmyket og s\u00e5 seg n\u00f8dt til \u00e5 evakuere rasistene knapt 10 minutter etter at de hadde planlagt sin \u00abbefaring\u00bb.<\/p>\n\n\n\n<p>Slagord som \u00abIngen rasister i v\u00e5re gater!\u00bb, \u00abIngen fascister i v\u00e5re gater!\u00bb, \u00abFritt Palestina!\u00bb og \u00abNazisvin, nazisvin \u2013 kom deg ut av byen min!\u00bb ble ropt gjennom hele markeringen. Sanger som \u00abLeve Palestina, Krossa Sionismen\u00bb ble spilt over h\u00f8ytaleranlegg p\u00e5 stedet. Det ble klart for enhver at Gr\u00f8nland Torg ikke tilh\u00f8rer rasistene, og vil aldri v\u00e6re velkommen der eller i Oslos gater.<\/p>\n\n\n\n<figure class=\"wp-block-image size-full\"><img data-recalc-dims=\"1\" loading=\"lazy\" decoding=\"async\" width=\"810\" height=\"540\" src=\"https:\/\/i0.wp.com\/kampkomiteen.net\/wp-content\/uploads\/2025\/08\/IMG_9456-min-scaled.jpg?resize=810%2C540&#038;ssl=1\" alt=\"\" class=\"wp-image-9326\" srcset=\"https:\/\/i0.wp.com\/kampkomiteen.net\/wp-content\/uploads\/2025\/08\/IMG_9456-min-scaled.jpg?w=2560&amp;ssl=1 2560w, https:\/\/i0.wp.com\/kampkomiteen.net\/wp-content\/uploads\/2025\/08\/IMG_9456-min-scaled.jpg?resize=1000%2C667&amp;ssl=1 1000w, https:\/\/i0.wp.com\/kampkomiteen.net\/wp-content\/uploads\/2025\/08\/IMG_9456-min-scaled.jpg?resize=768%2C512&amp;ssl=1 768w, https:\/\/i0.wp.com\/kampkomiteen.net\/wp-content\/uploads\/2025\/08\/IMG_9456-min-scaled.jpg?resize=1536%2C1024&amp;ssl=1 1536w, https:\/\/i0.wp.com\/kampkomiteen.net\/wp-content\/uploads\/2025\/08\/IMG_9456-min-scaled.jpg?resize=2048%2C1365&amp;ssl=1 2048w, https:\/\/i0.wp.com\/kampkomiteen.net\/wp-content\/uploads\/2025\/08\/IMG_9456-min-scaled.jpg?resize=120%2C80&amp;ssl=1 120w, https:\/\/i0.wp.com\/kampkomiteen.net\/wp-content\/uploads\/2025\/08\/IMG_9456-min-scaled.jpg?w=1620&amp;ssl=1 1620w, https:\/\/i0.wp.com\/kampkomiteen.net\/wp-content\/uploads\/2025\/08\/IMG_9456-min-scaled.jpg?w=2430&amp;ssl=1 2430w\" sizes=\"auto, (max-width: 810px) 100vw, 810px\" \/><\/figure>\n\n\n\n<figure class=\"wp-block-image size-full\"><img data-recalc-dims=\"1\" loading=\"lazy\" decoding=\"async\" width=\"810\" height=\"540\" src=\"https:\/\/i0.wp.com\/kampkomiteen.net\/wp-content\/uploads\/2025\/08\/IMG_9457-min-scaled.jpg?resize=810%2C540&#038;ssl=1\" alt=\"\" class=\"wp-image-9328\" srcset=\"https:\/\/i0.wp.com\/kampkomiteen.net\/wp-content\/uploads\/2025\/08\/IMG_9457-min-scaled.jpg?w=2560&amp;ssl=1 2560w, https:\/\/i0.wp.com\/kampkomiteen.net\/wp-content\/uploads\/2025\/08\/IMG_9457-min-scaled.jpg?resize=1000%2C667&amp;ssl=1 1000w, https:\/\/i0.wp.com\/kampkomiteen.net\/wp-content\/uploads\/2025\/08\/IMG_9457-min-scaled.jpg?resize=768%2C512&amp;ssl=1 768w, https:\/\/i0.wp.com\/kampkomiteen.net\/wp-content\/uploads\/2025\/08\/IMG_9457-min-scaled.jpg?resize=1536%2C1024&amp;ssl=1 1536w, https:\/\/i0.wp.com\/kampkomiteen.net\/wp-content\/uploads\/2025\/08\/IMG_9457-min-scaled.jpg?resize=2048%2C1365&amp;ssl=1 2048w, https:\/\/i0.wp.com\/kampkomiteen.net\/wp-content\/uploads\/2025\/08\/IMG_9457-min-scaled.jpg?resize=120%2C80&amp;ssl=1 120w, https:\/\/i0.wp.com\/kampkomiteen.net\/wp-content\/uploads\/2025\/08\/IMG_9457-min-scaled.jpg?w=1620&amp;ssl=1 1620w, https:\/\/i0.wp.com\/kampkomiteen.net\/wp-content\/uploads\/2025\/08\/IMG_9457-min-scaled.jpg?w=2430&amp;ssl=1 2430w\" sizes=\"auto, (max-width: 810px) 100vw, 810px\" \/><\/figure>\n\n\n\n<figure class=\"wp-block-image size-full\"><img data-recalc-dims=\"1\" loading=\"lazy\" decoding=\"async\" width=\"810\" height=\"540\" src=\"https:\/\/i0.wp.com\/kampkomiteen.net\/wp-content\/uploads\/2025\/08\/IMG_9464-min-scaled.jpg?resize=810%2C540&#038;ssl=1\" alt=\"\" class=\"wp-image-9327\" srcset=\"https:\/\/i0.wp.com\/kampkomiteen.net\/wp-content\/uploads\/2025\/08\/IMG_9464-min-scaled.jpg?w=2560&amp;ssl=1 2560w, https:\/\/i0.wp.com\/kampkomiteen.net\/wp-content\/uploads\/2025\/08\/IMG_9464-min-scaled.jpg?resize=1000%2C667&amp;ssl=1 1000w, https:\/\/i0.wp.com\/kampkomiteen.net\/wp-content\/uploads\/2025\/08\/IMG_9464-min-scaled.jpg?resize=768%2C512&amp;ssl=1 768w, https:\/\/i0.wp.com\/kampkomiteen.net\/wp-content\/uploads\/2025\/08\/IMG_9464-min-scaled.jpg?resize=1536%2C1024&amp;ssl=1 1536w, https:\/\/i0.wp.com\/kampkomiteen.net\/wp-content\/uploads\/2025\/08\/IMG_9464-min-scaled.jpg?resize=2048%2C1365&amp;ssl=1 2048w, https:\/\/i0.wp.com\/kampkomiteen.net\/wp-content\/uploads\/2025\/08\/IMG_9464-min-scaled.jpg?resize=120%2C80&amp;ssl=1 120w, https:\/\/i0.wp.com\/kampkomiteen.net\/wp-content\/uploads\/2025\/08\/IMG_9464-min-scaled.jpg?w=1620&amp;ssl=1 1620w, https:\/\/i0.wp.com\/kampkomiteen.net\/wp-content\/uploads\/2025\/08\/IMG_9464-min-scaled.jpg?w=2430&amp;ssl=1 2430w\" sizes=\"auto, (max-width: 810px) 100vw, 810px\" \/><\/figure>\n\n\n\n<figure class=\"wp-block-image size-full\"><img data-recalc-dims=\"1\" loading=\"lazy\" decoding=\"async\" width=\"810\" height=\"540\" src=\"https:\/\/i0.wp.com\/kampkomiteen.net\/wp-content\/uploads\/2025\/08\/IMG_9470-min-scaled.jpg?resize=810%2C540&#038;ssl=1\" alt=\"\" class=\"wp-image-9329\" srcset=\"https:\/\/i0.wp.com\/kampkomiteen.net\/wp-content\/uploads\/2025\/08\/IMG_9470-min-scaled.jpg?w=2560&amp;ssl=1 2560w, https:\/\/i0.wp.com\/kampkomiteen.net\/wp-content\/uploads\/2025\/08\/IMG_9470-min-scaled.jpg?resize=1000%2C667&amp;ssl=1 1000w, https:\/\/i0.wp.com\/kampkomiteen.net\/wp-content\/uploads\/2025\/08\/IMG_9470-min-scaled.jpg?resize=768%2C512&amp;ssl=1 768w, https:\/\/i0.wp.com\/kampkomiteen.net\/wp-content\/uploads\/2025\/08\/IMG_9470-min-scaled.jpg?resize=1536%2C1024&amp;ssl=1 1536w, https:\/\/i0.wp.com\/kampkomiteen.net\/wp-content\/uploads\/2025\/08\/IMG_9470-min-scaled.jpg?resize=2048%2C1365&amp;ssl=1 2048w, https:\/\/i0.wp.com\/kampkomiteen.net\/wp-content\/uploads\/2025\/08\/IMG_9470-min-scaled.jpg?resize=120%2C80&amp;ssl=1 120w, https:\/\/i0.wp.com\/kampkomiteen.net\/wp-content\/uploads\/2025\/08\/IMG_9470-min-scaled.jpg?w=1620&amp;ssl=1 1620w, https:\/\/i0.wp.com\/kampkomiteen.net\/wp-content\/uploads\/2025\/08\/IMG_9470-min-scaled.jpg?w=2430&amp;ssl=1 2430w\" sizes=\"auto, (max-width: 810px) 100vw, 810px\" \/><\/figure>\n\n\n\n<figure class=\"wp-block-image size-full\"><img data-recalc-dims=\"1\" loading=\"lazy\" decoding=\"async\" width=\"810\" height=\"540\" src=\"https:\/\/i0.wp.com\/kampkomiteen.net\/wp-content\/uploads\/2025\/08\/IMG_9481-min-scaled.jpg?resize=810%2C540&#038;ssl=1\" alt=\"\" class=\"wp-image-9330\" srcset=\"https:\/\/i0.wp.com\/kampkomiteen.net\/wp-content\/uploads\/2025\/08\/IMG_9481-min-scaled.jpg?w=2560&amp;ssl=1 2560w, https:\/\/i0.wp.com\/kampkomiteen.net\/wp-content\/uploads\/2025\/08\/IMG_9481-min-scaled.jpg?resize=1000%2C667&amp;ssl=1 1000w, https:\/\/i0.wp.com\/kampkomiteen.net\/wp-content\/uploads\/2025\/08\/IMG_9481-min-scaled.jpg?resize=768%2C512&amp;ssl=1 768w, https:\/\/i0.wp.com\/kampkomiteen.net\/wp-content\/uploads\/2025\/08\/IMG_9481-min-scaled.jpg?resize=1536%2C1024&amp;ssl=1 1536w, https:\/\/i0.wp.com\/kampkomiteen.net\/wp-content\/uploads\/2025\/08\/IMG_9481-min-scaled.jpg?resize=2048%2C1365&amp;ssl=1 2048w, https:\/\/i0.wp.com\/kampkomiteen.net\/wp-content\/uploads\/2025\/08\/IMG_9481-min-scaled.jpg?resize=120%2C80&amp;ssl=1 120w, https:\/\/i0.wp.com\/kampkomiteen.net\/wp-content\/uploads\/2025\/08\/IMG_9481-min-scaled.jpg?w=1620&amp;ssl=1 1620w, https:\/\/i0.wp.com\/kampkomiteen.net\/wp-content\/uploads\/2025\/08\/IMG_9481-min-scaled.jpg?w=2430&amp;ssl=1 2430w\" sizes=\"auto, (max-width: 810px) 100vw, 810px\" \/><\/figure>\n","protected":false},"excerpt":{"rendered":"<p>Fredag 15. august deltok aktivister fra Kampkomiteen p\u00e5 en antirasistisk motdemonstrasjon p\u00e5 Gr\u00f8nland arrangert av Antirasistisk Fellesskap og Gr\u00f8nland Beboerforening. Flere hundre mennesker deltok, med et stort antall grupper, fagforeninger og organisasjoner.<\/p>\n","protected":false},"author":8,"featured_media":9322,"comment_status":"closed","ping_status":"closed","sticky":false,"template":"","format":"standard","meta":{"advanced_seo_description":"","jetpack_seo_html_title":"","jetpack_seo_noindex":false,"_jetpack_memberships_contains_paid_content":false,"footnotes":""},"categories":[1],"tags":[4,15],"class_list":["post-9316","post","type-post","status-publish","format-standard","has-post-thumbnail","hentry","category-uncategorized","tag-demonstrasjon","tag-politiet"],"jetpack_featured_media_url":"https:\/\/i0.wp.com\/kampkomiteen.net\/wp-content\/uploads\/2025\/08\/IMG_9457-scaled.jpg?fit=2560%2C1707&ssl=1","jetpack_shortlink":"https:\/\/wp.me\/pchuPf-2qg","jetpack-related-posts":[{"id":2743,"url":"https:\/\/kampkomiteen.net\/?p=2743","url_meta":{"origin":9316,"position":0},"title":"Demonstrasjon mot Sian i Oslo","author":"Kampkomiteen","date":"1. juni 2022","format":false,"excerpt":"L\u00f8rdag 28. mai demonstrerte rundt 150 personer mot rasistiske SIAN p\u00e5 Eidsvolls plass i Oslo. Etter at rasistene hadde pakket sammen og forlatt plassen med politieskorte fortsatte motdemonstrasjon i et demonstrasjontog nedover Karl Johans gate og avsluttet med appeller foran det antinazistiske Osvald-monumentet p\u00e5 Jernbanetorget.","rel":"","context":"i \"Antirasisme\"","block_context":{"text":"Antirasisme","link":"https:\/\/kampkomiteen.net\/?tag=antirasisme"},"img":{"alt_text":"","src":"https:\/\/i0.wp.com\/kampkomiteen.net\/wp-content\/uploads\/2022\/06\/Untitled.jpg?fit=1200%2C895&ssl=1&resize=350%2C200","width":350,"height":200,"srcset":"https:\/\/i0.wp.com\/kampkomiteen.net\/wp-content\/uploads\/2022\/06\/Untitled.jpg?fit=1200%2C895&ssl=1&resize=350%2C200 1x, https:\/\/i0.wp.com\/kampkomiteen.net\/wp-content\/uploads\/2022\/06\/Untitled.jpg?fit=1200%2C895&ssl=1&resize=525%2C300 1.5x, https:\/\/i0.wp.com\/kampkomiteen.net\/wp-content\/uploads\/2022\/06\/Untitled.jpg?fit=1200%2C895&ssl=1&resize=700%2C400 2x, https:\/\/i0.wp.com\/kampkomiteen.net\/wp-content\/uploads\/2022\/06\/Untitled.jpg?fit=1200%2C895&ssl=1&resize=1050%2C600 3x"},"classes":[]},{"id":8911,"url":"https:\/\/kampkomiteen.net\/?p=8911","url_meta":{"origin":9316,"position":1},"title":"Stavanger: Kraftfull motdemonstrasjon mot MIFF","author":"Kampkomiteen","date":"15. mai 2025","format":false,"excerpt":"Kampkomiteen deltok onsdag 14. mai p\u00e5 en motdemonstrasjon mot en sionistisk markering. Sionistene fra \u00abMIFF\u00bb markerte den sionistiske statens uavhengighetsdag. Dette er en feiring av folkemordet som palestinerne minnes som Nakba hvert \u00e5r den 15. mai.","rel":"","context":"i \"Antiimperialisme\"","block_context":{"text":"Antiimperialisme","link":"https:\/\/kampkomiteen.net\/?tag=antiimperialisme"},"img":{"alt_text":"","src":"https:\/\/i0.wp.com\/kampkomiteen.net\/wp-content\/uploads\/2025\/05\/1-P1090623-2-scaled.jpeg?fit=1200%2C675&ssl=1&resize=350%2C200","width":350,"height":200,"srcset":"https:\/\/i0.wp.com\/kampkomiteen.net\/wp-content\/uploads\/2025\/05\/1-P1090623-2-scaled.jpeg?fit=1200%2C675&ssl=1&resize=350%2C200 1x, https:\/\/i0.wp.com\/kampkomiteen.net\/wp-content\/uploads\/2025\/05\/1-P1090623-2-scaled.jpeg?fit=1200%2C675&ssl=1&resize=525%2C300 1.5x, https:\/\/i0.wp.com\/kampkomiteen.net\/wp-content\/uploads\/2025\/05\/1-P1090623-2-scaled.jpeg?fit=1200%2C675&ssl=1&resize=700%2C400 2x, https:\/\/i0.wp.com\/kampkomiteen.net\/wp-content\/uploads\/2025\/05\/1-P1090623-2-scaled.jpeg?fit=1200%2C675&ssl=1&resize=1050%2C600 3x"},"classes":[]},{"id":7674,"url":"https:\/\/kampkomiteen.net\/?p=7674","url_meta":{"origin":9316,"position":2},"title":"Oslo: Aksjoner for Eugene Obiora","author":"Kampkomiteen","date":"11. september 2024","format":false,"excerpt":"For \u00e5 markere Eugene Obioras d\u00f8dsdag den 7. september har aktivister i Kampkomiteen hengt opp veggaviser i omr\u00e5det rundt Gr\u00f8nland og T\u00f8yen, og delt ut flyers p\u00e5 Gr\u00f8nland og i Groruddalen.","rel":"","context":"Liknende innlegg","block_context":{"text":"Liknende innlegg","link":""},"img":{"alt_text":"","src":"https:\/\/i0.wp.com\/kampkomiteen.net\/wp-content\/uploads\/2024\/09\/2.jpg?fit=1200%2C800&ssl=1&resize=350%2C200","width":350,"height":200,"srcset":"https:\/\/i0.wp.com\/kampkomiteen.net\/wp-content\/uploads\/2024\/09\/2.jpg?fit=1200%2C800&ssl=1&resize=350%2C200 1x, https:\/\/i0.wp.com\/kampkomiteen.net\/wp-content\/uploads\/2024\/09\/2.jpg?fit=1200%2C800&ssl=1&resize=525%2C300 1.5x, https:\/\/i0.wp.com\/kampkomiteen.net\/wp-content\/uploads\/2024\/09\/2.jpg?fit=1200%2C800&ssl=1&resize=700%2C400 2x, https:\/\/i0.wp.com\/kampkomiteen.net\/wp-content\/uploads\/2024\/09\/2.jpg?fit=1200%2C800&ssl=1&resize=1050%2C600 3x"},"classes":[]},{"id":9006,"url":"https:\/\/kampkomiteen.net\/?p=9006","url_meta":{"origin":9316,"position":3},"title":"Trondheim: Demonstrasjoner for Palestina og mot SIAN","author":"Kampkomiteen","date":"4. juni 2025","format":false,"excerpt":"L\u00f8rdag 31. mai deltok Kampkomiteen p\u00e5 to demonstrasjoner. Den faste l\u00f8rdagsdemonstrasjonen, og motdemonstrasjon mot SIAN.","rel":"","context":"i \"Antirasisme\"","block_context":{"text":"Antirasisme","link":"https:\/\/kampkomiteen.net\/?tag=antirasisme"},"img":{"alt_text":"","src":"https:\/\/i0.wp.com\/kampkomiteen.net\/wp-content\/uploads\/2025\/06\/DSCF3021.jpg?fit=900%2C675&ssl=1&resize=350%2C200","width":350,"height":200,"srcset":"https:\/\/i0.wp.com\/kampkomiteen.net\/wp-content\/uploads\/2025\/06\/DSCF3021.jpg?fit=900%2C675&ssl=1&resize=350%2C200 1x, https:\/\/i0.wp.com\/kampkomiteen.net\/wp-content\/uploads\/2025\/06\/DSCF3021.jpg?fit=900%2C675&ssl=1&resize=525%2C300 1.5x, https:\/\/i0.wp.com\/kampkomiteen.net\/wp-content\/uploads\/2025\/06\/DSCF3021.jpg?fit=900%2C675&ssl=1&resize=700%2C400 2x"},"classes":[]},{"id":8281,"url":"https:\/\/kampkomiteen.net\/?p=8281","url_meta":{"origin":9316,"position":4},"title":"Oslo: Plakater for de 3 palestinaaktivistene &#8211; Gr\u00f8nland og Blindern","author":"Kampkomiteen","date":"9. februar 2025","format":false,"excerpt":"Aktivister fra Kampkomiteen i Oslo har hengt opp plakater for den kommende demonstrasjonen for de tre siktede palestinaaktivistene.","rel":"","context":"i \"Demonstrasjon\"","block_context":{"text":"Demonstrasjon","link":"https:\/\/kampkomiteen.net\/?tag=demonstrasjon"},"img":{"alt_text":"","src":"https:\/\/i0.wp.com\/kampkomiteen.net\/wp-content\/uploads\/2025\/02\/1.jpg?fit=1200%2C900&ssl=1&resize=350%2C200","width":350,"height":200,"srcset":"https:\/\/i0.wp.com\/kampkomiteen.net\/wp-content\/uploads\/2025\/02\/1.jpg?fit=1200%2C900&ssl=1&resize=350%2C200 1x, https:\/\/i0.wp.com\/kampkomiteen.net\/wp-content\/uploads\/2025\/02\/1.jpg?fit=1200%2C900&ssl=1&resize=525%2C300 1.5x, https:\/\/i0.wp.com\/kampkomiteen.net\/wp-content\/uploads\/2025\/02\/1.jpg?fit=1200%2C900&ssl=1&resize=700%2C400 2x, https:\/\/i0.wp.com\/kampkomiteen.net\/wp-content\/uploads\/2025\/02\/1.jpg?fit=1200%2C900&ssl=1&resize=1050%2C600 3x"},"classes":[]},{"id":3032,"url":"https:\/\/kampkomiteen.net\/?p=3032","url_meta":{"origin":9316,"position":5},"title":"Demonstrasjon mot SIAN i Bergen","author":"Kampkomiteen","date":"9. september 2022","format":false,"excerpt":"Kampkomiteen deltok p\u00e5 en motdemonstrasjon mot SIAN p\u00e5 T\u00e5rnplassen i Bergen. I forkant av motdemonstrasjon i Bergen var det blitt hengt opp plakater rundt i byen. Aktivister m\u00f8tte tidlig opp med banner og flagg. Et stort antall organisasjoner og milj\u00f8er var tilstede. Og n\u00e5r SIAN startet sitt arrangement var allerede\u2026","rel":"","context":"Liknende innlegg","block_context":{"text":"Liknende innlegg","link":""},"img":{"alt_text":"","src":"https:\/\/i0.wp.com\/kampkomiteen.net\/wp-content\/uploads\/2022\/09\/JtwPBNKk2iWkTP0n9oMJK0NszDrsphO8D1lXZ2xqrLnyy6Ne-KENlzQ1CS1QB5BXuwcaaynb4sNIwSeuSsa0M4bktAz7_wmNfSjan2oYIkMudJJqVYDC9OUEbbXqc1dRw45iD0WaMza3EtTXQEc0gXpAuHnkd8AZG5sCyRRK0WoddgDHiBDy6PiOfQ.jpg?fit=1200%2C1067&ssl=1&resize=350%2C200","width":350,"height":200,"srcset":"https:\/\/i0.wp.com\/kampkomiteen.net\/wp-content\/uploads\/2022\/09\/JtwPBNKk2iWkTP0n9oMJK0NszDrsphO8D1lXZ2xqrLnyy6Ne-KENlzQ1CS1QB5BXuwcaaynb4sNIwSeuSsa0M4bktAz7_wmNfSjan2oYIkMudJJqVYDC9OUEbbXqc1dRw45iD0WaMza3EtTXQEc0gXpAuHnkd8AZG5sCyRRK0WoddgDHiBDy6PiOfQ.jpg?fit=1200%2C1067&ssl=1&resize=350%2C200 1x, https:\/\/i0.wp.com\/kampkomiteen.net\/wp-content\/uploads\/2022\/09\/JtwPBNKk2iWkTP0n9oMJK0NszDrsphO8D1lXZ2xqrLnyy6Ne-KENlzQ1CS1QB5BXuwcaaynb4sNIwSeuSsa0M4bktAz7_wmNfSjan2oYIkMudJJqVYDC9OUEbbXqc1dRw45iD0WaMza3EtTXQEc0gXpAuHnkd8AZG5sCyRRK0WoddgDHiBDy6PiOfQ.jpg?fit=1200%2C1067&ssl=1&resize=525%2C300 1.5x, https:\/\/i0.wp.com\/kampkomiteen.net\/wp-content\/uploads\/2022\/09\/JtwPBNKk2iWkTP0n9oMJK0NszDrsphO8D1lXZ2xqrLnyy6Ne-KENlzQ1CS1QB5BXuwcaaynb4sNIwSeuSsa0M4bktAz7_wmNfSjan2oYIkMudJJqVYDC9OUEbbXqc1dRw45iD0WaMza3EtTXQEc0gXpAuHnkd8AZG5sCyRRK0WoddgDHiBDy6PiOfQ.jpg?fit=1200%2C1067&ssl=1&resize=700%2C400 2x, https:\/\/i0.wp.com\/kampkomiteen.net\/wp-content\/uploads\/2022\/09\/JtwPBNKk2iWkTP0n9oMJK0NszDrsphO8D1lXZ2xqrLnyy6Ne-KENlzQ1CS1QB5BXuwcaaynb4sNIwSeuSsa0M4bktAz7_wmNfSjan2oYIkMudJJqVYDC9OUEbbXqc1dRw45iD0WaMza3EtTXQEc0gXpAuHnkd8AZG5sCyRRK0WoddgDHiBDy6PiOfQ.jpg?fit=1200%2C1067&ssl=1&resize=1050%2C600 3x"},"classes":[]}],"jetpack_sharing_enabled":true,"_links":{"self":[{"href":"https:\/\/kampkomiteen.net\/index.php?rest_route=\/wp\/v2\/posts\/9316","targetHints":{"allow":["GET"]}}],"collection":[{"href":"https:\/\/kampkomiteen.net\/index.php?rest_route=\/wp\/v2\/posts"}],"about":[{"href":"https:\/\/kampkomiteen.net\/index.php?rest_route=\/wp\/v2\/types\/post"}],"author":[{"embeddable":true,"href":"https:\/\/kampkomiteen.net\/index.php?rest_route=\/wp\/v2\/users\/8"}],"replies":[{"embeddable":true,"href":"https:\/\/kampkomiteen.net\/index.php?rest_route=%2Fwp%2Fv2%2Fcomments&post=9316"}],"version-history":[{"count":13,"href":"https:\/\/kampkomiteen.net\/index.php?rest_route=\/wp\/v2\/posts\/9316\/revisions"}],"predecessor-version":[{"id":9390,"href":"https:\/\/kampkomiteen.net\/index.php?rest_route=\/wp\/v2\/posts\/9316\/revisions\/9390"}],"wp:featuredmedia":[{"embeddable":true,"href":"https:\/\/kampkomiteen.net\/index.php?rest_route=\/wp\/v2\/media\/9322"}],"wp:attachment":[{"href":"https:\/\/kampkomiteen.net\/index.php?rest_route=%2Fwp%2Fv2%2Fmedia&parent=9316"}],"wp:term":[{"taxonomy":"category","embeddable":true,"href":"https:\/\/kampkomiteen.net\/index.php?rest_route=%2Fwp%2Fv2%2Fcategories&post=9316"},{"taxonomy":"post_tag","embeddable":true,"href":"https:\/\/kampkomiteen.net\/index.php?rest_route=%2Fwp%2Fv2%2Ftags&post=9316"}],"curies":[{"name":"wp","href":"https:\/\/api.w.org\/{rel}","templated":true}]}}