{"id":9302,"date":"2025-08-19T01:28:20","date_gmt":"2025-08-18T23:28:20","guid":{"rendered":"https:\/\/kampkomiteen.net\/?p=9302"},"modified":"2025-08-19T01:33:40","modified_gmt":"2025-08-18T23:33:40","slug":"bergen-kjempende-demonstrasjon-mot-store-og-listhaug","status":"publish","type":"post","link":"https:\/\/kampkomiteen.net\/?p=9302","title":{"rendered":"Bergen: Kjempende demonstrasjon mot St\u00f8re og Listhaug"},"content":{"rendered":"<div id=\"fb-root\"><\/div>\n\n<p><em>Skrevet av aktivister i Bergen.<\/em><\/p>\n\n\n\n<p>Mandag 18. august var aktivister fra Kampkomiteen p\u00e5 en demonstrasjon utenfor en valgkampdebatt i Bergen, hvor statsminister Jonas Gahr St\u00f8re og FrP leder Sylvi Listhaug deltok. Flere organisasjoner var der \u00e5 demonstrerte mot begges disse to, som begge st\u00f8tter det p\u00e5g\u00e5ende folkemordet i Palestina, og som begge spilte roller i forf\u00f8lgelsen av de 3 palestinaaktivistene i Oslo som ble arrestert i fjor for for sin demonstrasjon mot Listhaug. Det ble det holdt banner med slagordene \u00abSt\u00f8tt den palestinske motstandskampen!\u00bb og \u00abForsvar retten til \u00e5 demonstrere! St\u00f8tt de 3 palestinaaktivistene!\u00bb.<\/p>\n\n\n\n<p>Det var flere titalls personer tilstede og flere organisasjoner var til stede og hadde mobilisert aktivister til \u00e5 samles, inkludert Bergen4Palestine, Kampkomiteen, Aksjonsgruppa for Palestina Bergen, Palestinakomiteen og Sosialistisk Ungdom. Under demonstrasjonen ble det ropt h\u00f8ylytte og taktfaste slagord til st\u00f8tte for den palestinske motstandskampen og slagord som krevde at oljefondet trekker seg ut av Israel. N\u00e5r statsministeren ankom arrangementet bevegde en stor del av demonstrasjonen seg mot han mens det ble ropt slagord. N\u00e5r debatten p\u00e5gikk fortsatt det h\u00f8ye energi niv\u00e5et med slagord roping til st\u00f8tte for motstandskampen, slagord rettet mot St\u00f8re og mot folkemordet.<\/p>\n\n\n\n<p>N\u00e5r arrangementet var over og statsministeren kom ut fra bygget bevegde p\u00e5 ny store deler av demonstrasjonen for \u00e5 rope slagord og ford\u00f8mme hans st\u00f8tte til folkemordet. Da begynte politiet og PST \u00e5 dytte flere demonstranter. Og politiet fors\u00f8kte s\u00e5 \u00e5 dra enkelte aktivister ut fra folkemengden. Store deler av demonstrasjonen samlet seg rundt disse aktivistene og kjempet tilbake. Demonstrasjonen samlet seg igjen i en klar rekke og alle fors\u00f8k p\u00e5 \u00e5 arrestere aktivister ble stoppet. Etter konfrontasjonen var over ble banneret til st\u00f8tte for de 3 palestinaaktivistene igjen l\u00f8ftet i protest mot represjonen til politiet og PST. Aktivistene var ved godt mot etter \u00e5 ha avvist politiets fors\u00f8k p\u00e5 represjon. Bilder fra flere aviser viser statsministeren som m\u00f8tes ansikt til ansikt med r\u00f8de og palestinske flagg, og de tidligere nevnte bannerne. Dermed mislyktes St\u00f8re i \u00e5 bruke valgsirkuset til \u00e5 fjerne fokus fra hans st\u00f8tte til folkemordet mot Palestina.<\/p>\n\n\n\n<figure class=\"wp-block-image size-full\"><img data-recalc-dims=\"1\" loading=\"lazy\" decoding=\"async\" width=\"810\" height=\"437\" src=\"https:\/\/i0.wp.com\/kampkomiteen.net\/wp-content\/uploads\/2025\/08\/1-2-scaled.jpg?resize=810%2C437&#038;ssl=1\" alt=\"\" class=\"wp-image-9305\" srcset=\"https:\/\/i0.wp.com\/kampkomiteen.net\/wp-content\/uploads\/2025\/08\/1-2-scaled.jpg?w=2560&amp;ssl=1 2560w, https:\/\/i0.wp.com\/kampkomiteen.net\/wp-content\/uploads\/2025\/08\/1-2-scaled.jpg?resize=1000%2C540&amp;ssl=1 1000w, https:\/\/i0.wp.com\/kampkomiteen.net\/wp-content\/uploads\/2025\/08\/1-2-scaled.jpg?resize=768%2C415&amp;ssl=1 768w, https:\/\/i0.wp.com\/kampkomiteen.net\/wp-content\/uploads\/2025\/08\/1-2-scaled.jpg?resize=1536%2C829&amp;ssl=1 1536w, https:\/\/i0.wp.com\/kampkomiteen.net\/wp-content\/uploads\/2025\/08\/1-2-scaled.jpg?resize=2048%2C1106&amp;ssl=1 2048w, https:\/\/i0.wp.com\/kampkomiteen.net\/wp-content\/uploads\/2025\/08\/1-2-scaled.jpg?w=1620&amp;ssl=1 1620w, https:\/\/i0.wp.com\/kampkomiteen.net\/wp-content\/uploads\/2025\/08\/1-2-scaled.jpg?w=2430&amp;ssl=1 2430w\" sizes=\"auto, (max-width: 810px) 100vw, 810px\" \/><\/figure>\n\n\n\n<figure class=\"wp-block-image size-full\"><img data-recalc-dims=\"1\" loading=\"lazy\" decoding=\"async\" width=\"810\" height=\"520\" src=\"https:\/\/i0.wp.com\/kampkomiteen.net\/wp-content\/uploads\/2025\/08\/2-2.jpg?resize=810%2C520&#038;ssl=1\" alt=\"\" class=\"wp-image-9306\" srcset=\"https:\/\/i0.wp.com\/kampkomiteen.net\/wp-content\/uploads\/2025\/08\/2-2.jpg?w=1160&amp;ssl=1 1160w, https:\/\/i0.wp.com\/kampkomiteen.net\/wp-content\/uploads\/2025\/08\/2-2.jpg?resize=1000%2C642&amp;ssl=1 1000w, https:\/\/i0.wp.com\/kampkomiteen.net\/wp-content\/uploads\/2025\/08\/2-2.jpg?resize=768%2C493&amp;ssl=1 768w, https:\/\/i0.wp.com\/kampkomiteen.net\/wp-content\/uploads\/2025\/08\/2-2.jpg?resize=360%2C230&amp;ssl=1 360w\" sizes=\"auto, (max-width: 810px) 100vw, 810px\" \/><\/figure>\n\n\n\n<figure class=\"wp-block-image size-full\"><img data-recalc-dims=\"1\" loading=\"lazy\" decoding=\"async\" width=\"810\" height=\"510\" src=\"https:\/\/i0.wp.com\/kampkomiteen.net\/wp-content\/uploads\/2025\/08\/3.jpg?resize=810%2C510&#038;ssl=1\" alt=\"\" class=\"wp-image-9310\" srcset=\"https:\/\/i0.wp.com\/kampkomiteen.net\/wp-content\/uploads\/2025\/08\/3.jpg?w=1160&amp;ssl=1 1160w, https:\/\/i0.wp.com\/kampkomiteen.net\/wp-content\/uploads\/2025\/08\/3.jpg?resize=1000%2C629&amp;ssl=1 1000w, https:\/\/i0.wp.com\/kampkomiteen.net\/wp-content\/uploads\/2025\/08\/3.jpg?resize=768%2C483&amp;ssl=1 768w\" sizes=\"auto, (max-width: 810px) 100vw, 810px\" \/><\/figure>\n\n\n\n<figure class=\"wp-block-image size-full\"><img data-recalc-dims=\"1\" loading=\"lazy\" decoding=\"async\" width=\"810\" height=\"569\" src=\"https:\/\/i0.wp.com\/kampkomiteen.net\/wp-content\/uploads\/2025\/08\/4.jpg?resize=810%2C569&#038;ssl=1\" alt=\"\" class=\"wp-image-9309\" srcset=\"https:\/\/i0.wp.com\/kampkomiteen.net\/wp-content\/uploads\/2025\/08\/4.jpg?w=1160&amp;ssl=1 1160w, https:\/\/i0.wp.com\/kampkomiteen.net\/wp-content\/uploads\/2025\/08\/4.jpg?resize=1000%2C703&amp;ssl=1 1000w, https:\/\/i0.wp.com\/kampkomiteen.net\/wp-content\/uploads\/2025\/08\/4.jpg?resize=768%2C540&amp;ssl=1 768w\" sizes=\"auto, (max-width: 810px) 100vw, 810px\" \/><\/figure>\n\n\n\n<figure class=\"wp-block-image size-full\"><img data-recalc-dims=\"1\" loading=\"lazy\" decoding=\"async\" width=\"810\" height=\"608\" src=\"https:\/\/i0.wp.com\/kampkomiteen.net\/wp-content\/uploads\/2025\/08\/5.jpg?resize=810%2C608&#038;ssl=1\" alt=\"\" class=\"wp-image-9307\" srcset=\"https:\/\/i0.wp.com\/kampkomiteen.net\/wp-content\/uploads\/2025\/08\/5.jpg?w=1160&amp;ssl=1 1160w, https:\/\/i0.wp.com\/kampkomiteen.net\/wp-content\/uploads\/2025\/08\/5.jpg?resize=1000%2C750&amp;ssl=1 1000w, https:\/\/i0.wp.com\/kampkomiteen.net\/wp-content\/uploads\/2025\/08\/5.jpg?resize=768%2C576&amp;ssl=1 768w\" sizes=\"auto, (max-width: 810px) 100vw, 810px\" \/><\/figure>\n\n\n\n<figure class=\"wp-block-image size-full\"><img data-recalc-dims=\"1\" loading=\"lazy\" decoding=\"async\" width=\"810\" height=\"422\" src=\"https:\/\/i0.wp.com\/kampkomiteen.net\/wp-content\/uploads\/2025\/08\/6.jpg?resize=810%2C422&#038;ssl=1\" alt=\"\" class=\"wp-image-9308\" srcset=\"https:\/\/i0.wp.com\/kampkomiteen.net\/wp-content\/uploads\/2025\/08\/6.jpg?w=1160&amp;ssl=1 1160w, https:\/\/i0.wp.com\/kampkomiteen.net\/wp-content\/uploads\/2025\/08\/6.jpg?resize=1000%2C522&amp;ssl=1 1000w, https:\/\/i0.wp.com\/kampkomiteen.net\/wp-content\/uploads\/2025\/08\/6.jpg?resize=768%2C401&amp;ssl=1 768w\" sizes=\"auto, (max-width: 810px) 100vw, 810px\" \/><\/figure>\n","protected":false},"excerpt":{"rendered":"<p>Mandag 18. august var aktivister fra Kampkomiteen p\u00e5 en demonstrasjon utenfor en valgkampdebatt i Bergen, hvor statsminister Jonas Gahr St\u00f8re og FrP leder Sylvi Listhaug deltok. <\/p>\n","protected":false},"author":8,"featured_media":9303,"comment_status":"closed","ping_status":"closed","sticky":false,"template":"","format":"standard","meta":{"advanced_seo_description":"","jetpack_seo_html_title":"","jetpack_seo_noindex":false,"_jetpack_memberships_contains_paid_content":false,"footnotes":""},"categories":[1],"tags":[25,80,21],"class_list":["post-9302","post","type-post","status-publish","format-standard","has-post-thumbnail","hentry","category-uncategorized","tag-bergen","tag-internasjonal-solidaritet","tag-palestina"],"jetpack_featured_media_url":"https:\/\/i0.wp.com\/kampkomiteen.net\/wp-content\/uploads\/2025\/08\/forside-scaled.jpg?fit=2560%2C1718&ssl=1","jetpack_shortlink":"https:\/\/wp.me\/pchuPf-2q2","jetpack-related-posts":[{"id":8343,"url":"https:\/\/kampkomiteen.net\/?p=8343","url_meta":{"origin":9302,"position":0},"title":"Bergen: Demonstrasjon til st\u00f8tte for de 3 palestinaaktivistene","author":"Kampkomiteen","date":"22. februar 2025","format":false,"excerpt":"L\u00f8rdag 22. februar samlet aktivister og demonstranter i Bergen fram p\u00e5 Torgallmenningen for \u00e5 demonstrere til st\u00f8tte for de 3 palestinaaktivistene som p\u00e5 mandag skal stilles for retten.","rel":"","context":"i \"Bergen\"","block_context":{"text":"Bergen","link":"https:\/\/kampkomiteen.net\/?tag=bergen"},"img":{"alt_text":"","src":"https:\/\/i0.wp.com\/kampkomiteen.net\/wp-content\/uploads\/2025\/02\/forside1-scaled.jpg?fit=1200%2C674&ssl=1&resize=350%2C200","width":350,"height":200,"srcset":"https:\/\/i0.wp.com\/kampkomiteen.net\/wp-content\/uploads\/2025\/02\/forside1-scaled.jpg?fit=1200%2C674&ssl=1&resize=350%2C200 1x, https:\/\/i0.wp.com\/kampkomiteen.net\/wp-content\/uploads\/2025\/02\/forside1-scaled.jpg?fit=1200%2C674&ssl=1&resize=525%2C300 1.5x, https:\/\/i0.wp.com\/kampkomiteen.net\/wp-content\/uploads\/2025\/02\/forside1-scaled.jpg?fit=1200%2C674&ssl=1&resize=700%2C400 2x, https:\/\/i0.wp.com\/kampkomiteen.net\/wp-content\/uploads\/2025\/02\/forside1-scaled.jpg?fit=1200%2C674&ssl=1&resize=1050%2C600 3x"},"classes":[]},{"id":7561,"url":"https:\/\/kampkomiteen.net\/?p=7561","url_meta":{"origin":9302,"position":1},"title":"Bergen: Demonstrasjon mot Kongsberg Gruppen","author":"Kampkomiteen","date":"18. juli 2024","format":false,"excerpt":"Aktivister fra Kampkomiteen deltok p\u00e5 en demonstrasjon 15. juli utenfor kontoret til Kongsberg Gruppen utenfor Bergen. Demonstrasjonen var mot at helsepersonell og sykehus har blitt angrepet av den israelske okkupasjonsh\u00e6ren.","rel":"","context":"i \"Bergen\"","block_context":{"text":"Bergen","link":"https:\/\/kampkomiteen.net\/?tag=bergen"},"img":{"alt_text":"","src":"https:\/\/i0.wp.com\/kampkomiteen.net\/wp-content\/uploads\/2024\/07\/Forside-scaled.jpg?fit=1200%2C900&ssl=1&resize=350%2C200","width":350,"height":200,"srcset":"https:\/\/i0.wp.com\/kampkomiteen.net\/wp-content\/uploads\/2024\/07\/Forside-scaled.jpg?fit=1200%2C900&ssl=1&resize=350%2C200 1x, https:\/\/i0.wp.com\/kampkomiteen.net\/wp-content\/uploads\/2024\/07\/Forside-scaled.jpg?fit=1200%2C900&ssl=1&resize=525%2C300 1.5x, https:\/\/i0.wp.com\/kampkomiteen.net\/wp-content\/uploads\/2024\/07\/Forside-scaled.jpg?fit=1200%2C900&ssl=1&resize=700%2C400 2x, https:\/\/i0.wp.com\/kampkomiteen.net\/wp-content\/uploads\/2024\/07\/Forside-scaled.jpg?fit=1200%2C900&ssl=1&resize=1050%2C600 3x"},"classes":[]},{"id":7703,"url":"https:\/\/kampkomiteen.net\/?p=7703","url_meta":{"origin":9302,"position":2},"title":"Bergen: Kraftfull demonstrasjon mot krigsprofit\u00f8rer","author":"Kampkomiteen","date":"19. september 2024","format":false,"excerpt":"19. september samlet flere organisasjoner seg i Bergen for en demonstrasjon mot krigsprofit\u00f8rene. Mot det s\u00e5kalte \u00abSj\u00f8maktseminaret 2024\u00bb som samlet krigsprofit\u00f8rer som Seatrans Chemical Tankers og Kongsberg Gruppen, i tillegg til Sj\u00f8forsvaret.","rel":"","context":"Liknende innlegg","block_context":{"text":"Liknende innlegg","link":""},"img":{"alt_text":"","src":"https:\/\/i0.wp.com\/kampkomiteen.net\/wp-content\/uploads\/2024\/09\/IMG_5981-1-scaled.jpg?fit=1200%2C800&ssl=1&resize=350%2C200","width":350,"height":200,"srcset":"https:\/\/i0.wp.com\/kampkomiteen.net\/wp-content\/uploads\/2024\/09\/IMG_5981-1-scaled.jpg?fit=1200%2C800&ssl=1&resize=350%2C200 1x, https:\/\/i0.wp.com\/kampkomiteen.net\/wp-content\/uploads\/2024\/09\/IMG_5981-1-scaled.jpg?fit=1200%2C800&ssl=1&resize=525%2C300 1.5x, https:\/\/i0.wp.com\/kampkomiteen.net\/wp-content\/uploads\/2024\/09\/IMG_5981-1-scaled.jpg?fit=1200%2C800&ssl=1&resize=700%2C400 2x, https:\/\/i0.wp.com\/kampkomiteen.net\/wp-content\/uploads\/2024\/09\/IMG_5981-1-scaled.jpg?fit=1200%2C800&ssl=1&resize=1050%2C600 3x"},"classes":[]},{"id":9440,"url":"https:\/\/kampkomiteen.net\/?p=9440","url_meta":{"origin":9302,"position":3},"title":"Oslo: Massiv demonstrasjon for Palestina","author":"Kampkomiteen","date":"2. september 2025","format":false,"excerpt":"L\u00f8rdag 30. august deltok aktivister fra Kampkomiteen i Oslo p\u00e5 en demonstrasjon organisert av Palestinakomiteen med bannerne \u00abForsvar retten til \u00e5 protestere! St\u00f8tt de 3 palestinaaktivistene\u00bb og \u00abIngen st\u00f8tte til Israels folkemord!\u00bb.","rel":"","context":"i \"Antiimperialisme\"","block_context":{"text":"Antiimperialisme","link":"https:\/\/kampkomiteen.net\/?tag=antiimperialisme"},"img":{"alt_text":"","src":"https:\/\/i0.wp.com\/kampkomiteen.net\/wp-content\/uploads\/2025\/09\/2-1-scaled.jpg?fit=1200%2C800&ssl=1&resize=350%2C200","width":350,"height":200,"srcset":"https:\/\/i0.wp.com\/kampkomiteen.net\/wp-content\/uploads\/2025\/09\/2-1-scaled.jpg?fit=1200%2C800&ssl=1&resize=350%2C200 1x, https:\/\/i0.wp.com\/kampkomiteen.net\/wp-content\/uploads\/2025\/09\/2-1-scaled.jpg?fit=1200%2C800&ssl=1&resize=525%2C300 1.5x, https:\/\/i0.wp.com\/kampkomiteen.net\/wp-content\/uploads\/2025\/09\/2-1-scaled.jpg?fit=1200%2C800&ssl=1&resize=700%2C400 2x, https:\/\/i0.wp.com\/kampkomiteen.net\/wp-content\/uploads\/2025\/09\/2-1-scaled.jpg?fit=1200%2C800&ssl=1&resize=1050%2C600 3x"},"classes":[]},{"id":6972,"url":"https:\/\/kampkomiteen.net\/?p=6972","url_meta":{"origin":9302,"position":4},"title":"Bergen: 8. mars mot imperialisme","author":"Kampkomiteen","date":"9. mars 2024","format":false,"excerpt":"Aktivister fra Kampkomiteen har markert 8. mars i Bergen. Kampkomiteen deltok i toget for palestinasolidariteten. Etterp\u00e5 deltok kampkomiteen p\u00e5 en anti-imperialistisk markering.","rel":"","context":"i \"Bergen\"","block_context":{"text":"Bergen","link":"https:\/\/kampkomiteen.net\/?tag=bergen"},"img":{"alt_text":"","src":"https:\/\/i0.wp.com\/kampkomiteen.net\/wp-content\/uploads\/2024\/03\/8.mars-Bergen.jpg?fit=1200%2C900&ssl=1&resize=350%2C200","width":350,"height":200,"srcset":"https:\/\/i0.wp.com\/kampkomiteen.net\/wp-content\/uploads\/2024\/03\/8.mars-Bergen.jpg?fit=1200%2C900&ssl=1&resize=350%2C200 1x, https:\/\/i0.wp.com\/kampkomiteen.net\/wp-content\/uploads\/2024\/03\/8.mars-Bergen.jpg?fit=1200%2C900&ssl=1&resize=525%2C300 1.5x, https:\/\/i0.wp.com\/kampkomiteen.net\/wp-content\/uploads\/2024\/03\/8.mars-Bergen.jpg?fit=1200%2C900&ssl=1&resize=700%2C400 2x, https:\/\/i0.wp.com\/kampkomiteen.net\/wp-content\/uploads\/2024\/03\/8.mars-Bergen.jpg?fit=1200%2C900&ssl=1&resize=1050%2C600 3x"},"classes":[]},{"id":8698,"url":"https:\/\/kampkomiteen.net\/?p=8698","url_meta":{"origin":9302,"position":5},"title":"Aktiviteter i Bergen de siste ukene","author":"Kampkomiteen","date":"20. april 2025","format":false,"excerpt":"Skrevet av aktivister i Bergen Kampkomiteen har deltatt p\u00e5 flere aktiviteter i Bergen i det siste, arrangert \u00e5pne m\u00f8ter og v\u00e6rt synlig i gatene i Bergen. 1. mars \u00c5pent m\u00f8te om folkets kamp i Brasil 1. mars arrangerte Kampkomiteen i Bergen et \u00e5pent m\u00f8te om folkets kamp i Brasil. I\u2026","rel":"","context":"Liknende innlegg","block_context":{"text":"Liknende innlegg","link":""},"img":{"alt_text":"","src":"https:\/\/i0.wp.com\/kampkomiteen.net\/wp-content\/uploads\/2025\/04\/22.03-2-scaled.jpg?fit=1200%2C778&ssl=1&resize=350%2C200","width":350,"height":200,"srcset":"https:\/\/i0.wp.com\/kampkomiteen.net\/wp-content\/uploads\/2025\/04\/22.03-2-scaled.jpg?fit=1200%2C778&ssl=1&resize=350%2C200 1x, https:\/\/i0.wp.com\/kampkomiteen.net\/wp-content\/uploads\/2025\/04\/22.03-2-scaled.jpg?fit=1200%2C778&ssl=1&resize=525%2C300 1.5x, https:\/\/i0.wp.com\/kampkomiteen.net\/wp-content\/uploads\/2025\/04\/22.03-2-scaled.jpg?fit=1200%2C778&ssl=1&resize=700%2C400 2x, https:\/\/i0.wp.com\/kampkomiteen.net\/wp-content\/uploads\/2025\/04\/22.03-2-scaled.jpg?fit=1200%2C778&ssl=1&resize=1050%2C600 3x"},"classes":[]}],"jetpack_sharing_enabled":true,"_links":{"self":[{"href":"https:\/\/kampkomiteen.net\/index.php?rest_route=\/wp\/v2\/posts\/9302","targetHints":{"allow":["GET"]}}],"collection":[{"href":"https:\/\/kampkomiteen.net\/index.php?rest_route=\/wp\/v2\/posts"}],"about":[{"href":"https:\/\/kampkomiteen.net\/index.php?rest_route=\/wp\/v2\/types\/post"}],"author":[{"embeddable":true,"href":"https:\/\/kampkomiteen.net\/index.php?rest_route=\/wp\/v2\/users\/8"}],"replies":[{"embeddable":true,"href":"https:\/\/kampkomiteen.net\/index.php?rest_route=%2Fwp%2Fv2%2Fcomments&post=9302"}],"version-history":[{"count":5,"href":"https:\/\/kampkomiteen.net\/index.php?rest_route=\/wp\/v2\/posts\/9302\/revisions"}],"predecessor-version":[{"id":9314,"href":"https:\/\/kampkomiteen.net\/index.php?rest_route=\/wp\/v2\/posts\/9302\/revisions\/9314"}],"wp:featuredmedia":[{"embeddable":true,"href":"https:\/\/kampkomiteen.net\/index.php?rest_route=\/wp\/v2\/media\/9303"}],"wp:attachment":[{"href":"https:\/\/kampkomiteen.net\/index.php?rest_route=%2Fwp%2Fv2%2Fmedia&parent=9302"}],"wp:term":[{"taxonomy":"category","embeddable":true,"href":"https:\/\/kampkomiteen.net\/index.php?rest_route=%2Fwp%2Fv2%2Fcategories&post=9302"},{"taxonomy":"post_tag","embeddable":true,"href":"https:\/\/kampkomiteen.net\/index.php?rest_route=%2Fwp%2Fv2%2Ftags&post=9302"}],"curies":[{"name":"wp","href":"https:\/\/api.w.org\/{rel}","templated":true}]}}