{"id":9292,"date":"2025-08-17T22:37:47","date_gmt":"2025-08-17T20:37:47","guid":{"rendered":"https:\/\/kampkomiteen.net\/?p=9292"},"modified":"2025-08-17T22:48:01","modified_gmt":"2025-08-17T20:48:01","slug":"arendal-demonstrajon-mot-miff","status":"publish","type":"post","link":"https:\/\/kampkomiteen.net\/?p=9292","title":{"rendered":"Arendal: Demonstrasjon mot MIFF"},"content":{"rendered":"<div id=\"fb-root\"><\/div>\n\n<p><em>Skrevet av aktivister i Kristiansand.<\/em><\/p>\n\n\n\n<p>13. august arrangerte Kampkomiteen sammen med Antirasistisk Agder,\u00a0Aksjonsgruppa for Palestina i Agder, Steget videre og\u00a0 Feminister i Agder en demonstrasjon under Arendalsuka, i protest mot sionistene i MIFF og at Arendalsuka ga dem en scene og plass i programmet.<\/p>\n\n\n\n<p>Palestinakomiteen tok initiativ til et felles tog fra standen deres og opp til Barbu der sionistene hold m\u00f8te i S\u00f8rlandskirkas lokaler. Politiet hadde med hunder og de hadde satt opp gjerder som m\u00e5tte flyttes p\u00e5 da de rundt 200 demonstrantene tok plass foran innganga til m\u00f8telokalet. Gjennom hele toget og demonstrasjonen ble det ropt slagord som \u00abMIFF er med Israel for folkemord\u00bb, \u00abingen st\u00f8tte til folkemord\u00bb, \u00abIsrael har blod p\u00e5 henda, MIFF ut av Arendal\u00bb,&nbsp; \u00abingen fred uten frihet &#8211; ingen frihet uten kamp &#8211; fritt Palestina\u00bb, \u00abned med okkupanten &#8211; leve motstandkampen\u00bb og \u00absionist er terrorist\u00bb. Etter demonstrasjonen gikk deltakerne i tog tilbake til sentrum.&nbsp;<\/p>\n\n\n\n<figure class=\"wp-block-image\"><img decoding=\"async\" src=\"https:\/\/lh7-rt.googleusercontent.com\/docsz\/AD_4nXcAgmRglbVl75aYOUH6-9pA14ODfKPKtxA38z5XHJEoJb9LB9WFxuRBBfPy47TU4jk3E1PCOa79XfHp2Oh88IPumxtQ9Iw7Z8p53wZ8Nk8KDYKESFhmX0JUI_VHF1XAFXnopnzCdQ?key=RsmrhNjHeLEFPqwtJbbwqQ\" alt=\"\"\/><\/figure>\n\n\n\n<figure class=\"wp-block-image is-resized\"><img decoding=\"async\" src=\"https:\/\/lh7-rt.googleusercontent.com\/docsz\/AD_4nXcMyh-0fhl0SCUuprZ1ZOY58ZeOmZGLRS5UjKEsys8ZO1ebNzchQj1m7kaQRX5K59iPRkBgY-Twlkz5pn81p1zwJXUrSl1i581zlXBehUvZpn7ynp4dNe_XPWPN4QoBU1hlXgI_?key=RsmrhNjHeLEFPqwtJbbwqQ\" alt=\"\" style=\"width:880px;height:auto\"\/><\/figure>\n\n\n\n<figure class=\"wp-block-image\"><img decoding=\"async\" src=\"https:\/\/lh7-rt.googleusercontent.com\/docsz\/AD_4nXcZQjRLPc1WLfhBhsaFcDnkQarvynnkeZ_EtXbVZ-5nxUIYTK2KvM1kEjDMVAjT1e2klHpqA4Oi_4d8b5Qb0DIogTGB4HI0C4_HyrlZkXuiUdnII5EnDmIE9ia_2XaMR-KOoyGW?key=RsmrhNjHeLEFPqwtJbbwqQ\" alt=\"\"\/><\/figure>\n\n\n\n<figure class=\"wp-block-image\"><img decoding=\"async\" src=\"https:\/\/lh7-rt.googleusercontent.com\/docsz\/AD_4nXeZ2O4ihl2YUWzYIrV0N5f45CTfApt1930MGA5Mcp7VuiNrEyIfQpqV0fNEG65acGnkygfWyLw77pYvhAaZgi0SKzUo0cQT4ljHAM24g5icN3zii_50rrkagJzJoGFHLXeS93cW?key=RsmrhNjHeLEFPqwtJbbwqQ\" alt=\"\"\/><\/figure>\n\n\n\n<figure class=\"wp-block-image is-resized\"><img decoding=\"async\" src=\"https:\/\/lh7-rt.googleusercontent.com\/docsz\/AD_4nXdfJI3vTV1pR1ZFaHWqjXgWWQHsF-QbETXlcFgT3sfJ_RG3dBSm1XidOzsEMBvutNWSd___aXjj9psEIaVit-TzHEX4Ld3roZkmVsetXRepgoluHenAw4AwEi4oO25pzlyZpwpb?key=RsmrhNjHeLEFPqwtJbbwqQ\" alt=\"\" style=\"width:880px;height:auto\"\/><\/figure>\n\n\n\n<figure class=\"wp-block-image is-resized\"><img decoding=\"async\" src=\"https:\/\/lh7-rt.googleusercontent.com\/docsz\/AD_4nXfgnRjGEfQyeYLGIEAFubV_AhxiaeITPEw3EI0orLs9U7LZK4OkVIPtsOOFbFaqjXkNus2idhC1zmnfEflODzBJ57FBXyAC0xonkh2YkkXRPKWi3b9FGd8Ir3ulY-S61RMglT5Odg?key=RsmrhNjHeLEFPqwtJbbwqQ\" alt=\"\" style=\"width:880px;height:auto\"\/><\/figure>\n\n\n\n<figure class=\"wp-block-image\"><img decoding=\"async\" src=\"https:\/\/lh7-rt.googleusercontent.com\/docsz\/AD_4nXeiniEbeVj5WQxdnUBmt5xeRqzohJTYJJLUQK70YD_NnA8WfvDmrXmkv2IRL4zx3mjwH9xwMsSXLYHQADaCW4dIvnblg59-qfyTkO2jGk4Dssa9iEiSWBO5E5FP2cOblsRVNrmOjA?key=RsmrhNjHeLEFPqwtJbbwqQ\" alt=\"\"\/><\/figure>\n\n\n\n<figure class=\"wp-block-image\"><img decoding=\"async\" src=\"https:\/\/lh7-rt.googleusercontent.com\/docsz\/AD_4nXeaU1tku74IeizFpYOyFxvNGUE-PwYJn15fcSYkT_oXRc_u8CyZZKx5HsAZBRqm9AXGY_VtEF5An1bE_OFBCRZEpYAeQsUttgcylw4nOpH3tbZvKN7-9z3tHfPpvnptlQOiArvAJw?key=RsmrhNjHeLEFPqwtJbbwqQ\" alt=\"\"\/><\/figure>\n\n\n\n<figure class=\"wp-block-image is-resized\"><img decoding=\"async\" src=\"https:\/\/lh7-rt.googleusercontent.com\/docsz\/AD_4nXe18rki3_79QaDNecM1ozuSyImA0bYFU68fjRv6d6DlxAu04nV4pwWNACQxTY3HdkHswTO29LMeKkU6RyF4uq1mnpZB_9ii8_zVMrsBfvBwm1xNlyTcQwcoEnj2U_DGzwY9xzbz?key=RsmrhNjHeLEFPqwtJbbwqQ\" alt=\"\" style=\"width:880px;height:auto\"\/><\/figure>\n\n\n\n<figure class=\"wp-block-image\"><img decoding=\"async\" src=\"https:\/\/lh7-rt.googleusercontent.com\/docsz\/AD_4nXcgD9immkZ5D0ixD0AkISAUJ4D_I13h3khHdT_I8SIEiLMYFU1gKCvThBLB1FVeVr0Lcpg0MBZJ3HdoMa2D9VFZaG8JQzO9DDSGeoa0XWmdMswa4gRa9pimA-_zrLAz1z8S88dHdQ?key=RsmrhNjHeLEFPqwtJbbwqQ\" alt=\"\"\/><\/figure>\n","protected":false},"excerpt":{"rendered":"<p>13. august arrangerte Kampkomiteen sammen med Antirasistisk Agder,\u00a0 Aksjonsgruppa for Palestina i Agder, Steget videre og\u00a0 Feminister i Agder en demonstrasjon under Arendalsuka, i protest mot sionistene i MIFF og at Arendalsuka ga dem en scene og plass i programmet.<\/p>\n","protected":false},"author":8,"featured_media":9294,"comment_status":"closed","ping_status":"closed","sticky":false,"template":"","format":"standard","meta":{"advanced_seo_description":"","jetpack_seo_html_title":"","jetpack_seo_noindex":false,"_jetpack_memberships_contains_paid_content":false,"footnotes":""},"categories":[1],"tags":[4,21,87],"class_list":["post-9292","post","type-post","status-publish","format-standard","has-post-thumbnail","hentry","category-uncategorized","tag-demonstrasjon","tag-palestina","tag-sionister"],"jetpack_featured_media_url":"https:\/\/i0.wp.com\/kampkomiteen.net\/wp-content\/uploads\/2025\/08\/Image_645634.jpg?fit=1125%2C750&ssl=1","jetpack_shortlink":"https:\/\/wp.me\/pchuPf-2pS","jetpack-related-posts":[{"id":8911,"url":"https:\/\/kampkomiteen.net\/?p=8911","url_meta":{"origin":9292,"position":0},"title":"Stavanger: Kraftfull motdemonstrasjon mot MIFF","author":"Kampkomiteen","date":"15. mai 2025","format":false,"excerpt":"Kampkomiteen deltok onsdag 14. mai p\u00e5 en motdemonstrasjon mot en sionistisk markering. Sionistene fra \u00abMIFF\u00bb markerte den sionistiske statens uavhengighetsdag. Dette er en feiring av folkemordet som palestinerne minnes som Nakba hvert \u00e5r den 15. mai.","rel":"","context":"i \"Antiimperialisme\"","block_context":{"text":"Antiimperialisme","link":"https:\/\/kampkomiteen.net\/?tag=antiimperialisme"},"img":{"alt_text":"","src":"https:\/\/i0.wp.com\/kampkomiteen.net\/wp-content\/uploads\/2025\/05\/1-P1090623-2-scaled.jpeg?fit=1200%2C675&ssl=1&resize=350%2C200","width":350,"height":200,"srcset":"https:\/\/i0.wp.com\/kampkomiteen.net\/wp-content\/uploads\/2025\/05\/1-P1090623-2-scaled.jpeg?fit=1200%2C675&ssl=1&resize=350%2C200 1x, https:\/\/i0.wp.com\/kampkomiteen.net\/wp-content\/uploads\/2025\/05\/1-P1090623-2-scaled.jpeg?fit=1200%2C675&ssl=1&resize=525%2C300 1.5x, https:\/\/i0.wp.com\/kampkomiteen.net\/wp-content\/uploads\/2025\/05\/1-P1090623-2-scaled.jpeg?fit=1200%2C675&ssl=1&resize=700%2C400 2x, https:\/\/i0.wp.com\/kampkomiteen.net\/wp-content\/uploads\/2025\/05\/1-P1090623-2-scaled.jpeg?fit=1200%2C675&ssl=1&resize=1050%2C600 3x"},"classes":[]},{"id":8859,"url":"https:\/\/kampkomiteen.net\/?p=8859","url_meta":{"origin":9292,"position":1},"title":"Oslo: Kraftfull motdemonstrasjon mot MIFF","author":"Kampkomiteen","date":"12. mai 2025","format":false,"excerpt":"S\u00f8ndag 11. mai deltok Kampkomiteen p\u00e5 en motdemonstrasjon mot MIFF arrangert av Handalaforeningen. Det ansl\u00e5es at det var ca. 100 motdemonstranter, og rundt 200 sionister, og det var tung tilstedev\u00e6relse av politi.","rel":"","context":"i \"Antiimperialisme\"","block_context":{"text":"Antiimperialisme","link":"https:\/\/kampkomiteen.net\/?tag=antiimperialisme"},"img":{"alt_text":"","src":"https:\/\/i0.wp.com\/kampkomiteen.net\/wp-content\/uploads\/2025\/05\/Bilde8.jpg?fit=1200%2C676&ssl=1&resize=350%2C200","width":350,"height":200,"srcset":"https:\/\/i0.wp.com\/kampkomiteen.net\/wp-content\/uploads\/2025\/05\/Bilde8.jpg?fit=1200%2C676&ssl=1&resize=350%2C200 1x, https:\/\/i0.wp.com\/kampkomiteen.net\/wp-content\/uploads\/2025\/05\/Bilde8.jpg?fit=1200%2C676&ssl=1&resize=525%2C300 1.5x, https:\/\/i0.wp.com\/kampkomiteen.net\/wp-content\/uploads\/2025\/05\/Bilde8.jpg?fit=1200%2C676&ssl=1&resize=700%2C400 2x, https:\/\/i0.wp.com\/kampkomiteen.net\/wp-content\/uploads\/2025\/05\/Bilde8.jpg?fit=1200%2C676&ssl=1&resize=1050%2C600 3x"},"classes":[]},{"id":6471,"url":"https:\/\/kampkomiteen.net\/?p=6471","url_meta":{"origin":9292,"position":2},"title":"Oslo: Protest mot sionistisk markering foran Stortinget","author":"Kampkomiteen","date":"17. oktober 2023","format":false,"excerpt":"S\u00f8ndag 15. oktober arrangerte den sionistiske organisasjonen MIFF en demonstrasjon til st\u00f8tte for Israels krigsforbrytelser mot det palestinske folket.\u00a0Heller ikke denne gangen fikk sionistene gjennomf\u00f8re sitt skammelige arrangement uten kraftig motstand.","rel":"","context":"i \"Demonstrasjon\"","block_context":{"text":"Demonstrasjon","link":"https:\/\/kampkomiteen.net\/?tag=demonstrasjon"},"img":{"alt_text":"","src":"https:\/\/i0.wp.com\/kampkomiteen.net\/wp-content\/uploads\/2023\/10\/foto.png?fit=1160%2C653&ssl=1&resize=350%2C200","width":350,"height":200,"srcset":"https:\/\/i0.wp.com\/kampkomiteen.net\/wp-content\/uploads\/2023\/10\/foto.png?fit=1160%2C653&ssl=1&resize=350%2C200 1x, https:\/\/i0.wp.com\/kampkomiteen.net\/wp-content\/uploads\/2023\/10\/foto.png?fit=1160%2C653&ssl=1&resize=525%2C300 1.5x, https:\/\/i0.wp.com\/kampkomiteen.net\/wp-content\/uploads\/2023\/10\/foto.png?fit=1160%2C653&ssl=1&resize=700%2C400 2x, https:\/\/i0.wp.com\/kampkomiteen.net\/wp-content\/uploads\/2023\/10\/foto.png?fit=1160%2C653&ssl=1&resize=1050%2C600 3x"},"classes":[]},{"id":9559,"url":"https:\/\/kampkomiteen.net\/?p=9559","url_meta":{"origin":9292,"position":3},"title":"Kristiansand: Demonstrasjoner for Palestina","author":"Kampkomiteen","date":"28. september 2025","format":false,"excerpt":"16. september arrangerte aktivister en demonstrasjon mot MIFFs m\u00f8te \u00abIsrael midt i utfordringer og muligheter\u00bb i Oddernes menighetshus.\u00a0","rel":"","context":"i \"Demonstrasjon\"","block_context":{"text":"Demonstrasjon","link":"https:\/\/kampkomiteen.net\/?tag=demonstrasjon"},"img":{"alt_text":"","src":"https:\/\/i0.wp.com\/kampkomiteen.net\/wp-content\/uploads\/2025\/09\/Demo-mot-MIFF.jpg?fit=1160%2C653&ssl=1&resize=350%2C200","width":350,"height":200,"srcset":"https:\/\/i0.wp.com\/kampkomiteen.net\/wp-content\/uploads\/2025\/09\/Demo-mot-MIFF.jpg?fit=1160%2C653&ssl=1&resize=350%2C200 1x, https:\/\/i0.wp.com\/kampkomiteen.net\/wp-content\/uploads\/2025\/09\/Demo-mot-MIFF.jpg?fit=1160%2C653&ssl=1&resize=525%2C300 1.5x, https:\/\/i0.wp.com\/kampkomiteen.net\/wp-content\/uploads\/2025\/09\/Demo-mot-MIFF.jpg?fit=1160%2C653&ssl=1&resize=700%2C400 2x, https:\/\/i0.wp.com\/kampkomiteen.net\/wp-content\/uploads\/2025\/09\/Demo-mot-MIFF.jpg?fit=1160%2C653&ssl=1&resize=1050%2C600 3x"},"classes":[]},{"id":8849,"url":"https:\/\/kampkomiteen.net\/?p=8849","url_meta":{"origin":9292,"position":4},"title":"Stavanger: Kom p\u00e5 motdemonstrasjon mot sionister","author":"Kampkomiteen","date":"8. mai 2025","format":false,"excerpt":"Kampkomiteen har sluttet seg til og deltar p\u00e5 en motdemonstrasjon i Stavanger mot den sionistiske organisasjonen MIFF.","rel":"","context":"i \"Demonstrasjoner\"","block_context":{"text":"Demonstrasjoner","link":"https:\/\/kampkomiteen.net\/?tag=demonstrasjoner"},"img":{"alt_text":"","src":"https:\/\/i0.wp.com\/kampkomiteen.net\/wp-content\/uploads\/2025\/05\/495563817_122129236916643927_2949771915182604241_n.jpg?fit=526%2C275&ssl=1&resize=350%2C200","width":350,"height":200,"srcset":"https:\/\/i0.wp.com\/kampkomiteen.net\/wp-content\/uploads\/2025\/05\/495563817_122129236916643927_2949771915182604241_n.jpg?fit=526%2C275&ssl=1&resize=350%2C200 1x, https:\/\/i0.wp.com\/kampkomiteen.net\/wp-content\/uploads\/2025\/05\/495563817_122129236916643927_2949771915182604241_n.jpg?fit=526%2C275&ssl=1&resize=525%2C300 1.5x"},"classes":[]},{"id":9409,"url":"https:\/\/kampkomiteen.net\/?p=9409","url_meta":{"origin":9292,"position":5},"title":"Kristiansand: Solidaritet med Palestina","author":"Kampkomiteen","date":"31. august 2025","format":false,"excerpt":"Kampkomiteen har i august deltatt p\u00e5 flere markeringer og aksjoner til st\u00f8tte for Palestina.","rel":"","context":"i \"Demonstrasjon\"","block_context":{"text":"Demonstrasjon","link":"https:\/\/kampkomiteen.net\/?tag=demonstrasjon"},"img":{"alt_text":"","src":"https:\/\/i0.wp.com\/kampkomiteen.net\/wp-content\/uploads\/2025\/08\/Fritt-Palestina.jpg?fit=1160%2C653&ssl=1&resize=350%2C200","width":350,"height":200,"srcset":"https:\/\/i0.wp.com\/kampkomiteen.net\/wp-content\/uploads\/2025\/08\/Fritt-Palestina.jpg?fit=1160%2C653&ssl=1&resize=350%2C200 1x, https:\/\/i0.wp.com\/kampkomiteen.net\/wp-content\/uploads\/2025\/08\/Fritt-Palestina.jpg?fit=1160%2C653&ssl=1&resize=525%2C300 1.5x, https:\/\/i0.wp.com\/kampkomiteen.net\/wp-content\/uploads\/2025\/08\/Fritt-Palestina.jpg?fit=1160%2C653&ssl=1&resize=700%2C400 2x, https:\/\/i0.wp.com\/kampkomiteen.net\/wp-content\/uploads\/2025\/08\/Fritt-Palestina.jpg?fit=1160%2C653&ssl=1&resize=1050%2C600 3x"},"classes":[]}],"jetpack_sharing_enabled":true,"_links":{"self":[{"href":"https:\/\/kampkomiteen.net\/index.php?rest_route=\/wp\/v2\/posts\/9292","targetHints":{"allow":["GET"]}}],"collection":[{"href":"https:\/\/kampkomiteen.net\/index.php?rest_route=\/wp\/v2\/posts"}],"about":[{"href":"https:\/\/kampkomiteen.net\/index.php?rest_route=\/wp\/v2\/types\/post"}],"author":[{"embeddable":true,"href":"https:\/\/kampkomiteen.net\/index.php?rest_route=\/wp\/v2\/users\/8"}],"replies":[{"embeddable":true,"href":"https:\/\/kampkomiteen.net\/index.php?rest_route=%2Fwp%2Fv2%2Fcomments&post=9292"}],"version-history":[{"count":6,"href":"https:\/\/kampkomiteen.net\/index.php?rest_route=\/wp\/v2\/posts\/9292\/revisions"}],"predecessor-version":[{"id":9300,"href":"https:\/\/kampkomiteen.net\/index.php?rest_route=\/wp\/v2\/posts\/9292\/revisions\/9300"}],"wp:featuredmedia":[{"embeddable":true,"href":"https:\/\/kampkomiteen.net\/index.php?rest_route=\/wp\/v2\/media\/9294"}],"wp:attachment":[{"href":"https:\/\/kampkomiteen.net\/index.php?rest_route=%2Fwp%2Fv2%2Fmedia&parent=9292"}],"wp:term":[{"taxonomy":"category","embeddable":true,"href":"https:\/\/kampkomiteen.net\/index.php?rest_route=%2Fwp%2Fv2%2Fcategories&post=9292"},{"taxonomy":"post_tag","embeddable":true,"href":"https:\/\/kampkomiteen.net\/index.php?rest_route=%2Fwp%2Fv2%2Ftags&post=9292"}],"curies":[{"name":"wp","href":"https:\/\/api.w.org\/{rel}","templated":true}]}}