{"id":9222,"date":"2025-07-23T19:37:34","date_gmt":"2025-07-23T17:37:34","guid":{"rendered":"https:\/\/kampkomiteen.net\/?p=9222"},"modified":"2025-07-23T19:37:34","modified_gmt":"2025-07-23T17:37:34","slug":"bergen-demonstrasjonstog-mot-folkemordet-i-gaza","status":"publish","type":"post","link":"https:\/\/kampkomiteen.net\/?p=9222","title":{"rendered":"Bergen: Demonstrasjonstog mot folkemordet i Gaza"},"content":{"rendered":"<div id=\"fb-root\"><\/div>\n\n<p><em>Skrevet av aktivister i Bergen.<\/em><\/p>\n\n\n\n<p>Aktivister fra Kampkomiteen i Bergen var til stede p\u00e5 en markering for Palestina i Bergen onsdag 23. juli.<\/p>\n\n\n\n<p>Aksjonen ble arrangert av Aksjonsgruppa for Palestina \u2013 Bergen. Markeringen begynte som en aksjon med h\u00e5ndplakater og banner. Men fordi flere hundre m\u00f8tte opp utviklet det seg til et demonstrasjonstog med slagord. Toget med rundt 400 deltagere gikk i rute fra Den bl\u00e5 stein til Bryggen og tilbake til Den bl\u00e5 stein. Det ble ropt slagord som \u00abFree, Free Palestine\u00bb, \u00abLa Gaza Leve\u00bb og \u00abFrom the river to the sea \u2013 Palestine will be free!\u00bb. Det var banner til stede der det sto \u00abIsrael dreper palestinere i matk\u00f8\u00bb og \u00abStillhet om folkemordet er medvirkning\u00bb. Etter demonstrasjonstoget ble det ogs\u00e5 holdt en spontan appell av en ungdom mot folkemordet og sulten i Gaza.<\/p>\n\n\n\n<figure class=\"wp-block-image size-full\"><img data-recalc-dims=\"1\" loading=\"lazy\" decoding=\"async\" width=\"810\" height=\"608\" src=\"https:\/\/i0.wp.com\/kampkomiteen.net\/wp-content\/uploads\/2025\/07\/paldemo1.png?resize=810%2C608&#038;ssl=1\" alt=\"\" class=\"wp-image-9223\" srcset=\"https:\/\/i0.wp.com\/kampkomiteen.net\/wp-content\/uploads\/2025\/07\/paldemo1.png?w=1160&amp;ssl=1 1160w, https:\/\/i0.wp.com\/kampkomiteen.net\/wp-content\/uploads\/2025\/07\/paldemo1.png?resize=1000%2C750&amp;ssl=1 1000w, https:\/\/i0.wp.com\/kampkomiteen.net\/wp-content\/uploads\/2025\/07\/paldemo1.png?resize=768%2C576&amp;ssl=1 768w\" sizes=\"auto, (max-width: 810px) 100vw, 810px\" \/><\/figure>\n\n\n\n<figure class=\"wp-block-image size-full\"><img data-recalc-dims=\"1\" loading=\"lazy\" decoding=\"async\" width=\"810\" height=\"460\" src=\"https:\/\/i0.wp.com\/kampkomiteen.net\/wp-content\/uploads\/2025\/07\/paldemo3.png?resize=810%2C460&#038;ssl=1\" alt=\"\" class=\"wp-image-9224\" srcset=\"https:\/\/i0.wp.com\/kampkomiteen.net\/wp-content\/uploads\/2025\/07\/paldemo3.png?w=1160&amp;ssl=1 1160w, https:\/\/i0.wp.com\/kampkomiteen.net\/wp-content\/uploads\/2025\/07\/paldemo3.png?resize=1000%2C568&amp;ssl=1 1000w, https:\/\/i0.wp.com\/kampkomiteen.net\/wp-content\/uploads\/2025\/07\/paldemo3.png?resize=768%2C436&amp;ssl=1 768w\" sizes=\"auto, (max-width: 810px) 100vw, 810px\" \/><\/figure>\n\n\n\n<figure class=\"wp-block-image size-full\"><img data-recalc-dims=\"1\" loading=\"lazy\" decoding=\"async\" width=\"810\" height=\"404\" src=\"https:\/\/i0.wp.com\/kampkomiteen.net\/wp-content\/uploads\/2025\/07\/paldemo2.png?resize=810%2C404&#038;ssl=1\" alt=\"\" class=\"wp-image-9225\" srcset=\"https:\/\/i0.wp.com\/kampkomiteen.net\/wp-content\/uploads\/2025\/07\/paldemo2.png?w=1160&amp;ssl=1 1160w, https:\/\/i0.wp.com\/kampkomiteen.net\/wp-content\/uploads\/2025\/07\/paldemo2.png?resize=1000%2C499&amp;ssl=1 1000w, https:\/\/i0.wp.com\/kampkomiteen.net\/wp-content\/uploads\/2025\/07\/paldemo2.png?resize=768%2C383&amp;ssl=1 768w\" sizes=\"auto, (max-width: 810px) 100vw, 810px\" \/><\/figure>\n\n\n\n<p><\/p>\n","protected":false},"excerpt":{"rendered":"<p>Aktivister fra Kampkomiteen i Bergen var til stede p\u00e5 en markering for Palestina i Bergen onsdag 23. juli.<\/p>\n","protected":false},"author":8,"featured_media":9225,"comment_status":"closed","ping_status":"closed","sticky":false,"template":"","format":"standard","meta":{"advanced_seo_description":"","jetpack_seo_html_title":"","jetpack_seo_noindex":false,"_jetpack_memberships_contains_paid_content":false,"footnotes":""},"categories":[1],"tags":[],"class_list":["post-9222","post","type-post","status-publish","format-standard","has-post-thumbnail","hentry","category-uncategorized"],"jetpack_featured_media_url":"https:\/\/i0.wp.com\/kampkomiteen.net\/wp-content\/uploads\/2025\/07\/paldemo2.png?fit=1160%2C579&ssl=1","jetpack_shortlink":"https:\/\/wp.me\/pchuPf-2oK","jetpack-related-posts":[{"id":9302,"url":"https:\/\/kampkomiteen.net\/?p=9302","url_meta":{"origin":9222,"position":0},"title":"Bergen: Kjempende demonstrasjon mot St\u00f8re og Listhaug","author":"Kampkomiteen","date":"19. august 2025","format":false,"excerpt":"Mandag 18. august var aktivister fra Kampkomiteen p\u00e5 en demonstrasjon utenfor en valgkampdebatt i Bergen, hvor statsminister Jonas Gahr St\u00f8re og FrP leder Sylvi Listhaug deltok.","rel":"","context":"i \"Bergen\"","block_context":{"text":"Bergen","link":"https:\/\/kampkomiteen.net\/?tag=bergen"},"img":{"alt_text":"","src":"https:\/\/i0.wp.com\/kampkomiteen.net\/wp-content\/uploads\/2025\/08\/forside-scaled.jpg?fit=1200%2C805&ssl=1&resize=350%2C200","width":350,"height":200,"srcset":"https:\/\/i0.wp.com\/kampkomiteen.net\/wp-content\/uploads\/2025\/08\/forside-scaled.jpg?fit=1200%2C805&ssl=1&resize=350%2C200 1x, https:\/\/i0.wp.com\/kampkomiteen.net\/wp-content\/uploads\/2025\/08\/forside-scaled.jpg?fit=1200%2C805&ssl=1&resize=525%2C300 1.5x, https:\/\/i0.wp.com\/kampkomiteen.net\/wp-content\/uploads\/2025\/08\/forside-scaled.jpg?fit=1200%2C805&ssl=1&resize=700%2C400 2x, https:\/\/i0.wp.com\/kampkomiteen.net\/wp-content\/uploads\/2025\/08\/forside-scaled.jpg?fit=1200%2C805&ssl=1&resize=1050%2C600 3x"},"classes":[]},{"id":6502,"url":"https:\/\/kampkomiteen.net\/?p=6502","url_meta":{"origin":9222,"position":1},"title":"Bergen: Solidaritetsmarkering for Palestina","author":"Kampkomiteen","date":"23. oktober 2023","format":false,"excerpt":"L\u00f8rdag 21. oktober deltok aktivister fra Kampkomiteen p\u00e5 enn\u00e5 en vellykket solidaritetsmarkering for Palestina arrangert av Palestinakomiteen.","rel":"","context":"i \"Bergen\"","block_context":{"text":"Bergen","link":"https:\/\/kampkomiteen.net\/?tag=bergen"},"img":{"alt_text":"","src":"https:\/\/i0.wp.com\/kampkomiteen.net\/wp-content\/uploads\/2023\/10\/2-2-scaled.jpg?fit=1200%2C900&ssl=1&resize=350%2C200","width":350,"height":200,"srcset":"https:\/\/i0.wp.com\/kampkomiteen.net\/wp-content\/uploads\/2023\/10\/2-2-scaled.jpg?fit=1200%2C900&ssl=1&resize=350%2C200 1x, https:\/\/i0.wp.com\/kampkomiteen.net\/wp-content\/uploads\/2023\/10\/2-2-scaled.jpg?fit=1200%2C900&ssl=1&resize=525%2C300 1.5x, https:\/\/i0.wp.com\/kampkomiteen.net\/wp-content\/uploads\/2023\/10\/2-2-scaled.jpg?fit=1200%2C900&ssl=1&resize=700%2C400 2x, https:\/\/i0.wp.com\/kampkomiteen.net\/wp-content\/uploads\/2023\/10\/2-2-scaled.jpg?fit=1200%2C900&ssl=1&resize=1050%2C600 3x"},"classes":[]},{"id":6564,"url":"https:\/\/kampkomiteen.net\/?p=6564","url_meta":{"origin":9222,"position":2},"title":"Bergen: Daglige demonstrasjoner for Palestina","author":"Kampkomiteen","date":"13. november 2023","format":false,"excerpt":"I Bergen har det i l\u00f8pet av hele uke 45 blitt gjennomf\u00f8rt flere kraftfulle demonstrasjoner. P\u00e5 alle demonstrasjonene har det blant de oppm\u00f8tte v\u00e6rt en kjempende \u00e5nd med h\u00f8ylytte slagord og klar st\u00f8tte til motstandskampen. Demonstrasjonene fortsetter ogs\u00e5 neste uke.","rel":"","context":"i \"Demonstrasjon\"","block_context":{"text":"Demonstrasjon","link":"https:\/\/kampkomiteen.net\/?tag=demonstrasjon"},"img":{"alt_text":"","src":"https:\/\/i0.wp.com\/kampkomiteen.net\/wp-content\/uploads\/2023\/11\/31-4-scaled.jpg?fit=1200%2C900&ssl=1&resize=350%2C200","width":350,"height":200,"srcset":"https:\/\/i0.wp.com\/kampkomiteen.net\/wp-content\/uploads\/2023\/11\/31-4-scaled.jpg?fit=1200%2C900&ssl=1&resize=350%2C200 1x, https:\/\/i0.wp.com\/kampkomiteen.net\/wp-content\/uploads\/2023\/11\/31-4-scaled.jpg?fit=1200%2C900&ssl=1&resize=525%2C300 1.5x, https:\/\/i0.wp.com\/kampkomiteen.net\/wp-content\/uploads\/2023\/11\/31-4-scaled.jpg?fit=1200%2C900&ssl=1&resize=700%2C400 2x, https:\/\/i0.wp.com\/kampkomiteen.net\/wp-content\/uploads\/2023\/11\/31-4-scaled.jpg?fit=1200%2C900&ssl=1&resize=1050%2C600 3x"},"classes":[]},{"id":9731,"url":"https:\/\/kampkomiteen.net\/?p=9731","url_meta":{"origin":9222,"position":3},"title":"Bergen: Kjempende demonstrasjon for Al-Aqsa-flommen","author":"Kampkomiteen","date":"8. oktober 2025","format":false,"excerpt":"Aktivister i Bergen samlet seg 7. oktober ved Den bl\u00e5 steinen i sentrum for \u00e5 markere 2-\u00e5rs dagen for operasjon Al-Aqsa Flood, som har gitt en kraftig impuls til verdens undertrykte folk til kamp mot imperialismen. Kampkomiteen deltok med appell, r\u00f8de flagg, et flagg fra Antiimperialistisk Forbund og to banner\u2026","rel":"","context":"i \"Bergen\"","block_context":{"text":"Bergen","link":"https:\/\/kampkomiteen.net\/?tag=bergen"},"img":{"alt_text":"","src":"https:\/\/i0.wp.com\/kampkomiteen.net\/wp-content\/uploads\/2025\/10\/forside.jpg?fit=1160%2C870&ssl=1&resize=350%2C200","width":350,"height":200,"srcset":"https:\/\/i0.wp.com\/kampkomiteen.net\/wp-content\/uploads\/2025\/10\/forside.jpg?fit=1160%2C870&ssl=1&resize=350%2C200 1x, https:\/\/i0.wp.com\/kampkomiteen.net\/wp-content\/uploads\/2025\/10\/forside.jpg?fit=1160%2C870&ssl=1&resize=525%2C300 1.5x, https:\/\/i0.wp.com\/kampkomiteen.net\/wp-content\/uploads\/2025\/10\/forside.jpg?fit=1160%2C870&ssl=1&resize=700%2C400 2x, https:\/\/i0.wp.com\/kampkomiteen.net\/wp-content\/uploads\/2025\/10\/forside.jpg?fit=1160%2C870&ssl=1&resize=1050%2C600 3x"},"classes":[]},{"id":9071,"url":"https:\/\/kampkomiteen.net\/?p=9071","url_meta":{"origin":9222,"position":4},"title":"Bergen: Demonstrasjon mot den indiske statens krig mot folket","author":"Kampkomiteen","date":"14. juni 2025","format":false,"excerpt":"L\u00f8rdag, 14. juni, var det en demonstrasjon under parolen \u00abStopp den indiske statens krig mot folket\u00bb med tilslutning fra Bergen4Palestine, Kampkomiteen i Bergen, R\u00f8d Front og Revolusjon\u00e6rt Kommunistisk Forbund. Flere demonstranter var til stede med r\u00f8de og palestinske flagg.","rel":"","context":"i \"Demonstrasjoner og markeringer\"","block_context":{"text":"Demonstrasjoner og markeringer","link":"https:\/\/kampkomiteen.net\/?tag=demonstrasjoner-og-markeringer"},"img":{"alt_text":"","src":"https:\/\/i0.wp.com\/kampkomiteen.net\/wp-content\/uploads\/2025\/06\/4-hoved-1.jpg?fit=1200%2C760&ssl=1&resize=350%2C200","width":350,"height":200,"srcset":"https:\/\/i0.wp.com\/kampkomiteen.net\/wp-content\/uploads\/2025\/06\/4-hoved-1.jpg?fit=1200%2C760&ssl=1&resize=350%2C200 1x, https:\/\/i0.wp.com\/kampkomiteen.net\/wp-content\/uploads\/2025\/06\/4-hoved-1.jpg?fit=1200%2C760&ssl=1&resize=525%2C300 1.5x, https:\/\/i0.wp.com\/kampkomiteen.net\/wp-content\/uploads\/2025\/06\/4-hoved-1.jpg?fit=1200%2C760&ssl=1&resize=700%2C400 2x, https:\/\/i0.wp.com\/kampkomiteen.net\/wp-content\/uploads\/2025\/06\/4-hoved-1.jpg?fit=1200%2C760&ssl=1&resize=1050%2C600 3x"},"classes":[]},{"id":7561,"url":"https:\/\/kampkomiteen.net\/?p=7561","url_meta":{"origin":9222,"position":5},"title":"Bergen: Demonstrasjon mot Kongsberg Gruppen","author":"Kampkomiteen","date":"18. juli 2024","format":false,"excerpt":"Aktivister fra Kampkomiteen deltok p\u00e5 en demonstrasjon 15. juli utenfor kontoret til Kongsberg Gruppen utenfor Bergen. Demonstrasjonen var mot at helsepersonell og sykehus har blitt angrepet av den israelske okkupasjonsh\u00e6ren.","rel":"","context":"i \"Bergen\"","block_context":{"text":"Bergen","link":"https:\/\/kampkomiteen.net\/?tag=bergen"},"img":{"alt_text":"","src":"https:\/\/i0.wp.com\/kampkomiteen.net\/wp-content\/uploads\/2024\/07\/Forside-scaled.jpg?fit=1200%2C900&ssl=1&resize=350%2C200","width":350,"height":200,"srcset":"https:\/\/i0.wp.com\/kampkomiteen.net\/wp-content\/uploads\/2024\/07\/Forside-scaled.jpg?fit=1200%2C900&ssl=1&resize=350%2C200 1x, https:\/\/i0.wp.com\/kampkomiteen.net\/wp-content\/uploads\/2024\/07\/Forside-scaled.jpg?fit=1200%2C900&ssl=1&resize=525%2C300 1.5x, https:\/\/i0.wp.com\/kampkomiteen.net\/wp-content\/uploads\/2024\/07\/Forside-scaled.jpg?fit=1200%2C900&ssl=1&resize=700%2C400 2x, https:\/\/i0.wp.com\/kampkomiteen.net\/wp-content\/uploads\/2024\/07\/Forside-scaled.jpg?fit=1200%2C900&ssl=1&resize=1050%2C600 3x"},"classes":[]}],"jetpack_sharing_enabled":true,"_links":{"self":[{"href":"https:\/\/kampkomiteen.net\/index.php?rest_route=\/wp\/v2\/posts\/9222","targetHints":{"allow":["GET"]}}],"collection":[{"href":"https:\/\/kampkomiteen.net\/index.php?rest_route=\/wp\/v2\/posts"}],"about":[{"href":"https:\/\/kampkomiteen.net\/index.php?rest_route=\/wp\/v2\/types\/post"}],"author":[{"embeddable":true,"href":"https:\/\/kampkomiteen.net\/index.php?rest_route=\/wp\/v2\/users\/8"}],"replies":[{"embeddable":true,"href":"https:\/\/kampkomiteen.net\/index.php?rest_route=%2Fwp%2Fv2%2Fcomments&post=9222"}],"version-history":[{"count":1,"href":"https:\/\/kampkomiteen.net\/index.php?rest_route=\/wp\/v2\/posts\/9222\/revisions"}],"predecessor-version":[{"id":9226,"href":"https:\/\/kampkomiteen.net\/index.php?rest_route=\/wp\/v2\/posts\/9222\/revisions\/9226"}],"wp:featuredmedia":[{"embeddable":true,"href":"https:\/\/kampkomiteen.net\/index.php?rest_route=\/wp\/v2\/media\/9225"}],"wp:attachment":[{"href":"https:\/\/kampkomiteen.net\/index.php?rest_route=%2Fwp%2Fv2%2Fmedia&parent=9222"}],"wp:term":[{"taxonomy":"category","embeddable":true,"href":"https:\/\/kampkomiteen.net\/index.php?rest_route=%2Fwp%2Fv2%2Fcategories&post=9222"},{"taxonomy":"post_tag","embeddable":true,"href":"https:\/\/kampkomiteen.net\/index.php?rest_route=%2Fwp%2Fv2%2Ftags&post=9222"}],"curies":[{"name":"wp","href":"https:\/\/api.w.org\/{rel}","templated":true}]}}