{"id":9208,"date":"2025-07-23T19:35:59","date_gmt":"2025-07-23T17:35:59","guid":{"rendered":"https:\/\/kampkomiteen.net\/?p=9208"},"modified":"2025-07-23T19:35:59","modified_gmt":"2025-07-23T17:35:59","slug":"bergen-demonstrasjon-mot-usas-krig-mot-iran","status":"publish","type":"post","link":"https:\/\/kampkomiteen.net\/?p=9208","title":{"rendered":"Bergen: Demonstrasjon mot USAs krig mot Iran"},"content":{"rendered":"<div id=\"fb-root\"><\/div>\n\n<p><em>Skrevet av aktivister i Bergen.<\/em><\/p>\n\n\n\n<p>23. juni ble det holdt en demonstrasjon mot USAs angrep mot Iran natt til 22. juni. Tross kort varsel deltok rundt 100 mennesker.<\/p>\n\n\n\n<p>Demonstrasjonen fant sted p\u00e5 Den bl\u00e5 stein under parolen \u00abStopp USAs krig!\u00bb. Partiet FOR, Bergen4Palestine, Kampkomiteen, Worker-Communist Party of Iran \u2013 Hekmatist (Official Line) og Revolusjon\u00e6rt Kommunistisk Forbund var tilsluttet. Flere fra det iranske milj\u00f8et i Bergen var ogs\u00e5 til stede. R\u00f8de og palestinske flagg var til stede blant demonstrantene, samt et flagg for Antiimperialistisk Forbund.<\/p>\n\n\n\n<p>Under demonstrasjonen ble det holdt flere appeller der USA imperialismen og lakeistaten Israel ble ford\u00f8mt for angrepene mot Iran. Det ble holdt appeller fra Kampkomiteen, Bergen4Palestine, Partiet FOR og fra en iraner.<\/p>\n\n\n\n<p>Systemets medier og krigspropagandaen ble avvist av appellantene som renspikka l\u00f8gn, og i appellen til Kampkomiteen ble det sl\u00e5tt fast at mediene i Norge har publisert propaganda for krigen, blant annet amerikansk propaganda om \u00abMasse\u00f8deleggelsesv\u00e5pen\u00bb slik som f\u00f8r Irak-krigen og propaganda for s\u00e5kalt \u00abRegimeendring\u00bb. Videre ble det sl\u00e5tt fast at den antiimperialistiske bevegelsen m\u00e5 styrke seg og at alle som er mot imperialistisk krig m\u00e5 samle seg. Etter appellene var over gikk demonstrantene i tog som endte p\u00e5 Festplassen. Under toget ble det ropt slagord som \u00abStopp krigen mot Iran! &#8211; Stopp krigen n\u00e5!\u00bb, \u00abNed med USA!\u00bb og \u00abNed med Israel!\u00bb.<\/p>\n\n\n\n<figure class=\"wp-block-image size-full\"><img data-recalc-dims=\"1\" loading=\"lazy\" decoding=\"async\" width=\"810\" height=\"608\" src=\"https:\/\/i0.wp.com\/kampkomiteen.net\/wp-content\/uploads\/2025\/07\/iran5-1.png?resize=810%2C608&#038;ssl=1\" alt=\"\" class=\"wp-image-9219\" srcset=\"https:\/\/i0.wp.com\/kampkomiteen.net\/wp-content\/uploads\/2025\/07\/iran5-1.png?w=1160&amp;ssl=1 1160w, https:\/\/i0.wp.com\/kampkomiteen.net\/wp-content\/uploads\/2025\/07\/iran5-1.png?resize=1000%2C750&amp;ssl=1 1000w, https:\/\/i0.wp.com\/kampkomiteen.net\/wp-content\/uploads\/2025\/07\/iran5-1.png?resize=768%2C576&amp;ssl=1 768w\" sizes=\"auto, (max-width: 810px) 100vw, 810px\" \/><\/figure>\n\n\n\n<figure class=\"wp-block-image size-full\"><img data-recalc-dims=\"1\" loading=\"lazy\" decoding=\"async\" width=\"810\" height=\"608\" src=\"https:\/\/i0.wp.com\/kampkomiteen.net\/wp-content\/uploads\/2025\/07\/iran6-1.png?resize=810%2C608&#038;ssl=1\" alt=\"\" class=\"wp-image-9220\" srcset=\"https:\/\/i0.wp.com\/kampkomiteen.net\/wp-content\/uploads\/2025\/07\/iran6-1.png?w=1160&amp;ssl=1 1160w, https:\/\/i0.wp.com\/kampkomiteen.net\/wp-content\/uploads\/2025\/07\/iran6-1.png?resize=1000%2C750&amp;ssl=1 1000w, https:\/\/i0.wp.com\/kampkomiteen.net\/wp-content\/uploads\/2025\/07\/iran6-1.png?resize=768%2C576&amp;ssl=1 768w\" sizes=\"auto, (max-width: 810px) 100vw, 810px\" \/><\/figure>\n\n\n\n<figure class=\"wp-block-image size-large\"><img data-recalc-dims=\"1\" loading=\"lazy\" decoding=\"async\" width=\"810\" height=\"610\" src=\"https:\/\/i0.wp.com\/kampkomiteen.net\/wp-content\/uploads\/2025\/07\/iran1-1.jpg?resize=810%2C610&#038;ssl=1\" alt=\"\" class=\"wp-image-9216\" srcset=\"https:\/\/i0.wp.com\/kampkomiteen.net\/wp-content\/uploads\/2025\/07\/iran1-1-scaled.jpg?resize=4000%2C3012&amp;ssl=1 4000w, https:\/\/i0.wp.com\/kampkomiteen.net\/wp-content\/uploads\/2025\/07\/iran1-1-scaled.jpg?resize=1000%2C753&amp;ssl=1 1000w, https:\/\/i0.wp.com\/kampkomiteen.net\/wp-content\/uploads\/2025\/07\/iran1-1-scaled.jpg?resize=768%2C578&amp;ssl=1 768w, https:\/\/i0.wp.com\/kampkomiteen.net\/wp-content\/uploads\/2025\/07\/iran1-1-scaled.jpg?resize=1536%2C1157&amp;ssl=1 1536w, https:\/\/i0.wp.com\/kampkomiteen.net\/wp-content\/uploads\/2025\/07\/iran1-1-scaled.jpg?resize=2048%2C1542&amp;ssl=1 2048w\" sizes=\"auto, (max-width: 810px) 100vw, 810px\" \/><\/figure>\n\n\n\n<figure class=\"wp-block-image size-large\"><img data-recalc-dims=\"1\" loading=\"lazy\" decoding=\"async\" width=\"810\" height=\"610\" src=\"https:\/\/i0.wp.com\/kampkomiteen.net\/wp-content\/uploads\/2025\/07\/iran2-1.jpg?resize=810%2C610&#038;ssl=1\" alt=\"\" class=\"wp-image-9215\" srcset=\"https:\/\/i0.wp.com\/kampkomiteen.net\/wp-content\/uploads\/2025\/07\/iran2-1-scaled.jpg?resize=4000%2C3012&amp;ssl=1 4000w, https:\/\/i0.wp.com\/kampkomiteen.net\/wp-content\/uploads\/2025\/07\/iran2-1-scaled.jpg?resize=1000%2C753&amp;ssl=1 1000w, https:\/\/i0.wp.com\/kampkomiteen.net\/wp-content\/uploads\/2025\/07\/iran2-1-scaled.jpg?resize=768%2C578&amp;ssl=1 768w, https:\/\/i0.wp.com\/kampkomiteen.net\/wp-content\/uploads\/2025\/07\/iran2-1-scaled.jpg?resize=1536%2C1157&amp;ssl=1 1536w, https:\/\/i0.wp.com\/kampkomiteen.net\/wp-content\/uploads\/2025\/07\/iran2-1-scaled.jpg?resize=2048%2C1542&amp;ssl=1 2048w\" sizes=\"auto, (max-width: 810px) 100vw, 810px\" \/><\/figure>\n\n\n\n<figure class=\"wp-block-image size-large\"><img data-recalc-dims=\"1\" loading=\"lazy\" decoding=\"async\" width=\"810\" height=\"610\" src=\"https:\/\/i0.wp.com\/kampkomiteen.net\/wp-content\/uploads\/2025\/07\/iran3-1.jpg?resize=810%2C610&#038;ssl=1\" alt=\"\" class=\"wp-image-9217\" srcset=\"https:\/\/i0.wp.com\/kampkomiteen.net\/wp-content\/uploads\/2025\/07\/iran3-1-scaled.jpg?resize=4000%2C3012&amp;ssl=1 4000w, https:\/\/i0.wp.com\/kampkomiteen.net\/wp-content\/uploads\/2025\/07\/iran3-1-scaled.jpg?resize=1000%2C753&amp;ssl=1 1000w, https:\/\/i0.wp.com\/kampkomiteen.net\/wp-content\/uploads\/2025\/07\/iran3-1-scaled.jpg?resize=768%2C578&amp;ssl=1 768w, https:\/\/i0.wp.com\/kampkomiteen.net\/wp-content\/uploads\/2025\/07\/iran3-1-scaled.jpg?resize=1536%2C1157&amp;ssl=1 1536w, https:\/\/i0.wp.com\/kampkomiteen.net\/wp-content\/uploads\/2025\/07\/iran3-1-scaled.jpg?resize=2048%2C1542&amp;ssl=1 2048w\" sizes=\"auto, (max-width: 810px) 100vw, 810px\" \/><\/figure>\n\n\n\n<figure class=\"wp-block-image size-large\"><img data-recalc-dims=\"1\" loading=\"lazy\" decoding=\"async\" width=\"810\" height=\"610\" src=\"https:\/\/i0.wp.com\/kampkomiteen.net\/wp-content\/uploads\/2025\/07\/iran4-1.jpg?resize=810%2C610&#038;ssl=1\" alt=\"\" class=\"wp-image-9218\" srcset=\"https:\/\/i0.wp.com\/kampkomiteen.net\/wp-content\/uploads\/2025\/07\/iran4-1-scaled.jpg?resize=4000%2C3012&amp;ssl=1 4000w, https:\/\/i0.wp.com\/kampkomiteen.net\/wp-content\/uploads\/2025\/07\/iran4-1-scaled.jpg?resize=1000%2C753&amp;ssl=1 1000w, https:\/\/i0.wp.com\/kampkomiteen.net\/wp-content\/uploads\/2025\/07\/iran4-1-scaled.jpg?resize=768%2C578&amp;ssl=1 768w, https:\/\/i0.wp.com\/kampkomiteen.net\/wp-content\/uploads\/2025\/07\/iran4-1-scaled.jpg?resize=1536%2C1157&amp;ssl=1 1536w, https:\/\/i0.wp.com\/kampkomiteen.net\/wp-content\/uploads\/2025\/07\/iran4-1-scaled.jpg?resize=2048%2C1542&amp;ssl=1 2048w\" sizes=\"auto, (max-width: 810px) 100vw, 810px\" \/><\/figure>\n","protected":false},"excerpt":{"rendered":"<p>23. juni ble det holdt en demonstrasjon mot USAs angrep mot Iran natt til 22. juni. Tross kort varsel deltok rundt 100 mennesker.<\/p>\n","protected":false},"author":8,"featured_media":9217,"comment_status":"closed","ping_status":"closed","sticky":false,"template":"","format":"standard","meta":{"advanced_seo_description":"","jetpack_seo_html_title":"","jetpack_seo_noindex":false,"_jetpack_memberships_contains_paid_content":false,"footnotes":""},"categories":[1],"tags":[],"class_list":["post-9208","post","type-post","status-publish","format-standard","has-post-thumbnail","hentry","category-uncategorized"],"jetpack_featured_media_url":"https:\/\/i0.wp.com\/kampkomiteen.net\/wp-content\/uploads\/2025\/07\/iran3-1-scaled.jpg?fit=2560%2C1928&ssl=1","jetpack_shortlink":"https:\/\/wp.me\/pchuPf-2ow","jetpack-related-posts":[{"id":8969,"url":"https:\/\/kampkomiteen.net\/?p=8969","url_meta":{"origin":9208,"position":0},"title":"Bergen: Demonstrasjon mot krig og opprustning","author":"Kampkomiteen","date":"27. mai 2025","format":false,"excerpt":"L\u00f8rdag 24. mai ble det holdt en markering i Bergen mot krig og opprustning. Demonstrasjonen hadde tilslutning fra Kampkomiteen, Bergen4Palestine, Partiet FOR, Kvinneaktivistene i Bergen, Touki og Revolusjon\u00e6rt Kommunistisk Forbund.","rel":"","context":"i \"Antiimperialisme\"","block_context":{"text":"Antiimperialisme","link":"https:\/\/kampkomiteen.net\/?tag=antiimperialisme"},"img":{"alt_text":"","src":"https:\/\/i0.wp.com\/kampkomiteen.net\/wp-content\/uploads\/2025\/05\/20250524_155426-1-scaled.jpg?fit=1200%2C885&ssl=1&resize=350%2C200","width":350,"height":200,"srcset":"https:\/\/i0.wp.com\/kampkomiteen.net\/wp-content\/uploads\/2025\/05\/20250524_155426-1-scaled.jpg?fit=1200%2C885&ssl=1&resize=350%2C200 1x, https:\/\/i0.wp.com\/kampkomiteen.net\/wp-content\/uploads\/2025\/05\/20250524_155426-1-scaled.jpg?fit=1200%2C885&ssl=1&resize=525%2C300 1.5x, https:\/\/i0.wp.com\/kampkomiteen.net\/wp-content\/uploads\/2025\/05\/20250524_155426-1-scaled.jpg?fit=1200%2C885&ssl=1&resize=700%2C400 2x, https:\/\/i0.wp.com\/kampkomiteen.net\/wp-content\/uploads\/2025\/05\/20250524_155426-1-scaled.jpg?fit=1200%2C885&ssl=1&resize=1050%2C600 3x"},"classes":[]},{"id":9071,"url":"https:\/\/kampkomiteen.net\/?p=9071","url_meta":{"origin":9208,"position":1},"title":"Bergen: Demonstrasjon mot den indiske statens krig mot folket","author":"Kampkomiteen","date":"14. juni 2025","format":false,"excerpt":"L\u00f8rdag, 14. juni, var det en demonstrasjon under parolen \u00abStopp den indiske statens krig mot folket\u00bb med tilslutning fra Bergen4Palestine, Kampkomiteen i Bergen, R\u00f8d Front og Revolusjon\u00e6rt Kommunistisk Forbund. Flere demonstranter var til stede med r\u00f8de og palestinske flagg.","rel":"","context":"i \"Demonstrasjoner og markeringer\"","block_context":{"text":"Demonstrasjoner og markeringer","link":"https:\/\/kampkomiteen.net\/?tag=demonstrasjoner-og-markeringer"},"img":{"alt_text":"","src":"https:\/\/i0.wp.com\/kampkomiteen.net\/wp-content\/uploads\/2025\/06\/4-hoved-1.jpg?fit=1200%2C760&ssl=1&resize=350%2C200","width":350,"height":200,"srcset":"https:\/\/i0.wp.com\/kampkomiteen.net\/wp-content\/uploads\/2025\/06\/4-hoved-1.jpg?fit=1200%2C760&ssl=1&resize=350%2C200 1x, https:\/\/i0.wp.com\/kampkomiteen.net\/wp-content\/uploads\/2025\/06\/4-hoved-1.jpg?fit=1200%2C760&ssl=1&resize=525%2C300 1.5x, https:\/\/i0.wp.com\/kampkomiteen.net\/wp-content\/uploads\/2025\/06\/4-hoved-1.jpg?fit=1200%2C760&ssl=1&resize=700%2C400 2x, https:\/\/i0.wp.com\/kampkomiteen.net\/wp-content\/uploads\/2025\/06\/4-hoved-1.jpg?fit=1200%2C760&ssl=1&resize=1050%2C600 3x"},"classes":[]},{"id":10432,"url":"https:\/\/kampkomiteen.net\/?p=10432","url_meta":{"origin":9208,"position":2},"title":"Bergen: Demonstrasjon og \u00e5pent m\u00f8te for Venezuela","author":"Kampkomiteen","date":"4. februar 2026","format":false,"excerpt":"Tirsdag 3. februar arrangerte Bergen4Palestine og Kampkomiteen en demonstrasjon og et \u00e5pent m\u00f8te i forbindelse med den internasjonale aksjonsdagen til ford\u00f8mmelse av USA imperialismens aggresjon mot Venezuela.","rel":"","context":"Liknende innlegg","block_context":{"text":"Liknende innlegg","link":""},"img":{"alt_text":"","src":"https:\/\/i0.wp.com\/kampkomiteen.net\/wp-content\/uploads\/2026\/02\/20260203_171517.jpg?fit=1160%2C746&ssl=1&resize=350%2C200","width":350,"height":200,"srcset":"https:\/\/i0.wp.com\/kampkomiteen.net\/wp-content\/uploads\/2026\/02\/20260203_171517.jpg?fit=1160%2C746&ssl=1&resize=350%2C200 1x, https:\/\/i0.wp.com\/kampkomiteen.net\/wp-content\/uploads\/2026\/02\/20260203_171517.jpg?fit=1160%2C746&ssl=1&resize=525%2C300 1.5x, https:\/\/i0.wp.com\/kampkomiteen.net\/wp-content\/uploads\/2026\/02\/20260203_171517.jpg?fit=1160%2C746&ssl=1&resize=700%2C400 2x, https:\/\/i0.wp.com\/kampkomiteen.net\/wp-content\/uploads\/2026\/02\/20260203_171517.jpg?fit=1160%2C746&ssl=1&resize=1050%2C600 3x"},"classes":[]},{"id":10201,"url":"https:\/\/kampkomiteen.net\/?p=10201","url_meta":{"origin":9208,"position":3},"title":"Bergen: Demonstrasjoner mot USAs angrep mot Venezuela","author":"Kampkomiteen","date":"7. januar 2026","format":false,"excerpt":"Kommende l\u00f8rdag, 10.01, kl 13.00 blir det igjen demonstrasjon ved den bl\u00e5 steinen, med hovedparole \u201cNei til Trumps krig i Venezuela- Forsvar folkeretten!\u201d som Latin Amerika Gruppene i Bergen har tatt initiativet til. Kampkomiteen skal selvsagt delta ogs\u00e5 her og oppfordrer alle antiimperialister til \u00e5 delta! Mandag 5. januar samlet\u2026","rel":"","context":"Liknende innlegg","block_context":{"text":"Liknende innlegg","link":""},"img":{"alt_text":"","src":"https:\/\/i0.wp.com\/kampkomiteen.net\/wp-content\/uploads\/2026\/01\/20260105_170512.jpg?fit=1160%2C572&ssl=1&resize=350%2C200","width":350,"height":200,"srcset":"https:\/\/i0.wp.com\/kampkomiteen.net\/wp-content\/uploads\/2026\/01\/20260105_170512.jpg?fit=1160%2C572&ssl=1&resize=350%2C200 1x, https:\/\/i0.wp.com\/kampkomiteen.net\/wp-content\/uploads\/2026\/01\/20260105_170512.jpg?fit=1160%2C572&ssl=1&resize=525%2C300 1.5x, https:\/\/i0.wp.com\/kampkomiteen.net\/wp-content\/uploads\/2026\/01\/20260105_170512.jpg?fit=1160%2C572&ssl=1&resize=700%2C400 2x, https:\/\/i0.wp.com\/kampkomiteen.net\/wp-content\/uploads\/2026\/01\/20260105_170512.jpg?fit=1160%2C572&ssl=1&resize=1050%2C600 3x"},"classes":[]},{"id":7703,"url":"https:\/\/kampkomiteen.net\/?p=7703","url_meta":{"origin":9208,"position":4},"title":"Bergen: Kraftfull demonstrasjon mot krigsprofit\u00f8rer","author":"Kampkomiteen","date":"19. september 2024","format":false,"excerpt":"19. september samlet flere organisasjoner seg i Bergen for en demonstrasjon mot krigsprofit\u00f8rene. Mot det s\u00e5kalte \u00abSj\u00f8maktseminaret 2024\u00bb som samlet krigsprofit\u00f8rer som Seatrans Chemical Tankers og Kongsberg Gruppen, i tillegg til Sj\u00f8forsvaret.","rel":"","context":"Liknende innlegg","block_context":{"text":"Liknende innlegg","link":""},"img":{"alt_text":"","src":"https:\/\/i0.wp.com\/kampkomiteen.net\/wp-content\/uploads\/2024\/09\/IMG_5981-1-scaled.jpg?fit=1200%2C800&ssl=1&resize=350%2C200","width":350,"height":200,"srcset":"https:\/\/i0.wp.com\/kampkomiteen.net\/wp-content\/uploads\/2024\/09\/IMG_5981-1-scaled.jpg?fit=1200%2C800&ssl=1&resize=350%2C200 1x, https:\/\/i0.wp.com\/kampkomiteen.net\/wp-content\/uploads\/2024\/09\/IMG_5981-1-scaled.jpg?fit=1200%2C800&ssl=1&resize=525%2C300 1.5x, https:\/\/i0.wp.com\/kampkomiteen.net\/wp-content\/uploads\/2024\/09\/IMG_5981-1-scaled.jpg?fit=1200%2C800&ssl=1&resize=700%2C400 2x, https:\/\/i0.wp.com\/kampkomiteen.net\/wp-content\/uploads\/2024\/09\/IMG_5981-1-scaled.jpg?fit=1200%2C800&ssl=1&resize=1050%2C600 3x"},"classes":[]},{"id":9065,"url":"https:\/\/kampkomiteen.net\/?p=9065","url_meta":{"origin":9208,"position":5},"title":"Bergen: \u00c5pent m\u00f8te om folkets kamp i India","author":"Kampkomiteen","date":"14. juni 2025","format":false,"excerpt":"11. juni ble det holdt et \u00e5pent m\u00f8te om revolusjonen i India og den indiske statens krig mot folket.","rel":"","context":"i \"India\"","block_context":{"text":"India","link":"https:\/\/kampkomiteen.net\/?tag=india"},"img":{"alt_text":"","src":"https:\/\/i0.wp.com\/kampkomiteen.net\/wp-content\/uploads\/2025\/06\/mote-1-1-scaled.jpg?fit=1200%2C702&ssl=1&resize=350%2C200","width":350,"height":200,"srcset":"https:\/\/i0.wp.com\/kampkomiteen.net\/wp-content\/uploads\/2025\/06\/mote-1-1-scaled.jpg?fit=1200%2C702&ssl=1&resize=350%2C200 1x, https:\/\/i0.wp.com\/kampkomiteen.net\/wp-content\/uploads\/2025\/06\/mote-1-1-scaled.jpg?fit=1200%2C702&ssl=1&resize=525%2C300 1.5x, https:\/\/i0.wp.com\/kampkomiteen.net\/wp-content\/uploads\/2025\/06\/mote-1-1-scaled.jpg?fit=1200%2C702&ssl=1&resize=700%2C400 2x, https:\/\/i0.wp.com\/kampkomiteen.net\/wp-content\/uploads\/2025\/06\/mote-1-1-scaled.jpg?fit=1200%2C702&ssl=1&resize=1050%2C600 3x"},"classes":[]}],"jetpack_sharing_enabled":true,"_links":{"self":[{"href":"https:\/\/kampkomiteen.net\/index.php?rest_route=\/wp\/v2\/posts\/9208","targetHints":{"allow":["GET"]}}],"collection":[{"href":"https:\/\/kampkomiteen.net\/index.php?rest_route=\/wp\/v2\/posts"}],"about":[{"href":"https:\/\/kampkomiteen.net\/index.php?rest_route=\/wp\/v2\/types\/post"}],"author":[{"embeddable":true,"href":"https:\/\/kampkomiteen.net\/index.php?rest_route=\/wp\/v2\/users\/8"}],"replies":[{"embeddable":true,"href":"https:\/\/kampkomiteen.net\/index.php?rest_route=%2Fwp%2Fv2%2Fcomments&post=9208"}],"version-history":[{"count":1,"href":"https:\/\/kampkomiteen.net\/index.php?rest_route=\/wp\/v2\/posts\/9208\/revisions"}],"predecessor-version":[{"id":9221,"href":"https:\/\/kampkomiteen.net\/index.php?rest_route=\/wp\/v2\/posts\/9208\/revisions\/9221"}],"wp:featuredmedia":[{"embeddable":true,"href":"https:\/\/kampkomiteen.net\/index.php?rest_route=\/wp\/v2\/media\/9217"}],"wp:attachment":[{"href":"https:\/\/kampkomiteen.net\/index.php?rest_route=%2Fwp%2Fv2%2Fmedia&parent=9208"}],"wp:term":[{"taxonomy":"category","embeddable":true,"href":"https:\/\/kampkomiteen.net\/index.php?rest_route=%2Fwp%2Fv2%2Fcategories&post=9208"},{"taxonomy":"post_tag","embeddable":true,"href":"https:\/\/kampkomiteen.net\/index.php?rest_route=%2Fwp%2Fv2%2Ftags&post=9208"}],"curies":[{"name":"wp","href":"https:\/\/api.w.org\/{rel}","templated":true}]}}