{"id":8605,"date":"2025-03-23T20:10:17","date_gmt":"2025-03-23T19:10:17","guid":{"rendered":"https:\/\/kampkomiteen.net\/?p=8605"},"modified":"2025-03-28T22:55:17","modified_gmt":"2025-03-28T21:55:17","slug":"oslo-kom-pa-apent-mote-om-folkets-kamp-i-brasil","status":"publish","type":"post","link":"https:\/\/kampkomiteen.net\/?p=8605","title":{"rendered":"Oslo: Kom p\u00e5 \u00e5pent m\u00f8te om folkets kamp i Brasil"},"content":{"rendered":"<div id=\"fb-root\"><\/div>\n\n<p><em>Skrevet av aktivister i Oslo<\/em><\/p>\n\n\n\n<p>Kampkomiteen i Oslo arrangerer onsdag 26. mars, klokken 18:00 \u00e5pent m\u00f8te om folkets kamp i Brasil. Fattigb\u00f8ndene i Brasil kjemper om jorden. De organiserer seg i LCP(Fattigb\u00f8ndenes forbund) under kravet om jord til de som dyrker den. Fattigb\u00f8nder og aktivister i folkelige bevegelser blir myrdet av milit\u00e6rpoliti og latifundiets leiesoldater. V\u00e5re kamerater skriver at det n\u00e5 er krigstilstander p\u00e5 landsbygden.<\/p>\n\n\n\n<p>P\u00e5 m\u00f8tet vil vi snakke mer om folkets kamp i Brasil. M\u00f8tet har som form\u00e5l \u00e5 styrke solidariteten med folkets kamp i Brasil som en del av den antiimperialistiske bevegelsen!<\/p>\n\n\n\n<p>M\u00f8tet finner sted p\u00e5 Harriet Holters hus p\u00e5 UiO sin campus i Oslo. M\u00f8tet starter kl. 18:00 med oppm\u00f8te utenfor bygningen.<\/p>\n\n\n\n<p>Kom p\u00e5 \u00e5pent m\u00f8te! Styrk den antiimperialistiske bevegelsen!<\/p>\n\n\n\n<p><\/p>\n","protected":false},"excerpt":{"rendered":"<p>Kampkomiteen i Oslo arrangerer onsdag 26. mars, klokken 18:00 \u00e5pent m\u00f8te om folkets kamp i Brasil. Fattigb\u00f8ndene i Brasil kjemper om jorden. De organiserer seg i LCP(Fattigb\u00f8ndenes forbund) under kravet om jord til de som dyrker den. <\/p>\n","protected":false},"author":8,"featured_media":8606,"comment_status":"closed","ping_status":"closed","sticky":false,"template":"","format":"standard","meta":{"advanced_seo_description":"","jetpack_seo_html_title":"","jetpack_seo_noindex":false,"_jetpack_memberships_contains_paid_content":false,"footnotes":""},"categories":[1],"tags":[48,40,47],"class_list":["post-8605","post","type-post","status-publish","format-standard","has-post-thumbnail","hentry","category-uncategorized","tag-antiimperialisme","tag-brasil","tag-solidaritet"],"jetpack_featured_media_url":"https:\/\/i0.wp.com\/kampkomiteen.net\/wp-content\/uploads\/2025\/03\/BarroBranco1.webp?fit=1536%2C719&ssl=1","jetpack_shortlink":"https:\/\/wp.me\/pchuPf-2eN","jetpack-related-posts":[{"id":8409,"url":"https:\/\/kampkomiteen.net\/?p=8409","url_meta":{"origin":8605,"position":0},"title":"Bergen: Kom p\u00e5 \u00e5pent m\u00f8te om folkets kamp i Brasil","author":"Kampkomiteen","date":"26. februar 2025","format":false,"excerpt":"Kampkomiteen arrangerer l\u00f8rdag 1. mars m\u00f8te om folkets kamp i Brasil. Fattigb\u00f8ndene kjemper om jorden og organiserer seg i LCP under kravet om jorden til de som arbeider den.","rel":"","context":"i \"Bergen\"","block_context":{"text":"Bergen","link":"https:\/\/kampkomiteen.net\/?tag=bergen"},"img":{"alt_text":"","src":"https:\/\/i0.wp.com\/kampkomiteen.net\/wp-content\/uploads\/2025\/02\/feat-lcp-statement.jpg?fit=1024%2C478&ssl=1&resize=350%2C200","width":350,"height":200,"srcset":"https:\/\/i0.wp.com\/kampkomiteen.net\/wp-content\/uploads\/2025\/02\/feat-lcp-statement.jpg?fit=1024%2C478&ssl=1&resize=350%2C200 1x, https:\/\/i0.wp.com\/kampkomiteen.net\/wp-content\/uploads\/2025\/02\/feat-lcp-statement.jpg?fit=1024%2C478&ssl=1&resize=525%2C300 1.5x, https:\/\/i0.wp.com\/kampkomiteen.net\/wp-content\/uploads\/2025\/02\/feat-lcp-statement.jpg?fit=1024%2C478&ssl=1&resize=700%2C400 2x"},"classes":[]},{"id":8673,"url":"https:\/\/kampkomiteen.net\/?p=8673","url_meta":{"origin":8605,"position":1},"title":"Kristiansand: Plakater for \u00e5pent m\u00f8te","author":"Kampkomiteen","date":"11. april 2025","format":false,"excerpt":"Kampkomiteen arrangerer \u00e5pent m\u00f8te om folkets kamp i Brasil, onsdag 23. april klokka 17 i Kongens gate 2.\u00a0","rel":"","context":"i \"Brasil\"","block_context":{"text":"Brasil","link":"https:\/\/kampkomiteen.net\/?tag=brasil"},"img":{"alt_text":"","src":"https:\/\/i0.wp.com\/kampkomiteen.net\/wp-content\/uploads\/2025\/04\/unnamed.jpg?fit=1137%2C976&ssl=1&resize=350%2C200","width":350,"height":200,"srcset":"https:\/\/i0.wp.com\/kampkomiteen.net\/wp-content\/uploads\/2025\/04\/unnamed.jpg?fit=1137%2C976&ssl=1&resize=350%2C200 1x, https:\/\/i0.wp.com\/kampkomiteen.net\/wp-content\/uploads\/2025\/04\/unnamed.jpg?fit=1137%2C976&ssl=1&resize=525%2C300 1.5x, https:\/\/i0.wp.com\/kampkomiteen.net\/wp-content\/uploads\/2025\/04\/unnamed.jpg?fit=1137%2C976&ssl=1&resize=700%2C400 2x, https:\/\/i0.wp.com\/kampkomiteen.net\/wp-content\/uploads\/2025\/04\/unnamed.jpg?fit=1137%2C976&ssl=1&resize=1050%2C600 3x"},"classes":[]},{"id":8687,"url":"https:\/\/kampkomiteen.net\/?p=8687","url_meta":{"origin":8605,"position":2},"title":"Trondheim: Kom p\u00e5 \u00e5pent m\u00f8te om folkets kamp i Brasil","author":"Kampkomiteen","date":"17. april 2025","format":false,"excerpt":"Kampkomiteen i Trondheim arrangerer \u00e5pent m\u00f8te om folkets kamp i Brasil.","rel":"","context":"i \"Antiimperialisme\"","block_context":{"text":"Antiimperialisme","link":"https:\/\/kampkomiteen.net\/?tag=antiimperialisme"},"img":{"alt_text":"","src":"https:\/\/i0.wp.com\/kampkomiteen.net\/wp-content\/uploads\/2025\/04\/Brasil.jpg?fit=850%2C550&ssl=1&resize=350%2C200","width":350,"height":200,"srcset":"https:\/\/i0.wp.com\/kampkomiteen.net\/wp-content\/uploads\/2025\/04\/Brasil.jpg?fit=850%2C550&ssl=1&resize=350%2C200 1x, https:\/\/i0.wp.com\/kampkomiteen.net\/wp-content\/uploads\/2025\/04\/Brasil.jpg?fit=850%2C550&ssl=1&resize=525%2C300 1.5x, https:\/\/i0.wp.com\/kampkomiteen.net\/wp-content\/uploads\/2025\/04\/Brasil.jpg?fit=850%2C550&ssl=1&resize=700%2C400 2x"},"classes":[]},{"id":8778,"url":"https:\/\/kampkomiteen.net\/?p=8778","url_meta":{"origin":8605,"position":3},"title":"Trondheim: \u00c5pent m\u00f8te om folkets kamp i Brasil","author":"Kampkomiteen","date":"29. april 2025","format":false,"excerpt":"Torsdag 24. april arrangerte Kampkomiteen i Trondheim \u00e5pent m\u00f8te om folkets kamp i Brasil.\u00a0","rel":"","context":"i \"Antiimperialisme\"","block_context":{"text":"Antiimperialisme","link":"https:\/\/kampkomiteen.net\/?tag=antiimperialisme"},"img":{"alt_text":"","src":"https:\/\/i0.wp.com\/kampkomiteen.net\/wp-content\/uploads\/2025\/04\/Brasil-1.jpg?fit=602%2C401&ssl=1&resize=350%2C200","width":350,"height":200,"srcset":"https:\/\/i0.wp.com\/kampkomiteen.net\/wp-content\/uploads\/2025\/04\/Brasil-1.jpg?fit=602%2C401&ssl=1&resize=350%2C200 1x, https:\/\/i0.wp.com\/kampkomiteen.net\/wp-content\/uploads\/2025\/04\/Brasil-1.jpg?fit=602%2C401&ssl=1&resize=525%2C300 1.5x"},"classes":[]},{"id":8603,"url":"https:\/\/kampkomiteen.net\/?p=8603","url_meta":{"origin":8605,"position":4},"title":"Oslo: Plakater for \u00e5pent m\u00f8te om folkets kamp i Brasil","author":"Kampkomiteen","date":"23. mars 2025","format":false,"excerpt":"Aktivister i Kampkomiteen i Oslo har hengt opp plakater og delt ut flyers p\u00e5 Blindern som mobiliserer for det kommende \u00e5pne m\u00f8tet om Brasil.","rel":"","context":"i \"Antiimperialisme\"","block_context":{"text":"Antiimperialisme","link":"https:\/\/kampkomiteen.net\/?tag=antiimperialisme"},"img":{"alt_text":"","src":"https:\/\/i0.wp.com\/kampkomiteen.net\/wp-content\/uploads\/2025\/03\/3-4.jpg?fit=1200%2C800&ssl=1&resize=350%2C200","width":350,"height":200,"srcset":"https:\/\/i0.wp.com\/kampkomiteen.net\/wp-content\/uploads\/2025\/03\/3-4.jpg?fit=1200%2C800&ssl=1&resize=350%2C200 1x, https:\/\/i0.wp.com\/kampkomiteen.net\/wp-content\/uploads\/2025\/03\/3-4.jpg?fit=1200%2C800&ssl=1&resize=525%2C300 1.5x, https:\/\/i0.wp.com\/kampkomiteen.net\/wp-content\/uploads\/2025\/03\/3-4.jpg?fit=1200%2C800&ssl=1&resize=700%2C400 2x, https:\/\/i0.wp.com\/kampkomiteen.net\/wp-content\/uploads\/2025\/03\/3-4.jpg?fit=1200%2C800&ssl=1&resize=1050%2C600 3x"},"classes":[]},{"id":8641,"url":"https:\/\/kampkomiteen.net\/?p=8641","url_meta":{"origin":8605,"position":5},"title":"Oslo: \u00c5pent m\u00f8te for folkets kamp i Brasil","author":"Kampkomiteen","date":"1. april 2025","format":false,"excerpt":"Kampkomiteen i Oslo har arrangert et \u00e5pent m\u00f8te om folkets kamp i Brasil.","rel":"","context":"i \"Antiimperialisme\"","block_context":{"text":"Antiimperialisme","link":"https:\/\/kampkomiteen.net\/?tag=antiimperialisme"},"img":{"alt_text":"","src":"https:\/\/i0.wp.com\/kampkomiteen.net\/wp-content\/uploads\/2025\/04\/1.jpg?fit=1200%2C676&ssl=1&resize=350%2C200","width":350,"height":200,"srcset":"https:\/\/i0.wp.com\/kampkomiteen.net\/wp-content\/uploads\/2025\/04\/1.jpg?fit=1200%2C676&ssl=1&resize=350%2C200 1x, https:\/\/i0.wp.com\/kampkomiteen.net\/wp-content\/uploads\/2025\/04\/1.jpg?fit=1200%2C676&ssl=1&resize=525%2C300 1.5x, https:\/\/i0.wp.com\/kampkomiteen.net\/wp-content\/uploads\/2025\/04\/1.jpg?fit=1200%2C676&ssl=1&resize=700%2C400 2x, https:\/\/i0.wp.com\/kampkomiteen.net\/wp-content\/uploads\/2025\/04\/1.jpg?fit=1200%2C676&ssl=1&resize=1050%2C600 3x"},"classes":[]}],"jetpack_sharing_enabled":true,"_links":{"self":[{"href":"https:\/\/kampkomiteen.net\/index.php?rest_route=\/wp\/v2\/posts\/8605","targetHints":{"allow":["GET"]}}],"collection":[{"href":"https:\/\/kampkomiteen.net\/index.php?rest_route=\/wp\/v2\/posts"}],"about":[{"href":"https:\/\/kampkomiteen.net\/index.php?rest_route=\/wp\/v2\/types\/post"}],"author":[{"embeddable":true,"href":"https:\/\/kampkomiteen.net\/index.php?rest_route=\/wp\/v2\/users\/8"}],"replies":[{"embeddable":true,"href":"https:\/\/kampkomiteen.net\/index.php?rest_route=%2Fwp%2Fv2%2Fcomments&post=8605"}],"version-history":[{"count":4,"href":"https:\/\/kampkomiteen.net\/index.php?rest_route=\/wp\/v2\/posts\/8605\/revisions"}],"predecessor-version":[{"id":8639,"href":"https:\/\/kampkomiteen.net\/index.php?rest_route=\/wp\/v2\/posts\/8605\/revisions\/8639"}],"wp:featuredmedia":[{"embeddable":true,"href":"https:\/\/kampkomiteen.net\/index.php?rest_route=\/wp\/v2\/media\/8606"}],"wp:attachment":[{"href":"https:\/\/kampkomiteen.net\/index.php?rest_route=%2Fwp%2Fv2%2Fmedia&parent=8605"}],"wp:term":[{"taxonomy":"category","embeddable":true,"href":"https:\/\/kampkomiteen.net\/index.php?rest_route=%2Fwp%2Fv2%2Fcategories&post=8605"},{"taxonomy":"post_tag","embeddable":true,"href":"https:\/\/kampkomiteen.net\/index.php?rest_route=%2Fwp%2Fv2%2Ftags&post=8605"}],"curies":[{"name":"wp","href":"https:\/\/api.w.org\/{rel}","templated":true}]}}