{"id":8592,"date":"2025-03-23T15:46:08","date_gmt":"2025-03-23T14:46:08","guid":{"rendered":"https:\/\/kampkomiteen.net\/?p=8592"},"modified":"2025-03-23T20:02:23","modified_gmt":"2025-03-23T19:02:23","slug":"oslo-demonstrasjon-til-stotte-for-mahmoud-khalil","status":"publish","type":"post","link":"https:\/\/kampkomiteen.net\/?p=8592","title":{"rendered":"Oslo: Demonstrasjon til st\u00f8tte for Mahmoud Khalil"},"content":{"rendered":"<div id=\"fb-root\"><\/div>\n\n<p>Onsdag 19. mars deltok aktivister fra Kampkomiteen i Oslo p\u00e5 en demonstrasjon p\u00e5 universitetet p\u00e5 Blindern under parolen \u00abForsvar retten til \u00e5 protestere! St\u00f8tt de 3 Palestinaaktivestene!\u00bb Demonstrasjonen rettet seg mot det oppkommende rektor-valget p\u00e5 universitetet og st\u00f8ttet opp om kampen for akademisk boikott av Israel. Etterhvert som rektor-\u00abteamene\u00bb kom ut av bygningen man demonstrerte foran ble det holdt appeller, hvor man bl.a. p\u00e5pekte at Israels unnskyldninger om akademisk frihet blir ganske billig satt opp mot den akademiske friheten til folket i Gaza. Det var godt oppm\u00f8te og livlig energi, og det ble ropt slagord som bl.a. &laquo;Free Mahmoud, free them all&raquo;.<\/p>\n\n\n\n<figure class=\"wp-block-image size-full\"><img data-recalc-dims=\"1\" loading=\"lazy\" decoding=\"async\" width=\"810\" height=\"540\" src=\"https:\/\/i0.wp.com\/kampkomiteen.net\/wp-content\/uploads\/2025\/03\/2-3.jpg?resize=810%2C540&#038;ssl=1\" alt=\"\" class=\"wp-image-8596\" srcset=\"https:\/\/i0.wp.com\/kampkomiteen.net\/wp-content\/uploads\/2025\/03\/2-3.jpg?w=1920&amp;ssl=1 1920w, https:\/\/i0.wp.com\/kampkomiteen.net\/wp-content\/uploads\/2025\/03\/2-3.jpg?resize=1000%2C667&amp;ssl=1 1000w, https:\/\/i0.wp.com\/kampkomiteen.net\/wp-content\/uploads\/2025\/03\/2-3.jpg?resize=768%2C512&amp;ssl=1 768w, https:\/\/i0.wp.com\/kampkomiteen.net\/wp-content\/uploads\/2025\/03\/2-3.jpg?resize=1536%2C1024&amp;ssl=1 1536w, https:\/\/i0.wp.com\/kampkomiteen.net\/wp-content\/uploads\/2025\/03\/2-3.jpg?resize=120%2C80&amp;ssl=1 120w, https:\/\/i0.wp.com\/kampkomiteen.net\/wp-content\/uploads\/2025\/03\/2-3.jpg?w=1620&amp;ssl=1 1620w\" sizes=\"auto, (max-width: 810px) 100vw, 810px\" \/><\/figure>\n\n\n\n<figure class=\"wp-block-image size-full\"><img data-recalc-dims=\"1\" loading=\"lazy\" decoding=\"async\" width=\"810\" height=\"540\" src=\"https:\/\/i0.wp.com\/kampkomiteen.net\/wp-content\/uploads\/2025\/03\/3-3.jpg?resize=810%2C540&#038;ssl=1\" alt=\"\" class=\"wp-image-8595\" srcset=\"https:\/\/i0.wp.com\/kampkomiteen.net\/wp-content\/uploads\/2025\/03\/3-3.jpg?w=1920&amp;ssl=1 1920w, https:\/\/i0.wp.com\/kampkomiteen.net\/wp-content\/uploads\/2025\/03\/3-3.jpg?resize=1000%2C667&amp;ssl=1 1000w, https:\/\/i0.wp.com\/kampkomiteen.net\/wp-content\/uploads\/2025\/03\/3-3.jpg?resize=768%2C512&amp;ssl=1 768w, https:\/\/i0.wp.com\/kampkomiteen.net\/wp-content\/uploads\/2025\/03\/3-3.jpg?resize=1536%2C1024&amp;ssl=1 1536w, https:\/\/i0.wp.com\/kampkomiteen.net\/wp-content\/uploads\/2025\/03\/3-3.jpg?resize=120%2C80&amp;ssl=1 120w, https:\/\/i0.wp.com\/kampkomiteen.net\/wp-content\/uploads\/2025\/03\/3-3.jpg?w=1620&amp;ssl=1 1620w\" sizes=\"auto, (max-width: 810px) 100vw, 810px\" \/><\/figure>\n\n\n\n<figure class=\"wp-block-image size-full\"><img data-recalc-dims=\"1\" loading=\"lazy\" decoding=\"async\" width=\"810\" height=\"540\" src=\"https:\/\/i0.wp.com\/kampkomiteen.net\/wp-content\/uploads\/2025\/03\/1-1-scaled.jpg?resize=810%2C540&#038;ssl=1\" alt=\"\" class=\"wp-image-8597\" srcset=\"https:\/\/i0.wp.com\/kampkomiteen.net\/wp-content\/uploads\/2025\/03\/1-1-scaled.jpg?w=2560&amp;ssl=1 2560w, https:\/\/i0.wp.com\/kampkomiteen.net\/wp-content\/uploads\/2025\/03\/1-1-scaled.jpg?resize=1000%2C667&amp;ssl=1 1000w, https:\/\/i0.wp.com\/kampkomiteen.net\/wp-content\/uploads\/2025\/03\/1-1-scaled.jpg?resize=768%2C512&amp;ssl=1 768w, https:\/\/i0.wp.com\/kampkomiteen.net\/wp-content\/uploads\/2025\/03\/1-1-scaled.jpg?resize=1536%2C1024&amp;ssl=1 1536w, https:\/\/i0.wp.com\/kampkomiteen.net\/wp-content\/uploads\/2025\/03\/1-1-scaled.jpg?resize=2048%2C1365&amp;ssl=1 2048w, https:\/\/i0.wp.com\/kampkomiteen.net\/wp-content\/uploads\/2025\/03\/1-1-scaled.jpg?resize=120%2C80&amp;ssl=1 120w, https:\/\/i0.wp.com\/kampkomiteen.net\/wp-content\/uploads\/2025\/03\/1-1-scaled.jpg?w=1620&amp;ssl=1 1620w, https:\/\/i0.wp.com\/kampkomiteen.net\/wp-content\/uploads\/2025\/03\/1-1-scaled.jpg?w=2430&amp;ssl=1 2430w\" sizes=\"auto, (max-width: 810px) 100vw, 810px\" \/><\/figure>\n","protected":false},"excerpt":{"rendered":"<p>Onsdag 19. mars deltok aktivister fra Kampkomiteen i Oslo p\u00e5 en demonstrasjon p\u00e5 universitetet p\u00e5 Blindern under parolen \u00abForsvar retten<\/p>\n","protected":false},"author":8,"featured_media":8597,"comment_status":"closed","ping_status":"closed","sticky":false,"template":"","format":"standard","meta":{"advanced_seo_description":"","jetpack_seo_html_title":"","jetpack_seo_noindex":false,"_jetpack_memberships_contains_paid_content":false,"footnotes":""},"categories":[1],"tags":[14,21],"class_list":["post-8592","post","type-post","status-publish","format-standard","has-post-thumbnail","hentry","category-uncategorized","tag-fascisme-og-antifascisme","tag-palestina"],"jetpack_featured_media_url":"https:\/\/i0.wp.com\/kampkomiteen.net\/wp-content\/uploads\/2025\/03\/1-1-scaled.jpg?fit=2560%2C1707&ssl=1","jetpack_shortlink":"https:\/\/wp.me\/pchuPf-2eA","jetpack-related-posts":[{"id":7455,"url":"https:\/\/kampkomiteen.net\/?p=7455","url_meta":{"origin":8592,"position":0},"title":"Oslo: Kraftig demonstrasjon for akademisk boikott av Israel","author":"Kampkomiteen","date":"7. juni 2024","format":false,"excerpt":"Fredag 24. mai deltok Kampkomiteen p\u00e5 Palestinacampen i Oslo sin demonstrasjon for akademisk boikott av Israel.","rel":"","context":"i \"Demonstrasjon\"","block_context":{"text":"Demonstrasjon","link":"https:\/\/kampkomiteen.net\/?tag=demonstrasjon"},"img":{"alt_text":"","src":"https:\/\/i0.wp.com\/kampkomiteen.net\/wp-content\/uploads\/2024\/06\/2.png?fit=1000%2C1000&ssl=1&resize=350%2C200","width":350,"height":200,"srcset":"https:\/\/i0.wp.com\/kampkomiteen.net\/wp-content\/uploads\/2024\/06\/2.png?fit=1000%2C1000&ssl=1&resize=350%2C200 1x, https:\/\/i0.wp.com\/kampkomiteen.net\/wp-content\/uploads\/2024\/06\/2.png?fit=1000%2C1000&ssl=1&resize=525%2C300 1.5x, https:\/\/i0.wp.com\/kampkomiteen.net\/wp-content\/uploads\/2024\/06\/2.png?fit=1000%2C1000&ssl=1&resize=700%2C400 2x"},"classes":[]},{"id":9584,"url":"https:\/\/kampkomiteen.net\/?p=9584","url_meta":{"origin":8592,"position":1},"title":"Oslo: Demonstrasjon for akademisk boikott p\u00e5 Universitetet i Oslo","author":"Kampkomiteen","date":"29. september 2025","format":false,"excerpt":"Fredag 19. september deltok aktivister fra Kampkomiteen p\u00e5 demonstrasjon utenfor Lucy Smiths hus p\u00e5 Blindern campus. Student Intifada, Studenter for Palestina og RU var blant de som ogs\u00e5 deltok.","rel":"","context":"i \"Akademisk boikott\"","block_context":{"text":"Akademisk boikott","link":"https:\/\/kampkomiteen.net\/?tag=akademisk-boikott"},"img":{"alt_text":"","src":"https:\/\/i0.wp.com\/kampkomiteen.net\/wp-content\/uploads\/2025\/09\/Bilde3.jpg?fit=1200%2C800&ssl=1&resize=350%2C200","width":350,"height":200,"srcset":"https:\/\/i0.wp.com\/kampkomiteen.net\/wp-content\/uploads\/2025\/09\/Bilde3.jpg?fit=1200%2C800&ssl=1&resize=350%2C200 1x, https:\/\/i0.wp.com\/kampkomiteen.net\/wp-content\/uploads\/2025\/09\/Bilde3.jpg?fit=1200%2C800&ssl=1&resize=525%2C300 1.5x, https:\/\/i0.wp.com\/kampkomiteen.net\/wp-content\/uploads\/2025\/09\/Bilde3.jpg?fit=1200%2C800&ssl=1&resize=700%2C400 2x, https:\/\/i0.wp.com\/kampkomiteen.net\/wp-content\/uploads\/2025\/09\/Bilde3.jpg?fit=1200%2C800&ssl=1&resize=1050%2C600 3x"},"classes":[]},{"id":7462,"url":"https:\/\/kampkomiteen.net\/?p=7462","url_meta":{"origin":8592,"position":2},"title":"Oslo: Demonstrasjon for motstandskampen i Palestina","author":"Kampkomiteen","date":"7. juni 2024","format":false,"excerpt":"Fredag 31. mai deltok aktivister fra Kampkomiteen p\u00e5 en demonstrasjon arrangert av Sava Gaza - Free Palestine til st\u00f8tte for den palestinske motstandskampen.","rel":"","context":"i \"Demonstrasjon\"","block_context":{"text":"Demonstrasjon","link":"https:\/\/kampkomiteen.net\/?tag=demonstrasjon"},"img":{"alt_text":"","src":"https:\/\/i0.wp.com\/kampkomiteen.net\/wp-content\/uploads\/2024\/06\/3-2.png?fit=1000%2C1000&ssl=1&resize=350%2C200","width":350,"height":200,"srcset":"https:\/\/i0.wp.com\/kampkomiteen.net\/wp-content\/uploads\/2024\/06\/3-2.png?fit=1000%2C1000&ssl=1&resize=350%2C200 1x, https:\/\/i0.wp.com\/kampkomiteen.net\/wp-content\/uploads\/2024\/06\/3-2.png?fit=1000%2C1000&ssl=1&resize=525%2C300 1.5x, https:\/\/i0.wp.com\/kampkomiteen.net\/wp-content\/uploads\/2024\/06\/3-2.png?fit=1000%2C1000&ssl=1&resize=700%2C400 2x"},"classes":[]},{"id":9000,"url":"https:\/\/kampkomiteen.net\/?p=9000","url_meta":{"origin":8592,"position":3},"title":"Trondheim: Nye protester mot universitetet","author":"Kampkomiteen","date":"1. juni 2025","format":false,"excerpt":"Kampkomiteen demonstrerte sammen med Studenter for Palestina 27. mai, under et m\u00f8te mellom representanter fra studentene og rektor.","rel":"","context":"i \"Demonstrasjon\"","block_context":{"text":"Demonstrasjon","link":"https:\/\/kampkomiteen.net\/?tag=demonstrasjon"},"img":{"alt_text":"","src":"https:\/\/i0.wp.com\/kampkomiteen.net\/wp-content\/uploads\/2025\/06\/Glos.jpg?fit=605%2C454&ssl=1&resize=350%2C200","width":350,"height":200,"srcset":"https:\/\/i0.wp.com\/kampkomiteen.net\/wp-content\/uploads\/2025\/06\/Glos.jpg?fit=605%2C454&ssl=1&resize=350%2C200 1x, https:\/\/i0.wp.com\/kampkomiteen.net\/wp-content\/uploads\/2025\/06\/Glos.jpg?fit=605%2C454&ssl=1&resize=525%2C300 1.5x"},"classes":[]},{"id":8564,"url":"https:\/\/kampkomiteen.net\/?p=8564","url_meta":{"origin":8592,"position":4},"title":"Oslo: Vold fra Oslopolitiet og kjempende demonstrasjon i solidaritet med palestinaaktivister i Tyskland","author":"Kampkomiteen","date":"9. mars 2025","format":false,"excerpt":"Aktivister i Kampkomiteen i Oslo deltok s\u00f8ndag 9. mars p\u00e5 en demonstrasjon mot represjonen mot solidaritetsbevegelsen for Palestina av den tyske staten.","rel":"","context":"i \"Antiimperialisme\"","block_context":{"text":"Antiimperialisme","link":"https:\/\/kampkomiteen.net\/?tag=antiimperialisme"},"img":{"alt_text":"","src":"https:\/\/i0.wp.com\/kampkomiteen.net\/wp-content\/uploads\/2025\/03\/5-1.jpg?fit=1200%2C800&ssl=1&resize=350%2C200","width":350,"height":200,"srcset":"https:\/\/i0.wp.com\/kampkomiteen.net\/wp-content\/uploads\/2025\/03\/5-1.jpg?fit=1200%2C800&ssl=1&resize=350%2C200 1x, https:\/\/i0.wp.com\/kampkomiteen.net\/wp-content\/uploads\/2025\/03\/5-1.jpg?fit=1200%2C800&ssl=1&resize=525%2C300 1.5x, https:\/\/i0.wp.com\/kampkomiteen.net\/wp-content\/uploads\/2025\/03\/5-1.jpg?fit=1200%2C800&ssl=1&resize=700%2C400 2x, https:\/\/i0.wp.com\/kampkomiteen.net\/wp-content\/uploads\/2025\/03\/5-1.jpg?fit=1200%2C800&ssl=1&resize=1050%2C600 3x"},"classes":[]},{"id":6677,"url":"https:\/\/kampkomiteen.net\/?p=6677","url_meta":{"origin":8592,"position":5},"title":"Bergen: Flere kraftfulle demonstrasjoner for Palestina","author":"Kampkomiteen","date":"24. desember 2023","format":false,"excerpt":"De daglige demonstrasjonene for Palestina arrangert av Bergen4Palestine har fortsatt hver dag fram til 08. desember. Fra og med 11. desember har de fortsatt \u00e5 bli gjennomf\u00f8rt flere ganger i uken.","rel":"","context":"Liknende innlegg","block_context":{"text":"Liknende innlegg","link":""},"img":{"alt_text":"","src":"https:\/\/i0.wp.com\/kampkomiteen.net\/wp-content\/uploads\/2023\/12\/15-4.jpg?fit=966%2C724&ssl=1&resize=350%2C200","width":350,"height":200,"srcset":"https:\/\/i0.wp.com\/kampkomiteen.net\/wp-content\/uploads\/2023\/12\/15-4.jpg?fit=966%2C724&ssl=1&resize=350%2C200 1x, https:\/\/i0.wp.com\/kampkomiteen.net\/wp-content\/uploads\/2023\/12\/15-4.jpg?fit=966%2C724&ssl=1&resize=525%2C300 1.5x, https:\/\/i0.wp.com\/kampkomiteen.net\/wp-content\/uploads\/2023\/12\/15-4.jpg?fit=966%2C724&ssl=1&resize=700%2C400 2x"},"classes":[]}],"jetpack_sharing_enabled":true,"_links":{"self":[{"href":"https:\/\/kampkomiteen.net\/index.php?rest_route=\/wp\/v2\/posts\/8592","targetHints":{"allow":["GET"]}}],"collection":[{"href":"https:\/\/kampkomiteen.net\/index.php?rest_route=\/wp\/v2\/posts"}],"about":[{"href":"https:\/\/kampkomiteen.net\/index.php?rest_route=\/wp\/v2\/types\/post"}],"author":[{"embeddable":true,"href":"https:\/\/kampkomiteen.net\/index.php?rest_route=\/wp\/v2\/users\/8"}],"replies":[{"embeddable":true,"href":"https:\/\/kampkomiteen.net\/index.php?rest_route=%2Fwp%2Fv2%2Fcomments&post=8592"}],"version-history":[{"count":2,"href":"https:\/\/kampkomiteen.net\/index.php?rest_route=\/wp\/v2\/posts\/8592\/revisions"}],"predecessor-version":[{"id":8604,"href":"https:\/\/kampkomiteen.net\/index.php?rest_route=\/wp\/v2\/posts\/8592\/revisions\/8604"}],"wp:featuredmedia":[{"embeddable":true,"href":"https:\/\/kampkomiteen.net\/index.php?rest_route=\/wp\/v2\/media\/8597"}],"wp:attachment":[{"href":"https:\/\/kampkomiteen.net\/index.php?rest_route=%2Fwp%2Fv2%2Fmedia&parent=8592"}],"wp:term":[{"taxonomy":"category","embeddable":true,"href":"https:\/\/kampkomiteen.net\/index.php?rest_route=%2Fwp%2Fv2%2Fcategories&post=8592"},{"taxonomy":"post_tag","embeddable":true,"href":"https:\/\/kampkomiteen.net\/index.php?rest_route=%2Fwp%2Fv2%2Ftags&post=8592"}],"curies":[{"name":"wp","href":"https:\/\/api.w.org\/{rel}","templated":true}]}}