{"id":8555,"date":"2025-03-09T17:40:32","date_gmt":"2025-03-09T16:40:32","guid":{"rendered":"https:\/\/kampkomiteen.net\/?p=8555"},"modified":"2025-03-28T22:54:48","modified_gmt":"2025-03-28T21:54:48","slug":"bergen-8-mars-mot-imperialisme-2","status":"publish","type":"post","link":"https:\/\/kampkomiteen.net\/?p=8555","title":{"rendered":"Bergen: 8. mars mot imperialisme"},"content":{"rendered":"<div id=\"fb-root\"><\/div>\n\n<p><\/p>\n\n\n\n<p><em>Skrevet av aktivister i Bergen<\/em><\/p>\n\n\n\n<p>Kampkomiteen i Bergen markerte 8. mars mot imperialisme. F\u00f8rst deltok Kampkomiteen i Bergen p\u00e5 en anti-imperialistisk markering p\u00e5 biblioteksplassen sammen med Bergen4Palestine, Revolusjon\u00e6rt Kommunistisk Forbund, Touki og Aktivister for Palestina.<\/p>\n\n\n\n<p>Her ble det holdt appeller fra flere av disse organisasjonene. Det ble ogs\u00e5 lest opp palestinske dikt. Det ble uttrykt solidaritet med Palestina og st\u00f8tte til palestinske kvinner som satt i sionististenes fengsel. Personer fra Kongo holdt ogs\u00e5 appell og pekte p\u00e5 hvordan imperialistiske lands \u00f8konomiske utbytting av landet var bakgrunnen for krigen i Kongo, som har drept millioner av mennesker. De uttrykte klart at vi som bor i land som Norge har en plikt \u00e5 organisere oss for solidaritet og at det ang\u00e5r oss. Kampkomiteen holdt en appell som fokuserte s\u00e6rlig p\u00e5 folkets kamp i Brasil og fokuserte p\u00e5 at kvinner kjemper en og samme kamp mot imperialisme og patriarkat verden over. Det ble oppfordret til \u00e5 forene kampen med kampen til kvinner i Palestina og Brasil. Det ble ogs\u00e5, til stor entusiasme fra publikum, oppfordret til \u00e5 st\u00f8tte stiftelsen av antiimperialistisk forbund slik at enheten i denne kampen blir enda mer organisert.<\/p>\n\n\n\n<p>Kampkomiteen deltok p\u00e5 markeringen med parolene \u00abKjemp og gj\u00f8r motstand!\u00bb, \u00abBekjemp vold mot kvinner\u00bb og \u00abSt\u00f8tt folkets kamp i Brasil!\u00bb, r\u00f8de flagg og et flagg for Fattigb\u00f8ndenes Forbund(LCP) i Brasil. L\u00f8pesedler for folkets kamp i Brasil ble delt ut av Kampkomiteen. Bergen4Palestine hadde parolene \u00abSt\u00f8tt palestinske kvinners motstandskamp!\u00bb og \u00abFri palestinske fanger fra israelske fengsel!\u00bb.<\/p>\n\n\n\n<p>Den antiimperialistiske markeringen gikk i tog til Torgallmenningen. P\u00e5 Torgallmenningen var det appeller f\u00f8r flere tusen deltagere gikk i tog. Flere av de anti-imperialistiske parolene, inkludert Kampkomiteens paroler gikk i dette toget. I den antiimperialistiske seksjonen av toget ble det ropt slagord som \u00abB\u00f8lge for b\u00f8lge, slag for slag, mot imperialisme og patriarkat!\u00bb \u00abFri alle politiske fanger!\u00bb \u00abInternasjonal solidaritet \u2013 arbeiderklassens kampenhet!\u00bb, \u00abStyrk den internasjonale solidaritet\u00bb, \u00abIngen fred uten frihet! Ingen frihet uten kamp! Fritt Palestina!\u00bb og \u00abSl\u00e5 tilbake \u2013 knus patriarkatet!\u00bb. Deltagerne ropte entusiastisk disse slagordene gjennom hele marsjen. Mot slutten samlet denne seksjonen seg igjen p\u00e5 Torgallmenningen og slagord for Palestina ble ropt.<\/p>\n\n\n\n<p>Den antiimperialistiske markering og marsjen, og den antiimperialistiske seksjonen i toget var en stor suksess for solidariteten med Palestina, solidariteten for Brasil, den antiimperialistiske bevegelsen og kampen for stiftelsen av antiimperialistisk forbund.<\/p>\n\n\n\n<figure class=\"wp-block-image\"><img decoding=\"async\" src=\"https:\/\/lh7-rt.googleusercontent.com\/docsz\/AD_4nXdgLw8hutCxesrsRXEEK0VAoV-lzonuDWHXH7DlVytwRnR3a7BWr4l7YfszHcssPY6Ynw5QWM2S2YQc2vjAeIuJ5S6soE9vOhH70XgAQA6NXKXO4gfVQzsZpczE_HOAegX-xllKSw?key=MspZAlRXCg-rNPQnTBGbeI5c\" alt=\"\"\/><figcaption class=\"wp-element-caption\">Antiimperialistisk markering p\u00e5 Biblioteksplassen<\/figcaption><\/figure>\n\n\n\n<p><\/p>\n\n\n\n<figure class=\"wp-block-image\"><img decoding=\"async\" src=\"https:\/\/lh7-rt.googleusercontent.com\/docsz\/AD_4nXd1UNecI0IPQA3kyIc-okldlSXyt6MxTKe2HBSFyPkmObrkWXWdLknPyr5Zp41sIP43Y2jYBZ2fTjIytTy69EYty8Kl8TVograIZOgvZZQ1NeNrpqj8EvaLptUsNSrDshriPgS7-w?key=MspZAlRXCg-rNPQnTBGbeI5c\" alt=\"\"\/><figcaption class=\"wp-element-caption\">Tog fra Biblitoteksplassen til Torgallmenningen<\/figcaption><\/figure>\n\n\n\n<p><\/p>\n\n\n\n<figure class=\"wp-block-image\"><img decoding=\"async\" src=\"https:\/\/lh7-rt.googleusercontent.com\/docsz\/AD_4nXcw_c2ZGmIE89njMIQ8sMMc0pEJT1RxtFtFtamK4SqtF-PBHlh62gKxu91rSOtik47HKTuggb4PpKT7F_cpU0r7Goj4Y55lCigEbquJC_JnMbnEiHYoJqka-l3mbF7UP__lG2vz?key=MspZAlRXCg-rNPQnTBGbeI5c\" alt=\"\"\/><\/figure>\n\n\n\n<figure class=\"wp-block-image\"><img decoding=\"async\" src=\"https:\/\/lh7-rt.googleusercontent.com\/docsz\/AD_4nXd-aXLqSRiXUkmqqLfQQbUDNmvPfJfB4Yx_XNykP86iLLJ_ntA1FVdhA7WvXRNfcbjx1pNMVZdtLu8MEYJd06GaMyvv-tdsDbPphpPMIQj1os9qF56M8DZ-wLMmPg-RIF6yESxolw?key=MspZAlRXCg-rNPQnTBGbeI5c\" alt=\"\"\/><\/figure>\n\n\n\n<figure class=\"wp-block-image\"><img decoding=\"async\" src=\"https:\/\/lh7-rt.googleusercontent.com\/docsz\/AD_4nXce2x3oFNgC9-67C_LZk0JS5uYCjd9kmVTJL7jl4tTOOsiKL88a-0igEdvTXwCE4KXWPaSTlM-XLMNNbPaNyYFZqOEmQt3vZGD3JO28OiDeT596e4bTKsWrEXAAFI_Wd4grHkdtBQ?key=MspZAlRXCg-rNPQnTBGbeI5c\" alt=\"\"\/><\/figure>\n\n\n\n<figure class=\"wp-block-image\"><img decoding=\"async\" src=\"https:\/\/lh7-rt.googleusercontent.com\/docsz\/AD_4nXfi6hjjV7EVC_XQGuDxeQzWCon-qD2y3bHMvLTBg_N4ubeN_y_OrHGlG1tsNhFbHuiU_azagyZcWRagGR86xEaBeGMw0mXMQGjOJziIdfOJMsqO3NhV6vBInAX-ssQ7adchfIZy?key=MspZAlRXCg-rNPQnTBGbeI5c\" alt=\"\"\/><figcaption class=\"wp-element-caption\">Tog etter markering p\u00e5 Torgallmenningen<\/figcaption><\/figure>\n\n\n\n<p><img loading=\"lazy\" decoding=\"async\" width=\"624\" height=\"357\" src=\"https:\/\/lh7-rt.googleusercontent.com\/docsz\/AD_4nXe0QJcCpaVXiWZbcSzSvD-ka82INVvnQUCBb3tZKui8MQBzdLBEOrl7MysiVzbuo6bSlxduTZl-oRfQUkNmOZDss65dX5gbi16wgySSx6Igz3eTK7fegGoprjoS5b1i5fuKIB7i?key=MspZAlRXCg-rNPQnTBGbeI5c\"><img loading=\"lazy\" decoding=\"async\" width=\"624\" height=\"468\" src=\"https:\/\/lh7-rt.googleusercontent.com\/docsz\/AD_4nXf9fPymNHfWGcRc5aJfCLm3yh3i6JjeWcIbYG5TtTluiO9FhpMzTnCF_f_RoOPKdKN52B-SgyzssM5iDEibRodcEfIFIR3XFubIwyIL-mgyamp5OHSkkUx3TdD6I3aaJ1Ws9D0hkg?key=MspZAlRXCg-rNPQnTBGbeI5c\"><\/p>\n","protected":false},"excerpt":{"rendered":"<p>Kampkomiteen i Bergen markerte 8. mars mot imperialisme. F\u00f8rst deltok Kampkomiteen i Bergen p\u00e5 en anti-imperialistisk markering p\u00e5 biblioteksplassen sammen med Bergen4Palestine, Revolusjon\u00e6rt Kommunistisk Forbund, Touki og Aktivister for Palestina.<\/p>\n","protected":false},"author":8,"featured_media":8556,"comment_status":"closed","ping_status":"closed","sticky":false,"template":"","format":"standard","meta":{"advanced_seo_description":"","jetpack_seo_html_title":"","jetpack_seo_noindex":false,"_jetpack_memberships_contains_paid_content":false,"footnotes":""},"categories":[1],"tags":[],"class_list":["post-8555","post","type-post","status-publish","format-standard","has-post-thumbnail","hentry","category-uncategorized"],"jetpack_featured_media_url":"https:\/\/i0.wp.com\/kampkomiteen.net\/wp-content\/uploads\/2025\/03\/20250308_1608360-scaled.jpg?fit=2560%2C1422&ssl=1","jetpack_shortlink":"https:\/\/wp.me\/pchuPf-2dZ","jetpack-related-posts":[{"id":6972,"url":"https:\/\/kampkomiteen.net\/?p=6972","url_meta":{"origin":8555,"position":0},"title":"Bergen: 8. mars mot imperialisme","author":"Kampkomiteen","date":"9. mars 2024","format":false,"excerpt":"Aktivister fra Kampkomiteen har markert 8. mars i Bergen. Kampkomiteen deltok i toget for palestinasolidariteten. Etterp\u00e5 deltok kampkomiteen p\u00e5 en anti-imperialistisk markering.","rel":"","context":"i \"Bergen\"","block_context":{"text":"Bergen","link":"https:\/\/kampkomiteen.net\/?tag=bergen"},"img":{"alt_text":"","src":"https:\/\/i0.wp.com\/kampkomiteen.net\/wp-content\/uploads\/2024\/03\/8.mars-Bergen.jpg?fit=1200%2C900&ssl=1&resize=350%2C200","width":350,"height":200,"srcset":"https:\/\/i0.wp.com\/kampkomiteen.net\/wp-content\/uploads\/2024\/03\/8.mars-Bergen.jpg?fit=1200%2C900&ssl=1&resize=350%2C200 1x, https:\/\/i0.wp.com\/kampkomiteen.net\/wp-content\/uploads\/2024\/03\/8.mars-Bergen.jpg?fit=1200%2C900&ssl=1&resize=525%2C300 1.5x, https:\/\/i0.wp.com\/kampkomiteen.net\/wp-content\/uploads\/2024\/03\/8.mars-Bergen.jpg?fit=1200%2C900&ssl=1&resize=700%2C400 2x, https:\/\/i0.wp.com\/kampkomiteen.net\/wp-content\/uploads\/2024\/03\/8.mars-Bergen.jpg?fit=1200%2C900&ssl=1&resize=1050%2C600 3x"},"classes":[]},{"id":6502,"url":"https:\/\/kampkomiteen.net\/?p=6502","url_meta":{"origin":8555,"position":1},"title":"Bergen: Solidaritetsmarkering for Palestina","author":"Kampkomiteen","date":"23. oktober 2023","format":false,"excerpt":"L\u00f8rdag 21. oktober deltok aktivister fra Kampkomiteen p\u00e5 enn\u00e5 en vellykket solidaritetsmarkering for Palestina arrangert av Palestinakomiteen.","rel":"","context":"i \"Bergen\"","block_context":{"text":"Bergen","link":"https:\/\/kampkomiteen.net\/?tag=bergen"},"img":{"alt_text":"","src":"https:\/\/i0.wp.com\/kampkomiteen.net\/wp-content\/uploads\/2023\/10\/2-2-scaled.jpg?fit=1200%2C900&ssl=1&resize=350%2C200","width":350,"height":200,"srcset":"https:\/\/i0.wp.com\/kampkomiteen.net\/wp-content\/uploads\/2023\/10\/2-2-scaled.jpg?fit=1200%2C900&ssl=1&resize=350%2C200 1x, https:\/\/i0.wp.com\/kampkomiteen.net\/wp-content\/uploads\/2023\/10\/2-2-scaled.jpg?fit=1200%2C900&ssl=1&resize=525%2C300 1.5x, https:\/\/i0.wp.com\/kampkomiteen.net\/wp-content\/uploads\/2023\/10\/2-2-scaled.jpg?fit=1200%2C900&ssl=1&resize=700%2C400 2x, https:\/\/i0.wp.com\/kampkomiteen.net\/wp-content\/uploads\/2023\/10\/2-2-scaled.jpg?fit=1200%2C900&ssl=1&resize=1050%2C600 3x"},"classes":[]},{"id":7561,"url":"https:\/\/kampkomiteen.net\/?p=7561","url_meta":{"origin":8555,"position":2},"title":"Bergen: Demonstrasjon mot Kongsberg Gruppen","author":"Kampkomiteen","date":"18. juli 2024","format":false,"excerpt":"Aktivister fra Kampkomiteen deltok p\u00e5 en demonstrasjon 15. juli utenfor kontoret til Kongsberg Gruppen utenfor Bergen. Demonstrasjonen var mot at helsepersonell og sykehus har blitt angrepet av den israelske okkupasjonsh\u00e6ren.","rel":"","context":"i \"Bergen\"","block_context":{"text":"Bergen","link":"https:\/\/kampkomiteen.net\/?tag=bergen"},"img":{"alt_text":"","src":"https:\/\/i0.wp.com\/kampkomiteen.net\/wp-content\/uploads\/2024\/07\/Forside-scaled.jpg?fit=1200%2C900&ssl=1&resize=350%2C200","width":350,"height":200,"srcset":"https:\/\/i0.wp.com\/kampkomiteen.net\/wp-content\/uploads\/2024\/07\/Forside-scaled.jpg?fit=1200%2C900&ssl=1&resize=350%2C200 1x, https:\/\/i0.wp.com\/kampkomiteen.net\/wp-content\/uploads\/2024\/07\/Forside-scaled.jpg?fit=1200%2C900&ssl=1&resize=525%2C300 1.5x, https:\/\/i0.wp.com\/kampkomiteen.net\/wp-content\/uploads\/2024\/07\/Forside-scaled.jpg?fit=1200%2C900&ssl=1&resize=700%2C400 2x, https:\/\/i0.wp.com\/kampkomiteen.net\/wp-content\/uploads\/2024\/07\/Forside-scaled.jpg?fit=1200%2C900&ssl=1&resize=1050%2C600 3x"},"classes":[]},{"id":10689,"url":"https:\/\/kampkomiteen.net\/?p=10689","url_meta":{"origin":8555,"position":3},"title":"Trondheim: Antiimperialistisk 8. mars","author":"Kampkomiteen","date":"9. mars 2026","format":false,"excerpt":"S\u00f8ndag 8. mars markerte Kampkomiteen i Trondheim arbeiderkvinnenes internasjonale kampdag.","rel":"","context":"i \"8. mars\"","block_context":{"text":"8. mars","link":"https:\/\/kampkomiteen.net\/?tag=8-mars"},"img":{"alt_text":"","src":"https:\/\/i0.wp.com\/kampkomiteen.net\/wp-content\/uploads\/2026\/03\/TogPalestina3.jpg?fit=1192%2C700&ssl=1&resize=350%2C200","width":350,"height":200,"srcset":"https:\/\/i0.wp.com\/kampkomiteen.net\/wp-content\/uploads\/2026\/03\/TogPalestina3.jpg?fit=1192%2C700&ssl=1&resize=350%2C200 1x, https:\/\/i0.wp.com\/kampkomiteen.net\/wp-content\/uploads\/2026\/03\/TogPalestina3.jpg?fit=1192%2C700&ssl=1&resize=525%2C300 1.5x, https:\/\/i0.wp.com\/kampkomiteen.net\/wp-content\/uploads\/2026\/03\/TogPalestina3.jpg?fit=1192%2C700&ssl=1&resize=700%2C400 2x, https:\/\/i0.wp.com\/kampkomiteen.net\/wp-content\/uploads\/2026\/03\/TogPalestina3.jpg?fit=1192%2C700&ssl=1&resize=1050%2C600 3x"},"classes":[]},{"id":2537,"url":"https:\/\/kampkomiteen.net\/?p=2537","url_meta":{"origin":8555,"position":4},"title":"Rapporter fra en internasjonalistisk 8. mars","author":"Kampkomiteen","date":"10. mars 2022","format":false,"excerpt":"Kampkomiteen og andre revolusjon\u00e6re krefter har markert 8. mars sammen i Oslo, Bergen, Trondheim og Kristiansand. Aktivister fra flere byer, og ogs\u00e5 kamerater fra utlandet, bidro til \u00e5 reise den r\u00f8de fana p\u00e5 8. mars, mot imperialisme og patriarkat.","rel":"","context":"i \"8. mars\"","block_context":{"text":"8. mars","link":"https:\/\/kampkomiteen.net\/?tag=8-mars"},"img":{"alt_text":"","src":"https:\/\/i0.wp.com\/kampkomiteen.net\/wp-content\/uploads\/2022\/03\/Image_303669.jpg?fit=1200%2C676&ssl=1&resize=350%2C200","width":350,"height":200,"srcset":"https:\/\/i0.wp.com\/kampkomiteen.net\/wp-content\/uploads\/2022\/03\/Image_303669.jpg?fit=1200%2C676&ssl=1&resize=350%2C200 1x, https:\/\/i0.wp.com\/kampkomiteen.net\/wp-content\/uploads\/2022\/03\/Image_303669.jpg?fit=1200%2C676&ssl=1&resize=525%2C300 1.5x, https:\/\/i0.wp.com\/kampkomiteen.net\/wp-content\/uploads\/2022\/03\/Image_303669.jpg?fit=1200%2C676&ssl=1&resize=700%2C400 2x, https:\/\/i0.wp.com\/kampkomiteen.net\/wp-content\/uploads\/2022\/03\/Image_303669.jpg?fit=1200%2C676&ssl=1&resize=1050%2C600 3x"},"classes":[]},{"id":6564,"url":"https:\/\/kampkomiteen.net\/?p=6564","url_meta":{"origin":8555,"position":5},"title":"Bergen: Daglige demonstrasjoner for Palestina","author":"Kampkomiteen","date":"13. november 2023","format":false,"excerpt":"I Bergen har det i l\u00f8pet av hele uke 45 blitt gjennomf\u00f8rt flere kraftfulle demonstrasjoner. P\u00e5 alle demonstrasjonene har det blant de oppm\u00f8tte v\u00e6rt en kjempende \u00e5nd med h\u00f8ylytte slagord og klar st\u00f8tte til motstandskampen. Demonstrasjonene fortsetter ogs\u00e5 neste uke.","rel":"","context":"i \"Demonstrasjon\"","block_context":{"text":"Demonstrasjon","link":"https:\/\/kampkomiteen.net\/?tag=demonstrasjon"},"img":{"alt_text":"","src":"https:\/\/i0.wp.com\/kampkomiteen.net\/wp-content\/uploads\/2023\/11\/31-4-scaled.jpg?fit=1200%2C900&ssl=1&resize=350%2C200","width":350,"height":200,"srcset":"https:\/\/i0.wp.com\/kampkomiteen.net\/wp-content\/uploads\/2023\/11\/31-4-scaled.jpg?fit=1200%2C900&ssl=1&resize=350%2C200 1x, https:\/\/i0.wp.com\/kampkomiteen.net\/wp-content\/uploads\/2023\/11\/31-4-scaled.jpg?fit=1200%2C900&ssl=1&resize=525%2C300 1.5x, https:\/\/i0.wp.com\/kampkomiteen.net\/wp-content\/uploads\/2023\/11\/31-4-scaled.jpg?fit=1200%2C900&ssl=1&resize=700%2C400 2x, https:\/\/i0.wp.com\/kampkomiteen.net\/wp-content\/uploads\/2023\/11\/31-4-scaled.jpg?fit=1200%2C900&ssl=1&resize=1050%2C600 3x"},"classes":[]}],"jetpack_sharing_enabled":true,"_links":{"self":[{"href":"https:\/\/kampkomiteen.net\/index.php?rest_route=\/wp\/v2\/posts\/8555","targetHints":{"allow":["GET"]}}],"collection":[{"href":"https:\/\/kampkomiteen.net\/index.php?rest_route=\/wp\/v2\/posts"}],"about":[{"href":"https:\/\/kampkomiteen.net\/index.php?rest_route=\/wp\/v2\/types\/post"}],"author":[{"embeddable":true,"href":"https:\/\/kampkomiteen.net\/index.php?rest_route=\/wp\/v2\/users\/8"}],"replies":[{"embeddable":true,"href":"https:\/\/kampkomiteen.net\/index.php?rest_route=%2Fwp%2Fv2%2Fcomments&post=8555"}],"version-history":[{"count":4,"href":"https:\/\/kampkomiteen.net\/index.php?rest_route=\/wp\/v2\/posts\/8555\/revisions"}],"predecessor-version":[{"id":8638,"href":"https:\/\/kampkomiteen.net\/index.php?rest_route=\/wp\/v2\/posts\/8555\/revisions\/8638"}],"wp:featuredmedia":[{"embeddable":true,"href":"https:\/\/kampkomiteen.net\/index.php?rest_route=\/wp\/v2\/media\/8556"}],"wp:attachment":[{"href":"https:\/\/kampkomiteen.net\/index.php?rest_route=%2Fwp%2Fv2%2Fmedia&parent=8555"}],"wp:term":[{"taxonomy":"category","embeddable":true,"href":"https:\/\/kampkomiteen.net\/index.php?rest_route=%2Fwp%2Fv2%2Fcategories&post=8555"},{"taxonomy":"post_tag","embeddable":true,"href":"https:\/\/kampkomiteen.net\/index.php?rest_route=%2Fwp%2Fv2%2Ftags&post=8555"}],"curies":[{"name":"wp","href":"https:\/\/api.w.org\/{rel}","templated":true}]}}