{"id":8466,"date":"2025-03-02T23:02:43","date_gmt":"2025-03-02T22:02:43","guid":{"rendered":"https:\/\/kampkomiteen.net\/?p=8466"},"modified":"2025-03-02T23:06:49","modified_gmt":"2025-03-02T22:06:49","slug":"oslo-bli-med-pa-8-mars","status":"publish","type":"post","link":"https:\/\/kampkomiteen.net\/?p=8466","title":{"rendered":"Oslo: Bli med 8. mars!"},"content":{"rendered":"<div id=\"fb-root\"><\/div>\n\n<p>Bli med p\u00e5 kjempende og antiimperialistisk 8. mars-markering i Oslo!<\/p>\n\n\n\n<p>Oppm\u00f8te:<\/p>\n\n\n\n<p class=\"has-text-align-center\">L\u00f8rdag 8. mars<br>14:30 Gr\u00f8nland torg<\/p>\n\n\n\n<figure class=\"wp-block-image size-large\"><img data-recalc-dims=\"1\" loading=\"lazy\" decoding=\"async\" width=\"810\" height=\"1146\" src=\"https:\/\/i0.wp.com\/kampkomiteen.net\/wp-content\/uploads\/2025\/03\/Plakat.png?resize=810%2C1146&#038;ssl=1\" alt=\"\" class=\"wp-image-8469\" srcset=\"https:\/\/i0.wp.com\/kampkomiteen.net\/wp-content\/uploads\/2025\/03\/Plakat.png?resize=2828%2C4000&amp;ssl=1 2828w, https:\/\/i0.wp.com\/kampkomiteen.net\/wp-content\/uploads\/2025\/03\/Plakat.png?resize=707%2C1000&amp;ssl=1 707w, https:\/\/i0.wp.com\/kampkomiteen.net\/wp-content\/uploads\/2025\/03\/Plakat.png?resize=768%2C1086&amp;ssl=1 768w, https:\/\/i0.wp.com\/kampkomiteen.net\/wp-content\/uploads\/2025\/03\/Plakat.png?resize=1086%2C1536&amp;ssl=1 1086w, https:\/\/i0.wp.com\/kampkomiteen.net\/wp-content\/uploads\/2025\/03\/Plakat.png?resize=1448%2C2048&amp;ssl=1 1448w, https:\/\/i0.wp.com\/kampkomiteen.net\/wp-content\/uploads\/2025\/03\/Plakat.png?w=1620&amp;ssl=1 1620w, https:\/\/i0.wp.com\/kampkomiteen.net\/wp-content\/uploads\/2025\/03\/Plakat.png?w=2430&amp;ssl=1 2430w\" sizes=\"auto, (max-width: 810px) 100vw, 810px\" \/><\/figure>\n","protected":false},"excerpt":{"rendered":"<p>Bli med \u00e5 marker kjempende og antiimperialistisk 8. mars i Oslo!<\/p>\n","protected":false},"author":6,"featured_media":8472,"comment_status":"closed","ping_status":"closed","sticky":false,"template":"","format":"standard","meta":{"advanced_seo_description":"","jetpack_seo_html_title":"","jetpack_seo_noindex":false,"_jetpack_memberships_contains_paid_content":false,"footnotes":""},"categories":[1],"tags":[],"class_list":["post-8466","post","type-post","status-publish","format-standard","has-post-thumbnail","hentry","category-uncategorized"],"jetpack_featured_media_url":"https:\/\/i0.wp.com\/kampkomiteen.net\/wp-content\/uploads\/2025\/03\/bli-med-8-mars-scaled-e1740953154177.jpg?fit=2560%2C1532&ssl=1","jetpack_shortlink":"https:\/\/wp.me\/pchuPf-2cy","jetpack-related-posts":[{"id":10583,"url":"https:\/\/kampkomiteen.net\/?p=10583","url_meta":{"origin":8466,"position":0},"title":"Oslo: Bli med p\u00e5 antiimperialistisk 8. mars!","author":"Kampkomiteen","date":"1. mars 2026","format":false,"excerpt":"Bli med p\u00e5 internasjonalistisk og antiimperialistisk 8. mars! Det blir markering med appeller p\u00e5 Gr\u00f8nland torg, deretter demonstrasjonstog til Youngstorget og videre deltakelse p\u00e5 8. Marskomiteens markering.","rel":"","context":"i \"8. mars\"","block_context":{"text":"8. mars","link":"https:\/\/kampkomiteen.net\/?tag=8-mars"},"img":{"alt_text":"","src":"https:\/\/i0.wp.com\/kampkomiteen.net\/wp-content\/uploads\/2026\/03\/2026-02-26_Delebilde-8-mars-v1_croppa.png?fit=1200%2C1008&ssl=1&resize=350%2C200","width":350,"height":200,"srcset":"https:\/\/i0.wp.com\/kampkomiteen.net\/wp-content\/uploads\/2026\/03\/2026-02-26_Delebilde-8-mars-v1_croppa.png?fit=1200%2C1008&ssl=1&resize=350%2C200 1x, https:\/\/i0.wp.com\/kampkomiteen.net\/wp-content\/uploads\/2026\/03\/2026-02-26_Delebilde-8-mars-v1_croppa.png?fit=1200%2C1008&ssl=1&resize=525%2C300 1.5x, https:\/\/i0.wp.com\/kampkomiteen.net\/wp-content\/uploads\/2026\/03\/2026-02-26_Delebilde-8-mars-v1_croppa.png?fit=1200%2C1008&ssl=1&resize=700%2C400 2x, https:\/\/i0.wp.com\/kampkomiteen.net\/wp-content\/uploads\/2026\/03\/2026-02-26_Delebilde-8-mars-v1_croppa.png?fit=1200%2C1008&ssl=1&resize=1050%2C600 3x"},"classes":[]},{"id":8724,"url":"https:\/\/kampkomiteen.net\/?p=8724","url_meta":{"origin":8466,"position":1},"title":"Bli med! Ut p\u00e5 gata 1. mai!","author":"Kampkomiteen","date":"25. april 2025","format":false,"excerpt":"Kampkomiteen oppfordrer til \u00e5 bli med ut p\u00e5 gater og torg for \u00e5 skape en kjempende og antiimperialistisk 1. mai. Kampkomiteen vil selv markere dagen f\u00f8lgende steder:","rel":"","context":"Liknende innlegg","block_context":{"text":"Liknende innlegg","link":""},"img":{"alt_text":"","src":"https:\/\/i0.wp.com\/kampkomiteen.net\/wp-content\/uploads\/2024\/05\/Bergen1-scaled.jpg?fit=1200%2C800&ssl=1&resize=350%2C200","width":350,"height":200,"srcset":"https:\/\/i0.wp.com\/kampkomiteen.net\/wp-content\/uploads\/2024\/05\/Bergen1-scaled.jpg?fit=1200%2C800&ssl=1&resize=350%2C200 1x, https:\/\/i0.wp.com\/kampkomiteen.net\/wp-content\/uploads\/2024\/05\/Bergen1-scaled.jpg?fit=1200%2C800&ssl=1&resize=525%2C300 1.5x, https:\/\/i0.wp.com\/kampkomiteen.net\/wp-content\/uploads\/2024\/05\/Bergen1-scaled.jpg?fit=1200%2C800&ssl=1&resize=700%2C400 2x, https:\/\/i0.wp.com\/kampkomiteen.net\/wp-content\/uploads\/2024\/05\/Bergen1-scaled.jpg?fit=1200%2C800&ssl=1&resize=1050%2C600 3x"},"classes":[]},{"id":10658,"url":"https:\/\/kampkomiteen.net\/?p=10658","url_meta":{"origin":8466,"position":2},"title":"Ut p\u00e5 gata 8. mars \u2013 bli med p\u00e5 markeringer!","author":"Kampkomiteen","date":"6. mars 2026","format":false,"excerpt":"Kampkomiteen mobiliserer til antiimperialistiske markeringer av 8. mars i fire byer.","rel":"","context":"Liknende innlegg","block_context":{"text":"Liknende innlegg","link":""},"img":{"alt_text":"","src":"https:\/\/i0.wp.com\/kampkomiteen.net\/wp-content\/uploads\/2026\/03\/2026-02-26_Delebilde-8-mars-v1_croppa.png?fit=1200%2C1008&ssl=1&resize=350%2C200","width":350,"height":200,"srcset":"https:\/\/i0.wp.com\/kampkomiteen.net\/wp-content\/uploads\/2026\/03\/2026-02-26_Delebilde-8-mars-v1_croppa.png?fit=1200%2C1008&ssl=1&resize=350%2C200 1x, https:\/\/i0.wp.com\/kampkomiteen.net\/wp-content\/uploads\/2026\/03\/2026-02-26_Delebilde-8-mars-v1_croppa.png?fit=1200%2C1008&ssl=1&resize=525%2C300 1.5x, https:\/\/i0.wp.com\/kampkomiteen.net\/wp-content\/uploads\/2026\/03\/2026-02-26_Delebilde-8-mars-v1_croppa.png?fit=1200%2C1008&ssl=1&resize=700%2C400 2x, https:\/\/i0.wp.com\/kampkomiteen.net\/wp-content\/uploads\/2026\/03\/2026-02-26_Delebilde-8-mars-v1_croppa.png?fit=1200%2C1008&ssl=1&resize=1050%2C600 3x"},"classes":[]},{"id":10603,"url":"https:\/\/kampkomiteen.net\/?p=10603","url_meta":{"origin":8466,"position":3},"title":"Trondheim: Bli med p\u00e5 antiimperialistisk 8. mars!","author":"Kampkomiteen","date":"1. mars 2026","format":false,"excerpt":"I Trondheim markeres 8. mars med antiimperialistisk markering og foredrag. Bli med!","rel":"","context":"i \"Antiimperialisme\"","block_context":{"text":"Antiimperialisme","link":"https:\/\/kampkomiteen.net\/?tag=antiimperialisme"},"img":{"alt_text":"","src":"https:\/\/i0.wp.com\/kampkomiteen.net\/wp-content\/uploads\/2026\/03\/2026-02-26_Delebilde-8-mars-v1_croppa.png?fit=1200%2C1008&ssl=1&resize=350%2C200","width":350,"height":200,"srcset":"https:\/\/i0.wp.com\/kampkomiteen.net\/wp-content\/uploads\/2026\/03\/2026-02-26_Delebilde-8-mars-v1_croppa.png?fit=1200%2C1008&ssl=1&resize=350%2C200 1x, https:\/\/i0.wp.com\/kampkomiteen.net\/wp-content\/uploads\/2026\/03\/2026-02-26_Delebilde-8-mars-v1_croppa.png?fit=1200%2C1008&ssl=1&resize=525%2C300 1.5x, https:\/\/i0.wp.com\/kampkomiteen.net\/wp-content\/uploads\/2026\/03\/2026-02-26_Delebilde-8-mars-v1_croppa.png?fit=1200%2C1008&ssl=1&resize=700%2C400 2x, https:\/\/i0.wp.com\/kampkomiteen.net\/wp-content\/uploads\/2026\/03\/2026-02-26_Delebilde-8-mars-v1_croppa.png?fit=1200%2C1008&ssl=1&resize=1050%2C600 3x"},"classes":[]},{"id":10988,"url":"https:\/\/kampkomiteen.net\/?p=10988","url_meta":{"origin":8466,"position":4},"title":"Oslo: Bli med p\u00e5 antiimperialistisk 1. mai!","author":"Kampkomiteen","date":"27. april 2026","format":false,"excerpt":"Bli med p\u00e5 en internasjonalistisk og antiimperialistisk 1. mai!","rel":"","context":"i \"1. mai\"","block_context":{"text":"1. mai","link":"https:\/\/kampkomiteen.net\/?tag=1-mai"},"img":{"alt_text":"","src":"https:\/\/i0.wp.com\/kampkomiteen.net\/wp-content\/uploads\/2026\/04\/1mai-delebilde-2026_v5_RK-scaled.png?fit=1064%2C1200&ssl=1&resize=350%2C200","width":350,"height":200,"srcset":"https:\/\/i0.wp.com\/kampkomiteen.net\/wp-content\/uploads\/2026\/04\/1mai-delebilde-2026_v5_RK-scaled.png?fit=1064%2C1200&ssl=1&resize=350%2C200 1x, https:\/\/i0.wp.com\/kampkomiteen.net\/wp-content\/uploads\/2026\/04\/1mai-delebilde-2026_v5_RK-scaled.png?fit=1064%2C1200&ssl=1&resize=525%2C300 1.5x, https:\/\/i0.wp.com\/kampkomiteen.net\/wp-content\/uploads\/2026\/04\/1mai-delebilde-2026_v5_RK-scaled.png?fit=1064%2C1200&ssl=1&resize=700%2C400 2x, https:\/\/i0.wp.com\/kampkomiteen.net\/wp-content\/uploads\/2026\/04\/1mai-delebilde-2026_v5_RK-scaled.png?fit=1064%2C1200&ssl=1&resize=1050%2C600 3x"},"classes":[]},{"id":8813,"url":"https:\/\/kampkomiteen.net\/?p=8813","url_meta":{"origin":8466,"position":5},"title":"Oslo: Kjempende og antiimperialistisk 1. mai","author":"Kampkomiteen","date":"1. mai 2025","format":false,"excerpt":"1. mai ble markert med to demonstrasjoner i Oslo. Kampkomiteen reiste kampanjen for stiftelsen av Antiimperialistisk forbund, st\u00f8tte til fattigb\u00f8ndenes og folkets kamp i Brasil, og st\u00f8tte til den palestinske motstandskampen.","rel":"","context":"i \"1. mai\"","block_context":{"text":"1. mai","link":"https:\/\/kampkomiteen.net\/?tag=1-mai"},"img":{"alt_text":"","src":"https:\/\/i0.wp.com\/kampkomiteen.net\/wp-content\/uploads\/2025\/05\/2.jpg?fit=1200%2C653&ssl=1&resize=350%2C200","width":350,"height":200,"srcset":"https:\/\/i0.wp.com\/kampkomiteen.net\/wp-content\/uploads\/2025\/05\/2.jpg?fit=1200%2C653&ssl=1&resize=350%2C200 1x, https:\/\/i0.wp.com\/kampkomiteen.net\/wp-content\/uploads\/2025\/05\/2.jpg?fit=1200%2C653&ssl=1&resize=525%2C300 1.5x, https:\/\/i0.wp.com\/kampkomiteen.net\/wp-content\/uploads\/2025\/05\/2.jpg?fit=1200%2C653&ssl=1&resize=700%2C400 2x, https:\/\/i0.wp.com\/kampkomiteen.net\/wp-content\/uploads\/2025\/05\/2.jpg?fit=1200%2C653&ssl=1&resize=1050%2C600 3x"},"classes":[]}],"jetpack_sharing_enabled":true,"_links":{"self":[{"href":"https:\/\/kampkomiteen.net\/index.php?rest_route=\/wp\/v2\/posts\/8466","targetHints":{"allow":["GET"]}}],"collection":[{"href":"https:\/\/kampkomiteen.net\/index.php?rest_route=\/wp\/v2\/posts"}],"about":[{"href":"https:\/\/kampkomiteen.net\/index.php?rest_route=\/wp\/v2\/types\/post"}],"author":[{"embeddable":true,"href":"https:\/\/kampkomiteen.net\/index.php?rest_route=\/wp\/v2\/users\/6"}],"replies":[{"embeddable":true,"href":"https:\/\/kampkomiteen.net\/index.php?rest_route=%2Fwp%2Fv2%2Fcomments&post=8466"}],"version-history":[{"count":3,"href":"https:\/\/kampkomiteen.net\/index.php?rest_route=\/wp\/v2\/posts\/8466\/revisions"}],"predecessor-version":[{"id":8476,"href":"https:\/\/kampkomiteen.net\/index.php?rest_route=\/wp\/v2\/posts\/8466\/revisions\/8476"}],"wp:featuredmedia":[{"embeddable":true,"href":"https:\/\/kampkomiteen.net\/index.php?rest_route=\/wp\/v2\/media\/8472"}],"wp:attachment":[{"href":"https:\/\/kampkomiteen.net\/index.php?rest_route=%2Fwp%2Fv2%2Fmedia&parent=8466"}],"wp:term":[{"taxonomy":"category","embeddable":true,"href":"https:\/\/kampkomiteen.net\/index.php?rest_route=%2Fwp%2Fv2%2Fcategories&post=8466"},{"taxonomy":"post_tag","embeddable":true,"href":"https:\/\/kampkomiteen.net\/index.php?rest_route=%2Fwp%2Fv2%2Ftags&post=8466"}],"curies":[{"name":"wp","href":"https:\/\/api.w.org\/{rel}","templated":true}]}}