{"id":8330,"date":"2025-03-02T23:27:18","date_gmt":"2025-03-02T22:27:18","guid":{"rendered":"https:\/\/kampkomiteen.net\/?p=8330"},"modified":"2025-09-28T21:24:57","modified_gmt":"2025-09-28T19:24:57","slug":"video-aktiviteter-for-antiimperialistisk-forbund","status":"publish","type":"post","link":"https:\/\/kampkomiteen.net\/?p=8330","title":{"rendered":"Video: Aktiviteter for Antiimperialistisk Forbund"},"content":{"rendered":"<div id=\"fb-root\"><\/div>\n\n<p>I 2024 ble det gjennomf\u00f8rt aktiviteter i Oslo, Bergen, Trondheim og Kristiansand, for stiftelsen av <a href=\"http:\/\/ail-red.com\">Antiimperialistisk Forbund (AIL)<\/a>. Det ble satt opp plakater og holdt \u00e5pne m\u00f8ter, og aktivister fra flere steder i landet deltok p\u00e5 et seminar der prosessen for Antiimperialistisk Forbund ble presentert.<\/p>\n\n\n\n<figure class=\"wp-block-embed is-type-video is-provider-youtube wp-block-embed-youtube wp-embed-aspect-4-3 wp-has-aspect-ratio\"><div class=\"wp-block-embed__wrapper\">\n<iframe loading=\"lazy\" title=\"Forward to the foundation of the Antiimperialist League!\" width=\"810\" height=\"608\" src=\"https:\/\/www.youtube.com\/embed\/OWaw6JwRfIE?feature=oembed\" frameborder=\"0\" allow=\"accelerometer; autoplay; clipboard-write; encrypted-media; gyroscope; picture-in-picture; web-share\" referrerpolicy=\"strict-origin-when-cross-origin\" allowfullscreen><\/iframe>\n<\/div><\/figure>\n","protected":false},"excerpt":{"rendered":"<p>I 2024 ble det gjennomf\u00f8rt aktiviteter i Oslo, Bergen, Trondheim og Kristiansand, for stiftelsen av Antiimperialistisk Forbund (AIL). <\/p>\n","protected":false},"author":8,"featured_media":8477,"comment_status":"closed","ping_status":"closed","sticky":false,"template":"","format":"standard","meta":{"advanced_seo_description":"","jetpack_seo_html_title":"","jetpack_seo_noindex":false,"_jetpack_memberships_contains_paid_content":false,"footnotes":""},"categories":[1],"tags":[48,78],"class_list":["post-8330","post","type-post","status-publish","format-standard","has-post-thumbnail","hentry","category-uncategorized","tag-antiimperialisme","tag-antiimperialistisk-forbund"],"jetpack_featured_media_url":"https:\/\/i0.wp.com\/kampkomiteen.net\/wp-content\/uploads\/2025\/03\/video.png?fit=1160%2C653&ssl=1","jetpack_shortlink":"https:\/\/wp.me\/pchuPf-2am","jetpack-related-posts":[{"id":10293,"url":"https:\/\/kampkomiteen.net\/?p=10293","url_meta":{"origin":8330,"position":0},"title":"Trondheim: \u00c5pent m\u00f8te om Antiimperialistisk Forbund","author":"Kampkomiteen","date":"19. januar 2026","format":false,"excerpt":"Tirsdag 13. januar holdt Kampkomiteen et \u00e5pent m\u00f8te om Antiimperialistisk Forbund.","rel":"","context":"i \"Antiimperialisme\"","block_context":{"text":"Antiimperialisme","link":"https:\/\/kampkomiteen.net\/?tag=antiimperialisme"},"img":{"alt_text":"","src":"https:\/\/i0.wp.com\/kampkomiteen.net\/wp-content\/uploads\/2026\/01\/Bilde3.jpg?fit=1050%2C700&ssl=1&resize=350%2C200","width":350,"height":200,"srcset":"https:\/\/i0.wp.com\/kampkomiteen.net\/wp-content\/uploads\/2026\/01\/Bilde3.jpg?fit=1050%2C700&ssl=1&resize=350%2C200 1x, https:\/\/i0.wp.com\/kampkomiteen.net\/wp-content\/uploads\/2026\/01\/Bilde3.jpg?fit=1050%2C700&ssl=1&resize=525%2C300 1.5x, https:\/\/i0.wp.com\/kampkomiteen.net\/wp-content\/uploads\/2026\/01\/Bilde3.jpg?fit=1050%2C700&ssl=1&resize=700%2C400 2x, https:\/\/i0.wp.com\/kampkomiteen.net\/wp-content\/uploads\/2026\/01\/Bilde3.jpg?fit=1050%2C700&ssl=1&resize=1050%2C600 3x"},"classes":[]},{"id":8800,"url":"https:\/\/kampkomiteen.net\/?p=8800","url_meta":{"origin":8330,"position":1},"title":"Bergen: Antiimperialistisk 1. mai","author":"Kampkomiteen","date":"1. mai 2025","format":false,"excerpt":"Tross regn og vind markerte Kampkomiteen i Bergen 1. mai sammen med flere antiimperialistiske organisasjoner. Under \u00e5rets 1. mai ble palestinasolidariteten og arbeidet for stiftelsen av Antiimperialistisk Forbund (AIL) fremmet. Antiimperialister i Bergen deltok p\u00e5 2 markeringer under \u00e5rets 1. mai.","rel":"","context":"Liknende innlegg","block_context":{"text":"Liknende innlegg","link":""},"img":{"alt_text":"","src":"https:\/\/i0.wp.com\/kampkomiteen.net\/wp-content\/uploads\/2025\/05\/P1080246-1-scaled.jpg?fit=1200%2C606&ssl=1&resize=350%2C200","width":350,"height":200,"srcset":"https:\/\/i0.wp.com\/kampkomiteen.net\/wp-content\/uploads\/2025\/05\/P1080246-1-scaled.jpg?fit=1200%2C606&ssl=1&resize=350%2C200 1x, https:\/\/i0.wp.com\/kampkomiteen.net\/wp-content\/uploads\/2025\/05\/P1080246-1-scaled.jpg?fit=1200%2C606&ssl=1&resize=525%2C300 1.5x, https:\/\/i0.wp.com\/kampkomiteen.net\/wp-content\/uploads\/2025\/05\/P1080246-1-scaled.jpg?fit=1200%2C606&ssl=1&resize=700%2C400 2x, https:\/\/i0.wp.com\/kampkomiteen.net\/wp-content\/uploads\/2025\/05\/P1080246-1-scaled.jpg?fit=1200%2C606&ssl=1&resize=1050%2C600 3x"},"classes":[]},{"id":8813,"url":"https:\/\/kampkomiteen.net\/?p=8813","url_meta":{"origin":8330,"position":2},"title":"Oslo: Kjempende og antiimperialistisk 1. mai","author":"Kampkomiteen","date":"1. mai 2025","format":false,"excerpt":"1. mai ble markert med to demonstrasjoner i Oslo. Kampkomiteen reiste kampanjen for stiftelsen av Antiimperialistisk forbund, st\u00f8tte til fattigb\u00f8ndenes og folkets kamp i Brasil, og st\u00f8tte til den palestinske motstandskampen.","rel":"","context":"i \"1. mai\"","block_context":{"text":"1. mai","link":"https:\/\/kampkomiteen.net\/?tag=1-mai"},"img":{"alt_text":"","src":"https:\/\/i0.wp.com\/kampkomiteen.net\/wp-content\/uploads\/2025\/05\/2.jpg?fit=1200%2C653&ssl=1&resize=350%2C200","width":350,"height":200,"srcset":"https:\/\/i0.wp.com\/kampkomiteen.net\/wp-content\/uploads\/2025\/05\/2.jpg?fit=1200%2C653&ssl=1&resize=350%2C200 1x, https:\/\/i0.wp.com\/kampkomiteen.net\/wp-content\/uploads\/2025\/05\/2.jpg?fit=1200%2C653&ssl=1&resize=525%2C300 1.5x, https:\/\/i0.wp.com\/kampkomiteen.net\/wp-content\/uploads\/2025\/05\/2.jpg?fit=1200%2C653&ssl=1&resize=700%2C400 2x, https:\/\/i0.wp.com\/kampkomiteen.net\/wp-content\/uploads\/2025\/05\/2.jpg?fit=1200%2C653&ssl=1&resize=1050%2C600 3x"},"classes":[]},{"id":8698,"url":"https:\/\/kampkomiteen.net\/?p=8698","url_meta":{"origin":8330,"position":3},"title":"Aktiviteter i Bergen de siste ukene","author":"Kampkomiteen","date":"20. april 2025","format":false,"excerpt":"Skrevet av aktivister i Bergen Kampkomiteen har deltatt p\u00e5 flere aktiviteter i Bergen i det siste, arrangert \u00e5pne m\u00f8ter og v\u00e6rt synlig i gatene i Bergen. 1. mars \u00c5pent m\u00f8te om folkets kamp i Brasil 1. mars arrangerte Kampkomiteen i Bergen et \u00e5pent m\u00f8te om folkets kamp i Brasil. I\u2026","rel":"","context":"Liknende innlegg","block_context":{"text":"Liknende innlegg","link":""},"img":{"alt_text":"","src":"https:\/\/i0.wp.com\/kampkomiteen.net\/wp-content\/uploads\/2025\/04\/22.03-2-scaled.jpg?fit=1200%2C778&ssl=1&resize=350%2C200","width":350,"height":200,"srcset":"https:\/\/i0.wp.com\/kampkomiteen.net\/wp-content\/uploads\/2025\/04\/22.03-2-scaled.jpg?fit=1200%2C778&ssl=1&resize=350%2C200 1x, https:\/\/i0.wp.com\/kampkomiteen.net\/wp-content\/uploads\/2025\/04\/22.03-2-scaled.jpg?fit=1200%2C778&ssl=1&resize=525%2C300 1.5x, https:\/\/i0.wp.com\/kampkomiteen.net\/wp-content\/uploads\/2025\/04\/22.03-2-scaled.jpg?fit=1200%2C778&ssl=1&resize=700%2C400 2x, https:\/\/i0.wp.com\/kampkomiteen.net\/wp-content\/uploads\/2025\/04\/22.03-2-scaled.jpg?fit=1200%2C778&ssl=1&resize=1050%2C600 3x"},"classes":[]},{"id":8706,"url":"https:\/\/kampkomiteen.net\/?p=8706","url_meta":{"origin":8330,"position":4},"title":"Bergen: Antiimperialistisk Kulturkveld","author":"Kampkomiteen","date":"21. april 2025","format":false,"excerpt":"Skrevet av aktivister i Bergen Kampkomiteen i Bergen og Bergen4Palestine arrangerte et antiimperialistisk kulturkveld fredag 11. april. M\u00f8tet fant sted p\u00e5 Det Akademiske Kvarteret, og besto av b\u00e5de politiske og kulturelle innlegg. M\u00f8tet var pynta opp med flaggene til Palestina, Fattigb\u00f8ndenes Forbund (LCP) og Antiimperialistisk Forbund. Bakerst hang det et\u2026","rel":"","context":"Liknende innlegg","block_context":{"text":"Liknende innlegg","link":""},"img":{"alt_text":"","src":"https:\/\/i0.wp.com\/kampkomiteen.net\/wp-content\/uploads\/2025\/04\/20250411_184028-scaled.jpg?fit=1200%2C900&ssl=1&resize=350%2C200","width":350,"height":200,"srcset":"https:\/\/i0.wp.com\/kampkomiteen.net\/wp-content\/uploads\/2025\/04\/20250411_184028-scaled.jpg?fit=1200%2C900&ssl=1&resize=350%2C200 1x, https:\/\/i0.wp.com\/kampkomiteen.net\/wp-content\/uploads\/2025\/04\/20250411_184028-scaled.jpg?fit=1200%2C900&ssl=1&resize=525%2C300 1.5x, https:\/\/i0.wp.com\/kampkomiteen.net\/wp-content\/uploads\/2025\/04\/20250411_184028-scaled.jpg?fit=1200%2C900&ssl=1&resize=700%2C400 2x, https:\/\/i0.wp.com\/kampkomiteen.net\/wp-content\/uploads\/2025\/04\/20250411_184028-scaled.jpg?fit=1200%2C900&ssl=1&resize=1050%2C600 3x"},"classes":[]},{"id":10432,"url":"https:\/\/kampkomiteen.net\/?p=10432","url_meta":{"origin":8330,"position":5},"title":"Bergen: Demonstrasjon og \u00e5pent m\u00f8te for Venezuela","author":"Kampkomiteen","date":"4. februar 2026","format":false,"excerpt":"Tirsdag 3. februar arrangerte Bergen4Palestine og Kampkomiteen en demonstrasjon og et \u00e5pent m\u00f8te i forbindelse med den internasjonale aksjonsdagen til ford\u00f8mmelse av USA imperialismens aggresjon mot Venezuela.","rel":"","context":"Liknende innlegg","block_context":{"text":"Liknende innlegg","link":""},"img":{"alt_text":"","src":"https:\/\/i0.wp.com\/kampkomiteen.net\/wp-content\/uploads\/2026\/02\/20260203_171517.jpg?fit=1160%2C746&ssl=1&resize=350%2C200","width":350,"height":200,"srcset":"https:\/\/i0.wp.com\/kampkomiteen.net\/wp-content\/uploads\/2026\/02\/20260203_171517.jpg?fit=1160%2C746&ssl=1&resize=350%2C200 1x, https:\/\/i0.wp.com\/kampkomiteen.net\/wp-content\/uploads\/2026\/02\/20260203_171517.jpg?fit=1160%2C746&ssl=1&resize=525%2C300 1.5x, https:\/\/i0.wp.com\/kampkomiteen.net\/wp-content\/uploads\/2026\/02\/20260203_171517.jpg?fit=1160%2C746&ssl=1&resize=700%2C400 2x, https:\/\/i0.wp.com\/kampkomiteen.net\/wp-content\/uploads\/2026\/02\/20260203_171517.jpg?fit=1160%2C746&ssl=1&resize=1050%2C600 3x"},"classes":[]}],"jetpack_sharing_enabled":true,"_links":{"self":[{"href":"https:\/\/kampkomiteen.net\/index.php?rest_route=\/wp\/v2\/posts\/8330","targetHints":{"allow":["GET"]}}],"collection":[{"href":"https:\/\/kampkomiteen.net\/index.php?rest_route=\/wp\/v2\/posts"}],"about":[{"href":"https:\/\/kampkomiteen.net\/index.php?rest_route=\/wp\/v2\/types\/post"}],"author":[{"embeddable":true,"href":"https:\/\/kampkomiteen.net\/index.php?rest_route=\/wp\/v2\/users\/8"}],"replies":[{"embeddable":true,"href":"https:\/\/kampkomiteen.net\/index.php?rest_route=%2Fwp%2Fv2%2Fcomments&post=8330"}],"version-history":[{"count":6,"href":"https:\/\/kampkomiteen.net\/index.php?rest_route=\/wp\/v2\/posts\/8330\/revisions"}],"predecessor-version":[{"id":9620,"href":"https:\/\/kampkomiteen.net\/index.php?rest_route=\/wp\/v2\/posts\/8330\/revisions\/9620"}],"wp:featuredmedia":[{"embeddable":true,"href":"https:\/\/kampkomiteen.net\/index.php?rest_route=\/wp\/v2\/media\/8477"}],"wp:attachment":[{"href":"https:\/\/kampkomiteen.net\/index.php?rest_route=%2Fwp%2Fv2%2Fmedia&parent=8330"}],"wp:term":[{"taxonomy":"category","embeddable":true,"href":"https:\/\/kampkomiteen.net\/index.php?rest_route=%2Fwp%2Fv2%2Fcategories&post=8330"},{"taxonomy":"post_tag","embeddable":true,"href":"https:\/\/kampkomiteen.net\/index.php?rest_route=%2Fwp%2Fv2%2Ftags&post=8330"}],"curies":[{"name":"wp","href":"https:\/\/api.w.org\/{rel}","templated":true}]}}