{"id":8229,"date":"2025-02-03T20:43:26","date_gmt":"2025-02-03T19:43:26","guid":{"rendered":"https:\/\/kampkomiteen.net\/?p=8229"},"modified":"2025-02-07T22:36:09","modified_gmt":"2025-02-07T21:36:09","slug":"oslo-energisk-demonstrasjon-for-gaza","status":"publish","type":"post","link":"https:\/\/kampkomiteen.net\/?p=8229","title":{"rendered":"Oslo: Energisk demonstrasjon for Gaza"},"content":{"rendered":"<div id=\"fb-root\"><\/div>\n\n<p><em>Skrevet av aktivister i Oslo.<\/em><\/p>\n\n\n\n<p>L\u00f8rdag den 18. januar deltok aktivister fra Kampkomiteen i Oslo p\u00e5 en demonstrasjon for Gaza foran Israels ambassade. Demonstrasjonen var organisert av Handala foreningen.<\/p>\n\n\n\n<p>Foran ambassaden samlet det seg godt over hundre mennesker. Aktivistene hadde med seg et banner med parole til st\u00f8tte for de 3 palestinaaktivistene, og det ble delt ut flyers som informerte om saken og mobiliserte til st\u00f8tte for de 3.<\/p>\n\n\n\n<p>De 3 er siktet for \u00abhensynsl\u00f8s atferd og for \u00e5 ha voldt fare for en stortingsrepresentants virke\u00bb, med en strafferamme p\u00e5 inntil 10-12 \u00e5r i fengsel, for \u00e5 ha fulgt etter Sylvi Listhaug og stilt henne sp\u00f8rsm\u00e5l og ropt slagord. Blir aktivistene d\u00f8mt, vil dette sette en presedens som kan svekke retten til \u00e5 protestere.<\/p>\n\n\n\n<figure class=\"wp-block-image size-full\"><img data-recalc-dims=\"1\" loading=\"lazy\" decoding=\"async\" width=\"810\" height=\"540\" src=\"https:\/\/i0.wp.com\/kampkomiteen.net\/wp-content\/uploads\/2025\/02\/2.jpg?resize=810%2C540&#038;ssl=1\" alt=\"\" class=\"wp-image-8232\" srcset=\"https:\/\/i0.wp.com\/kampkomiteen.net\/wp-content\/uploads\/2025\/02\/2.jpg?w=1920&amp;ssl=1 1920w, https:\/\/i0.wp.com\/kampkomiteen.net\/wp-content\/uploads\/2025\/02\/2.jpg?resize=1000%2C667&amp;ssl=1 1000w, https:\/\/i0.wp.com\/kampkomiteen.net\/wp-content\/uploads\/2025\/02\/2.jpg?resize=768%2C512&amp;ssl=1 768w, https:\/\/i0.wp.com\/kampkomiteen.net\/wp-content\/uploads\/2025\/02\/2.jpg?resize=1536%2C1024&amp;ssl=1 1536w, https:\/\/i0.wp.com\/kampkomiteen.net\/wp-content\/uploads\/2025\/02\/2.jpg?resize=120%2C80&amp;ssl=1 120w, https:\/\/i0.wp.com\/kampkomiteen.net\/wp-content\/uploads\/2025\/02\/2.jpg?w=1620&amp;ssl=1 1620w\" sizes=\"auto, (max-width: 810px) 100vw, 810px\" \/><\/figure>\n\n\n\n<p>Demonstrasjon var preget av god folkelig militans og det ble ropt slagord slik som \u00ablenge leve motstanden!\u00bb, \u00abyalla, yalla, intifada!\u00bb, \u00abfrom the river to the sea, Palestine will be free!\u00bb og \u00abmin el-maiyeh lel maiyeh, Falasteen Arabiya!\u00bb.<\/p>\n\n\n\n<p>Det ble sl\u00e5tt med trommer gjennom hele demonstrasjon og flere demonstranter hadde med seg utstyr for \u00e5 lage st\u00f8y. N\u00e6r slutten av demonstrasjon tok flere demonstranter ut et israelsk flagg som ble satt fyr p\u00e5 og brent mens det ble ropt slagord for motstandskampen. Etter flagget var brent opp, kom flere av demonstrantene bort og trampet p\u00e5 restene av flagget.<\/p>\n\n\n\n<figure class=\"wp-block-image size-full\"><img data-recalc-dims=\"1\" loading=\"lazy\" decoding=\"async\" width=\"810\" height=\"540\" src=\"https:\/\/i0.wp.com\/kampkomiteen.net\/wp-content\/uploads\/2025\/02\/3.jpg?resize=810%2C540&#038;ssl=1\" alt=\"\" class=\"wp-image-8233\" srcset=\"https:\/\/i0.wp.com\/kampkomiteen.net\/wp-content\/uploads\/2025\/02\/3.jpg?w=1920&amp;ssl=1 1920w, https:\/\/i0.wp.com\/kampkomiteen.net\/wp-content\/uploads\/2025\/02\/3.jpg?resize=1000%2C667&amp;ssl=1 1000w, https:\/\/i0.wp.com\/kampkomiteen.net\/wp-content\/uploads\/2025\/02\/3.jpg?resize=768%2C512&amp;ssl=1 768w, https:\/\/i0.wp.com\/kampkomiteen.net\/wp-content\/uploads\/2025\/02\/3.jpg?resize=1536%2C1024&amp;ssl=1 1536w, https:\/\/i0.wp.com\/kampkomiteen.net\/wp-content\/uploads\/2025\/02\/3.jpg?resize=120%2C80&amp;ssl=1 120w, https:\/\/i0.wp.com\/kampkomiteen.net\/wp-content\/uploads\/2025\/02\/3.jpg?w=1620&amp;ssl=1 1620w\" sizes=\"auto, (max-width: 810px) 100vw, 810px\" \/><\/figure>\n\n\n\n<p>Politiet var sterkt tilstede og fors\u00f8kte f\u00f8rst \u00e5 tvinge demonstrante til \u00e5 st\u00e5 p\u00e5 siden av veien men da demonstrantene ble for mange, sperret de veien til ambassaden og lot demonstrantene st\u00e5 p\u00e5 gaten.<\/p>\n\n\n\n<p>Etter markeringa marsjerte demonstrasjon fra ambassaden og til Stortinget, og under marsjen kom flere forbipasserende og tilsluttet seg demonstrasjonen spontant.<\/p>\n\n\n\n<figure class=\"wp-block-image size-full\"><img data-recalc-dims=\"1\" loading=\"lazy\" decoding=\"async\" width=\"810\" height=\"540\" src=\"https:\/\/i0.wp.com\/kampkomiteen.net\/wp-content\/uploads\/2025\/02\/4-1.jpg?resize=810%2C540&#038;ssl=1\" alt=\"\" class=\"wp-image-8236\" srcset=\"https:\/\/i0.wp.com\/kampkomiteen.net\/wp-content\/uploads\/2025\/02\/4-1.jpg?w=1920&amp;ssl=1 1920w, https:\/\/i0.wp.com\/kampkomiteen.net\/wp-content\/uploads\/2025\/02\/4-1.jpg?resize=1000%2C667&amp;ssl=1 1000w, https:\/\/i0.wp.com\/kampkomiteen.net\/wp-content\/uploads\/2025\/02\/4-1.jpg?resize=768%2C512&amp;ssl=1 768w, https:\/\/i0.wp.com\/kampkomiteen.net\/wp-content\/uploads\/2025\/02\/4-1.jpg?resize=1536%2C1024&amp;ssl=1 1536w, https:\/\/i0.wp.com\/kampkomiteen.net\/wp-content\/uploads\/2025\/02\/4-1.jpg?resize=120%2C80&amp;ssl=1 120w, https:\/\/i0.wp.com\/kampkomiteen.net\/wp-content\/uploads\/2025\/02\/4-1.jpg?w=1620&amp;ssl=1 1620w\" sizes=\"auto, (max-width: 810px) 100vw, 810px\" \/><\/figure>\n\n\n\n<p>Da demonstrasjonstoget ankom Stortinget tilsluttet de seg til en markering som blant annet ford\u00f8mte sanskjoner mot Syria, der det ble holdt flere appeller om at folket i Syria og Palestina m\u00e5 forene seg mot Israels forbrytelser. Det ble ogs\u00e5 nevnt at Israel aldri holder avtaler og at v\u00e5penvillen bare er en midlertidig fred.<\/p>\n\n\n\n<p>Etter markeringa ble det spilt syrisk musikk og flere hundre mennesker ble igjen og danset folkedanser mens palestinske og syriske flagg vaiet side om side.<\/p>\n\n\n\n<figure class=\"wp-block-image size-full\"><img data-recalc-dims=\"1\" loading=\"lazy\" decoding=\"async\" width=\"810\" height=\"540\" src=\"https:\/\/i0.wp.com\/kampkomiteen.net\/wp-content\/uploads\/2025\/02\/5-1.jpg?resize=810%2C540&#038;ssl=1\" alt=\"\" class=\"wp-image-8237\" srcset=\"https:\/\/i0.wp.com\/kampkomiteen.net\/wp-content\/uploads\/2025\/02\/5-1.jpg?w=1920&amp;ssl=1 1920w, https:\/\/i0.wp.com\/kampkomiteen.net\/wp-content\/uploads\/2025\/02\/5-1.jpg?resize=1000%2C667&amp;ssl=1 1000w, https:\/\/i0.wp.com\/kampkomiteen.net\/wp-content\/uploads\/2025\/02\/5-1.jpg?resize=768%2C512&amp;ssl=1 768w, https:\/\/i0.wp.com\/kampkomiteen.net\/wp-content\/uploads\/2025\/02\/5-1.jpg?resize=1536%2C1024&amp;ssl=1 1536w, https:\/\/i0.wp.com\/kampkomiteen.net\/wp-content\/uploads\/2025\/02\/5-1.jpg?resize=120%2C80&amp;ssl=1 120w, https:\/\/i0.wp.com\/kampkomiteen.net\/wp-content\/uploads\/2025\/02\/5-1.jpg?w=1620&amp;ssl=1 1620w\" sizes=\"auto, (max-width: 810px) 100vw, 810px\" \/><\/figure>\n","protected":false},"excerpt":{"rendered":"<p>L\u00f8rdag den 18. januar deltok aktivister fra Kampkomiteen i Oslo p\u00e5 en demonstrasjon for Gaza foran Israels ambassade. Demonstrasjonen var organisert av Handala foreningen.<\/p>\n","protected":false},"author":8,"featured_media":8231,"comment_status":"closed","ping_status":"closed","sticky":false,"template":"","format":"standard","meta":{"advanced_seo_description":"","jetpack_seo_html_title":"","jetpack_seo_noindex":false,"_jetpack_memberships_contains_paid_content":false,"footnotes":""},"categories":[1],"tags":[4,21],"class_list":["post-8229","post","type-post","status-publish","format-standard","has-post-thumbnail","hentry","category-uncategorized","tag-demonstrasjon","tag-palestina"],"jetpack_featured_media_url":"https:\/\/i0.wp.com\/kampkomiteen.net\/wp-content\/uploads\/2025\/02\/1b.jpg?fit=1920%2C1280&ssl=1","jetpack_shortlink":"https:\/\/wp.me\/pchuPf-28J","jetpack-related-posts":[{"id":9152,"url":"https:\/\/kampkomiteen.net\/?p=9152","url_meta":{"origin":8229,"position":0},"title":"Oslo: Demonstrasjon til st\u00f8tte for Palestine Action","author":"Kampkomiteen","date":"11. juli 2025","format":false,"excerpt":"Aktivister fra Kampkomiteen deltok p\u00e5 Aksjonsgruppa for Palestina sin demonstrasjon i st\u00f8tte til Palestine Action foran den britiske ambassaden med banneret \u00abSt\u00f8tt den palestinske motstandskampen! Fritt Palestina!\u00bb. Flere andre organisasjoner og grupper deltok.","rel":"","context":"i \"Demonstrasjon\"","block_context":{"text":"Demonstrasjon","link":"https:\/\/kampkomiteen.net\/?tag=demonstrasjon"},"img":{"alt_text":"","src":"https:\/\/i0.wp.com\/kampkomiteen.net\/wp-content\/uploads\/2025\/07\/IMG_9360-scaled.jpg?fit=1200%2C800&ssl=1&resize=350%2C200","width":350,"height":200,"srcset":"https:\/\/i0.wp.com\/kampkomiteen.net\/wp-content\/uploads\/2025\/07\/IMG_9360-scaled.jpg?fit=1200%2C800&ssl=1&resize=350%2C200 1x, https:\/\/i0.wp.com\/kampkomiteen.net\/wp-content\/uploads\/2025\/07\/IMG_9360-scaled.jpg?fit=1200%2C800&ssl=1&resize=525%2C300 1.5x, https:\/\/i0.wp.com\/kampkomiteen.net\/wp-content\/uploads\/2025\/07\/IMG_9360-scaled.jpg?fit=1200%2C800&ssl=1&resize=700%2C400 2x, https:\/\/i0.wp.com\/kampkomiteen.net\/wp-content\/uploads\/2025\/07\/IMG_9360-scaled.jpg?fit=1200%2C800&ssl=1&resize=1050%2C600 3x"},"classes":[]},{"id":7546,"url":"https:\/\/kampkomiteen.net\/?p=7546","url_meta":{"origin":8229,"position":1},"title":"Oslo: Demonstrasjon mot USA og Israel","author":"Kampkomiteen","date":"8. juli 2024","format":false,"excerpt":"Kampkomiteen deltok p\u00e5 en demontrasjonen fant sted foran stortinget og var arrangert av Free Palestine \u2013 Save Gaza. Det ble delt ut flyers til st\u00f8tte for motstandskampen.","rel":"","context":"i \"Demonstrasjon\"","block_context":{"text":"Demonstrasjon","link":"https:\/\/kampkomiteen.net\/?tag=demonstrasjon"},"img":{"alt_text":"","src":"https:\/\/i0.wp.com\/kampkomiteen.net\/wp-content\/uploads\/2024\/07\/4sladd.jpg?fit=1200%2C800&ssl=1&resize=350%2C200","width":350,"height":200,"srcset":"https:\/\/i0.wp.com\/kampkomiteen.net\/wp-content\/uploads\/2024\/07\/4sladd.jpg?fit=1200%2C800&ssl=1&resize=350%2C200 1x, https:\/\/i0.wp.com\/kampkomiteen.net\/wp-content\/uploads\/2024\/07\/4sladd.jpg?fit=1200%2C800&ssl=1&resize=525%2C300 1.5x, https:\/\/i0.wp.com\/kampkomiteen.net\/wp-content\/uploads\/2024\/07\/4sladd.jpg?fit=1200%2C800&ssl=1&resize=700%2C400 2x, https:\/\/i0.wp.com\/kampkomiteen.net\/wp-content\/uploads\/2024\/07\/4sladd.jpg?fit=1200%2C800&ssl=1&resize=1050%2C600 3x"},"classes":[]},{"id":9302,"url":"https:\/\/kampkomiteen.net\/?p=9302","url_meta":{"origin":8229,"position":2},"title":"Bergen: Kjempende demonstrasjon mot St\u00f8re og Listhaug","author":"Kampkomiteen","date":"19. august 2025","format":false,"excerpt":"Mandag 18. august var aktivister fra Kampkomiteen p\u00e5 en demonstrasjon utenfor en valgkampdebatt i Bergen, hvor statsminister Jonas Gahr St\u00f8re og FrP leder Sylvi Listhaug deltok.","rel":"","context":"i \"Bergen\"","block_context":{"text":"Bergen","link":"https:\/\/kampkomiteen.net\/?tag=bergen"},"img":{"alt_text":"","src":"https:\/\/i0.wp.com\/kampkomiteen.net\/wp-content\/uploads\/2025\/08\/forside-scaled.jpg?fit=1200%2C805&ssl=1&resize=350%2C200","width":350,"height":200,"srcset":"https:\/\/i0.wp.com\/kampkomiteen.net\/wp-content\/uploads\/2025\/08\/forside-scaled.jpg?fit=1200%2C805&ssl=1&resize=350%2C200 1x, https:\/\/i0.wp.com\/kampkomiteen.net\/wp-content\/uploads\/2025\/08\/forside-scaled.jpg?fit=1200%2C805&ssl=1&resize=525%2C300 1.5x, https:\/\/i0.wp.com\/kampkomiteen.net\/wp-content\/uploads\/2025\/08\/forside-scaled.jpg?fit=1200%2C805&ssl=1&resize=700%2C400 2x, https:\/\/i0.wp.com\/kampkomiteen.net\/wp-content\/uploads\/2025\/08\/forside-scaled.jpg?fit=1200%2C805&ssl=1&resize=1050%2C600 3x"},"classes":[]},{"id":7125,"url":"https:\/\/kampkomiteen.net\/?p=7125","url_meta":{"origin":8229,"position":3},"title":"Oslo: Kraftfulle demonstrasjoner for Palestina","author":"Kampkomiteen","date":"14. april 2024","format":false,"excerpt":"L\u00f8rdag 6. april deltok aktivister fra Kampkomiteen i to kraftfulle demonstrasjoner i Oslo sentrum.","rel":"","context":"i \"Demonstrasjon\"","block_context":{"text":"Demonstrasjon","link":"https:\/\/kampkomiteen.net\/?tag=demonstrasjon"},"img":{"alt_text":"","src":"https:\/\/i0.wp.com\/kampkomiteen.net\/wp-content\/uploads\/2024\/04\/Foto.png?fit=1160%2C653&ssl=1&resize=350%2C200","width":350,"height":200,"srcset":"https:\/\/i0.wp.com\/kampkomiteen.net\/wp-content\/uploads\/2024\/04\/Foto.png?fit=1160%2C653&ssl=1&resize=350%2C200 1x, https:\/\/i0.wp.com\/kampkomiteen.net\/wp-content\/uploads\/2024\/04\/Foto.png?fit=1160%2C653&ssl=1&resize=525%2C300 1.5x, https:\/\/i0.wp.com\/kampkomiteen.net\/wp-content\/uploads\/2024\/04\/Foto.png?fit=1160%2C653&ssl=1&resize=700%2C400 2x, https:\/\/i0.wp.com\/kampkomiteen.net\/wp-content\/uploads\/2024\/04\/Foto.png?fit=1160%2C653&ssl=1&resize=1050%2C600 3x"},"classes":[]},{"id":10328,"url":"https:\/\/kampkomiteen.net\/?p=10328","url_meta":{"origin":8229,"position":4},"title":"Oslo: Demonstrasjon til st\u00f8tte for palestinske fanger","author":"Kampkomiteen","date":"1. februar 2026","format":false,"excerpt":"L\u00f8rdag 31. januar deltok aktivister fra Kampkomiteen i Oslo p\u00e5 en markering for de palestinske fangene.","rel":"","context":"i \"Demonstrasjon\"","block_context":{"text":"Demonstrasjon","link":"https:\/\/kampkomiteen.net\/?tag=demonstrasjon"},"img":{"alt_text":"","src":"https:\/\/i0.wp.com\/kampkomiteen.net\/wp-content\/uploads\/2026\/02\/jan26-aksjonsdag-demo-oslo-2.jpg?fit=1200%2C800&ssl=1&resize=350%2C200","width":350,"height":200,"srcset":"https:\/\/i0.wp.com\/kampkomiteen.net\/wp-content\/uploads\/2026\/02\/jan26-aksjonsdag-demo-oslo-2.jpg?fit=1200%2C800&ssl=1&resize=350%2C200 1x, https:\/\/i0.wp.com\/kampkomiteen.net\/wp-content\/uploads\/2026\/02\/jan26-aksjonsdag-demo-oslo-2.jpg?fit=1200%2C800&ssl=1&resize=525%2C300 1.5x, https:\/\/i0.wp.com\/kampkomiteen.net\/wp-content\/uploads\/2026\/02\/jan26-aksjonsdag-demo-oslo-2.jpg?fit=1200%2C800&ssl=1&resize=700%2C400 2x, https:\/\/i0.wp.com\/kampkomiteen.net\/wp-content\/uploads\/2026\/02\/jan26-aksjonsdag-demo-oslo-2.jpg?fit=1200%2C800&ssl=1&resize=1050%2C600 3x"},"classes":[]},{"id":6647,"url":"https:\/\/kampkomiteen.net\/?p=6647","url_meta":{"origin":8229,"position":5},"title":"Markeringer av 25. november","author":"Kampkomiteen","date":"27. november 2023","format":false,"excerpt":"Kampkomiteen har markert den internasjonale dagen for solidaritet og kamp mot vold mot kvinner i Oslo, Bergen, Trondheim og Kristiansand.","rel":"","context":"i \"Demonstrasjon\"","block_context":{"text":"Demonstrasjon","link":"https:\/\/kampkomiteen.net\/?tag=demonstrasjon"},"img":{"alt_text":"","src":"https:\/\/i0.wp.com\/kampkomiteen.net\/wp-content\/uploads\/2023\/11\/Untitled.png?fit=1076%2C666&ssl=1&resize=350%2C200","width":350,"height":200,"srcset":"https:\/\/i0.wp.com\/kampkomiteen.net\/wp-content\/uploads\/2023\/11\/Untitled.png?fit=1076%2C666&ssl=1&resize=350%2C200 1x, https:\/\/i0.wp.com\/kampkomiteen.net\/wp-content\/uploads\/2023\/11\/Untitled.png?fit=1076%2C666&ssl=1&resize=525%2C300 1.5x, https:\/\/i0.wp.com\/kampkomiteen.net\/wp-content\/uploads\/2023\/11\/Untitled.png?fit=1076%2C666&ssl=1&resize=700%2C400 2x, https:\/\/i0.wp.com\/kampkomiteen.net\/wp-content\/uploads\/2023\/11\/Untitled.png?fit=1076%2C666&ssl=1&resize=1050%2C600 3x"},"classes":[]}],"jetpack_sharing_enabled":true,"_links":{"self":[{"href":"https:\/\/kampkomiteen.net\/index.php?rest_route=\/wp\/v2\/posts\/8229","targetHints":{"allow":["GET"]}}],"collection":[{"href":"https:\/\/kampkomiteen.net\/index.php?rest_route=\/wp\/v2\/posts"}],"about":[{"href":"https:\/\/kampkomiteen.net\/index.php?rest_route=\/wp\/v2\/types\/post"}],"author":[{"embeddable":true,"href":"https:\/\/kampkomiteen.net\/index.php?rest_route=\/wp\/v2\/users\/8"}],"replies":[{"embeddable":true,"href":"https:\/\/kampkomiteen.net\/index.php?rest_route=%2Fwp%2Fv2%2Fcomments&post=8229"}],"version-history":[{"count":3,"href":"https:\/\/kampkomiteen.net\/index.php?rest_route=\/wp\/v2\/posts\/8229\/revisions"}],"predecessor-version":[{"id":8254,"href":"https:\/\/kampkomiteen.net\/index.php?rest_route=\/wp\/v2\/posts\/8229\/revisions\/8254"}],"wp:featuredmedia":[{"embeddable":true,"href":"https:\/\/kampkomiteen.net\/index.php?rest_route=\/wp\/v2\/media\/8231"}],"wp:attachment":[{"href":"https:\/\/kampkomiteen.net\/index.php?rest_route=%2Fwp%2Fv2%2Fmedia&parent=8229"}],"wp:term":[{"taxonomy":"category","embeddable":true,"href":"https:\/\/kampkomiteen.net\/index.php?rest_route=%2Fwp%2Fv2%2Fcategories&post=8229"},{"taxonomy":"post_tag","embeddable":true,"href":"https:\/\/kampkomiteen.net\/index.php?rest_route=%2Fwp%2Fv2%2Ftags&post=8229"}],"curies":[{"name":"wp","href":"https:\/\/api.w.org\/{rel}","templated":true}]}}