{"id":8223,"date":"2025-02-02T06:51:32","date_gmt":"2025-02-02T05:51:32","guid":{"rendered":"https:\/\/kampkomiteen.net\/?p=8223"},"modified":"2025-02-02T06:51:32","modified_gmt":"2025-02-02T05:51:32","slug":"bergen-demonstrasjon-mot-sionistisk-mote","status":"publish","type":"post","link":"https:\/\/kampkomiteen.net\/?p=8223","title":{"rendered":"Bergen: Demonstrasjon mot sionistisk m\u00f8te"},"content":{"rendered":"<div id=\"fb-root\"><\/div>\n\n<p>Skrevet av aktivister i Bergen.<\/p>\n\n\n\n<p>L\u00f8rdag 1. februar deltok aktivister fra Kampkomiteen p\u00e5 en demonstrasjon mot den israelske soldaten Yoseph Haddad. Da demonstrasjonen ble annonsert, ble det framhevet at Haddad deltok i massakre mot folket i Libanon i 2006. Demonstrasjonen p\u00e5gikk i over 3 timer. Slagord som \u201cIngen st\u00f8tte til folkemord!\u201d og \u201cNed med okkupanten! Leve motstandkampen!\u201d blant flere ble ropt med stor kraft.<br><img loading=\"lazy\" decoding=\"async\" src=\"https:\/\/lh7-rt.googleusercontent.com\/docsz\/AD_4nXd0nvHRcOk_rtM9Terg_JJQAl1_C2WfXymeZ2g1t9zVEjPv18WDq2sIoZCp20EtNDwGkgKnvvUuGwTGfOGmQCCIFoh5WNvYKOq1Rn7XcwXFCpDoSjlKPY00OuKF1w14b-GD0O8EWg?key=20MM9F_z1Jzp1xNUlVHEcAeK\" width=\"602\" height=\"451\"><br>F\u00f8r 11.30 hadde flere aktivister samlet seg mellom den Bl\u00e5 Steinen og Hotell Norge. Aktivister sto klar med palestinske flagg og banner. N\u00e5r det sionistiske m\u00f8tets taler, Yoseph Haddad stilte seg bak politiets sperringer med et israelsk flagg gikk demonstrantene videre fram mot sperringene og inngangen til m\u00f8tet for \u00e5 markere motstand. Politiet fikk ham da til \u00e5 trekke inn i hotellet.&nbsp;<\/p>\n\n\n\n<p>Det ble holdt flere appeller. Appellene ford\u00f8mte Yoseph Haddad som en forbryter. Videre ble det poengtert at selv om grupper som MIFF har relativt liten st\u00f8tte i befolkningen s\u00e5 selger norsk imperialisme v\u00e5pen som blir brukt i folkemordet mot Palestina. Det at en norsk sionist var involvert i produksjonen av persons\u00f8kerne som ble brukt i et israelsk terrorangrep mot Libanon ble ogs\u00e5 brukt som et eksempel p\u00e5 hvordan sionistene i Norge ikke er ufarlige.<\/p>\n\n\n\n<p>Flere av appellene nevnte ogs\u00e5 Enok Groven. Groven ble omtalt av media i fjor da han reiste for \u00e5 delta i den sionistiske h\u00e6rens logistikkavdeling. Han uttalte da til media at han visste at palestinske barn ble drept, men mente det var n\u00f8dvendig. Da Groven gikk inn til arrangementet ble han ford\u00f8mt av hele demonstrasjonen som ropte slagord mot ham og ford\u00f8mte ham. Hele demonstrasjonen ropte at han var en forbryter med blod p\u00e5 hendene.<\/p>\n\n\n\n<p>Under en av appellene ble det ogs\u00e5 uttrykt solidaritet med de 3 aktivistene i Oslo som straffeforf\u00f8lges av PST for \u00e5 ha demonstrert mot Sylvi Listhaug i fjor.<\/p>\n\n\n\n<p>Demonstrasjonen var lang siden den begynte f\u00f8r m\u00f8tet, og fortsatte gjennom hele m\u00f8tets varighet. Men demonstrantene fortsatte \u00e5 rope slagord med h\u00f8y energi gjennom hele demonstrasjonen. Og aktivister tok flere ganger ordet og sa hvorfor det var viktig \u00e5 kjempe mot dette m\u00f8tet.<\/p>\n\n\n\n<figure class=\"wp-block-image\"><img data-recalc-dims=\"1\" loading=\"lazy\" decoding=\"async\" width=\"810\" height=\"608\" src=\"https:\/\/i0.wp.com\/kampkomiteen.net\/wp-content\/uploads\/2025\/02\/AD_4nXcKwHL-2TennbzSetc9dzyINwluD4ve0p8yRvRkyRCCyZcTMafBA0eavj7BAefOFXZMBwGpsobsceOdmHNBdlCZJiAAoCWu6SLJZSagEZQPeHoJK0e4ofGL9drilpVXdYcd944-.jpg?resize=810%2C608&#038;ssl=1\" alt=\"\" class=\"wp-image-8225\" srcset=\"https:\/\/i0.wp.com\/kampkomiteen.net\/wp-content\/uploads\/2025\/02\/AD_4nXcKwHL-2TennbzSetc9dzyINwluD4ve0p8yRvRkyRCCyZcTMafBA0eavj7BAefOFXZMBwGpsobsceOdmHNBdlCZJiAAoCWu6SLJZSagEZQPeHoJK0e4ofGL9drilpVXdYcd944-.jpg?w=1600&amp;ssl=1 1600w, https:\/\/i0.wp.com\/kampkomiteen.net\/wp-content\/uploads\/2025\/02\/AD_4nXcKwHL-2TennbzSetc9dzyINwluD4ve0p8yRvRkyRCCyZcTMafBA0eavj7BAefOFXZMBwGpsobsceOdmHNBdlCZJiAAoCWu6SLJZSagEZQPeHoJK0e4ofGL9drilpVXdYcd944-.jpg?resize=1000%2C750&amp;ssl=1 1000w, https:\/\/i0.wp.com\/kampkomiteen.net\/wp-content\/uploads\/2025\/02\/AD_4nXcKwHL-2TennbzSetc9dzyINwluD4ve0p8yRvRkyRCCyZcTMafBA0eavj7BAefOFXZMBwGpsobsceOdmHNBdlCZJiAAoCWu6SLJZSagEZQPeHoJK0e4ofGL9drilpVXdYcd944-.jpg?resize=768%2C576&amp;ssl=1 768w, https:\/\/i0.wp.com\/kampkomiteen.net\/wp-content\/uploads\/2025\/02\/AD_4nXcKwHL-2TennbzSetc9dzyINwluD4ve0p8yRvRkyRCCyZcTMafBA0eavj7BAefOFXZMBwGpsobsceOdmHNBdlCZJiAAoCWu6SLJZSagEZQPeHoJK0e4ofGL9drilpVXdYcd944-.jpg?resize=1536%2C1152&amp;ssl=1 1536w\" sizes=\"auto, (max-width: 810px) 100vw, 810px\" \/><\/figure>\n\n\n\n<p>Etter at det sionistiske m\u00f8tet var ferdig, gikk aktivistene videre i tog gjennom noen av Bergens gater. Her marsjerte demonstrasjonen og avsluttet utenfor en butikk drevet Enok Groven. Denne butikken ble ogs\u00e5 omtalt i media da flere ansatte sluttet \u00e5 jobbe for butikken da Groven dro ned for \u00e5 delta i sionistenes h\u00e6r.<\/p>\n\n\n\n<figure class=\"wp-block-image\"><img data-recalc-dims=\"1\" loading=\"lazy\" decoding=\"async\" width=\"810\" height=\"608\" src=\"https:\/\/i0.wp.com\/kampkomiteen.net\/wp-content\/uploads\/2025\/02\/AD_4nXe6znKv7j7ccZSIqAw1SfIDtnD1SYxO4d-9tKycPGLBEDkaW8zkIQTkQknHPAvRBwKIfDRZ4NUPeiYIPF1CMJdk30mxXpIsBKF8sieeKqylUlXSHsXpXvdo96TX7GQQVms0aEZiwg.jpg?resize=810%2C608&#038;ssl=1\" alt=\"\" class=\"wp-image-8226\" srcset=\"https:\/\/i0.wp.com\/kampkomiteen.net\/wp-content\/uploads\/2025\/02\/AD_4nXe6znKv7j7ccZSIqAw1SfIDtnD1SYxO4d-9tKycPGLBEDkaW8zkIQTkQknHPAvRBwKIfDRZ4NUPeiYIPF1CMJdk30mxXpIsBKF8sieeKqylUlXSHsXpXvdo96TX7GQQVms0aEZiwg.jpg?w=1600&amp;ssl=1 1600w, https:\/\/i0.wp.com\/kampkomiteen.net\/wp-content\/uploads\/2025\/02\/AD_4nXe6znKv7j7ccZSIqAw1SfIDtnD1SYxO4d-9tKycPGLBEDkaW8zkIQTkQknHPAvRBwKIfDRZ4NUPeiYIPF1CMJdk30mxXpIsBKF8sieeKqylUlXSHsXpXvdo96TX7GQQVms0aEZiwg.jpg?resize=1000%2C750&amp;ssl=1 1000w, https:\/\/i0.wp.com\/kampkomiteen.net\/wp-content\/uploads\/2025\/02\/AD_4nXe6znKv7j7ccZSIqAw1SfIDtnD1SYxO4d-9tKycPGLBEDkaW8zkIQTkQknHPAvRBwKIfDRZ4NUPeiYIPF1CMJdk30mxXpIsBKF8sieeKqylUlXSHsXpXvdo96TX7GQQVms0aEZiwg.jpg?resize=768%2C576&amp;ssl=1 768w, https:\/\/i0.wp.com\/kampkomiteen.net\/wp-content\/uploads\/2025\/02\/AD_4nXe6znKv7j7ccZSIqAw1SfIDtnD1SYxO4d-9tKycPGLBEDkaW8zkIQTkQknHPAvRBwKIfDRZ4NUPeiYIPF1CMJdk30mxXpIsBKF8sieeKqylUlXSHsXpXvdo96TX7GQQVms0aEZiwg.jpg?resize=1536%2C1152&amp;ssl=1 1536w\" sizes=\"auto, (max-width: 810px) 100vw, 810px\" \/><\/figure>\n\n\n\n<p>Demonstrasjonen var en kraftig markering av motstand mot de som st\u00f8tter folkemordet. Og avsl\u00f8rte hvordan denne st\u00f8tten trekker til seg forbrytere med blod p\u00e5 hendene. Som s\u00f8ker st\u00f8tte for \u00e5 fortsette sine forbrytelser mot Palestina.<img loading=\"lazy\" decoding=\"async\" src=\"https:\/\/lh7-rt.googleusercontent.com\/docsz\/AD_4nXfKadcQLPXpwuLpcl9orerQ1al4U3Yjl6NL5ZcRc0c63W2T2dk8e4PBu0GG5wqAB2MqDImbwcRtyBzU7q2EqmPrc4RmD2CaUat4HPPrHqVHYmeQtLYDMdEIMnmWkI1L9Kt8Ih8I0Q?key=20MM9F_z1Jzp1xNUlVHEcAeK\" width=\"602\" height=\"451\"><\/p>\n","protected":false},"excerpt":{"rendered":"<p>Skrevet av aktivister i Bergen. L\u00f8rdag 1. februar deltok aktivister fra Kampkomiteen p\u00e5 en demonstrasjon mot den israelske soldaten Yoseph<\/p>\n","protected":false},"author":8,"featured_media":8224,"comment_status":"closed","ping_status":"","sticky":false,"template":"","format":"standard","meta":{"advanced_seo_description":"","jetpack_seo_html_title":"","jetpack_seo_noindex":false,"_jetpack_memberships_contains_paid_content":false,"footnotes":""},"categories":[1],"tags":[],"class_list":["post-8223","post","type-post","status-publish","format-standard","has-post-thumbnail","hentry","category-uncategorized"],"jetpack_featured_media_url":"https:\/\/i0.wp.com\/kampkomiteen.net\/wp-content\/uploads\/2025\/02\/demo-bergen.jpg?fit=1600%2C1200&ssl=1","jetpack_shortlink":"https:\/\/wp.me\/pchuPf-28D","jetpack-related-posts":[{"id":7561,"url":"https:\/\/kampkomiteen.net\/?p=7561","url_meta":{"origin":8223,"position":0},"title":"Bergen: Demonstrasjon mot Kongsberg Gruppen","author":"Kampkomiteen","date":"18. juli 2024","format":false,"excerpt":"Aktivister fra Kampkomiteen deltok p\u00e5 en demonstrasjon 15. juli utenfor kontoret til Kongsberg Gruppen utenfor Bergen. Demonstrasjonen var mot at helsepersonell og sykehus har blitt angrepet av den israelske okkupasjonsh\u00e6ren.","rel":"","context":"i \"Bergen\"","block_context":{"text":"Bergen","link":"https:\/\/kampkomiteen.net\/?tag=bergen"},"img":{"alt_text":"","src":"https:\/\/i0.wp.com\/kampkomiteen.net\/wp-content\/uploads\/2024\/07\/Forside-scaled.jpg?fit=1200%2C900&ssl=1&resize=350%2C200","width":350,"height":200,"srcset":"https:\/\/i0.wp.com\/kampkomiteen.net\/wp-content\/uploads\/2024\/07\/Forside-scaled.jpg?fit=1200%2C900&ssl=1&resize=350%2C200 1x, https:\/\/i0.wp.com\/kampkomiteen.net\/wp-content\/uploads\/2024\/07\/Forside-scaled.jpg?fit=1200%2C900&ssl=1&resize=525%2C300 1.5x, https:\/\/i0.wp.com\/kampkomiteen.net\/wp-content\/uploads\/2024\/07\/Forside-scaled.jpg?fit=1200%2C900&ssl=1&resize=700%2C400 2x, https:\/\/i0.wp.com\/kampkomiteen.net\/wp-content\/uploads\/2024\/07\/Forside-scaled.jpg?fit=1200%2C900&ssl=1&resize=1050%2C600 3x"},"classes":[]},{"id":9302,"url":"https:\/\/kampkomiteen.net\/?p=9302","url_meta":{"origin":8223,"position":1},"title":"Bergen: Kjempende demonstrasjon mot St\u00f8re og Listhaug","author":"Kampkomiteen","date":"19. august 2025","format":false,"excerpt":"Mandag 18. august var aktivister fra Kampkomiteen p\u00e5 en demonstrasjon utenfor en valgkampdebatt i Bergen, hvor statsminister Jonas Gahr St\u00f8re og FrP leder Sylvi Listhaug deltok.","rel":"","context":"i \"Bergen\"","block_context":{"text":"Bergen","link":"https:\/\/kampkomiteen.net\/?tag=bergen"},"img":{"alt_text":"","src":"https:\/\/i0.wp.com\/kampkomiteen.net\/wp-content\/uploads\/2025\/08\/forside-scaled.jpg?fit=1200%2C805&ssl=1&resize=350%2C200","width":350,"height":200,"srcset":"https:\/\/i0.wp.com\/kampkomiteen.net\/wp-content\/uploads\/2025\/08\/forside-scaled.jpg?fit=1200%2C805&ssl=1&resize=350%2C200 1x, https:\/\/i0.wp.com\/kampkomiteen.net\/wp-content\/uploads\/2025\/08\/forside-scaled.jpg?fit=1200%2C805&ssl=1&resize=525%2C300 1.5x, https:\/\/i0.wp.com\/kampkomiteen.net\/wp-content\/uploads\/2025\/08\/forside-scaled.jpg?fit=1200%2C805&ssl=1&resize=700%2C400 2x, https:\/\/i0.wp.com\/kampkomiteen.net\/wp-content\/uploads\/2025\/08\/forside-scaled.jpg?fit=1200%2C805&ssl=1&resize=1050%2C600 3x"},"classes":[]},{"id":9208,"url":"https:\/\/kampkomiteen.net\/?p=9208","url_meta":{"origin":8223,"position":2},"title":"Bergen: Demonstrasjon mot USAs krig mot Iran","author":"Kampkomiteen","date":"23. juli 2025","format":false,"excerpt":"23. juni ble det holdt en demonstrasjon mot USAs angrep mot Iran natt til 22. juni. Tross kort varsel deltok rundt 100 mennesker.","rel":"","context":"Liknende innlegg","block_context":{"text":"Liknende innlegg","link":""},"img":{"alt_text":"","src":"https:\/\/i0.wp.com\/kampkomiteen.net\/wp-content\/uploads\/2025\/07\/iran3-1-scaled.jpg?fit=1200%2C904&ssl=1&resize=350%2C200","width":350,"height":200,"srcset":"https:\/\/i0.wp.com\/kampkomiteen.net\/wp-content\/uploads\/2025\/07\/iran3-1-scaled.jpg?fit=1200%2C904&ssl=1&resize=350%2C200 1x, https:\/\/i0.wp.com\/kampkomiteen.net\/wp-content\/uploads\/2025\/07\/iran3-1-scaled.jpg?fit=1200%2C904&ssl=1&resize=525%2C300 1.5x, https:\/\/i0.wp.com\/kampkomiteen.net\/wp-content\/uploads\/2025\/07\/iran3-1-scaled.jpg?fit=1200%2C904&ssl=1&resize=700%2C400 2x, https:\/\/i0.wp.com\/kampkomiteen.net\/wp-content\/uploads\/2025\/07\/iran3-1-scaled.jpg?fit=1200%2C904&ssl=1&resize=1050%2C600 3x"},"classes":[]},{"id":9731,"url":"https:\/\/kampkomiteen.net\/?p=9731","url_meta":{"origin":8223,"position":3},"title":"Bergen: Kjempende demonstrasjon for Al-Aqsa-flommen","author":"Kampkomiteen","date":"8. oktober 2025","format":false,"excerpt":"Aktivister i Bergen samlet seg 7. oktober ved Den bl\u00e5 steinen i sentrum for \u00e5 markere 2-\u00e5rs dagen for operasjon Al-Aqsa Flood, som har gitt en kraftig impuls til verdens undertrykte folk til kamp mot imperialismen. Kampkomiteen deltok med appell, r\u00f8de flagg, et flagg fra Antiimperialistisk Forbund og to banner\u2026","rel":"","context":"i \"Bergen\"","block_context":{"text":"Bergen","link":"https:\/\/kampkomiteen.net\/?tag=bergen"},"img":{"alt_text":"","src":"https:\/\/i0.wp.com\/kampkomiteen.net\/wp-content\/uploads\/2025\/10\/forside.jpg?fit=1160%2C870&ssl=1&resize=350%2C200","width":350,"height":200,"srcset":"https:\/\/i0.wp.com\/kampkomiteen.net\/wp-content\/uploads\/2025\/10\/forside.jpg?fit=1160%2C870&ssl=1&resize=350%2C200 1x, https:\/\/i0.wp.com\/kampkomiteen.net\/wp-content\/uploads\/2025\/10\/forside.jpg?fit=1160%2C870&ssl=1&resize=525%2C300 1.5x, https:\/\/i0.wp.com\/kampkomiteen.net\/wp-content\/uploads\/2025\/10\/forside.jpg?fit=1160%2C870&ssl=1&resize=700%2C400 2x, https:\/\/i0.wp.com\/kampkomiteen.net\/wp-content\/uploads\/2025\/10\/forside.jpg?fit=1160%2C870&ssl=1&resize=1050%2C600 3x"},"classes":[]},{"id":6463,"url":"https:\/\/kampkomiteen.net\/?p=6463","url_meta":{"origin":8223,"position":4},"title":"Bergen: Demonstrasjon for Palestina","author":"Kampkomiteen","date":"16. oktober 2023","format":false,"excerpt":"S\u00f8ndag 15. oktober var det enda en demonstrasjon for Palestina i Bergen. Flere hundre folk samlet seg for \u00e5 demonstrere mot Israels angrep p\u00e5 Gaza. Det ble ropt slagord med stor kraft gjennom hele demonstrasjonen.","rel":"","context":"i \"Bergen\"","block_context":{"text":"Bergen","link":"https:\/\/kampkomiteen.net\/?tag=bergen"},"img":{"alt_text":"","src":"https:\/\/i0.wp.com\/kampkomiteen.net\/wp-content\/uploads\/2023\/10\/red-signal-2023-10-15-20-31-20-322.jpg?fit=1200%2C641&ssl=1&resize=350%2C200","width":350,"height":200,"srcset":"https:\/\/i0.wp.com\/kampkomiteen.net\/wp-content\/uploads\/2023\/10\/red-signal-2023-10-15-20-31-20-322.jpg?fit=1200%2C641&ssl=1&resize=350%2C200 1x, https:\/\/i0.wp.com\/kampkomiteen.net\/wp-content\/uploads\/2023\/10\/red-signal-2023-10-15-20-31-20-322.jpg?fit=1200%2C641&ssl=1&resize=525%2C300 1.5x, https:\/\/i0.wp.com\/kampkomiteen.net\/wp-content\/uploads\/2023\/10\/red-signal-2023-10-15-20-31-20-322.jpg?fit=1200%2C641&ssl=1&resize=700%2C400 2x, https:\/\/i0.wp.com\/kampkomiteen.net\/wp-content\/uploads\/2023\/10\/red-signal-2023-10-15-20-31-20-322.jpg?fit=1200%2C641&ssl=1&resize=1050%2C600 3x"},"classes":[]},{"id":8229,"url":"https:\/\/kampkomiteen.net\/?p=8229","url_meta":{"origin":8223,"position":5},"title":"Oslo: Energisk demonstrasjon for Gaza","author":"Kampkomiteen","date":"3. februar 2025","format":false,"excerpt":"L\u00f8rdag den 18. januar deltok aktivister fra Kampkomiteen i Oslo p\u00e5 en demonstrasjon for Gaza foran Israels ambassade. Demonstrasjonen var organisert av Handala foreningen.","rel":"","context":"i \"Demonstrasjon\"","block_context":{"text":"Demonstrasjon","link":"https:\/\/kampkomiteen.net\/?tag=demonstrasjon"},"img":{"alt_text":"","src":"https:\/\/i0.wp.com\/kampkomiteen.net\/wp-content\/uploads\/2025\/02\/1b.jpg?fit=1200%2C800&ssl=1&resize=350%2C200","width":350,"height":200,"srcset":"https:\/\/i0.wp.com\/kampkomiteen.net\/wp-content\/uploads\/2025\/02\/1b.jpg?fit=1200%2C800&ssl=1&resize=350%2C200 1x, https:\/\/i0.wp.com\/kampkomiteen.net\/wp-content\/uploads\/2025\/02\/1b.jpg?fit=1200%2C800&ssl=1&resize=525%2C300 1.5x, https:\/\/i0.wp.com\/kampkomiteen.net\/wp-content\/uploads\/2025\/02\/1b.jpg?fit=1200%2C800&ssl=1&resize=700%2C400 2x, https:\/\/i0.wp.com\/kampkomiteen.net\/wp-content\/uploads\/2025\/02\/1b.jpg?fit=1200%2C800&ssl=1&resize=1050%2C600 3x"},"classes":[]}],"jetpack_sharing_enabled":true,"_links":{"self":[{"href":"https:\/\/kampkomiteen.net\/index.php?rest_route=\/wp\/v2\/posts\/8223","targetHints":{"allow":["GET"]}}],"collection":[{"href":"https:\/\/kampkomiteen.net\/index.php?rest_route=\/wp\/v2\/posts"}],"about":[{"href":"https:\/\/kampkomiteen.net\/index.php?rest_route=\/wp\/v2\/types\/post"}],"author":[{"embeddable":true,"href":"https:\/\/kampkomiteen.net\/index.php?rest_route=\/wp\/v2\/users\/8"}],"replies":[{"embeddable":true,"href":"https:\/\/kampkomiteen.net\/index.php?rest_route=%2Fwp%2Fv2%2Fcomments&post=8223"}],"version-history":[{"count":1,"href":"https:\/\/kampkomiteen.net\/index.php?rest_route=\/wp\/v2\/posts\/8223\/revisions"}],"predecessor-version":[{"id":8227,"href":"https:\/\/kampkomiteen.net\/index.php?rest_route=\/wp\/v2\/posts\/8223\/revisions\/8227"}],"wp:featuredmedia":[{"embeddable":true,"href":"https:\/\/kampkomiteen.net\/index.php?rest_route=\/wp\/v2\/media\/8224"}],"wp:attachment":[{"href":"https:\/\/kampkomiteen.net\/index.php?rest_route=%2Fwp%2Fv2%2Fmedia&parent=8223"}],"wp:term":[{"taxonomy":"category","embeddable":true,"href":"https:\/\/kampkomiteen.net\/index.php?rest_route=%2Fwp%2Fv2%2Fcategories&post=8223"},{"taxonomy":"post_tag","embeddable":true,"href":"https:\/\/kampkomiteen.net\/index.php?rest_route=%2Fwp%2Fv2%2Ftags&post=8223"}],"curies":[{"name":"wp","href":"https:\/\/api.w.org\/{rel}","templated":true}]}}