{"id":7978,"date":"2024-11-08T22:34:03","date_gmt":"2024-11-08T21:34:03","guid":{"rendered":"https:\/\/kampkomiteen.net\/?p=7978"},"modified":"2025-01-25T23:54:53","modified_gmt":"2025-01-25T22:54:53","slug":"kristiansand-plakater-for-apent-mote","status":"publish","type":"post","link":"https:\/\/kampkomiteen.net\/?p=7978","title":{"rendered":"Kristiansand: Plakater for \u00e5pent m\u00f8te"},"content":{"rendered":"<div id=\"fb-root\"><\/div>\n\n<p><em>Skrevet av aktivister i Kristiansand.&nbsp;<\/em><\/p>\n\n\n\n<p>Det er satt opp plakater for \u00e5pent m\u00f8te om antiimperialisme.&nbsp;<\/p>\n\n\n\n<p><strong>Bli med p\u00e5 m\u00f8te l\u00f8rdag 9. november kl.17 i Kongens gate 28:<\/strong><br><strong>\u00abHva er antiimperialisme? Presentasjon av Antiimperialistisk Forbund\u00bb<\/strong><\/p>\n\n\n\n<figure class=\"wp-block-image\"><img decoding=\"async\" src=\"https:\/\/lh7-rt.googleusercontent.com\/docsz\/AD_4nXdlIo-Mr6n0ZBgr5f1PIDAVsA5pNTFLtnueIv2_ks933re-5jVSVdHxfjG8SXpEN6TIr3bph0X5kJs5FGfPPTpndFDisAXk1J4LzKv-p-oahfZn2eDGbpSNIMmYkC6Xg-EbXfp8ZgZ_Erlu8x6iSAmI-RGa?key=eCWlWVo5L4WJ0VxoxNY3l4ys\" alt=\"\"\/><\/figure>\n\n\n\n<figure class=\"wp-block-image\"><img decoding=\"async\" src=\"https:\/\/lh7-rt.googleusercontent.com\/docsz\/AD_4nXf_vG77OgGrdUW1gDkpqqlfEZdvyTiEwsGokQLZBqS6b_i58ZuwLL7s-19XM7hvhhSrCUY4BVzQ9T5OfISQrGKah4Aj1r1AFoywXXeTh7FT46bU8CLLB0HV4bG_B3nG9ekqwKAHqHxUchAELXW33b4NpHBS?key=eCWlWVo5L4WJ0VxoxNY3l4ys\" alt=\"\"\/><\/figure>\n\n\n\n<figure class=\"wp-block-image\"><img decoding=\"async\" src=\"https:\/\/lh7-rt.googleusercontent.com\/docsz\/AD_4nXeqQG1EXBjKgEi9Zvxufp5JYmhe8hNL1htEN6Dx_0lJbE-Nd3Y6WaYRdV2BLNtMbkoXtKps7D99kgQwF63cyUcvhlp7bmXPMJlrrP-DrfYvzLp5XfsAbccyWUn5-ZH6YysuIG4WEXRGyFCYpxgXzdKsFWkj?key=eCWlWVo5L4WJ0VxoxNY3l4ys\" alt=\"\"\/><\/figure>\n\n\n\n<figure class=\"wp-block-image\"><img decoding=\"async\" src=\"https:\/\/lh7-rt.googleusercontent.com\/docsz\/AD_4nXdgTnLroVMVDNh0VHGgfSNCL9Fm2zlTqO-PzgAKDcHKwqlHB8xAsPwYx76bPs2GeC5g0j7LiDR_QktdH1F_b4Tna-hhTBLk-gMYcPq8jXrke46x23XVAtCokrlaPW7--TK9cZl-sZYL1cH7DBNRIkW89zc?key=eCWlWVo5L4WJ0VxoxNY3l4ys\" alt=\"\"\/><\/figure>\n\n\n\n<figure class=\"wp-block-image\"><img decoding=\"async\" src=\"https:\/\/lh7-rt.googleusercontent.com\/docsz\/AD_4nXdfXTC2mZ04jOGClxrQ8Yks-a6ChUBMPdZBGq5T5RmRD7xagwftT_8ZYo4wXaiWqKgSvRUC04UApjFotolU7GV52O-xGOtcBJ4LXMBQCNA3odXe74lynh_vdHTGBiouHGIHI72aOcM_Gp9GFUJM7KoO3TCo?key=eCWlWVo5L4WJ0VxoxNY3l4ys\" alt=\"\"\/><\/figure>\n\n\n\n<figure class=\"wp-block-image is-resized\"><img decoding=\"async\" src=\"https:\/\/lh7-rt.googleusercontent.com\/docsz\/AD_4nXddpgTZ9Ck6VB_rFuwagebuXC6z-XYXRs9dgYoSFh1Fq5HRD1Zp6xv6byaGX9mwvSJDiKbq17UN_FaiagsbfPk08TSr3nzWAzSZITLrz2JhEffB3dFdDyOkuTKiy16_3SGQ68sFCb9I0HCsdMioXcEKR113?key=eCWlWVo5L4WJ0VxoxNY3l4ys\" alt=\"\" style=\"width:879px;height:auto\"\/><\/figure>\n","protected":false},"excerpt":{"rendered":"<p>Bli med p\u00e5 m\u00f8te l\u00f8rdag 9. november:<br \/>\n\u00abHva er antiimperialisme? Presentasjon av Antiimperialistisk Forbund\u00bb<\/p>\n","protected":false},"author":8,"featured_media":7980,"comment_status":"closed","ping_status":"closed","sticky":false,"template":"","format":"standard","meta":{"advanced_seo_description":"","jetpack_seo_html_title":"","jetpack_seo_noindex":false,"_jetpack_memberships_contains_paid_content":false,"footnotes":""},"categories":[1],"tags":[48,78],"class_list":["post-7978","post","type-post","status-publish","format-standard","has-post-thumbnail","hentry","category-uncategorized","tag-antiimperialisme","tag-antiimperialistisk-forbund"],"jetpack_featured_media_url":"https:\/\/i0.wp.com\/kampkomiteen.net\/wp-content\/uploads\/2024\/11\/unnamed-2.png?fit=1600%2C1200&ssl=1","jetpack_shortlink":"https:\/\/wp.me\/pchuPf-24G","jetpack-related-posts":[{"id":7907,"url":"https:\/\/kampkomiteen.net\/?p=7907","url_meta":{"origin":7978,"position":0},"title":"Kristiansand: Plakater for den palestinske motstandskampen","author":"Kampkomiteen","date":"22. oktober 2024","format":false,"excerpt":"I Kristiansand sentrum og p\u00e5 Universitetet i Agder er det satt opp plakater for Palestina.","rel":"","context":"i \"Antiimperialisme\"","block_context":{"text":"Antiimperialisme","link":"https:\/\/kampkomiteen.net\/?tag=antiimperialisme"},"img":{"alt_text":"","src":"https:\/\/i0.wp.com\/kampkomiteen.net\/wp-content\/uploads\/2024\/10\/FOTO-3.png?fit=1160%2C653&ssl=1&resize=350%2C200","width":350,"height":200,"srcset":"https:\/\/i0.wp.com\/kampkomiteen.net\/wp-content\/uploads\/2024\/10\/FOTO-3.png?fit=1160%2C653&ssl=1&resize=350%2C200 1x, https:\/\/i0.wp.com\/kampkomiteen.net\/wp-content\/uploads\/2024\/10\/FOTO-3.png?fit=1160%2C653&ssl=1&resize=525%2C300 1.5x, https:\/\/i0.wp.com\/kampkomiteen.net\/wp-content\/uploads\/2024\/10\/FOTO-3.png?fit=1160%2C653&ssl=1&resize=700%2C400 2x, https:\/\/i0.wp.com\/kampkomiteen.net\/wp-content\/uploads\/2024\/10\/FOTO-3.png?fit=1160%2C653&ssl=1&resize=1050%2C600 3x"},"classes":[]},{"id":8101,"url":"https:\/\/kampkomiteen.net\/?p=8101","url_meta":{"origin":7978,"position":1},"title":"Kristiansand: \u00c5pne m\u00f8ter om Palestina og antiimperialisme","author":"Kampkomiteen","date":"6. desember 2024","format":false,"excerpt":"Kampkomiteen har i h\u00f8st arrangert to \u00e5pne m\u00f8ter i Kristiansand. Et om Palestina, og et om antiimperialisme.","rel":"","context":"i \"Antiimperialisme\"","block_context":{"text":"Antiimperialisme","link":"https:\/\/kampkomiteen.net\/?tag=antiimperialisme"},"img":{"alt_text":"","src":"https:\/\/i0.wp.com\/kampkomiteen.net\/wp-content\/uploads\/2024\/12\/unnamed-7.jpg?fit=1200%2C900&ssl=1&resize=350%2C200","width":350,"height":200,"srcset":"https:\/\/i0.wp.com\/kampkomiteen.net\/wp-content\/uploads\/2024\/12\/unnamed-7.jpg?fit=1200%2C900&ssl=1&resize=350%2C200 1x, https:\/\/i0.wp.com\/kampkomiteen.net\/wp-content\/uploads\/2024\/12\/unnamed-7.jpg?fit=1200%2C900&ssl=1&resize=525%2C300 1.5x, https:\/\/i0.wp.com\/kampkomiteen.net\/wp-content\/uploads\/2024\/12\/unnamed-7.jpg?fit=1200%2C900&ssl=1&resize=700%2C400 2x, https:\/\/i0.wp.com\/kampkomiteen.net\/wp-content\/uploads\/2024\/12\/unnamed-7.jpg?fit=1200%2C900&ssl=1&resize=1050%2C600 3x"},"classes":[]},{"id":10293,"url":"https:\/\/kampkomiteen.net\/?p=10293","url_meta":{"origin":7978,"position":2},"title":"Trondheim: \u00c5pent m\u00f8te om Antiimperialistisk Forbund","author":"Kampkomiteen","date":"19. januar 2026","format":false,"excerpt":"Tirsdag 13. januar holdt Kampkomiteen et \u00e5pent m\u00f8te om Antiimperialistisk Forbund.","rel":"","context":"i \"Antiimperialisme\"","block_context":{"text":"Antiimperialisme","link":"https:\/\/kampkomiteen.net\/?tag=antiimperialisme"},"img":{"alt_text":"","src":"https:\/\/i0.wp.com\/kampkomiteen.net\/wp-content\/uploads\/2026\/01\/Bilde3.jpg?fit=1050%2C700&ssl=1&resize=350%2C200","width":350,"height":200,"srcset":"https:\/\/i0.wp.com\/kampkomiteen.net\/wp-content\/uploads\/2026\/01\/Bilde3.jpg?fit=1050%2C700&ssl=1&resize=350%2C200 1x, https:\/\/i0.wp.com\/kampkomiteen.net\/wp-content\/uploads\/2026\/01\/Bilde3.jpg?fit=1050%2C700&ssl=1&resize=525%2C300 1.5x, https:\/\/i0.wp.com\/kampkomiteen.net\/wp-content\/uploads\/2026\/01\/Bilde3.jpg?fit=1050%2C700&ssl=1&resize=700%2C400 2x, https:\/\/i0.wp.com\/kampkomiteen.net\/wp-content\/uploads\/2026\/01\/Bilde3.jpg?fit=1050%2C700&ssl=1&resize=1050%2C600 3x"},"classes":[]},{"id":7804,"url":"https:\/\/kampkomiteen.net\/?p=7804","url_meta":{"origin":7978,"position":3},"title":"Kristiansand: St\u00f8tt den palestinske motstandskampen!\u00a0","author":"Kampkomiteen","date":"7. oktober 2024","format":false,"excerpt":"Kampkomiteen satte 7. oktober opp plakater til st\u00f8tte for den palestinske motstandskampen, og for \u00e5pne m\u00f8ter 12. oktober og 9. november.","rel":"","context":"i \"Antiimperialisme\"","block_context":{"text":"Antiimperialisme","link":"https:\/\/kampkomiteen.net\/?tag=antiimperialisme"},"img":{"alt_text":"","src":"https:\/\/i0.wp.com\/kampkomiteen.net\/wp-content\/uploads\/2024\/10\/FOTO-1.png?fit=1160%2C653&ssl=1&resize=350%2C200","width":350,"height":200,"srcset":"https:\/\/i0.wp.com\/kampkomiteen.net\/wp-content\/uploads\/2024\/10\/FOTO-1.png?fit=1160%2C653&ssl=1&resize=350%2C200 1x, https:\/\/i0.wp.com\/kampkomiteen.net\/wp-content\/uploads\/2024\/10\/FOTO-1.png?fit=1160%2C653&ssl=1&resize=525%2C300 1.5x, https:\/\/i0.wp.com\/kampkomiteen.net\/wp-content\/uploads\/2024\/10\/FOTO-1.png?fit=1160%2C653&ssl=1&resize=700%2C400 2x, https:\/\/i0.wp.com\/kampkomiteen.net\/wp-content\/uploads\/2024\/10\/FOTO-1.png?fit=1160%2C653&ssl=1&resize=1050%2C600 3x"},"classes":[]},{"id":7920,"url":"https:\/\/kampkomiteen.net\/?p=7920","url_meta":{"origin":7978,"position":4},"title":"Bergen: \u00c5pent m\u00f8te om antiimperialisme p\u00e5 fredag 25.10!","author":"Kampkomiteen","date":"24. oktober 2024","format":false,"excerpt":"Kampkomiteen i Bergen, Aktivister for Palestina og Bergen4Palestine organiserer et \u00e5pent m\u00f8te om antiimperialisme.","rel":"","context":"Liknende innlegg","block_context":{"text":"Liknende innlegg","link":""},"img":{"alt_text":"","src":"https:\/\/i0.wp.com\/kampkomiteen.net\/wp-content\/uploads\/2024\/10\/Plakat-i-parken.jpeg?fit=1200%2C900&ssl=1&resize=350%2C200","width":350,"height":200,"srcset":"https:\/\/i0.wp.com\/kampkomiteen.net\/wp-content\/uploads\/2024\/10\/Plakat-i-parken.jpeg?fit=1200%2C900&ssl=1&resize=350%2C200 1x, https:\/\/i0.wp.com\/kampkomiteen.net\/wp-content\/uploads\/2024\/10\/Plakat-i-parken.jpeg?fit=1200%2C900&ssl=1&resize=525%2C300 1.5x, https:\/\/i0.wp.com\/kampkomiteen.net\/wp-content\/uploads\/2024\/10\/Plakat-i-parken.jpeg?fit=1200%2C900&ssl=1&resize=700%2C400 2x, https:\/\/i0.wp.com\/kampkomiteen.net\/wp-content\/uploads\/2024\/10\/Plakat-i-parken.jpeg?fit=1200%2C900&ssl=1&resize=1050%2C600 3x"},"classes":[]},{"id":7928,"url":"https:\/\/kampkomiteen.net\/?p=7928","url_meta":{"origin":7978,"position":5},"title":"Bergen: \u00c5pent m\u00f8te om antiimperialisme","author":"Kampkomiteen","date":"25. oktober 2024","format":false,"excerpt":"Fredag 25. oktober ble det avholdt et \u00e5pent m\u00f8te om antiimperialisme i Bergen. M\u00f8tet var arrangert av Kampkomiteen i Bergen, Bergen4Palestine og Aktivister for Palestina.","rel":"","context":"i \"AIL\"","block_context":{"text":"AIL","link":"https:\/\/kampkomiteen.net\/?tag=ail"},"img":{"alt_text":"","src":"https:\/\/i0.wp.com\/kampkomiteen.net\/wp-content\/uploads\/2024\/10\/AIL-2.png?fit=1160%2C870&ssl=1&resize=350%2C200","width":350,"height":200,"srcset":"https:\/\/i0.wp.com\/kampkomiteen.net\/wp-content\/uploads\/2024\/10\/AIL-2.png?fit=1160%2C870&ssl=1&resize=350%2C200 1x, https:\/\/i0.wp.com\/kampkomiteen.net\/wp-content\/uploads\/2024\/10\/AIL-2.png?fit=1160%2C870&ssl=1&resize=525%2C300 1.5x, https:\/\/i0.wp.com\/kampkomiteen.net\/wp-content\/uploads\/2024\/10\/AIL-2.png?fit=1160%2C870&ssl=1&resize=700%2C400 2x, https:\/\/i0.wp.com\/kampkomiteen.net\/wp-content\/uploads\/2024\/10\/AIL-2.png?fit=1160%2C870&ssl=1&resize=1050%2C600 3x"},"classes":[]}],"jetpack_sharing_enabled":true,"_links":{"self":[{"href":"https:\/\/kampkomiteen.net\/index.php?rest_route=\/wp\/v2\/posts\/7978","targetHints":{"allow":["GET"]}}],"collection":[{"href":"https:\/\/kampkomiteen.net\/index.php?rest_route=\/wp\/v2\/posts"}],"about":[{"href":"https:\/\/kampkomiteen.net\/index.php?rest_route=\/wp\/v2\/types\/post"}],"author":[{"embeddable":true,"href":"https:\/\/kampkomiteen.net\/index.php?rest_route=\/wp\/v2\/users\/8"}],"replies":[{"embeddable":true,"href":"https:\/\/kampkomiteen.net\/index.php?rest_route=%2Fwp%2Fv2%2Fcomments&post=7978"}],"version-history":[{"count":2,"href":"https:\/\/kampkomiteen.net\/index.php?rest_route=\/wp\/v2\/posts\/7978\/revisions"}],"predecessor-version":[{"id":7982,"href":"https:\/\/kampkomiteen.net\/index.php?rest_route=\/wp\/v2\/posts\/7978\/revisions\/7982"}],"wp:featuredmedia":[{"embeddable":true,"href":"https:\/\/kampkomiteen.net\/index.php?rest_route=\/wp\/v2\/media\/7980"}],"wp:attachment":[{"href":"https:\/\/kampkomiteen.net\/index.php?rest_route=%2Fwp%2Fv2%2Fmedia&parent=7978"}],"wp:term":[{"taxonomy":"category","embeddable":true,"href":"https:\/\/kampkomiteen.net\/index.php?rest_route=%2Fwp%2Fv2%2Fcategories&post=7978"},{"taxonomy":"post_tag","embeddable":true,"href":"https:\/\/kampkomiteen.net\/index.php?rest_route=%2Fwp%2Fv2%2Ftags&post=7978"}],"curies":[{"name":"wp","href":"https:\/\/api.w.org\/{rel}","templated":true}]}}