{"id":7938,"date":"2024-10-30T20:37:25","date_gmt":"2024-10-30T19:37:25","guid":{"rendered":"https:\/\/kampkomiteen.net\/?p=7938"},"modified":"2024-10-30T20:38:26","modified_gmt":"2024-10-30T19:38:26","slug":"vestland-plakater-hengt-opp-de-siste-ukene","status":"publish","type":"post","link":"https:\/\/kampkomiteen.net\/?p=7938","title":{"rendered":"Vestland: Plakater hengt opp de siste ukene"},"content":{"rendered":"<div id=\"fb-root\"><\/div>\n\n<p><em>Skrevet av aktivister i Vestland.<\/em><\/p>\n\n\n\n<p>Den siste ukene har aktivister hengt opp plakater til st\u00f8tte for den palestinske motstandskampen p\u00e5 Voss og i Bergen.<\/p>\n\n\n\n<p>Den 13. oktober har aktivister p\u00e5 Voss hengt opp plakater til st\u00f8tte for den palestinske motstandskampen. <\/p>\n\n\n\n<figure class=\"wp-block-gallery has-nested-images columns-default is-cropped wp-block-gallery-1 is-layout-flex wp-block-gallery-is-layout-flex\">\n<figure class=\"wp-block-image size-large\"><img data-recalc-dims=\"1\" loading=\"lazy\" decoding=\"async\" width=\"810\" height=\"608\" data-id=\"7941\" src=\"https:\/\/i0.wp.com\/kampkomiteen.net\/wp-content\/uploads\/2024\/10\/20241013_155847-scaled.jpg?resize=810%2C608&#038;ssl=1\" alt=\"\" class=\"wp-image-7941\" srcset=\"https:\/\/i0.wp.com\/kampkomiteen.net\/wp-content\/uploads\/2024\/10\/20241013_155847-scaled.jpg?w=2560&amp;ssl=1 2560w, https:\/\/i0.wp.com\/kampkomiteen.net\/wp-content\/uploads\/2024\/10\/20241013_155847-scaled.jpg?resize=1000%2C750&amp;ssl=1 1000w, https:\/\/i0.wp.com\/kampkomiteen.net\/wp-content\/uploads\/2024\/10\/20241013_155847-scaled.jpg?resize=768%2C576&amp;ssl=1 768w, https:\/\/i0.wp.com\/kampkomiteen.net\/wp-content\/uploads\/2024\/10\/20241013_155847-scaled.jpg?resize=1536%2C1152&amp;ssl=1 1536w, https:\/\/i0.wp.com\/kampkomiteen.net\/wp-content\/uploads\/2024\/10\/20241013_155847-scaled.jpg?resize=2048%2C1536&amp;ssl=1 2048w, https:\/\/i0.wp.com\/kampkomiteen.net\/wp-content\/uploads\/2024\/10\/20241013_155847-scaled.jpg?w=1620&amp;ssl=1 1620w, https:\/\/i0.wp.com\/kampkomiteen.net\/wp-content\/uploads\/2024\/10\/20241013_155847-scaled.jpg?w=2430&amp;ssl=1 2430w\" sizes=\"auto, (max-width: 810px) 100vw, 810px\" \/><\/figure>\n\n\n\n<figure class=\"wp-block-image size-large\"><img data-recalc-dims=\"1\" loading=\"lazy\" decoding=\"async\" width=\"810\" height=\"608\" data-id=\"7939\" src=\"https:\/\/i0.wp.com\/kampkomiteen.net\/wp-content\/uploads\/2024\/10\/20241013_160357-scaled.jpg?resize=810%2C608&#038;ssl=1\" alt=\"\" class=\"wp-image-7939\" srcset=\"https:\/\/i0.wp.com\/kampkomiteen.net\/wp-content\/uploads\/2024\/10\/20241013_160357-scaled.jpg?w=2560&amp;ssl=1 2560w, https:\/\/i0.wp.com\/kampkomiteen.net\/wp-content\/uploads\/2024\/10\/20241013_160357-scaled.jpg?resize=1000%2C750&amp;ssl=1 1000w, https:\/\/i0.wp.com\/kampkomiteen.net\/wp-content\/uploads\/2024\/10\/20241013_160357-scaled.jpg?resize=768%2C576&amp;ssl=1 768w, https:\/\/i0.wp.com\/kampkomiteen.net\/wp-content\/uploads\/2024\/10\/20241013_160357-scaled.jpg?resize=1536%2C1152&amp;ssl=1 1536w, https:\/\/i0.wp.com\/kampkomiteen.net\/wp-content\/uploads\/2024\/10\/20241013_160357-scaled.jpg?resize=2048%2C1536&amp;ssl=1 2048w, https:\/\/i0.wp.com\/kampkomiteen.net\/wp-content\/uploads\/2024\/10\/20241013_160357-scaled.jpg?w=1620&amp;ssl=1 1620w, https:\/\/i0.wp.com\/kampkomiteen.net\/wp-content\/uploads\/2024\/10\/20241013_160357-scaled.jpg?w=2430&amp;ssl=1 2430w\" sizes=\"auto, (max-width: 810px) 100vw, 810px\" \/><\/figure>\n\n\n\n<figure class=\"wp-block-image size-large\"><img data-recalc-dims=\"1\" loading=\"lazy\" decoding=\"async\" width=\"810\" height=\"608\" data-id=\"7940\" src=\"https:\/\/i0.wp.com\/kampkomiteen.net\/wp-content\/uploads\/2024\/10\/20241013_151011-scaled.jpg?resize=810%2C608&#038;ssl=1\" alt=\"\" class=\"wp-image-7940\" srcset=\"https:\/\/i0.wp.com\/kampkomiteen.net\/wp-content\/uploads\/2024\/10\/20241013_151011-scaled.jpg?w=2560&amp;ssl=1 2560w, https:\/\/i0.wp.com\/kampkomiteen.net\/wp-content\/uploads\/2024\/10\/20241013_151011-scaled.jpg?resize=1000%2C750&amp;ssl=1 1000w, https:\/\/i0.wp.com\/kampkomiteen.net\/wp-content\/uploads\/2024\/10\/20241013_151011-scaled.jpg?resize=768%2C576&amp;ssl=1 768w, https:\/\/i0.wp.com\/kampkomiteen.net\/wp-content\/uploads\/2024\/10\/20241013_151011-scaled.jpg?resize=1536%2C1152&amp;ssl=1 1536w, https:\/\/i0.wp.com\/kampkomiteen.net\/wp-content\/uploads\/2024\/10\/20241013_151011-scaled.jpg?resize=2048%2C1536&amp;ssl=1 2048w, https:\/\/i0.wp.com\/kampkomiteen.net\/wp-content\/uploads\/2024\/10\/20241013_151011-scaled.jpg?w=1620&amp;ssl=1 1620w, https:\/\/i0.wp.com\/kampkomiteen.net\/wp-content\/uploads\/2024\/10\/20241013_151011-scaled.jpg?w=2430&amp;ssl=1 2430w\" sizes=\"auto, (max-width: 810px) 100vw, 810px\" \/><\/figure>\n<\/figure>\n\n\n\n<p>Den 14. oktober har aktivister i Bergen hengt opp plakater p\u00e5 Nyg\u00e5rdsh\u00f8yden  til st\u00f8tte for den palestinske motstandskampen og Antiimperialistisk Forbunds (AIL) Palestina plakater. <\/p>\n\n\n\n<figure class=\"wp-block-gallery has-nested-images columns-default is-cropped wp-block-gallery-2 is-layout-flex wp-block-gallery-is-layout-flex\">\n<figure class=\"wp-block-image size-large\"><img data-recalc-dims=\"1\" loading=\"lazy\" decoding=\"async\" width=\"810\" height=\"608\" data-id=\"7944\" src=\"https:\/\/i0.wp.com\/kampkomiteen.net\/wp-content\/uploads\/2024\/10\/IMG_2344.png?resize=810%2C608&#038;ssl=1\" alt=\"\" class=\"wp-image-7944\" srcset=\"https:\/\/i0.wp.com\/kampkomiteen.net\/wp-content\/uploads\/2024\/10\/IMG_2344.png?resize=4000%2C3000&amp;ssl=1 4000w, https:\/\/i0.wp.com\/kampkomiteen.net\/wp-content\/uploads\/2024\/10\/IMG_2344.png?resize=1000%2C750&amp;ssl=1 1000w, https:\/\/i0.wp.com\/kampkomiteen.net\/wp-content\/uploads\/2024\/10\/IMG_2344.png?resize=768%2C576&amp;ssl=1 768w, https:\/\/i0.wp.com\/kampkomiteen.net\/wp-content\/uploads\/2024\/10\/IMG_2344.png?resize=1536%2C1152&amp;ssl=1 1536w, https:\/\/i0.wp.com\/kampkomiteen.net\/wp-content\/uploads\/2024\/10\/IMG_2344.png?resize=2048%2C1536&amp;ssl=1 2048w, https:\/\/i0.wp.com\/kampkomiteen.net\/wp-content\/uploads\/2024\/10\/IMG_2344.png?w=1620&amp;ssl=1 1620w, https:\/\/i0.wp.com\/kampkomiteen.net\/wp-content\/uploads\/2024\/10\/IMG_2344.png?w=2430&amp;ssl=1 2430w\" sizes=\"auto, (max-width: 810px) 100vw, 810px\" \/><\/figure>\n\n\n\n<figure class=\"wp-block-image size-large\"><img data-recalc-dims=\"1\" loading=\"lazy\" decoding=\"async\" width=\"810\" height=\"608\" data-id=\"7942\" src=\"https:\/\/i0.wp.com\/kampkomiteen.net\/wp-content\/uploads\/2024\/10\/IMG_2343.png?resize=810%2C608&#038;ssl=1\" alt=\"\" class=\"wp-image-7942\" srcset=\"https:\/\/i0.wp.com\/kampkomiteen.net\/wp-content\/uploads\/2024\/10\/IMG_2343.png?resize=4000%2C3000&amp;ssl=1 4000w, https:\/\/i0.wp.com\/kampkomiteen.net\/wp-content\/uploads\/2024\/10\/IMG_2343.png?resize=1000%2C750&amp;ssl=1 1000w, https:\/\/i0.wp.com\/kampkomiteen.net\/wp-content\/uploads\/2024\/10\/IMG_2343.png?resize=768%2C576&amp;ssl=1 768w, https:\/\/i0.wp.com\/kampkomiteen.net\/wp-content\/uploads\/2024\/10\/IMG_2343.png?resize=1536%2C1152&amp;ssl=1 1536w, https:\/\/i0.wp.com\/kampkomiteen.net\/wp-content\/uploads\/2024\/10\/IMG_2343.png?resize=2048%2C1536&amp;ssl=1 2048w, https:\/\/i0.wp.com\/kampkomiteen.net\/wp-content\/uploads\/2024\/10\/IMG_2343.png?w=1620&amp;ssl=1 1620w, https:\/\/i0.wp.com\/kampkomiteen.net\/wp-content\/uploads\/2024\/10\/IMG_2343.png?w=2430&amp;ssl=1 2430w\" sizes=\"auto, (max-width: 810px) 100vw, 810px\" \/><\/figure>\n\n\n\n<figure class=\"wp-block-image size-large\"><img data-recalc-dims=\"1\" loading=\"lazy\" decoding=\"async\" width=\"810\" height=\"608\" data-id=\"7943\" src=\"https:\/\/i0.wp.com\/kampkomiteen.net\/wp-content\/uploads\/2024\/10\/IMG_2341.png?resize=810%2C608&#038;ssl=1\" alt=\"\" class=\"wp-image-7943\" srcset=\"https:\/\/i0.wp.com\/kampkomiteen.net\/wp-content\/uploads\/2024\/10\/IMG_2341.png?resize=4000%2C3000&amp;ssl=1 4000w, https:\/\/i0.wp.com\/kampkomiteen.net\/wp-content\/uploads\/2024\/10\/IMG_2341.png?resize=1000%2C750&amp;ssl=1 1000w, https:\/\/i0.wp.com\/kampkomiteen.net\/wp-content\/uploads\/2024\/10\/IMG_2341.png?resize=768%2C576&amp;ssl=1 768w, https:\/\/i0.wp.com\/kampkomiteen.net\/wp-content\/uploads\/2024\/10\/IMG_2341.png?resize=1536%2C1152&amp;ssl=1 1536w, https:\/\/i0.wp.com\/kampkomiteen.net\/wp-content\/uploads\/2024\/10\/IMG_2341.png?resize=2048%2C1536&amp;ssl=1 2048w, https:\/\/i0.wp.com\/kampkomiteen.net\/wp-content\/uploads\/2024\/10\/IMG_2341.png?w=1620&amp;ssl=1 1620w, https:\/\/i0.wp.com\/kampkomiteen.net\/wp-content\/uploads\/2024\/10\/IMG_2341.png?w=2430&amp;ssl=1 2430w\" sizes=\"auto, (max-width: 810px) 100vw, 810px\" \/><\/figure>\n<\/figure>\n\n\n\n<p>Den 28. oktober  har aktivister i Bergen hengt opp plakater i en arbeiderbydel til st\u00f8tte for den palestinske motstandskampen og Antiimperialistisk Forbunds (AIL) Palestina plakater. <\/p>\n\n\n\n<figure class=\"wp-block-gallery has-nested-images columns-default is-cropped wp-block-gallery-3 is-layout-flex wp-block-gallery-is-layout-flex\"><div class=\"wp-block-image\">\n<figure class=\"aligncenter size-large\"><img data-recalc-dims=\"1\" loading=\"lazy\" decoding=\"async\" width=\"810\" height=\"608\" data-id=\"7946\" src=\"https:\/\/i0.wp.com\/kampkomiteen.net\/wp-content\/uploads\/2024\/10\/IMG_2439.png?resize=810%2C608&#038;ssl=1\" alt=\"\" class=\"wp-image-7946\"\/><\/figure>\n<\/div>\n\n\n<figure class=\"wp-block-image size-large\"><img data-recalc-dims=\"1\" loading=\"lazy\" decoding=\"async\" width=\"810\" height=\"608\" data-id=\"7945\" src=\"https:\/\/i0.wp.com\/kampkomiteen.net\/wp-content\/uploads\/2024\/10\/signal-2024-10-30-115909_002.jpeg?resize=810%2C608&#038;ssl=1\" alt=\"\" class=\"wp-image-7945\" srcset=\"https:\/\/i0.wp.com\/kampkomiteen.net\/wp-content\/uploads\/2024\/10\/signal-2024-10-30-115909_002.jpeg?w=2048&amp;ssl=1 2048w, https:\/\/i0.wp.com\/kampkomiteen.net\/wp-content\/uploads\/2024\/10\/signal-2024-10-30-115909_002.jpeg?resize=1000%2C750&amp;ssl=1 1000w, https:\/\/i0.wp.com\/kampkomiteen.net\/wp-content\/uploads\/2024\/10\/signal-2024-10-30-115909_002.jpeg?resize=768%2C576&amp;ssl=1 768w, https:\/\/i0.wp.com\/kampkomiteen.net\/wp-content\/uploads\/2024\/10\/signal-2024-10-30-115909_002.jpeg?resize=1536%2C1152&amp;ssl=1 1536w, https:\/\/i0.wp.com\/kampkomiteen.net\/wp-content\/uploads\/2024\/10\/signal-2024-10-30-115909_002.jpeg?w=1620&amp;ssl=1 1620w\" sizes=\"auto, (max-width: 810px) 100vw, 810px\" \/><\/figure>\n<\/figure>\n","protected":false},"excerpt":{"rendered":"<p>Den siste ukene har aktivister hengt opp plakater til st\u00f8tte for den palestinske motstandskampen p\u00e5 Voss og i Bergen. <\/p>\n","protected":false},"author":8,"featured_media":7945,"comment_status":"closed","ping_status":"closed","sticky":false,"template":"","format":"standard","meta":{"advanced_seo_description":"","jetpack_seo_html_title":"","jetpack_seo_noindex":false,"_jetpack_memberships_contains_paid_content":false,"footnotes":""},"categories":[1],"tags":[21],"class_list":["post-7938","post","type-post","status-publish","format-standard","has-post-thumbnail","hentry","category-uncategorized","tag-palestina"],"jetpack_featured_media_url":"https:\/\/i0.wp.com\/kampkomiteen.net\/wp-content\/uploads\/2024\/10\/signal-2024-10-30-115909_002.jpeg?fit=2048%2C1536&ssl=1","jetpack_shortlink":"https:\/\/wp.me\/pchuPf-242","jetpack-related-posts":[{"id":7209,"url":"https:\/\/kampkomiteen.net\/?p=7209","url_meta":{"origin":7938,"position":0},"title":"Oslo: Mobilisering til 1. mai","author":"Kampkomiteen","date":"26. april 2024","format":false,"excerpt":"Aktivister fra Kampkomiteen har hengt opp plakater p\u00e5 T\u00f8yen og Kampen, som mobiliserer til 1. mai - arbeidernes internasjonal kampdag og for st\u00f8tte til den palestinske motstandskampen.","rel":"","context":"i \"1. mai\"","block_context":{"text":"1. mai","link":"https:\/\/kampkomiteen.net\/?tag=1-mai"},"img":{"alt_text":"","src":"https:\/\/i0.wp.com\/kampkomiteen.net\/wp-content\/uploads\/2024\/04\/pasted-image-0-3.png?fit=1200%2C800&ssl=1&resize=350%2C200","width":350,"height":200,"srcset":"https:\/\/i0.wp.com\/kampkomiteen.net\/wp-content\/uploads\/2024\/04\/pasted-image-0-3.png?fit=1200%2C800&ssl=1&resize=350%2C200 1x, https:\/\/i0.wp.com\/kampkomiteen.net\/wp-content\/uploads\/2024\/04\/pasted-image-0-3.png?fit=1200%2C800&ssl=1&resize=525%2C300 1.5x, https:\/\/i0.wp.com\/kampkomiteen.net\/wp-content\/uploads\/2024\/04\/pasted-image-0-3.png?fit=1200%2C800&ssl=1&resize=700%2C400 2x, https:\/\/i0.wp.com\/kampkomiteen.net\/wp-content\/uploads\/2024\/04\/pasted-image-0-3.png?fit=1200%2C800&ssl=1&resize=1050%2C600 3x"},"classes":[]},{"id":6759,"url":"https:\/\/kampkomiteen.net\/?p=6759","url_meta":{"origin":7938,"position":1},"title":"Oslo: St\u00f8tt den palestinske motstandskampen","author":"Kampkomiteen","date":"25. januar 2024","format":false,"excerpt":"Aktivister fra Kampkomiteen har hengt opp rundt 50 plakater p\u00e5 Blindern til st\u00f8tte for den palestinske motstandskampen.","rel":"","context":"i \"Palestina\"","block_context":{"text":"Palestina","link":"https:\/\/kampkomiteen.net\/?tag=palestina"},"img":{"alt_text":"","src":"https:\/\/i0.wp.com\/kampkomiteen.net\/wp-content\/uploads\/2024\/01\/P1044115.jpg?fit=1200%2C676&ssl=1&resize=350%2C200","width":350,"height":200,"srcset":"https:\/\/i0.wp.com\/kampkomiteen.net\/wp-content\/uploads\/2024\/01\/P1044115.jpg?fit=1200%2C676&ssl=1&resize=350%2C200 1x, https:\/\/i0.wp.com\/kampkomiteen.net\/wp-content\/uploads\/2024\/01\/P1044115.jpg?fit=1200%2C676&ssl=1&resize=525%2C300 1.5x, https:\/\/i0.wp.com\/kampkomiteen.net\/wp-content\/uploads\/2024\/01\/P1044115.jpg?fit=1200%2C676&ssl=1&resize=700%2C400 2x, https:\/\/i0.wp.com\/kampkomiteen.net\/wp-content\/uploads\/2024\/01\/P1044115.jpg?fit=1200%2C676&ssl=1&resize=1050%2C600 3x"},"classes":[]},{"id":7152,"url":"https:\/\/kampkomiteen.net\/?p=7152","url_meta":{"origin":7938,"position":2},"title":"Oslo: Plakater for 1. mai","author":"Kampkomiteen","date":"19. april 2024","format":false,"excerpt":"Aktivister fra Kampkomiteen har hengt opp plakater p\u00e5 Blindern, Gr\u00f8nland og T\u00f8yen. Plakatene mobiliserer til 1. mai - arbeidernes internasjonale kampdag, under parolen \"St\u00f8tt den palestinske motstandskampen!\" Flere forbipasserende ba om \u00e5 f\u00e5 med seg en plakat.","rel":"","context":"i \"1. mai\"","block_context":{"text":"1. mai","link":"https:\/\/kampkomiteen.net\/?tag=1-mai"},"img":{"alt_text":"","src":"https:\/\/i0.wp.com\/kampkomiteen.net\/wp-content\/uploads\/2024\/04\/P1044684-scaled.jpg?fit=1200%2C676&ssl=1&resize=350%2C200","width":350,"height":200,"srcset":"https:\/\/i0.wp.com\/kampkomiteen.net\/wp-content\/uploads\/2024\/04\/P1044684-scaled.jpg?fit=1200%2C676&ssl=1&resize=350%2C200 1x, https:\/\/i0.wp.com\/kampkomiteen.net\/wp-content\/uploads\/2024\/04\/P1044684-scaled.jpg?fit=1200%2C676&ssl=1&resize=525%2C300 1.5x, https:\/\/i0.wp.com\/kampkomiteen.net\/wp-content\/uploads\/2024\/04\/P1044684-scaled.jpg?fit=1200%2C676&ssl=1&resize=700%2C400 2x, https:\/\/i0.wp.com\/kampkomiteen.net\/wp-content\/uploads\/2024\/04\/P1044684-scaled.jpg?fit=1200%2C676&ssl=1&resize=1050%2C600 3x"},"classes":[]},{"id":7203,"url":"https:\/\/kampkomiteen.net\/?p=7203","url_meta":{"origin":7938,"position":3},"title":"Oslo: Plakater for 1. mai","author":"Kampkomiteen","date":"25. april 2024","format":false,"excerpt":"Aktivister fra Kampkomiteen har hengt opp plakater i Groruddalen. Plakatene mobiliserer til 1. mai \u2013 arbeidernes internasjonale kampdag, med st\u00f8tte til den palestinske motstandskampen.","rel":"","context":"i \"1. mai\"","block_context":{"text":"1. mai","link":"https:\/\/kampkomiteen.net\/?tag=1-mai"},"img":{"alt_text":"","src":"https:\/\/i0.wp.com\/kampkomiteen.net\/wp-content\/uploads\/2024\/04\/pasted-image-0-2.png?fit=1200%2C677&ssl=1&resize=350%2C200","width":350,"height":200,"srcset":"https:\/\/i0.wp.com\/kampkomiteen.net\/wp-content\/uploads\/2024\/04\/pasted-image-0-2.png?fit=1200%2C677&ssl=1&resize=350%2C200 1x, https:\/\/i0.wp.com\/kampkomiteen.net\/wp-content\/uploads\/2024\/04\/pasted-image-0-2.png?fit=1200%2C677&ssl=1&resize=525%2C300 1.5x, https:\/\/i0.wp.com\/kampkomiteen.net\/wp-content\/uploads\/2024\/04\/pasted-image-0-2.png?fit=1200%2C677&ssl=1&resize=700%2C400 2x, https:\/\/i0.wp.com\/kampkomiteen.net\/wp-content\/uploads\/2024\/04\/pasted-image-0-2.png?fit=1200%2C677&ssl=1&resize=1050%2C600 3x"},"classes":[]},{"id":7416,"url":"https:\/\/kampkomiteen.net\/?p=7416","url_meta":{"origin":7938,"position":4},"title":"Trondheim: Plakater for Palestina","author":"Kampkomiteen","date":"24. mai 2024","format":false,"excerpt":"Onsdag 22. mai ble det hengt opp plakater til st\u00f8tte for den palestinske motstandskampen p\u00e5 Lade, vest i Trondheim.","rel":"","context":"i \"Palestina\"","block_context":{"text":"Palestina","link":"https:\/\/kampkomiteen.net\/?tag=palestina"},"img":{"alt_text":"","src":"https:\/\/i0.wp.com\/kampkomiteen.net\/wp-content\/uploads\/2024\/05\/DSCF2555.cleaned.jpg?fit=1200%2C900&ssl=1&resize=350%2C200","width":350,"height":200,"srcset":"https:\/\/i0.wp.com\/kampkomiteen.net\/wp-content\/uploads\/2024\/05\/DSCF2555.cleaned.jpg?fit=1200%2C900&ssl=1&resize=350%2C200 1x, https:\/\/i0.wp.com\/kampkomiteen.net\/wp-content\/uploads\/2024\/05\/DSCF2555.cleaned.jpg?fit=1200%2C900&ssl=1&resize=525%2C300 1.5x, https:\/\/i0.wp.com\/kampkomiteen.net\/wp-content\/uploads\/2024\/05\/DSCF2555.cleaned.jpg?fit=1200%2C900&ssl=1&resize=700%2C400 2x, https:\/\/i0.wp.com\/kampkomiteen.net\/wp-content\/uploads\/2024\/05\/DSCF2555.cleaned.jpg?fit=1200%2C900&ssl=1&resize=1050%2C600 3x"},"classes":[]},{"id":7242,"url":"https:\/\/kampkomiteen.net\/?p=7242","url_meta":{"origin":7938,"position":5},"title":"Vestland: Plakater for 1. mai og Palestina","author":"Kampkomiteen","date":"30. april 2024","format":false,"excerpt":"Det har blitt hengt opp plakater som mobiliserer til 1. mai markering kl. 12.00 p\u00e5 V\u00e5gsallmenningen.","rel":"","context":"i \"1. mai\"","block_context":{"text":"1. mai","link":"https:\/\/kampkomiteen.net\/?tag=1-mai"},"img":{"alt_text":"","src":"https:\/\/i0.wp.com\/kampkomiteen.net\/wp-content\/uploads\/2024\/04\/Foto-2.png?fit=1160%2C653&ssl=1&resize=350%2C200","width":350,"height":200,"srcset":"https:\/\/i0.wp.com\/kampkomiteen.net\/wp-content\/uploads\/2024\/04\/Foto-2.png?fit=1160%2C653&ssl=1&resize=350%2C200 1x, https:\/\/i0.wp.com\/kampkomiteen.net\/wp-content\/uploads\/2024\/04\/Foto-2.png?fit=1160%2C653&ssl=1&resize=525%2C300 1.5x, https:\/\/i0.wp.com\/kampkomiteen.net\/wp-content\/uploads\/2024\/04\/Foto-2.png?fit=1160%2C653&ssl=1&resize=700%2C400 2x, https:\/\/i0.wp.com\/kampkomiteen.net\/wp-content\/uploads\/2024\/04\/Foto-2.png?fit=1160%2C653&ssl=1&resize=1050%2C600 3x"},"classes":[]}],"jetpack_sharing_enabled":true,"_links":{"self":[{"href":"https:\/\/kampkomiteen.net\/index.php?rest_route=\/wp\/v2\/posts\/7938","targetHints":{"allow":["GET"]}}],"collection":[{"href":"https:\/\/kampkomiteen.net\/index.php?rest_route=\/wp\/v2\/posts"}],"about":[{"href":"https:\/\/kampkomiteen.net\/index.php?rest_route=\/wp\/v2\/types\/post"}],"author":[{"embeddable":true,"href":"https:\/\/kampkomiteen.net\/index.php?rest_route=\/wp\/v2\/users\/8"}],"replies":[{"embeddable":true,"href":"https:\/\/kampkomiteen.net\/index.php?rest_route=%2Fwp%2Fv2%2Fcomments&post=7938"}],"version-history":[{"count":3,"href":"https:\/\/kampkomiteen.net\/index.php?rest_route=\/wp\/v2\/posts\/7938\/revisions"}],"predecessor-version":[{"id":7949,"href":"https:\/\/kampkomiteen.net\/index.php?rest_route=\/wp\/v2\/posts\/7938\/revisions\/7949"}],"wp:featuredmedia":[{"embeddable":true,"href":"https:\/\/kampkomiteen.net\/index.php?rest_route=\/wp\/v2\/media\/7945"}],"wp:attachment":[{"href":"https:\/\/kampkomiteen.net\/index.php?rest_route=%2Fwp%2Fv2%2Fmedia&parent=7938"}],"wp:term":[{"taxonomy":"category","embeddable":true,"href":"https:\/\/kampkomiteen.net\/index.php?rest_route=%2Fwp%2Fv2%2Fcategories&post=7938"},{"taxonomy":"post_tag","embeddable":true,"href":"https:\/\/kampkomiteen.net\/index.php?rest_route=%2Fwp%2Fv2%2Ftags&post=7938"}],"curies":[{"name":"wp","href":"https:\/\/api.w.org\/{rel}","templated":true}]}}