{"id":7928,"date":"2024-10-25T22:39:22","date_gmt":"2024-10-25T20:39:22","guid":{"rendered":"https:\/\/kampkomiteen.net\/?p=7928"},"modified":"2024-10-25T22:39:49","modified_gmt":"2024-10-25T20:39:49","slug":"bergen-apent-mote-om-antiimperialisme","status":"publish","type":"post","link":"https:\/\/kampkomiteen.net\/?p=7928","title":{"rendered":"Bergen: \u00c5pent m\u00f8te om antiimperialisme"},"content":{"rendered":"<div id=\"fb-root\"><\/div>\n\n<p><em>Skrevet av aktivister i Bergen<\/em>.<\/p>\n\n\n\n<p>Fredag 25. oktober ble det avholdt et \u00e5pent m\u00f8te om antiimperialisme i Bergen. M\u00f8tet var arrangert av Kampkomiteen i Bergen, Bergen4Palestine og Aktivister for Palestina.<\/p>\n\n\n\n<p>M\u00f8te ble startet med enn innledning holdt av Bergen4Palestine om antiimperialisme i palestinasolidariteten. F\u00f8r innledningen ble den ber\u00f8mte sangen \u00abLeve Palestina\u00bb av Kofia spilt av, m\u00f8tets deltakere klappet og sang entusiastisk med. Bergen4Palestine gikk gjennom utviklingen av palestinasolidaritet og hvor viktig det er med markeringer med tydeligt antiimperialistisk budskap og hvor viktig ubetinget st\u00f8tte til den palestinske motstandskampen har v\u00e6rt for massene. De tok ogs\u00e5 opp at helt siden 7.oktober har alltid antiimperialismen blitt l\u00f8ftet fram av massene under spontane appeller.<\/p>\n\n\n\n<figure class=\"wp-block-image size-full\"><img data-recalc-dims=\"1\" loading=\"lazy\" decoding=\"async\" width=\"810\" height=\"608\" src=\"https:\/\/i0.wp.com\/kampkomiteen.net\/wp-content\/uploads\/2024\/10\/IMG_2402.png?resize=810%2C608&#038;ssl=1\" alt=\"\" class=\"wp-image-7931\" srcset=\"https:\/\/i0.wp.com\/kampkomiteen.net\/wp-content\/uploads\/2024\/10\/IMG_2402.png?w=1160&amp;ssl=1 1160w, https:\/\/i0.wp.com\/kampkomiteen.net\/wp-content\/uploads\/2024\/10\/IMG_2402.png?resize=1000%2C750&amp;ssl=1 1000w, https:\/\/i0.wp.com\/kampkomiteen.net\/wp-content\/uploads\/2024\/10\/IMG_2402.png?resize=768%2C576&amp;ssl=1 768w\" sizes=\"auto, (max-width: 810px) 100vw, 810px\" \/><\/figure>\n\n\n\n<p>Aktivister for Palestina holdt en innledning om aktivisme mot krigsprofit\u00f8rene. Her ble det f\u00f8rst fortalt om bakgrunnen til Aktivister for Palestina som er en studentorganisasjon stiftet h\u00f8sten 2023 fordi det var n\u00f8dvendig med en studentorganisasjon som st\u00f8tter frigj\u00f8ringskampen og med fokus p\u00e5 akademisk boikott. De nevnte konkret at de var fordi palestinernes motstandskamp har blitt kallt \u00abterrorisme\u00bb p\u00e5 andre arrangement. Aktivister for Palestina var blant initiativtakerne for palestinaleiren her i Bergen. Under leiren s\u00e5 ble det gjort grundig arbeid som avsl\u00f8rte universitetets samarbeid med krigsprofit\u00f8rer som Kongsberggruppen og Tel Aviv university.<\/p>\n\n\n\n<figure class=\"wp-block-image size-full\"><img data-recalc-dims=\"1\" loading=\"lazy\" decoding=\"async\" width=\"810\" height=\"510\" src=\"https:\/\/i0.wp.com\/kampkomiteen.net\/wp-content\/uploads\/2024\/10\/IMG_2406.png?resize=810%2C510&#038;ssl=1\" alt=\"\" class=\"wp-image-7932\" srcset=\"https:\/\/i0.wp.com\/kampkomiteen.net\/wp-content\/uploads\/2024\/10\/IMG_2406.png?w=1160&amp;ssl=1 1160w, https:\/\/i0.wp.com\/kampkomiteen.net\/wp-content\/uploads\/2024\/10\/IMG_2406.png?resize=1000%2C629&amp;ssl=1 1000w, https:\/\/i0.wp.com\/kampkomiteen.net\/wp-content\/uploads\/2024\/10\/IMG_2406.png?resize=768%2C483&amp;ssl=1 768w\" sizes=\"auto, (max-width: 810px) 100vw, 810px\" \/><\/figure>\n\n\n\n<p>Kampkomiteen holdt en innledning med presentasjon om antiimperialistisk forbund(AIL). I innledning var det en gjennomgang av hva imperialisme er og kampen mot imperialisme. Prosessen for antiimperialistisk forbund og informasjon om forslagen publisert av koordineringskomiteen ble ogs\u00e5 presentert. Til slutt ble det fortalt noe om de siste ukenes kamp i Brasil, der fattigb\u00f8nder har kjempet om jorden i leiren Barro Branco og har blitt angrepet av reaksjon\u00e6re militser. Det ble vist en video fra Barro Branco der kameratene l\u00f8ftet et banner med st\u00f8tte til Palestina og for Antiimperialist Forbund.<\/p>\n\n\n\n<p>Mellom innledningene deltok publikum aktivt og stilte sp\u00f8rsm\u00e5l. Det var ogs\u00e5 stor entusiasme blant deltakerne for \u00e5 styrke den antiimperialistiske bevegelsen.<\/p>\n\n\n\n<figure class=\"wp-block-image size-full\"><img data-recalc-dims=\"1\" loading=\"lazy\" decoding=\"async\" width=\"810\" height=\"608\" src=\"https:\/\/i0.wp.com\/kampkomiteen.net\/wp-content\/uploads\/2024\/10\/IMG_2418.png?resize=810%2C608&#038;ssl=1\" alt=\"\" class=\"wp-image-7934\" srcset=\"https:\/\/i0.wp.com\/kampkomiteen.net\/wp-content\/uploads\/2024\/10\/IMG_2418.png?w=1160&amp;ssl=1 1160w, https:\/\/i0.wp.com\/kampkomiteen.net\/wp-content\/uploads\/2024\/10\/IMG_2418.png?resize=1000%2C750&amp;ssl=1 1000w, https:\/\/i0.wp.com\/kampkomiteen.net\/wp-content\/uploads\/2024\/10\/IMG_2418.png?resize=768%2C576&amp;ssl=1 768w\" sizes=\"auto, (max-width: 810px) 100vw, 810px\" \/><\/figure>\n\n\n\n<figure class=\"wp-block-image size-full\"><img data-recalc-dims=\"1\" loading=\"lazy\" decoding=\"async\" width=\"810\" height=\"608\" src=\"https:\/\/i0.wp.com\/kampkomiteen.net\/wp-content\/uploads\/2024\/10\/IMG_2410.png?resize=810%2C608&#038;ssl=1\" alt=\"\" class=\"wp-image-7933\" srcset=\"https:\/\/i0.wp.com\/kampkomiteen.net\/wp-content\/uploads\/2024\/10\/IMG_2410.png?w=1160&amp;ssl=1 1160w, https:\/\/i0.wp.com\/kampkomiteen.net\/wp-content\/uploads\/2024\/10\/IMG_2410.png?resize=1000%2C750&amp;ssl=1 1000w, https:\/\/i0.wp.com\/kampkomiteen.net\/wp-content\/uploads\/2024\/10\/IMG_2410.png?resize=768%2C576&amp;ssl=1 768w\" sizes=\"auto, (max-width: 810px) 100vw, 810px\" \/><\/figure>\n","protected":false},"excerpt":{"rendered":"<p>Fredag 25. oktober ble det avholdt et \u00e5pent m\u00f8te om antiimperialisme i Bergen. M\u00f8tet var arrangert av Kampkomiteen i Bergen, Bergen4Palestine og Aktivister for Palestina.<\/p>\n","protected":false},"author":8,"featured_media":7929,"comment_status":"closed","ping_status":"closed","sticky":false,"template":"","format":"standard","meta":{"advanced_seo_description":"","jetpack_seo_html_title":"","jetpack_seo_noindex":false,"_jetpack_memberships_contains_paid_content":false,"footnotes":""},"categories":[1],"tags":[79,78,25,21],"class_list":["post-7928","post","type-post","status-publish","format-standard","has-post-thumbnail","hentry","category-uncategorized","tag-ail","tag-antiimperialistisk-forbund","tag-bergen","tag-palestina"],"jetpack_featured_media_url":"https:\/\/i0.wp.com\/kampkomiteen.net\/wp-content\/uploads\/2024\/10\/AIL-2.png?fit=1160%2C870&ssl=1","jetpack_shortlink":"https:\/\/wp.me\/pchuPf-23S","jetpack-related-posts":[{"id":7920,"url":"https:\/\/kampkomiteen.net\/?p=7920","url_meta":{"origin":7928,"position":0},"title":"Bergen: \u00c5pent m\u00f8te om antiimperialisme p\u00e5 fredag 25.10!","author":"Kampkomiteen","date":"24. oktober 2024","format":false,"excerpt":"Kampkomiteen i Bergen, Aktivister for Palestina og Bergen4Palestine organiserer et \u00e5pent m\u00f8te om antiimperialisme.","rel":"","context":"Liknende innlegg","block_context":{"text":"Liknende innlegg","link":""},"img":{"alt_text":"","src":"https:\/\/i0.wp.com\/kampkomiteen.net\/wp-content\/uploads\/2024\/10\/Plakat-i-parken.jpeg?fit=1200%2C900&ssl=1&resize=350%2C200","width":350,"height":200,"srcset":"https:\/\/i0.wp.com\/kampkomiteen.net\/wp-content\/uploads\/2024\/10\/Plakat-i-parken.jpeg?fit=1200%2C900&ssl=1&resize=350%2C200 1x, https:\/\/i0.wp.com\/kampkomiteen.net\/wp-content\/uploads\/2024\/10\/Plakat-i-parken.jpeg?fit=1200%2C900&ssl=1&resize=525%2C300 1.5x, https:\/\/i0.wp.com\/kampkomiteen.net\/wp-content\/uploads\/2024\/10\/Plakat-i-parken.jpeg?fit=1200%2C900&ssl=1&resize=700%2C400 2x, https:\/\/i0.wp.com\/kampkomiteen.net\/wp-content\/uploads\/2024\/10\/Plakat-i-parken.jpeg?fit=1200%2C900&ssl=1&resize=1050%2C600 3x"},"classes":[]},{"id":10432,"url":"https:\/\/kampkomiteen.net\/?p=10432","url_meta":{"origin":7928,"position":1},"title":"Bergen: Demonstrasjon og \u00e5pent m\u00f8te for Venezuela","author":"Kampkomiteen","date":"4. februar 2026","format":false,"excerpt":"Tirsdag 3. februar arrangerte Bergen4Palestine og Kampkomiteen en demonstrasjon og et \u00e5pent m\u00f8te i forbindelse med den internasjonale aksjonsdagen til ford\u00f8mmelse av USA imperialismens aggresjon mot Venezuela.","rel":"","context":"Liknende innlegg","block_context":{"text":"Liknende innlegg","link":""},"img":{"alt_text":"","src":"https:\/\/i0.wp.com\/kampkomiteen.net\/wp-content\/uploads\/2026\/02\/20260203_171517.jpg?fit=1160%2C746&ssl=1&resize=350%2C200","width":350,"height":200,"srcset":"https:\/\/i0.wp.com\/kampkomiteen.net\/wp-content\/uploads\/2026\/02\/20260203_171517.jpg?fit=1160%2C746&ssl=1&resize=350%2C200 1x, https:\/\/i0.wp.com\/kampkomiteen.net\/wp-content\/uploads\/2026\/02\/20260203_171517.jpg?fit=1160%2C746&ssl=1&resize=525%2C300 1.5x, https:\/\/i0.wp.com\/kampkomiteen.net\/wp-content\/uploads\/2026\/02\/20260203_171517.jpg?fit=1160%2C746&ssl=1&resize=700%2C400 2x, https:\/\/i0.wp.com\/kampkomiteen.net\/wp-content\/uploads\/2026\/02\/20260203_171517.jpg?fit=1160%2C746&ssl=1&resize=1050%2C600 3x"},"classes":[]},{"id":8698,"url":"https:\/\/kampkomiteen.net\/?p=8698","url_meta":{"origin":7928,"position":2},"title":"Aktiviteter i Bergen de siste ukene","author":"Kampkomiteen","date":"20. april 2025","format":false,"excerpt":"Skrevet av aktivister i Bergen Kampkomiteen har deltatt p\u00e5 flere aktiviteter i Bergen i det siste, arrangert \u00e5pne m\u00f8ter og v\u00e6rt synlig i gatene i Bergen. 1. mars \u00c5pent m\u00f8te om folkets kamp i Brasil 1. mars arrangerte Kampkomiteen i Bergen et \u00e5pent m\u00f8te om folkets kamp i Brasil. I\u2026","rel":"","context":"Liknende innlegg","block_context":{"text":"Liknende innlegg","link":""},"img":{"alt_text":"","src":"https:\/\/i0.wp.com\/kampkomiteen.net\/wp-content\/uploads\/2025\/04\/22.03-2-scaled.jpg?fit=1200%2C778&ssl=1&resize=350%2C200","width":350,"height":200,"srcset":"https:\/\/i0.wp.com\/kampkomiteen.net\/wp-content\/uploads\/2025\/04\/22.03-2-scaled.jpg?fit=1200%2C778&ssl=1&resize=350%2C200 1x, https:\/\/i0.wp.com\/kampkomiteen.net\/wp-content\/uploads\/2025\/04\/22.03-2-scaled.jpg?fit=1200%2C778&ssl=1&resize=525%2C300 1.5x, https:\/\/i0.wp.com\/kampkomiteen.net\/wp-content\/uploads\/2025\/04\/22.03-2-scaled.jpg?fit=1200%2C778&ssl=1&resize=700%2C400 2x, https:\/\/i0.wp.com\/kampkomiteen.net\/wp-content\/uploads\/2025\/04\/22.03-2-scaled.jpg?fit=1200%2C778&ssl=1&resize=1050%2C600 3x"},"classes":[]},{"id":9962,"url":"https:\/\/kampkomiteen.net\/?p=9962","url_meta":{"origin":7928,"position":3},"title":"Trondheim: \u00c5pent m\u00f8te om den palestinske motstandskampen","author":"Kampkomiteen","date":"11. november 2025","format":false,"excerpt":"Mandag 10. november holdt Kampkomiteen et \u00e5pent m\u00f8te om temaet \u00abPalestina - 77 \u00e5r med kamp.\u00bb","rel":"","context":"i \"Antiimperialisme\"","block_context":{"text":"Antiimperialisme","link":"https:\/\/kampkomiteen.net\/?tag=antiimperialisme"},"img":{"alt_text":"","src":"https:\/\/i0.wp.com\/kampkomiteen.net\/wp-content\/uploads\/2025\/11\/Apentmote1.jpg?fit=1181%2C700&ssl=1&resize=350%2C200","width":350,"height":200,"srcset":"https:\/\/i0.wp.com\/kampkomiteen.net\/wp-content\/uploads\/2025\/11\/Apentmote1.jpg?fit=1181%2C700&ssl=1&resize=350%2C200 1x, https:\/\/i0.wp.com\/kampkomiteen.net\/wp-content\/uploads\/2025\/11\/Apentmote1.jpg?fit=1181%2C700&ssl=1&resize=525%2C300 1.5x, https:\/\/i0.wp.com\/kampkomiteen.net\/wp-content\/uploads\/2025\/11\/Apentmote1.jpg?fit=1181%2C700&ssl=1&resize=700%2C400 2x, https:\/\/i0.wp.com\/kampkomiteen.net\/wp-content\/uploads\/2025\/11\/Apentmote1.jpg?fit=1181%2C700&ssl=1&resize=1050%2C600 3x"},"classes":[]},{"id":9065,"url":"https:\/\/kampkomiteen.net\/?p=9065","url_meta":{"origin":7928,"position":4},"title":"Bergen: \u00c5pent m\u00f8te om folkets kamp i India","author":"Kampkomiteen","date":"14. juni 2025","format":false,"excerpt":"11. juni ble det holdt et \u00e5pent m\u00f8te om revolusjonen i India og den indiske statens krig mot folket.","rel":"","context":"i \"India\"","block_context":{"text":"India","link":"https:\/\/kampkomiteen.net\/?tag=india"},"img":{"alt_text":"","src":"https:\/\/i0.wp.com\/kampkomiteen.net\/wp-content\/uploads\/2025\/06\/mote-1-1-scaled.jpg?fit=1200%2C702&ssl=1&resize=350%2C200","width":350,"height":200,"srcset":"https:\/\/i0.wp.com\/kampkomiteen.net\/wp-content\/uploads\/2025\/06\/mote-1-1-scaled.jpg?fit=1200%2C702&ssl=1&resize=350%2C200 1x, https:\/\/i0.wp.com\/kampkomiteen.net\/wp-content\/uploads\/2025\/06\/mote-1-1-scaled.jpg?fit=1200%2C702&ssl=1&resize=525%2C300 1.5x, https:\/\/i0.wp.com\/kampkomiteen.net\/wp-content\/uploads\/2025\/06\/mote-1-1-scaled.jpg?fit=1200%2C702&ssl=1&resize=700%2C400 2x, https:\/\/i0.wp.com\/kampkomiteen.net\/wp-content\/uploads\/2025\/06\/mote-1-1-scaled.jpg?fit=1200%2C702&ssl=1&resize=1050%2C600 3x"},"classes":[]},{"id":10293,"url":"https:\/\/kampkomiteen.net\/?p=10293","url_meta":{"origin":7928,"position":5},"title":"Trondheim: \u00c5pent m\u00f8te om Antiimperialistisk Forbund","author":"Kampkomiteen","date":"19. januar 2026","format":false,"excerpt":"Tirsdag 13. januar holdt Kampkomiteen et \u00e5pent m\u00f8te om Antiimperialistisk Forbund.","rel":"","context":"i \"Antiimperialisme\"","block_context":{"text":"Antiimperialisme","link":"https:\/\/kampkomiteen.net\/?tag=antiimperialisme"},"img":{"alt_text":"","src":"https:\/\/i0.wp.com\/kampkomiteen.net\/wp-content\/uploads\/2026\/01\/Bilde3.jpg?fit=1050%2C700&ssl=1&resize=350%2C200","width":350,"height":200,"srcset":"https:\/\/i0.wp.com\/kampkomiteen.net\/wp-content\/uploads\/2026\/01\/Bilde3.jpg?fit=1050%2C700&ssl=1&resize=350%2C200 1x, https:\/\/i0.wp.com\/kampkomiteen.net\/wp-content\/uploads\/2026\/01\/Bilde3.jpg?fit=1050%2C700&ssl=1&resize=525%2C300 1.5x, https:\/\/i0.wp.com\/kampkomiteen.net\/wp-content\/uploads\/2026\/01\/Bilde3.jpg?fit=1050%2C700&ssl=1&resize=700%2C400 2x, https:\/\/i0.wp.com\/kampkomiteen.net\/wp-content\/uploads\/2026\/01\/Bilde3.jpg?fit=1050%2C700&ssl=1&resize=1050%2C600 3x"},"classes":[]}],"jetpack_sharing_enabled":true,"_links":{"self":[{"href":"https:\/\/kampkomiteen.net\/index.php?rest_route=\/wp\/v2\/posts\/7928","targetHints":{"allow":["GET"]}}],"collection":[{"href":"https:\/\/kampkomiteen.net\/index.php?rest_route=\/wp\/v2\/posts"}],"about":[{"href":"https:\/\/kampkomiteen.net\/index.php?rest_route=\/wp\/v2\/types\/post"}],"author":[{"embeddable":true,"href":"https:\/\/kampkomiteen.net\/index.php?rest_route=\/wp\/v2\/users\/8"}],"replies":[{"embeddable":true,"href":"https:\/\/kampkomiteen.net\/index.php?rest_route=%2Fwp%2Fv2%2Fcomments&post=7928"}],"version-history":[{"count":4,"href":"https:\/\/kampkomiteen.net\/index.php?rest_route=\/wp\/v2\/posts\/7928\/revisions"}],"predecessor-version":[{"id":7937,"href":"https:\/\/kampkomiteen.net\/index.php?rest_route=\/wp\/v2\/posts\/7928\/revisions\/7937"}],"wp:featuredmedia":[{"embeddable":true,"href":"https:\/\/kampkomiteen.net\/index.php?rest_route=\/wp\/v2\/media\/7929"}],"wp:attachment":[{"href":"https:\/\/kampkomiteen.net\/index.php?rest_route=%2Fwp%2Fv2%2Fmedia&parent=7928"}],"wp:term":[{"taxonomy":"category","embeddable":true,"href":"https:\/\/kampkomiteen.net\/index.php?rest_route=%2Fwp%2Fv2%2Fcategories&post=7928"},{"taxonomy":"post_tag","embeddable":true,"href":"https:\/\/kampkomiteen.net\/index.php?rest_route=%2Fwp%2Fv2%2Ftags&post=7928"}],"curies":[{"name":"wp","href":"https:\/\/api.w.org\/{rel}","templated":true}]}}