{"id":7920,"date":"2024-10-24T10:45:45","date_gmt":"2024-10-24T08:45:45","guid":{"rendered":"https:\/\/kampkomiteen.net\/?p=7920"},"modified":"2024-11-08T22:28:19","modified_gmt":"2024-11-08T21:28:19","slug":"bergen-apent-mote-om-antiimperialisme-pa-fredag-25-10","status":"publish","type":"post","link":"https:\/\/kampkomiteen.net\/?p=7920","title":{"rendered":"Bergen: \u00c5pent m\u00f8te om antiimperialisme p\u00e5 fredag 25.10!"},"content":{"rendered":"<div id=\"fb-root\"><\/div>\n\n<p>Skrevet av aktivister i Bergen<\/p>\n\n\n\n<p>Kampkomiteen i Bergen, Aktivister for Palestina og Bergen4Palestine organiserer et \u00e5pent m\u00f8te om antiimperialisme.<\/p>\n\n\n\n<p>M\u00f8tet finner sted p\u00e5 <strong>Ulrikke Pihls hus, i Professor Keysers Gate 1<\/strong>, p\u00e5 H\u00f8yden i Bergen.<\/p>\n\n\n\n<p><strong>Fredag 25. oktober klokken 18:00.<\/strong><\/p>\n\n\n\n<p>Plakater for m\u00f8tet har blitt hengt opp i Bergen, men ogs\u00e5 AIL sine plakater for Palestina. I tillegg er det delt ut l\u00f8pesedler i Bergen, og da spesielt p\u00e5 universitetet. <\/p>\n\n\n\n<figure class=\"wp-block-image\"><img decoding=\"async\" src=\"https:\/\/lh7-rt.googleusercontent.com\/docsz\/AD_4nXfcM0axV2bOZVOBDaPVXTIGtarErlvI4MEFVcOrqLeaZIlUeySsb8sJoB3s93olAODuuODlV7OWvlaFgY2ZyRbHFABAOqa4CLVhqK7WS1chJtbIiEAbhxF9ndSe-NkJfRWF7MkQvaQ3ab532Hu8cMDroC8?key=TEX7B8W91DIi9qw-L4giWQ\" alt=\"\"\/><\/figure>\n\n\n\n<p>M\u00f8tet best\u00e5r av 3 innledninger og \u00e5pen diskusjon. Temaene er:<\/p>\n\n\n\n<p>Antiimperialisme i Palestinasolidariteten<\/p>\n\n\n\n<p>V\/ Bergen4Palestine<\/p>\n\n\n\n<p>Aktivisme mot krigsprofit\u00f8rene<\/p>\n\n\n\n<p>V\/ Aktivister for Palestina<\/p>\n\n\n\n<p>Presentasjon av Antiimperialistisk Forbund(AIL)<\/p>\n\n\n\n<p>V\/ Kampkomiteen<\/p>\n\n\n\n<p>Bergen4Palestine vil snakke om hvordan den antiimperialistiske bevegelsen i Bergen har styrket seg gjennom felles aktivitet for solidaritet med Palestina. Og hvordan kampen for et fritt Palestina er knyttet til verdens folks kamp mot imperialismen.<\/p>\n\n\n\n<p>Aktivister for Palestina har v\u00e6rt aktiv i og organisert flere demonstrasjoner og aktiviteter mot krigsprofit\u00f8rene som f.eks v\u00e5penselskapet Kongsberg Gruppen. De kommer til \u00e5 snakke om denne aktivismen og hvordan vi kan engasjere oss sammen mot krigsprofit\u00f8rene.<\/p>\n\n\n\n<p>Kampkomiteen vil snakke om arbeidet for stiftelsen av Antiimperialistisk Forbund. Koorideneringskomiteen for AIL skriver f\u00f8lgende i sitt opprop:<\/p>\n\n\n\n<p>\u201cVi tar til orde for \u00e5 opprette en internasjonal antiimperialistisk organisasjon (Antiimperialistisk Forbund) som vil forene de brede folkemassene under proletariatets ledelse mot imperialismen og alle former for reaksjon, som vil gi sterk st\u00f8tte til folkekrigene og de nasjonale frigj\u00f8ringskampene, som vil tjene folkets kamp over hele verden, som vil p\u00e5ta seg den uunnv\u00e6rlige oppgaven med \u00e5 danne en antiimperialistisk verdensfront.\u201d<\/p>\n\n\n\n<p>Kampkomiteen vil snakke mer om hvorfor det er behov for en internasjonal antiimperialistisk organisasjon, hvordan kampen for denne organisasjonen ser ut og hvordan man kan st\u00f8tte denne prosessen.<\/p>\n\n\n\n<p>Velkommen!<\/p>\n\n\n\n<figure class=\"wp-block-image\"><img decoding=\"async\" src=\"https:\/\/lh7-rt.googleusercontent.com\/docsz\/AD_4nXdKDEjfrxlEl7_Omna8GD7wD32R7nmRGrfgl2Dvsmsl7wxBdQt0Y2Aif4bF6wOnQ0dn7-YQ0af_u4QyC4KDy0t0-DT9mXOLTdmWftNrZwp24KCPhw2Q6v6qdDkAbCXGZ9mIJjbbGXsXnjxjQFryklY35UA?key=TEX7B8W91DIi9qw-L4giWQ\" alt=\"\"\/><\/figure>\n\n\n\n<figure class=\"wp-block-image\"><img decoding=\"async\" src=\"https:\/\/lh7-rt.googleusercontent.com\/docsz\/AD_4nXdvvngTLLsPQon4GgFU8l4F8vCxyjA3ZFSGJPdjKWpxN1juTg5_KWNMXtwm1qQIITCEKihTtzBdiBsOerE4DgKoGcpFjxvW2NGZHzTRNKjtKxLc1JnQIt1be9yei3xyU7dIvKNiJVNMwhTJFhZHNbkpKa7J?key=TEX7B8W91DIi9qw-L4giWQ\" alt=\"\"\/><\/figure>\n","protected":false},"excerpt":{"rendered":"<p>Kampkomiteen i Bergen, Aktivister for Palestina og Bergen4Palestine organiserer et \u00e5pent m\u00f8te om antiimperialisme.<\/p>\n","protected":false},"author":8,"featured_media":7921,"comment_status":"closed","ping_status":"closed","sticky":false,"template":"","format":"standard","meta":{"advanced_seo_description":"","jetpack_seo_html_title":"","jetpack_seo_noindex":false,"_jetpack_memberships_contains_paid_content":false,"footnotes":""},"categories":[1],"tags":[],"class_list":["post-7920","post","type-post","status-publish","format-standard","has-post-thumbnail","hentry","category-uncategorized"],"jetpack_featured_media_url":"https:\/\/i0.wp.com\/kampkomiteen.net\/wp-content\/uploads\/2024\/10\/Plakat-i-parken.jpeg?fit=2048%2C1536&ssl=1","jetpack_shortlink":"https:\/\/wp.me\/pchuPf-23K","jetpack-related-posts":[{"id":7928,"url":"https:\/\/kampkomiteen.net\/?p=7928","url_meta":{"origin":7920,"position":0},"title":"Bergen: \u00c5pent m\u00f8te om antiimperialisme","author":"Kampkomiteen","date":"25. oktober 2024","format":false,"excerpt":"Fredag 25. oktober ble det avholdt et \u00e5pent m\u00f8te om antiimperialisme i Bergen. M\u00f8tet var arrangert av Kampkomiteen i Bergen, Bergen4Palestine og Aktivister for Palestina.","rel":"","context":"i \"AIL\"","block_context":{"text":"AIL","link":"https:\/\/kampkomiteen.net\/?tag=ail"},"img":{"alt_text":"","src":"https:\/\/i0.wp.com\/kampkomiteen.net\/wp-content\/uploads\/2024\/10\/AIL-2.png?fit=1160%2C870&ssl=1&resize=350%2C200","width":350,"height":200,"srcset":"https:\/\/i0.wp.com\/kampkomiteen.net\/wp-content\/uploads\/2024\/10\/AIL-2.png?fit=1160%2C870&ssl=1&resize=350%2C200 1x, https:\/\/i0.wp.com\/kampkomiteen.net\/wp-content\/uploads\/2024\/10\/AIL-2.png?fit=1160%2C870&ssl=1&resize=525%2C300 1.5x, https:\/\/i0.wp.com\/kampkomiteen.net\/wp-content\/uploads\/2024\/10\/AIL-2.png?fit=1160%2C870&ssl=1&resize=700%2C400 2x, https:\/\/i0.wp.com\/kampkomiteen.net\/wp-content\/uploads\/2024\/10\/AIL-2.png?fit=1160%2C870&ssl=1&resize=1050%2C600 3x"},"classes":[]},{"id":8409,"url":"https:\/\/kampkomiteen.net\/?p=8409","url_meta":{"origin":7920,"position":1},"title":"Bergen: Kom p\u00e5 \u00e5pent m\u00f8te om folkets kamp i Brasil","author":"Kampkomiteen","date":"26. februar 2025","format":false,"excerpt":"Kampkomiteen arrangerer l\u00f8rdag 1. mars m\u00f8te om folkets kamp i Brasil. Fattigb\u00f8ndene kjemper om jorden og organiserer seg i LCP under kravet om jorden til de som arbeider den.","rel":"","context":"i \"Bergen\"","block_context":{"text":"Bergen","link":"https:\/\/kampkomiteen.net\/?tag=bergen"},"img":{"alt_text":"","src":"https:\/\/i0.wp.com\/kampkomiteen.net\/wp-content\/uploads\/2025\/02\/feat-lcp-statement.jpg?fit=1024%2C478&ssl=1&resize=350%2C200","width":350,"height":200,"srcset":"https:\/\/i0.wp.com\/kampkomiteen.net\/wp-content\/uploads\/2025\/02\/feat-lcp-statement.jpg?fit=1024%2C478&ssl=1&resize=350%2C200 1x, https:\/\/i0.wp.com\/kampkomiteen.net\/wp-content\/uploads\/2025\/02\/feat-lcp-statement.jpg?fit=1024%2C478&ssl=1&resize=525%2C300 1.5x, https:\/\/i0.wp.com\/kampkomiteen.net\/wp-content\/uploads\/2025\/02\/feat-lcp-statement.jpg?fit=1024%2C478&ssl=1&resize=700%2C400 2x"},"classes":[]},{"id":7874,"url":"https:\/\/kampkomiteen.net\/?p=7874","url_meta":{"origin":7920,"position":2},"title":"Oslo: Plakater for \u00e5pent m\u00f8te om Palestina p\u00e5 Blindern","author":"Kampkomiteen","date":"17. oktober 2024","format":false,"excerpt":"Aktivister i Kampkomiteen har hengt opp plakater som mobiliserer til det kommende \u00e5pne m\u00f8tet p\u00e5 Universitetet p\u00e5 Blindern.","rel":"","context":"i \"Antiimperialisme\"","block_context":{"text":"Antiimperialisme","link":"https:\/\/kampkomiteen.net\/?tag=antiimperialisme"},"img":{"alt_text":"","src":"https:\/\/i0.wp.com\/kampkomiteen.net\/wp-content\/uploads\/2024\/10\/5-1.jpg?fit=1200%2C676&ssl=1&resize=350%2C200","width":350,"height":200,"srcset":"https:\/\/i0.wp.com\/kampkomiteen.net\/wp-content\/uploads\/2024\/10\/5-1.jpg?fit=1200%2C676&ssl=1&resize=350%2C200 1x, https:\/\/i0.wp.com\/kampkomiteen.net\/wp-content\/uploads\/2024\/10\/5-1.jpg?fit=1200%2C676&ssl=1&resize=525%2C300 1.5x, https:\/\/i0.wp.com\/kampkomiteen.net\/wp-content\/uploads\/2024\/10\/5-1.jpg?fit=1200%2C676&ssl=1&resize=700%2C400 2x, https:\/\/i0.wp.com\/kampkomiteen.net\/wp-content\/uploads\/2024\/10\/5-1.jpg?fit=1200%2C676&ssl=1&resize=1050%2C600 3x"},"classes":[]},{"id":3089,"url":"https:\/\/kampkomiteen.net\/?p=3089","url_meta":{"origin":7920,"position":3},"title":"Bergen: \u00c5pent m\u00f8te i anledning aksjonsuka for India","author":"Kampkomiteen","date":"24. september 2022","format":false,"excerpt":"L\u00f8rdag 17. september avholdt Kampkomiteen et \u00e5pent m\u00f8te i Bergen i anledning den internasjonale aksjonsuka for frigj\u00f8ring av politiske fanger og mot droneangrepene i India.\u00a0","rel":"","context":"i \"India\"","block_context":{"text":"India","link":"https:\/\/kampkomiteen.net\/?tag=india"},"img":{"alt_text":"","src":"https:\/\/i0.wp.com\/kampkomiteen.net\/wp-content\/uploads\/2022\/09\/IMG_6557-scaled.jpg?fit=1200%2C800&ssl=1&resize=350%2C200","width":350,"height":200,"srcset":"https:\/\/i0.wp.com\/kampkomiteen.net\/wp-content\/uploads\/2022\/09\/IMG_6557-scaled.jpg?fit=1200%2C800&ssl=1&resize=350%2C200 1x, https:\/\/i0.wp.com\/kampkomiteen.net\/wp-content\/uploads\/2022\/09\/IMG_6557-scaled.jpg?fit=1200%2C800&ssl=1&resize=525%2C300 1.5x, https:\/\/i0.wp.com\/kampkomiteen.net\/wp-content\/uploads\/2022\/09\/IMG_6557-scaled.jpg?fit=1200%2C800&ssl=1&resize=700%2C400 2x, https:\/\/i0.wp.com\/kampkomiteen.net\/wp-content\/uploads\/2022\/09\/IMG_6557-scaled.jpg?fit=1200%2C800&ssl=1&resize=1050%2C600 3x"},"classes":[]},{"id":8091,"url":"https:\/\/kampkomiteen.net\/?p=8091","url_meta":{"origin":7920,"position":4},"title":"Oslo: Plakater for \u00e5pent m\u00f8te","author":"Kampkomiteen","date":"5. desember 2024","format":false,"excerpt":"Aktivister fra Kampkomiteen i Oslo har hengt opp plakater for et \u00e5pent m\u00f8te om antiimperialisme og stiftelsen av Antiimperialistisk Forbund.","rel":"","context":"i \"Antiimperialisme\"","block_context":{"text":"Antiimperialisme","link":"https:\/\/kampkomiteen.net\/?tag=antiimperialisme"},"img":{"alt_text":"","src":"https:\/\/i0.wp.com\/kampkomiteen.net\/wp-content\/uploads\/2024\/12\/1.png?fit=1200%2C676&ssl=1&resize=350%2C200","width":350,"height":200,"srcset":"https:\/\/i0.wp.com\/kampkomiteen.net\/wp-content\/uploads\/2024\/12\/1.png?fit=1200%2C676&ssl=1&resize=350%2C200 1x, https:\/\/i0.wp.com\/kampkomiteen.net\/wp-content\/uploads\/2024\/12\/1.png?fit=1200%2C676&ssl=1&resize=525%2C300 1.5x, https:\/\/i0.wp.com\/kampkomiteen.net\/wp-content\/uploads\/2024\/12\/1.png?fit=1200%2C676&ssl=1&resize=700%2C400 2x, https:\/\/i0.wp.com\/kampkomiteen.net\/wp-content\/uploads\/2024\/12\/1.png?fit=1200%2C676&ssl=1&resize=1050%2C600 3x"},"classes":[]},{"id":9362,"url":"https:\/\/kampkomiteen.net\/?p=9362","url_meta":{"origin":7920,"position":5},"title":"Oslo: Plakater for \u00e5pent m\u00f8te om \u00abOljefondet\u00bb og norsk imperialisme","author":"Kampkomiteen","date":"21. august 2025","format":false,"excerpt":"Aktivister fra Kampkomiteen i Oslo har utf\u00f8rt en plakataksjon der det ble hengt opp plakater for \u00e5 mobilisere til et \u00e5pent m\u00f8te om \u00abOljefondet\u00bb og norsk imperialisme.","rel":"","context":"i \"Antiimperialisme\"","block_context":{"text":"Antiimperialisme","link":"https:\/\/kampkomiteen.net\/?tag=antiimperialisme"},"img":{"alt_text":"","src":"https:\/\/i0.wp.com\/kampkomiteen.net\/wp-content\/uploads\/2025\/08\/IMG_9499-scaled.jpg?fit=1200%2C800&ssl=1&resize=350%2C200","width":350,"height":200,"srcset":"https:\/\/i0.wp.com\/kampkomiteen.net\/wp-content\/uploads\/2025\/08\/IMG_9499-scaled.jpg?fit=1200%2C800&ssl=1&resize=350%2C200 1x, https:\/\/i0.wp.com\/kampkomiteen.net\/wp-content\/uploads\/2025\/08\/IMG_9499-scaled.jpg?fit=1200%2C800&ssl=1&resize=525%2C300 1.5x, https:\/\/i0.wp.com\/kampkomiteen.net\/wp-content\/uploads\/2025\/08\/IMG_9499-scaled.jpg?fit=1200%2C800&ssl=1&resize=700%2C400 2x, https:\/\/i0.wp.com\/kampkomiteen.net\/wp-content\/uploads\/2025\/08\/IMG_9499-scaled.jpg?fit=1200%2C800&ssl=1&resize=1050%2C600 3x"},"classes":[]}],"jetpack_sharing_enabled":true,"_links":{"self":[{"href":"https:\/\/kampkomiteen.net\/index.php?rest_route=\/wp\/v2\/posts\/7920","targetHints":{"allow":["GET"]}}],"collection":[{"href":"https:\/\/kampkomiteen.net\/index.php?rest_route=\/wp\/v2\/posts"}],"about":[{"href":"https:\/\/kampkomiteen.net\/index.php?rest_route=\/wp\/v2\/types\/post"}],"author":[{"embeddable":true,"href":"https:\/\/kampkomiteen.net\/index.php?rest_route=\/wp\/v2\/users\/8"}],"replies":[{"embeddable":true,"href":"https:\/\/kampkomiteen.net\/index.php?rest_route=%2Fwp%2Fv2%2Fcomments&post=7920"}],"version-history":[{"count":5,"href":"https:\/\/kampkomiteen.net\/index.php?rest_route=\/wp\/v2\/posts\/7920\/revisions"}],"predecessor-version":[{"id":7979,"href":"https:\/\/kampkomiteen.net\/index.php?rest_route=\/wp\/v2\/posts\/7920\/revisions\/7979"}],"wp:featuredmedia":[{"embeddable":true,"href":"https:\/\/kampkomiteen.net\/index.php?rest_route=\/wp\/v2\/media\/7921"}],"wp:attachment":[{"href":"https:\/\/kampkomiteen.net\/index.php?rest_route=%2Fwp%2Fv2%2Fmedia&parent=7920"}],"wp:term":[{"taxonomy":"category","embeddable":true,"href":"https:\/\/kampkomiteen.net\/index.php?rest_route=%2Fwp%2Fv2%2Fcategories&post=7920"},{"taxonomy":"post_tag","embeddable":true,"href":"https:\/\/kampkomiteen.net\/index.php?rest_route=%2Fwp%2Fv2%2Ftags&post=7920"}],"curies":[{"name":"wp","href":"https:\/\/api.w.org\/{rel}","templated":true}]}}