{"id":7907,"date":"2024-10-22T22:59:53","date_gmt":"2024-10-22T20:59:53","guid":{"rendered":"https:\/\/kampkomiteen.net\/?p=7907"},"modified":"2024-10-22T22:59:55","modified_gmt":"2024-10-22T20:59:55","slug":"kristiansand-plakater-for-den-palestinske-motstandskampen","status":"publish","type":"post","link":"https:\/\/kampkomiteen.net\/?p=7907","title":{"rendered":"Kristiansand: Plakater for den palestinske motstandskampen"},"content":{"rendered":"<div id=\"fb-root\"><\/div>\n\n<p><em>Skrevet av aktivister i Kristiansand.<\/em><\/p>\n\n\n\n<p>I Kristiansand sentrum og p\u00e5 Universitetet i Agder er det satt opp plakater for Palestina.<\/p>\n\n\n\n<p>P\u00e5 plakatene som er fra <a href=\"https:\/\/ail-red.com\/the-al-aqsa-flood-is-a-torch-of-resistance-which-strengthens-the-determination-of-the-oppressed-peoples-to-struggle-against-the-genocidal-israeli-state-and-imperialist-aggression\/\">Koordineringskomiteen for Antiimperialistisk Forbund (AIL)<\/a> st\u00e5r det \u00abPalestine is our country \u2013 Together we will win\u00bb, og p\u00e5 Kampkomiteens plakater st\u00e5r det \u00abSt\u00f8tt den palestinske motstandskampen \u2013 Fritt Palestina\u00bb.<\/p>\n\n\n\n<p>Det er ogs\u00e5 satt opp plakater for h\u00f8stens \u00e5pne m\u00f8ter. Neste m\u00f8te, \u00abHva er antiimperialisme? Presentasjon av Antiimperialistisk Forbund\u00bb, holdes l\u00f8rdag 9. november kl. 17 i Kongens gate 28.<\/p>\n\n\n\n<figure class=\"wp-block-image\"><img decoding=\"async\" src=\"https:\/\/lh7-rt.googleusercontent.com\/docsz\/AD_4nXceFAi7ExfSjIxYEguvJa_676zPFbGd6mBKBoB6CRMtnh23zbcCEq1FRnKKT0Hy3FSft2F5sC-ptCfaHqA_pv1aWLhRzhDPhiCJujaCca6X7qMQw8wNA1W4plsExHz2iykYIPq0X0syqr08X99ZZnygY-yF?key=IwA-VGWFx_a5q0F5y5efjg\" alt=\"\"\/><\/figure>\n\n\n\n<figure class=\"wp-block-image\"><img decoding=\"async\" src=\"https:\/\/lh7-rt.googleusercontent.com\/docsz\/AD_4nXeSYjbwdcIgRMtmoN3db0IVH8rbI6g-PA93Lyb1RixDCjn4mCnPMzKeZZ_9VIVr5Wa5v8H8qsz6QJMnabDpUHMjIh2aXppUQaD8l50eC8V-uXWG-WnikTxUswTArDm-mBHNnwmKPx6NMXkM0wfJz9MEA_i2?key=IwA-VGWFx_a5q0F5y5efjg\" alt=\"\"\/><\/figure>\n\n\n\n<figure class=\"wp-block-image\"><img decoding=\"async\" src=\"https:\/\/lh7-rt.googleusercontent.com\/docsz\/AD_4nXd7i9Lk_7CLn-nRsHzEFTQt1CJkmuwmxkuGGGWhgtx42Nt3HZf9le-A3oCeX47wxLYtbw6ajuplHLR9MJj86jPCJWXGLg4tnvvFxCCAhyuAwupouAPnAR9ojfT32osMkswKbDywj5wMxPBaUAPhaK5zrJ3h?key=IwA-VGWFx_a5q0F5y5efjg\" alt=\"\"\/><\/figure>\n\n\n\n<figure class=\"wp-block-image\"><img decoding=\"async\" src=\"https:\/\/lh7-rt.googleusercontent.com\/docsz\/AD_4nXesOLtjUalb88UXiIu91C62vG3br4NKpneBGmkchG6IbtacAF69UKCqmcmKtQn_SBa0jQ17hOC30_mE-YM2IRj5SIfLyQk-vpNjarxF1PenJRyfkX-kMxDLrT_YIA59Qhaxvmf1Hl3s-BWzG44Udciut1U?key=IwA-VGWFx_a5q0F5y5efjg\" alt=\"\"\/><\/figure>\n\n\n\n<figure class=\"wp-block-image\"><img decoding=\"async\" src=\"https:\/\/lh7-rt.googleusercontent.com\/docsz\/AD_4nXfKoPFWzZnj7xHdaHbGM8bg5yXhTp2ZYvamy2JlUTZhxaP6QpEDlAtpJlSIpWrWGYOW3w8Cec6xBCYVzTD_h7cSMKlI4dUtL1LMDT8nAFydsquoqwWXRI60hazXqs_sbY-p8_eFuQk6excpz0uFOCE4WWE?key=IwA-VGWFx_a5q0F5y5efjg\" alt=\"\"\/><\/figure>\n\n\n\n<figure class=\"wp-block-image\"><img decoding=\"async\" src=\"https:\/\/lh7-rt.googleusercontent.com\/docsz\/AD_4nXc8mybgdAl69dEnawim9LwDwtyAHub9jch1-xwWMjaHVZCpUaE3gL0OVRI-0-gFJ0KiGDdK-DhVNSSjBKGQITYzGaHz7KXkYzg7RLSkx58QIMIcYDRhPibOEk9HMx0KTr6vkRpNVVMyopieY0RiVPC01LM?key=IwA-VGWFx_a5q0F5y5efjg\" alt=\"\"\/><\/figure>\n\n\n\n<figure class=\"wp-block-image\"><img decoding=\"async\" src=\"https:\/\/lh7-rt.googleusercontent.com\/docsz\/AD_4nXf5gkaXqnH-dyg7kvqfkrELD8QkTir6Tw9ax4-6gdiG-2HwdTTkZYXh2aunf2w07OQpUpS1_M9gHHhDRBQJ-VdAIJL4tbllnqLxxZ5SGPUjJDGnynXbA8kTTf_Yva0N3oaUF8SQXe-opRSp6QfXDmQjCIY_?key=IwA-VGWFx_a5q0F5y5efjg\" alt=\"\"\/><\/figure>\n\n\n\n<figure class=\"wp-block-image\"><img decoding=\"async\" src=\"https:\/\/lh7-rt.googleusercontent.com\/docsz\/AD_4nXdpsxJg7fjP5ry89OlPFYZSsnjkXft3Vo578KDb7-nAvsMshLm9D-7gfOf6Z8yxydjMU1woy_kPkTU1ZS8KRd5XJPWpKZXKFWufaOgRK8C_BKLKF-4UJrrUAUXdBa3xDoEVAHwwtIoVfpInRiUd0PLCt3tC?key=IwA-VGWFx_a5q0F5y5efjg\" alt=\"\"\/><\/figure>\n\n\n\n<figure class=\"wp-block-image\"><img decoding=\"async\" src=\"https:\/\/lh7-rt.googleusercontent.com\/docsz\/AD_4nXfXCq5izXltliUFlzH1X20L_abO2Mt2PsCt0XJdHpuoxLWjmqKTV4TPjz9MTDKFbE0RnVIz8p_k77avbb_xFLHD-s_MXvjE-8Vx3dJfF1TEurgsrx0Iwxjx9LVgeYoxq-1G_H_BnaG2Zq6a3QT5lh-LM2cd?key=IwA-VGWFx_a5q0F5y5efjg\" alt=\"\"\/><\/figure>\n\n\n\n<figure class=\"wp-block-image\"><img decoding=\"async\" src=\"https:\/\/lh7-rt.googleusercontent.com\/docsz\/AD_4nXfoz7QiHDE47ARC2eE-pclUTrwPB_aYvG5xSLbr67QFU2jSq5qTrzRK2lJW0DMmSolzAH2Sj6Ac4sCUxui2vLxi31s0jBja06RQD8WA1ORroAD4Wm--ggTiLhdZ4ojT_LH1Xz9IbGge48_pxbSmFEsn8k_x?key=IwA-VGWFx_a5q0F5y5efjg\" alt=\"\"\/><\/figure>\n\n\n\n<figure class=\"wp-block-image\"><img decoding=\"async\" src=\"https:\/\/lh7-rt.googleusercontent.com\/docsz\/AD_4nXe2WzB_EvfSHwc8wt1nQVpcn190hBf-l445LTF_YPARs2FCcBLLmATjnj0nz6ZVXyZrS3j6h8HmnpKWzAJNbOVgUZLpYM6ZIKqdYe3E9yfp-JhNAOmZ1n07mh9sHfQwP3AcbrhL7KI1OI4kajXgaM71_rki?key=IwA-VGWFx_a5q0F5y5efjg\" alt=\"\"\/><\/figure>\n\n\n\n<figure class=\"wp-block-image\"><img decoding=\"async\" src=\"https:\/\/lh7-rt.googleusercontent.com\/docsz\/AD_4nXegngTFBmbHhpIj_4hCZl9XwySYqbbtjPPNlgsQJ4FnFNW36BkOZYiGz98RP38QLKebdKPLN3MNB2JDYvg6Q0ElDiOFD7uicwaTFcQIs-Nhs01_ol0Ui3f-FQB8G654hqqCUupzXP6WrMZNU7in5r7pGdM?key=IwA-VGWFx_a5q0F5y5efjg\" alt=\"\"\/><\/figure>\n\n\n\n<figure class=\"wp-block-image\"><img decoding=\"async\" src=\"https:\/\/lh7-rt.googleusercontent.com\/docsz\/AD_4nXeQ81RFV2bp9PM57pS7y-q7N82oSNbumo5bGdU1oYZvZYQqOtOnazOFN_OEo06NvfNr6jQrGKDZHSZ2kQ5g_9n2y4Uf6zjJioS6cbSKDHs4GJUFGH8Xeuf0G9lFEyA530yojLLYjqxJKEvBGoTYpRoXOwjP?key=IwA-VGWFx_a5q0F5y5efjg\" alt=\"\"\/><\/figure>\n","protected":false},"excerpt":{"rendered":"<p>I Kristiansand sentrum og p\u00e5 Universitetet i Agder er det satt opp plakater for Palestina.<\/p>\n","protected":false},"author":8,"featured_media":7911,"comment_status":"closed","ping_status":"closed","sticky":false,"template":"","format":"standard","meta":{"advanced_seo_description":"","jetpack_seo_html_title":"","jetpack_seo_noindex":false,"_jetpack_memberships_contains_paid_content":false,"footnotes":""},"categories":[1],"tags":[48,78,21,47],"class_list":["post-7907","post","type-post","status-publish","format-standard","has-post-thumbnail","hentry","category-uncategorized","tag-antiimperialisme","tag-antiimperialistisk-forbund","tag-palestina","tag-solidaritet"],"jetpack_featured_media_url":"https:\/\/i0.wp.com\/kampkomiteen.net\/wp-content\/uploads\/2024\/10\/FOTO-3.png?fit=1160%2C653&ssl=1","jetpack_shortlink":"https:\/\/wp.me\/pchuPf-23x","jetpack-related-posts":[{"id":7889,"url":"https:\/\/kampkomiteen.net\/?p=7889","url_meta":{"origin":7907,"position":0},"title":"Kristiansand: Plakataksjon","author":"Kampkomiteen","date":"19. oktober 2024","format":false,"excerpt":"I Kristiansand sentrum er det satt opp plakater til st\u00f8tte for den palestinske motstandskampen og for den meksikanske kvinnesaks- og urfolksadvokaten Sandra Est\u00e9fana Dom\u00ednguez Mart\u00ednez.","rel":"","context":"i \"Antiimperialistisk Forbund\"","block_context":{"text":"Antiimperialistisk Forbund","link":"https:\/\/kampkomiteen.net\/?tag=antiimperialistisk-forbund"},"img":{"alt_text":"","src":"https:\/\/i0.wp.com\/kampkomiteen.net\/wp-content\/uploads\/2024\/10\/FOTO-4.png?fit=1160%2C653&ssl=1&resize=350%2C200","width":350,"height":200,"srcset":"https:\/\/i0.wp.com\/kampkomiteen.net\/wp-content\/uploads\/2024\/10\/FOTO-4.png?fit=1160%2C653&ssl=1&resize=350%2C200 1x, https:\/\/i0.wp.com\/kampkomiteen.net\/wp-content\/uploads\/2024\/10\/FOTO-4.png?fit=1160%2C653&ssl=1&resize=525%2C300 1.5x, https:\/\/i0.wp.com\/kampkomiteen.net\/wp-content\/uploads\/2024\/10\/FOTO-4.png?fit=1160%2C653&ssl=1&resize=700%2C400 2x, https:\/\/i0.wp.com\/kampkomiteen.net\/wp-content\/uploads\/2024\/10\/FOTO-4.png?fit=1160%2C653&ssl=1&resize=1050%2C600 3x"},"classes":[]},{"id":7804,"url":"https:\/\/kampkomiteen.net\/?p=7804","url_meta":{"origin":7907,"position":1},"title":"Kristiansand: St\u00f8tt den palestinske motstandskampen!\u00a0","author":"Kampkomiteen","date":"7. oktober 2024","format":false,"excerpt":"Kampkomiteen satte 7. oktober opp plakater til st\u00f8tte for den palestinske motstandskampen, og for \u00e5pne m\u00f8ter 12. oktober og 9. november.","rel":"","context":"i \"Antiimperialisme\"","block_context":{"text":"Antiimperialisme","link":"https:\/\/kampkomiteen.net\/?tag=antiimperialisme"},"img":{"alt_text":"","src":"https:\/\/i0.wp.com\/kampkomiteen.net\/wp-content\/uploads\/2024\/10\/FOTO-1.png?fit=1160%2C653&ssl=1&resize=350%2C200","width":350,"height":200,"srcset":"https:\/\/i0.wp.com\/kampkomiteen.net\/wp-content\/uploads\/2024\/10\/FOTO-1.png?fit=1160%2C653&ssl=1&resize=350%2C200 1x, https:\/\/i0.wp.com\/kampkomiteen.net\/wp-content\/uploads\/2024\/10\/FOTO-1.png?fit=1160%2C653&ssl=1&resize=525%2C300 1.5x, https:\/\/i0.wp.com\/kampkomiteen.net\/wp-content\/uploads\/2024\/10\/FOTO-1.png?fit=1160%2C653&ssl=1&resize=700%2C400 2x, https:\/\/i0.wp.com\/kampkomiteen.net\/wp-content\/uploads\/2024\/10\/FOTO-1.png?fit=1160%2C653&ssl=1&resize=1050%2C600 3x"},"classes":[]},{"id":6882,"url":"https:\/\/kampkomiteen.net\/?p=6882","url_meta":{"origin":7907,"position":2},"title":"Kristiansand: Plakater for 8. mars","author":"Kampkomiteen","date":"1. mars 2024","format":false,"excerpt":"Det er satt opp plakater for 8. mars i Kristiansand sentrum.\u00a0","rel":"","context":"i \"8. mars\"","block_context":{"text":"8. mars","link":"https:\/\/kampkomiteen.net\/?tag=8-mars"},"img":{"alt_text":"","src":"https:\/\/i0.wp.com\/kampkomiteen.net\/wp-content\/uploads\/2024\/03\/8M-scaled.jpg?fit=1200%2C697&ssl=1&resize=350%2C200","width":350,"height":200,"srcset":"https:\/\/i0.wp.com\/kampkomiteen.net\/wp-content\/uploads\/2024\/03\/8M-scaled.jpg?fit=1200%2C697&ssl=1&resize=350%2C200 1x, https:\/\/i0.wp.com\/kampkomiteen.net\/wp-content\/uploads\/2024\/03\/8M-scaled.jpg?fit=1200%2C697&ssl=1&resize=525%2C300 1.5x, https:\/\/i0.wp.com\/kampkomiteen.net\/wp-content\/uploads\/2024\/03\/8M-scaled.jpg?fit=1200%2C697&ssl=1&resize=700%2C400 2x, https:\/\/i0.wp.com\/kampkomiteen.net\/wp-content\/uploads\/2024\/03\/8M-scaled.jpg?fit=1200%2C697&ssl=1&resize=1050%2C600 3x"},"classes":[]},{"id":9870,"url":"https:\/\/kampkomiteen.net\/?p=9870","url_meta":{"origin":7907,"position":3},"title":"Kristiansand: Palestinasolidaritet","author":"Kampkomiteen","date":"27. oktober 2025","format":false,"excerpt":"Den siste uka har aktivister fra Kampkomiteen deltatt i l\u00f8rdagsdemonstrasjonen for Palestina, og i sentrum, p\u00e5 Slettheia og Grim er det er satt opp plakater, klistremerker og et banner.","rel":"","context":"i \"Palestina\"","block_context":{"text":"Palestina","link":"https:\/\/kampkomiteen.net\/?tag=palestina"},"img":{"alt_text":"","src":"https:\/\/i0.wp.com\/kampkomiteen.net\/wp-content\/uploads\/2025\/10\/fritt-palestina.jpg?fit=1160%2C653&ssl=1&resize=350%2C200","width":350,"height":200,"srcset":"https:\/\/i0.wp.com\/kampkomiteen.net\/wp-content\/uploads\/2025\/10\/fritt-palestina.jpg?fit=1160%2C653&ssl=1&resize=350%2C200 1x, https:\/\/i0.wp.com\/kampkomiteen.net\/wp-content\/uploads\/2025\/10\/fritt-palestina.jpg?fit=1160%2C653&ssl=1&resize=525%2C300 1.5x, https:\/\/i0.wp.com\/kampkomiteen.net\/wp-content\/uploads\/2025\/10\/fritt-palestina.jpg?fit=1160%2C653&ssl=1&resize=700%2C400 2x, https:\/\/i0.wp.com\/kampkomiteen.net\/wp-content\/uploads\/2025\/10\/fritt-palestina.jpg?fit=1160%2C653&ssl=1&resize=1050%2C600 3x"},"classes":[]},{"id":10616,"url":"https:\/\/kampkomiteen.net\/?p=10616","url_meta":{"origin":7907,"position":4},"title":"Kristiansand: Solidaritet med Palestina","author":"Kampkomiteen","date":"3. mars 2026","format":false,"excerpt":"Kampkomiteen har satt opp plakater til st\u00f8tte for den palestinske motstandskampen og deltatt i l\u00f8rdagsdemonstrasjonene for Palestina.","rel":"","context":"i \"Demonstrasjon\"","block_context":{"text":"Demonstrasjon","link":"https:\/\/kampkomiteen.net\/?tag=demonstrasjon"},"img":{"alt_text":"","src":"https:\/\/i0.wp.com\/kampkomiteen.net\/wp-content\/uploads\/2026\/03\/foto.jpg?fit=1160%2C653&ssl=1&resize=350%2C200","width":350,"height":200,"srcset":"https:\/\/i0.wp.com\/kampkomiteen.net\/wp-content\/uploads\/2026\/03\/foto.jpg?fit=1160%2C653&ssl=1&resize=350%2C200 1x, https:\/\/i0.wp.com\/kampkomiteen.net\/wp-content\/uploads\/2026\/03\/foto.jpg?fit=1160%2C653&ssl=1&resize=525%2C300 1.5x, https:\/\/i0.wp.com\/kampkomiteen.net\/wp-content\/uploads\/2026\/03\/foto.jpg?fit=1160%2C653&ssl=1&resize=700%2C400 2x, https:\/\/i0.wp.com\/kampkomiteen.net\/wp-content\/uploads\/2026\/03\/foto.jpg?fit=1160%2C653&ssl=1&resize=1050%2C600 3x"},"classes":[]},{"id":8263,"url":"https:\/\/kampkomiteen.net\/?p=8263","url_meta":{"origin":7907,"position":5},"title":"Kristiansand: Plakataksjon","author":"Kampkomiteen","date":"9. februar 2025","format":false,"excerpt":"Kampkomiteen har satt opp plakater i Kristiansand sentrum, til st\u00f8tte for fattigb\u00f8ndene i Brasil og for det palestinske folket.","rel":"","context":"i \"Brasil\"","block_context":{"text":"Brasil","link":"https:\/\/kampkomiteen.net\/?tag=brasil"},"img":{"alt_text":"","src":"https:\/\/i0.wp.com\/kampkomiteen.net\/wp-content\/uploads\/2025\/02\/plakat.jpg?fit=1200%2C760&ssl=1&resize=350%2C200","width":350,"height":200,"srcset":"https:\/\/i0.wp.com\/kampkomiteen.net\/wp-content\/uploads\/2025\/02\/plakat.jpg?fit=1200%2C760&ssl=1&resize=350%2C200 1x, https:\/\/i0.wp.com\/kampkomiteen.net\/wp-content\/uploads\/2025\/02\/plakat.jpg?fit=1200%2C760&ssl=1&resize=525%2C300 1.5x, https:\/\/i0.wp.com\/kampkomiteen.net\/wp-content\/uploads\/2025\/02\/plakat.jpg?fit=1200%2C760&ssl=1&resize=700%2C400 2x, https:\/\/i0.wp.com\/kampkomiteen.net\/wp-content\/uploads\/2025\/02\/plakat.jpg?fit=1200%2C760&ssl=1&resize=1050%2C600 3x"},"classes":[]}],"jetpack_sharing_enabled":true,"_links":{"self":[{"href":"https:\/\/kampkomiteen.net\/index.php?rest_route=\/wp\/v2\/posts\/7907","targetHints":{"allow":["GET"]}}],"collection":[{"href":"https:\/\/kampkomiteen.net\/index.php?rest_route=\/wp\/v2\/posts"}],"about":[{"href":"https:\/\/kampkomiteen.net\/index.php?rest_route=\/wp\/v2\/types\/post"}],"author":[{"embeddable":true,"href":"https:\/\/kampkomiteen.net\/index.php?rest_route=\/wp\/v2\/users\/8"}],"replies":[{"embeddable":true,"href":"https:\/\/kampkomiteen.net\/index.php?rest_route=%2Fwp%2Fv2%2Fcomments&post=7907"}],"version-history":[{"count":2,"href":"https:\/\/kampkomiteen.net\/index.php?rest_route=\/wp\/v2\/posts\/7907\/revisions"}],"predecessor-version":[{"id":7913,"href":"https:\/\/kampkomiteen.net\/index.php?rest_route=\/wp\/v2\/posts\/7907\/revisions\/7913"}],"wp:featuredmedia":[{"embeddable":true,"href":"https:\/\/kampkomiteen.net\/index.php?rest_route=\/wp\/v2\/media\/7911"}],"wp:attachment":[{"href":"https:\/\/kampkomiteen.net\/index.php?rest_route=%2Fwp%2Fv2%2Fmedia&parent=7907"}],"wp:term":[{"taxonomy":"category","embeddable":true,"href":"https:\/\/kampkomiteen.net\/index.php?rest_route=%2Fwp%2Fv2%2Fcategories&post=7907"},{"taxonomy":"post_tag","embeddable":true,"href":"https:\/\/kampkomiteen.net\/index.php?rest_route=%2Fwp%2Fv2%2Ftags&post=7907"}],"curies":[{"name":"wp","href":"https:\/\/api.w.org\/{rel}","templated":true}]}}