{"id":7889,"date":"2024-10-19T20:48:28","date_gmt":"2024-10-19T18:48:28","guid":{"rendered":"https:\/\/kampkomiteen.net\/?p=7889"},"modified":"2024-10-22T22:40:07","modified_gmt":"2024-10-22T20:40:07","slug":"kristiansand-plakataksjon","status":"publish","type":"post","link":"https:\/\/kampkomiteen.net\/?p=7889","title":{"rendered":"Kristiansand: Plakataksjon"},"content":{"rendered":"<div id=\"fb-root\"><\/div>\n\n<p><em>Skrevet av aktivister i Kristiansand.<\/em><\/p>\n\n\n\n<p>I Kristiansand sentrum er det satt opp plakater for Palestina. P\u00e5 den ene plakaten st\u00e5r det \u00abSt\u00f8tt den palestinske motstandskampen &#8211; Fritt Palestina\u00bb og p\u00e5 den andre, som er fra <a href=\"https:\/\/ail-red.com\/the-al-aqsa-flood-is-a-torch-of-resistance-which-strengthens-the-determination-of-the-oppressed-peoples-to-struggle-against-the-genocidal-israeli-state-and-imperialist-aggression\/\">Koordineringskomiteen for Antiimperialistisk Forbund (AIL)<\/a> st\u00e5r det \u00abPalestine is our country &#8211; Together we will win&raquo;.<\/p>\n\n\n\n<p>Det er ogs\u00e5 satt opp plakater for den meksikanske kvinnesaks- og urfolksadvokaten og aktivisten <a href=\"https:\/\/solrojista.blogspot.com\/2024\/10\/normal-0-21-false-false-false-es-mx-x.html\">Sandra Est\u00e9fana Dom\u00ednguez Mart\u00ednez<\/a> som forsvant 4. oktober. Aktivisten har de siste \u00e5rene anklagd og offentliggjort navnene p\u00e5 en rekke politikere som har spredd pornografiske bilder av urfolkskvinner p\u00e5 nett. I Mexico er over 116.000 tvangsforsvunnet, og det er en metode staten bruker mot aktivister og revolusjon\u00e6re, der de f\u00e5r personer til \u00e5 forsvinne ved drap eller kidnapping, men nekter \u00e5 ha kjennskap til det. P\u00e5 plakaten, som er fra Sol Rojo og Consorcio Oaxaca, st\u00e5r kravet om at hun skal \u00abpresenteres i live\u00bb.<\/p>\n\n\n\n<figure class=\"wp-block-image\"><img decoding=\"async\" src=\"https:\/\/lh7-rt.googleusercontent.com\/docsz\/AD_4nXfwMS44v_h01TNL427RZy0x0OZdPivogZtb58d0iJX5RYwuL_TpfvXw-RFqLzFGoi99M2hrMg-HWSE1JT4ZqeICxHu5RlVrogWH9Lla8afVXsn7oOf-GLUeFAI85XR3wu2pqgsxk-zTJ4N8JZz2yBB7LTU?key=XY5vLOrG1Jq9VN-3Uuzv8w\" alt=\"\"\/><\/figure>\n\n\n\n<figure class=\"wp-block-image\"><img decoding=\"async\" src=\"https:\/\/lh7-rt.googleusercontent.com\/docsz\/AD_4nXcrOwaLkC8pxZX_0-WpowenFmeSD-2-Zb0lFjvU_cHimxcP8bflcEY5bc17GdjjxUspvMiyVoo9GI58-yndffbsivX7ja7kIjP0IBwUS_FXx7WxBwE0T1GPqZW3MUqnmLQoKcua81uCBnnovT51NEYeNCh9?key=XY5vLOrG1Jq9VN-3Uuzv8w\" alt=\"\"\/><\/figure>\n\n\n\n<figure class=\"wp-block-image\"><img decoding=\"async\" src=\"https:\/\/lh7-rt.googleusercontent.com\/docsz\/AD_4nXdvNg4s7jLk9s8KwZ3LGqzUAGgF2Nz-bR6P6BnuS2YuibFgFjkLCRxCf4WtmIbsiRB7hn3eagvyxu9hiJrLwyfeHcHfjIGBcjJD_ML65P9lAnkQhkazgLxDzZLV4sN2A-6tpkka_egzrOe6U4xkY7NwRfmg?key=XY5vLOrG1Jq9VN-3Uuzv8w\" alt=\"\"\/><\/figure>\n\n\n\n<figure class=\"wp-block-image\"><img decoding=\"async\" src=\"https:\/\/lh7-rt.googleusercontent.com\/docsz\/AD_4nXeRhMaMulfXh8xfkkJmXZzoGAE36b0WfKBMfZNirNst3eeuw34MLzUL8btq7JSrn4ESxfv6u-wdYyBcKMLDPZPaAHTzBTJsF-bl3iG8NIcUloOLmzF8dPSC4ZSxwxOixdHOvf5SkP2uIfO3yH1QvQ1XcoPu?key=XY5vLOrG1Jq9VN-3Uuzv8w\" alt=\"\"\/><\/figure>\n\n\n\n<figure class=\"wp-block-image\"><img decoding=\"async\" src=\"https:\/\/lh7-rt.googleusercontent.com\/docsz\/AD_4nXeF4jEoLcnvCNFshb_QPyRHubf5p75ydibmM7m_q51jiEH-CZJu9YteXHV-o5ItsNmiIJzMXvDD6WJ2w9BH2YICYiEVFqYPCI74nphA1Sdad6s_IoNISlmw639r8dI-oCJw5lnNAwWsUyuzy_jSbr-95pOn?key=XY5vLOrG1Jq9VN-3Uuzv8w\" alt=\"\"\/><\/figure>\n\n\n\n<figure class=\"wp-block-image\"><img decoding=\"async\" src=\"https:\/\/lh7-rt.googleusercontent.com\/docsz\/AD_4nXcuBX3CMLSkjxKmNYUVdsnJT_nP3MVh_ddaIB0AnXTcBjdLjs6CjN07M1KUpy_P2dQEiSQOZtCTxzqkJJ4eaKX5QLxMKzOLBWsyXN709iHSvDz5l5XMGo12WrHdgFrIANA9PSaVupjH4q6ntFAH4-wFqj0?key=XY5vLOrG1Jq9VN-3Uuzv8w\" alt=\"\"\/><\/figure>\n","protected":false},"excerpt":{"rendered":"<p>I Kristiansand sentrum er det satt opp plakater til st\u00f8tte for den palestinske motstandskampen og for den meksikanske kvinnesaks- og urfolksadvokaten Sandra Est\u00e9fana Dom\u00ednguez Mart\u00ednez. <\/p>\n","protected":false},"author":8,"featured_media":7898,"comment_status":"closed","ping_status":"closed","sticky":false,"template":"","format":"standard","meta":{"advanced_seo_description":"","jetpack_seo_html_title":"","jetpack_seo_noindex":false,"_jetpack_memberships_contains_paid_content":false,"footnotes":""},"categories":[1],"tags":[78,24,58,21,47,67],"class_list":["post-7889","post","type-post","status-publish","format-standard","has-post-thumbnail","hentry","category-uncategorized","tag-antiimperialistisk-forbund","tag-kvinnekamp","tag-mexico","tag-palestina","tag-solidaritet","tag-urfolk"],"jetpack_featured_media_url":"https:\/\/i0.wp.com\/kampkomiteen.net\/wp-content\/uploads\/2024\/10\/FOTO-4.png?fit=1160%2C653&ssl=1","jetpack_shortlink":"https:\/\/wp.me\/pchuPf-23f","jetpack-related-posts":[{"id":7907,"url":"https:\/\/kampkomiteen.net\/?p=7907","url_meta":{"origin":7889,"position":0},"title":"Kristiansand: Plakater for den palestinske motstandskampen","author":"Kampkomiteen","date":"22. oktober 2024","format":false,"excerpt":"I Kristiansand sentrum og p\u00e5 Universitetet i Agder er det satt opp plakater for Palestina.","rel":"","context":"i \"Antiimperialisme\"","block_context":{"text":"Antiimperialisme","link":"https:\/\/kampkomiteen.net\/?tag=antiimperialisme"},"img":{"alt_text":"","src":"https:\/\/i0.wp.com\/kampkomiteen.net\/wp-content\/uploads\/2024\/10\/FOTO-3.png?fit=1160%2C653&ssl=1&resize=350%2C200","width":350,"height":200,"srcset":"https:\/\/i0.wp.com\/kampkomiteen.net\/wp-content\/uploads\/2024\/10\/FOTO-3.png?fit=1160%2C653&ssl=1&resize=350%2C200 1x, https:\/\/i0.wp.com\/kampkomiteen.net\/wp-content\/uploads\/2024\/10\/FOTO-3.png?fit=1160%2C653&ssl=1&resize=525%2C300 1.5x, https:\/\/i0.wp.com\/kampkomiteen.net\/wp-content\/uploads\/2024\/10\/FOTO-3.png?fit=1160%2C653&ssl=1&resize=700%2C400 2x, https:\/\/i0.wp.com\/kampkomiteen.net\/wp-content\/uploads\/2024\/10\/FOTO-3.png?fit=1160%2C653&ssl=1&resize=1050%2C600 3x"},"classes":[]},{"id":6882,"url":"https:\/\/kampkomiteen.net\/?p=6882","url_meta":{"origin":7889,"position":1},"title":"Kristiansand: Plakater for 8. mars","author":"Kampkomiteen","date":"1. mars 2024","format":false,"excerpt":"Det er satt opp plakater for 8. mars i Kristiansand sentrum.\u00a0","rel":"","context":"i \"8. mars\"","block_context":{"text":"8. mars","link":"https:\/\/kampkomiteen.net\/?tag=8-mars"},"img":{"alt_text":"","src":"https:\/\/i0.wp.com\/kampkomiteen.net\/wp-content\/uploads\/2024\/03\/8M-scaled.jpg?fit=1200%2C697&ssl=1&resize=350%2C200","width":350,"height":200,"srcset":"https:\/\/i0.wp.com\/kampkomiteen.net\/wp-content\/uploads\/2024\/03\/8M-scaled.jpg?fit=1200%2C697&ssl=1&resize=350%2C200 1x, https:\/\/i0.wp.com\/kampkomiteen.net\/wp-content\/uploads\/2024\/03\/8M-scaled.jpg?fit=1200%2C697&ssl=1&resize=525%2C300 1.5x, https:\/\/i0.wp.com\/kampkomiteen.net\/wp-content\/uploads\/2024\/03\/8M-scaled.jpg?fit=1200%2C697&ssl=1&resize=700%2C400 2x, https:\/\/i0.wp.com\/kampkomiteen.net\/wp-content\/uploads\/2024\/03\/8M-scaled.jpg?fit=1200%2C697&ssl=1&resize=1050%2C600 3x"},"classes":[]},{"id":9870,"url":"https:\/\/kampkomiteen.net\/?p=9870","url_meta":{"origin":7889,"position":2},"title":"Kristiansand: Palestinasolidaritet","author":"Kampkomiteen","date":"27. oktober 2025","format":false,"excerpt":"Den siste uka har aktivister fra Kampkomiteen deltatt i l\u00f8rdagsdemonstrasjonen for Palestina, og i sentrum, p\u00e5 Slettheia og Grim er det er satt opp plakater, klistremerker og et banner.","rel":"","context":"i \"Palestina\"","block_context":{"text":"Palestina","link":"https:\/\/kampkomiteen.net\/?tag=palestina"},"img":{"alt_text":"","src":"https:\/\/i0.wp.com\/kampkomiteen.net\/wp-content\/uploads\/2025\/10\/fritt-palestina.jpg?fit=1160%2C653&ssl=1&resize=350%2C200","width":350,"height":200,"srcset":"https:\/\/i0.wp.com\/kampkomiteen.net\/wp-content\/uploads\/2025\/10\/fritt-palestina.jpg?fit=1160%2C653&ssl=1&resize=350%2C200 1x, https:\/\/i0.wp.com\/kampkomiteen.net\/wp-content\/uploads\/2025\/10\/fritt-palestina.jpg?fit=1160%2C653&ssl=1&resize=525%2C300 1.5x, https:\/\/i0.wp.com\/kampkomiteen.net\/wp-content\/uploads\/2025\/10\/fritt-palestina.jpg?fit=1160%2C653&ssl=1&resize=700%2C400 2x, https:\/\/i0.wp.com\/kampkomiteen.net\/wp-content\/uploads\/2025\/10\/fritt-palestina.jpg?fit=1160%2C653&ssl=1&resize=1050%2C600 3x"},"classes":[]},{"id":8263,"url":"https:\/\/kampkomiteen.net\/?p=8263","url_meta":{"origin":7889,"position":3},"title":"Kristiansand: Plakataksjon","author":"Kampkomiteen","date":"9. februar 2025","format":false,"excerpt":"Kampkomiteen har satt opp plakater i Kristiansand sentrum, til st\u00f8tte for fattigb\u00f8ndene i Brasil og for det palestinske folket.","rel":"","context":"i \"Brasil\"","block_context":{"text":"Brasil","link":"https:\/\/kampkomiteen.net\/?tag=brasil"},"img":{"alt_text":"","src":"https:\/\/i0.wp.com\/kampkomiteen.net\/wp-content\/uploads\/2025\/02\/plakat.jpg?fit=1200%2C760&ssl=1&resize=350%2C200","width":350,"height":200,"srcset":"https:\/\/i0.wp.com\/kampkomiteen.net\/wp-content\/uploads\/2025\/02\/plakat.jpg?fit=1200%2C760&ssl=1&resize=350%2C200 1x, https:\/\/i0.wp.com\/kampkomiteen.net\/wp-content\/uploads\/2025\/02\/plakat.jpg?fit=1200%2C760&ssl=1&resize=525%2C300 1.5x, https:\/\/i0.wp.com\/kampkomiteen.net\/wp-content\/uploads\/2025\/02\/plakat.jpg?fit=1200%2C760&ssl=1&resize=700%2C400 2x, https:\/\/i0.wp.com\/kampkomiteen.net\/wp-content\/uploads\/2025\/02\/plakat.jpg?fit=1200%2C760&ssl=1&resize=1050%2C600 3x"},"classes":[]},{"id":10616,"url":"https:\/\/kampkomiteen.net\/?p=10616","url_meta":{"origin":7889,"position":4},"title":"Kristiansand: Solidaritet med Palestina","author":"Kampkomiteen","date":"3. mars 2026","format":false,"excerpt":"Kampkomiteen har satt opp plakater til st\u00f8tte for den palestinske motstandskampen og deltatt i l\u00f8rdagsdemonstrasjonene for Palestina.","rel":"","context":"i \"Demonstrasjon\"","block_context":{"text":"Demonstrasjon","link":"https:\/\/kampkomiteen.net\/?tag=demonstrasjon"},"img":{"alt_text":"","src":"https:\/\/i0.wp.com\/kampkomiteen.net\/wp-content\/uploads\/2026\/03\/foto.jpg?fit=1160%2C653&ssl=1&resize=350%2C200","width":350,"height":200,"srcset":"https:\/\/i0.wp.com\/kampkomiteen.net\/wp-content\/uploads\/2026\/03\/foto.jpg?fit=1160%2C653&ssl=1&resize=350%2C200 1x, https:\/\/i0.wp.com\/kampkomiteen.net\/wp-content\/uploads\/2026\/03\/foto.jpg?fit=1160%2C653&ssl=1&resize=525%2C300 1.5x, https:\/\/i0.wp.com\/kampkomiteen.net\/wp-content\/uploads\/2026\/03\/foto.jpg?fit=1160%2C653&ssl=1&resize=700%2C400 2x, https:\/\/i0.wp.com\/kampkomiteen.net\/wp-content\/uploads\/2026\/03\/foto.jpg?fit=1160%2C653&ssl=1&resize=1050%2C600 3x"},"classes":[]},{"id":7429,"url":"https:\/\/kampkomiteen.net\/?p=7429","url_meta":{"origin":7889,"position":5},"title":"Kristiansand: Demonstrasjon og plakater","author":"Kampkomiteen","date":"25. mai 2024","format":false,"excerpt":"L\u00f8rdag 25. mai deltok Kampkomiteen i den ukentlige demonstrasjonen mot okkupasjon og folkemord, og satte opp plakater i Kristiansand sentrum.","rel":"","context":"i \"Chile\"","block_context":{"text":"Chile","link":"https:\/\/kampkomiteen.net\/?tag=chile"},"img":{"alt_text":"","src":"https:\/\/i0.wp.com\/kampkomiteen.net\/wp-content\/uploads\/2024\/05\/Plakater.png?fit=1160%2C653&ssl=1&resize=350%2C200","width":350,"height":200,"srcset":"https:\/\/i0.wp.com\/kampkomiteen.net\/wp-content\/uploads\/2024\/05\/Plakater.png?fit=1160%2C653&ssl=1&resize=350%2C200 1x, https:\/\/i0.wp.com\/kampkomiteen.net\/wp-content\/uploads\/2024\/05\/Plakater.png?fit=1160%2C653&ssl=1&resize=525%2C300 1.5x, https:\/\/i0.wp.com\/kampkomiteen.net\/wp-content\/uploads\/2024\/05\/Plakater.png?fit=1160%2C653&ssl=1&resize=700%2C400 2x, https:\/\/i0.wp.com\/kampkomiteen.net\/wp-content\/uploads\/2024\/05\/Plakater.png?fit=1160%2C653&ssl=1&resize=1050%2C600 3x"},"classes":[]}],"jetpack_sharing_enabled":true,"_links":{"self":[{"href":"https:\/\/kampkomiteen.net\/index.php?rest_route=\/wp\/v2\/posts\/7889","targetHints":{"allow":["GET"]}}],"collection":[{"href":"https:\/\/kampkomiteen.net\/index.php?rest_route=\/wp\/v2\/posts"}],"about":[{"href":"https:\/\/kampkomiteen.net\/index.php?rest_route=\/wp\/v2\/types\/post"}],"author":[{"embeddable":true,"href":"https:\/\/kampkomiteen.net\/index.php?rest_route=\/wp\/v2\/users\/8"}],"replies":[{"embeddable":true,"href":"https:\/\/kampkomiteen.net\/index.php?rest_route=%2Fwp%2Fv2%2Fcomments&post=7889"}],"version-history":[{"count":2,"href":"https:\/\/kampkomiteen.net\/index.php?rest_route=\/wp\/v2\/posts\/7889\/revisions"}],"predecessor-version":[{"id":7892,"href":"https:\/\/kampkomiteen.net\/index.php?rest_route=\/wp\/v2\/posts\/7889\/revisions\/7892"}],"wp:featuredmedia":[{"embeddable":true,"href":"https:\/\/kampkomiteen.net\/index.php?rest_route=\/wp\/v2\/media\/7898"}],"wp:attachment":[{"href":"https:\/\/kampkomiteen.net\/index.php?rest_route=%2Fwp%2Fv2%2Fmedia&parent=7889"}],"wp:term":[{"taxonomy":"category","embeddable":true,"href":"https:\/\/kampkomiteen.net\/index.php?rest_route=%2Fwp%2Fv2%2Fcategories&post=7889"},{"taxonomy":"post_tag","embeddable":true,"href":"https:\/\/kampkomiteen.net\/index.php?rest_route=%2Fwp%2Fv2%2Ftags&post=7889"}],"curies":[{"name":"wp","href":"https:\/\/api.w.org\/{rel}","templated":true}]}}