{"id":7663,"date":"2024-09-08T19:25:47","date_gmt":"2024-09-08T17:25:47","guid":{"rendered":"https:\/\/kampkomiteen.net\/?p=7663"},"modified":"2024-09-08T19:25:47","modified_gmt":"2024-09-08T17:25:47","slug":"trondheim-demonstrasjon-mot-politivold-og-represjon","status":"publish","type":"post","link":"https:\/\/kampkomiteen.net\/?p=7663","title":{"rendered":"Trondheim: Demonstrasjon mot politivold og represjon"},"content":{"rendered":"<div id=\"fb-root\"><\/div>\n\n<p class=\"wp-block-paragraph\"><em>Skrevet av aktivister i Trondheim.<\/em><\/p>\n\n\n\n<p class=\"wp-block-paragraph\"><strong>Fredag 6. september arrangerte Kampkomiteen i Trondheim en demonstrasjon mot politivold, represjon og rasisme. Demonstrasjonen ble avholdt i anledning \u00e5rsdagen for da politiet i Trondheim drepte Eugene Obiora i 2006.<\/strong><\/p>\n\n\n\n<p class=\"wp-block-paragraph\">Demonstrasjonen startet med l\u00f8peseddelutdeling p\u00e5 torget, der det ble delt ut l\u00f8pesedler med informasjon om det rasistiske drapet p\u00e5 Obiora og at norsk politi dreper stadig oftere. Aktivistene stilte opp med banner med slagordet \u201cKamp mot politivold og represjon!,\u201d h\u00e5ndplakater og et malt portrett av Eugene Obiora.&nbsp;<\/p>\n\n\n\n<p class=\"wp-block-paragraph\">Deretter gikk demonstrasjonen i tog bort til Nordre gate, ei travel g\u00e5gate i sentrum, hvor det ble holdt en appell og delt ut flere l\u00f8pesedler. Appellen tok blant annet opp at det ikke var tilfeldig at Eugene Obiora ble drept utenfor et sosialkontor &#8211; at politiets vold rammer f\u00f8rst og fremst fattige, arbeidere og svarte, innvandrere, rusmisbrukere og psykisk syke. Det ble ogs\u00e5 understreket at dette drapet ikke var et enkelttilfelle, og at politiet i Norge dreper stadig oftere. Siden 2019 har syv personer blitt drept av norsk politi: Tron Simen Lien, Tor Henning Dalen, Morten Michelsen, Mirza Osmanovic, Rustam Louis Foss, Hans Arne Nystad og John \u00c5reskjold. De fleste hadde psykiske helseproblemer. Hos noen av dem var politiet i utgangspunktet tilkalt for \u00e5 gjennomf\u00f8re en velferdssjekk eller \u00e5 bist\u00e5 helsevesenet, og de etterlatte i flere av sakene har v\u00e6rt sv\u00e6rt kritiske i media til politiets framgangsm\u00e5te.&nbsp;<\/p>\n\n\n\n<p class=\"wp-block-paragraph\">Etter appellen i Nordre gate gikk demonstrasjonstoget videre gjennom sentrum ned til politistasjonen. P\u00e5 veien ble det ropt slagord som \u201cRettferd for Obiora!,\u201d \u201cIngen rasister i v\u00e5re gater &#8211; med eller uten uniform!\u201d og \u201cPoliti og milit\u00e6r -kapitalens leieh\u00e6r!\u201d Utenfor politistasjonen ble det holdt en ny appell, som tok opp hvordan politiets rasisme m\u00e5 sees i sammenheng med imperialismen og at dens plyndringer tvinger folk til \u00e5 flykte for \u00e5 br\u00f8df\u00f8 familier, politiets skammelige h\u00e5ndtering av saken og at dette, samt at de fokuserer p\u00e5 fattige bydeler i Oslo i \u201ckampen mot narkotika\u201d selv om det brukes mer narkotika p\u00e5 vestkanten, og at de overv\u00e5ker de som protesterer mot overgrepene og for eksempel palestinaaktivister viser at politiet ikke st\u00e5r p\u00e5 folkets side .&nbsp;<\/p>\n\n\n\n<p class=\"wp-block-paragraph\">Det ble ogs\u00e5 satt ned et bilde av Obiora sammen med lykter og blomster, og holdt ett minutts stillhet. Demonstrasjonen avsluttet med at slagordet \u00abRettferd for Obiora!\u00bb ble ropt taktfast i det demonstrasjonen gikk videre mot Solsiden.<\/p>\n\n\n\n<figure class=\"wp-block-image\"><img decoding=\"async\" src=\"https:\/\/lh7-rt.googleusercontent.com\/docsz\/AD_4nXdqSJQ_eRo7lo2zkQLKIBZQo9G6UAqOWMJSvmKL3qXp4_VP3vNFpuR7XfIO0wn6A9kGqiJnQzAFixMecjzOtJS8DL7qO7s64pXSh1NryYdDloWQxoP5ig5CfZSRwKdWpMoR5nJlYoGfghc3EeG3jy91ZTwP?key=fx08JoJhSstOXHFxFHoClQ\" alt=\"\"\/><\/figure>\n\n\n\n<figure class=\"wp-block-image\"><img decoding=\"async\" src=\"https:\/\/lh7-rt.googleusercontent.com\/docsz\/AD_4nXf2u64NnHEZ3uT55Uz-l2tCmVKhAkfUqTQ7nwH2PdotVHbr7gjXJVTtB0d_54bGtjsuDaoQ9hwLQo0AuBmNmq4Rn6ttNJ0B0Iya9YMsSyfziSPsolRqsF-1q2xnmr9_YSxF8WzfOCGGUSr3k3bqNx2gmBE?key=fx08JoJhSstOXHFxFHoClQ\" alt=\"\"\/><\/figure>\n\n\n\n<figure class=\"wp-block-image\"><img decoding=\"async\" src=\"https:\/\/lh7-rt.googleusercontent.com\/docsz\/AD_4nXdkYdVBJtWSunVkEXSqBpQNINOKma6CH5UUFiob7ry2F0QF5Js1ODkGITO4jmjkiT5ocAf0SWd23H0x_t2gkLvq92qiW6mTjzQeKM0pc281lhofd39_1Ul5SS8hUNskZrSWrqZChzxsnRUqZZMGG43lzwSw?key=fx08JoJhSstOXHFxFHoClQ\" alt=\"\"\/><\/figure>\n\n\n\n<figure class=\"wp-block-image\"><img decoding=\"async\" src=\"https:\/\/lh7-rt.googleusercontent.com\/docsz\/AD_4nXfh5fVwffspLfPbUyrswtTy1TPKLvpWot2KCSWJTlDf_wKmlq0jc73bxGbgnEgDYTWT7YrkA5VBHvUUxi6RXb2lTbwz-kQ9NG3ZcvAQxCen-SfD9fXufA3C8Vz5XraQu-JD4sBXgwmOPxD9MwLSu6Ro-YxK?key=fx08JoJhSstOXHFxFHoClQ\" alt=\"\"\/><\/figure>\n\n\n\n<figure class=\"wp-block-image\"><img decoding=\"async\" src=\"https:\/\/lh7-rt.googleusercontent.com\/docsz\/AD_4nXf6mo8qQPsG8VxGe1x6jormStCuFv-VRZBfuq_rwF3OrpqDcmTctJ1fJhr2H7w16cf_-slspjRxtpemJWe-HMjz0T1KH7FzT2445Rw-UICIyus4nfgR2z2eCCyHar-tU33x513xmNvhrK3fRCRuO34C0Eqd?key=fx08JoJhSstOXHFxFHoClQ\" alt=\"\"\/><\/figure>\n\n\n\n<figure class=\"wp-block-image\"><img decoding=\"async\" src=\"https:\/\/lh7-rt.googleusercontent.com\/docsz\/AD_4nXf1EoLpE2SPLgjxujaxQQJ0Ylnelgc5SGRU1ykVGSxUoJQUiUdeQZFBUMwj9KEBvcEX2HlpnS9MyNb8QuUDXuzY5MwjAe_8Gn9p_o-kjt7RwLHcJSyVLf2pgCa9lBRzTROpgqhg--nc-DidUtyxrgi3WmY?key=fx08JoJhSstOXHFxFHoClQ\" alt=\"\"\/><\/figure>\n\n\n\n<figure class=\"wp-block-image\"><img decoding=\"async\" src=\"https:\/\/lh7-rt.googleusercontent.com\/docsz\/AD_4nXeUW0TQV1dpFNfdDSXRHzBMLVAnV1pab3v7vL3GPLYM3s5eInwn0I5OpzSomLiKqhtCnNIulqU1VI3N3Z_o0zlMTVZsy871hPJHV9exgdnwQj8jiF20R5SkD-Cd2D1NiJpBfCJSxfv4oILT1jrfGQov6SA?key=fx08JoJhSstOXHFxFHoClQ\" alt=\"\"\/><\/figure>\n\n\n\n<figure class=\"wp-block-image\"><img decoding=\"async\" src=\"https:\/\/lh7-rt.googleusercontent.com\/docsz\/AD_4nXfBm-Jy5EulPLhW0juNHjM6J4N2MVSY6dfw1n2MQg9rKuQ79TReeA_HBrDqN8pfticnPjrpuERk_V_JfgNNPFtpVtiX0BxbbPOaduVAXKtQC00kzaWP5tlNKhbyrhO4Ciq7eaeTUTxF1PTWVHPp34Vncxc?key=fx08JoJhSstOXHFxFHoClQ\" alt=\"\"\/><\/figure>\n\n\n\n<figure class=\"wp-block-image\"><img decoding=\"async\" src=\"https:\/\/lh7-rt.googleusercontent.com\/docsz\/AD_4nXcCXKlIXbzqBVP9VDconQe4aG_CDEN2bH36W529VkUE-Tgf_tPPWAC8U5fSbCiwwe_Z9sXQzaXRWEv8SGXwwzH47KBXgXC0wijl4qprXdLZtl5c3ije6lGpfnMUYRYsJyx9rUjFCULrDLWihOiTvrSGIVHv?key=fx08JoJhSstOXHFxFHoClQ\" alt=\"\"\/><\/figure>\n\n\n\n<figure class=\"wp-block-image\"><img decoding=\"async\" src=\"https:\/\/lh7-rt.googleusercontent.com\/docsz\/AD_4nXf4Jag5anudfl81dCKDnVVtEckG4VJcFPiHNokmIHSpQnAeKgT8eSRWnrakqPGrP7gQNERcoYBVH8nb1ZiSpPK2LYLerwMiWrWCfPcxN0hv12Si0YdlEWU-92RN4daP85yqgCR8KsjBg3R4gRTGVkJVlS4b?key=fx08JoJhSstOXHFxFHoClQ\" alt=\"\"\/><\/figure>\n\n\n\n<figure class=\"wp-block-image\"><img decoding=\"async\" src=\"https:\/\/lh7-rt.googleusercontent.com\/docsz\/AD_4nXdOyRYdfaA4TaTTrJfsVWcZUn-DMDgAUcVhEejddThQ62DZO5prifkP3QIBqb1umVwAOI88mcAAoX2lgSzqQX94x4ujiCpKYEFqLwq-w3zwUSFaGZ2c7vChnFc9vySs1qDrBiw71QW40hfdunjBvcM29Z41?key=fx08JoJhSstOXHFxFHoClQ\" alt=\"\"\/><\/figure>\n\n\n\n<figure class=\"wp-block-image\"><img decoding=\"async\" src=\"https:\/\/lh7-rt.googleusercontent.com\/docsz\/AD_4nXd1HalzI2JDOk9y5pLjuOMp9etziJmvvfUW_hQqWzXcHK2_9JQxRkSkMZeKk9uzZ0hVx4dmaVaFOdc9pk2r3bSzXl47nZJ_JxZcJ_8Vm5ItUY4eKZO14BSRcsSIFPK15EXyzNh5MxzmcbqebSNjr_mp1GWF?key=fx08JoJhSstOXHFxFHoClQ\" alt=\"\"\/><\/figure>\n","protected":false},"excerpt":{"rendered":"<p>Fredag 6. september arrangerte Kampkomiteen i Trondheim en demonstrasjon mot politivold, represjon og rasisme. Demonstrasjonen ble avholdt i anledning \u00e5rsdagen for da politiet i Trondheim drepte Eugene Obiora i 2006.<\/p>\n","protected":false},"author":8,"featured_media":7664,"comment_status":"closed","ping_status":"","sticky":false,"template":"","format":"standard","meta":{"advanced_seo_description":"","jetpack_seo_html_title":"","jetpack_seo_noindex":false,"jetpack_seo_schema_type":"","_jetpack_newsletter_access":"","_jetpack_dont_email_post_to_subs":false,"_jetpack_newsletter_tier_id":0,"_jetpack_memberships_contains_paywalled_content":false,"_jetpack_feature_clip_id":0,"_jetpack_memberships_contains_paid_content":false,"footnotes":"","jetpack_post_was_ever_published":false},"categories":[1],"tags":[4,31,15,12],"class_list":["post-7663","post","type-post","status-publish","format-standard","has-post-thumbnail","hentry","category-uncategorized","tag-demonstrasjon","tag-obiora","tag-politiet","tag-trondheim"],"jetpack_shortlink":"https:\/\/wp.me\/pchuPf-1ZB","jetpack-related-posts":[{"id":9501,"url":"https:\/\/kampkomiteen.net\/?p=9501","url_meta":{"origin":7663,"position":0},"title":"Trondheim: Rettferdighet for Eugene Obiora!","author":"Kampkomiteen","date":"10. september 2025","format":false,"excerpt":"L\u00f8rdag 6. september arrangerte Kampkomiteen, med flere, demonstrasjon mot politivold, represjon og rasisme.","rel":"","context":"i \"Demonstrasjon\"","block_context":{"text":"Demonstrasjon","link":"https:\/\/kampkomiteen.net\/?tag=demonstrasjon"},"img":{"alt_text":"","src":"https:\/\/i0.wp.com\/kampkomiteen.net\/wp-content\/uploads\/2025\/09\/1-2.jpg?fit=831%2C600&ssl=1&resize=350%2C200","width":350,"height":200,"srcset":"https:\/\/i0.wp.com\/kampkomiteen.net\/wp-content\/uploads\/2025\/09\/1-2.jpg?fit=831%2C600&ssl=1&resize=350%2C200 1x, https:\/\/i0.wp.com\/kampkomiteen.net\/wp-content\/uploads\/2025\/09\/1-2.jpg?fit=831%2C600&ssl=1&resize=525%2C300 1.5x, https:\/\/i0.wp.com\/kampkomiteen.net\/wp-content\/uploads\/2025\/09\/1-2.jpg?fit=831%2C600&ssl=1&resize=700%2C400 2x"},"classes":[]},{"id":11623,"url":"https:\/\/kampkomiteen.net\/?p=11623","url_meta":{"origin":7663,"position":1},"title":"Trondheim: Mobilisering til Obiora-markering","author":"Kampkomiteen","date":"27. august 2026","format":false,"excerpt":"De siste to ukene har aktivister fra Kampkomiteen delt ut l\u00f8pesedler og satt opp plakater for \u00e5 mobilisere til Obiora-markering.","rel":"","context":"i \"Antirasisme\"","block_context":{"text":"Antirasisme","link":"https:\/\/kampkomiteen.net\/?tag=antirasisme"},"img":{"alt_text":"","src":"https:\/\/i0.wp.com\/kampkomiteen.net\/wp-content\/uploads\/2026\/08\/IMG_20260818_115856_627.jpg?fit=1000%2C750&ssl=1&resize=350%2C200","width":350,"height":200,"srcset":"https:\/\/i0.wp.com\/kampkomiteen.net\/wp-content\/uploads\/2026\/08\/IMG_20260818_115856_627.jpg?fit=1000%2C750&ssl=1&resize=350%2C200 1x, https:\/\/i0.wp.com\/kampkomiteen.net\/wp-content\/uploads\/2026\/08\/IMG_20260818_115856_627.jpg?fit=1000%2C750&ssl=1&resize=525%2C300 1.5x, https:\/\/i0.wp.com\/kampkomiteen.net\/wp-content\/uploads\/2026\/08\/IMG_20260818_115856_627.jpg?fit=1000%2C750&ssl=1&resize=700%2C400 2x"},"classes":[]},{"id":7640,"url":"https:\/\/kampkomiteen.net\/?p=7640","url_meta":{"origin":7663,"position":2},"title":"Tr\u00f8ndelag: Bli med p\u00e5 demonstrasjon mot politivold!","author":"Kampkomiteen","date":"3. september 2024","format":false,"excerpt":"Aktivister fra Kampkomiteen har satt opp plakater i Tr\u00f8ndelag for \u00e5 mobilisere til demonstrasjon mot politivold og represjon.","rel":"","context":"i \"Demonstrasjon\"","block_context":{"text":"Demonstrasjon","link":"https:\/\/kampkomiteen.net\/?tag=demonstrasjon"},"img":{"alt_text":"","src":"https:\/\/i0.wp.com\/kampkomiteen.net\/wp-content\/uploads\/2024\/09\/Plakat-scaled.jpg?fit=1200%2C800&ssl=1&resize=350%2C200","width":350,"height":200,"srcset":"https:\/\/i0.wp.com\/kampkomiteen.net\/wp-content\/uploads\/2024\/09\/Plakat-scaled.jpg?fit=1200%2C800&ssl=1&resize=350%2C200 1x, https:\/\/i0.wp.com\/kampkomiteen.net\/wp-content\/uploads\/2024\/09\/Plakat-scaled.jpg?fit=1200%2C800&ssl=1&resize=525%2C300 1.5x, https:\/\/i0.wp.com\/kampkomiteen.net\/wp-content\/uploads\/2024\/09\/Plakat-scaled.jpg?fit=1200%2C800&ssl=1&resize=700%2C400 2x, https:\/\/i0.wp.com\/kampkomiteen.net\/wp-content\/uploads\/2024\/09\/Plakat-scaled.jpg?fit=1200%2C800&ssl=1&resize=1050%2C600 3x"},"classes":[]},{"id":11643,"url":"https:\/\/kampkomiteen.net\/?p=11643","url_meta":{"origin":7663,"position":3},"title":"Trondheim: Flere plakater for Obiora-markering","author":"Kampkomiteen","date":"3. september 2026","format":false,"excerpt":"Den siste uka har aktivister satt opp flere plakater og veggaviser for \u00e5 mobilisere til Obiora-markering.","rel":"","context":"i \"Demonstrasjon\"","block_context":{"text":"Demonstrasjon","link":"https:\/\/kampkomiteen.net\/?tag=demonstrasjon"},"img":{"alt_text":"","src":"https:\/\/i0.wp.com\/kampkomiteen.net\/wp-content\/uploads\/2026\/09\/Forsidebilde2.jpg?fit=1200%2C780&ssl=1&resize=350%2C200","width":350,"height":200,"srcset":"https:\/\/i0.wp.com\/kampkomiteen.net\/wp-content\/uploads\/2026\/09\/Forsidebilde2.jpg?fit=1200%2C780&ssl=1&resize=350%2C200 1x, https:\/\/i0.wp.com\/kampkomiteen.net\/wp-content\/uploads\/2026\/09\/Forsidebilde2.jpg?fit=1200%2C780&ssl=1&resize=525%2C300 1.5x, https:\/\/i0.wp.com\/kampkomiteen.net\/wp-content\/uploads\/2026\/09\/Forsidebilde2.jpg?fit=1200%2C780&ssl=1&resize=700%2C400 2x, https:\/\/i0.wp.com\/kampkomiteen.net\/wp-content\/uploads\/2026\/09\/Forsidebilde2.jpg?fit=1200%2C780&ssl=1&resize=1050%2C600 3x"},"classes":[]},{"id":6344,"url":"https:\/\/kampkomiteen.net\/?p=6344","url_meta":{"origin":7663,"position":4},"title":"Demonstrasjoner mot politivold og rasisme","author":"Kampkomiteen","date":"9. september 2023","format":false,"excerpt":"7. september var det 17 \u00e5r siden politiet drepte Eugene Ejike Obiora. Kampkomiteen har markert dagen i Oslo, Trondheim, Bergen og Kristiansand.","rel":"","context":"i \"Antirasisme\"","block_context":{"text":"Antirasisme","link":"https:\/\/kampkomiteen.net\/?tag=antirasisme"},"img":{"alt_text":"","src":"https:\/\/i0.wp.com\/kampkomiteen.net\/wp-content\/uploads\/2023\/09\/Tog1.jpg?fit=1200%2C800&ssl=1&resize=350%2C200","width":350,"height":200,"srcset":"https:\/\/i0.wp.com\/kampkomiteen.net\/wp-content\/uploads\/2023\/09\/Tog1.jpg?fit=1200%2C800&ssl=1&resize=350%2C200 1x, https:\/\/i0.wp.com\/kampkomiteen.net\/wp-content\/uploads\/2023\/09\/Tog1.jpg?fit=1200%2C800&ssl=1&resize=525%2C300 1.5x, https:\/\/i0.wp.com\/kampkomiteen.net\/wp-content\/uploads\/2023\/09\/Tog1.jpg?fit=1200%2C800&ssl=1&resize=700%2C400 2x, https:\/\/i0.wp.com\/kampkomiteen.net\/wp-content\/uploads\/2023\/09\/Tog1.jpg?fit=1200%2C800&ssl=1&resize=1050%2C600 3x"},"classes":[]},{"id":11659,"url":"https:\/\/kampkomiteen.net\/?p=11659","url_meta":{"origin":7663,"position":5},"title":"Trondheim: Bli med p\u00e5 demonstrasjon mot politivold, represjon og rasisme!","author":"Kampkomiteen","date":"3. september 2026","format":false,"excerpt":"Kampkomiteen i Trondheim oppfordrer til \u00e5 bli med p\u00e5 demonstrasjon l\u00f8rdag 5. september.","rel":"","context":"i \"Demonstrasjon\"","block_context":{"text":"Demonstrasjon","link":"https:\/\/kampkomiteen.net\/?tag=demonstrasjon"},"img":{"alt_text":"","src":"https:\/\/i0.wp.com\/kampkomiteen.net\/wp-content\/uploads\/2025\/09\/1-2.jpg?fit=831%2C600&ssl=1&resize=350%2C200","width":350,"height":200,"srcset":"https:\/\/i0.wp.com\/kampkomiteen.net\/wp-content\/uploads\/2025\/09\/1-2.jpg?fit=831%2C600&ssl=1&resize=350%2C200 1x, https:\/\/i0.wp.com\/kampkomiteen.net\/wp-content\/uploads\/2025\/09\/1-2.jpg?fit=831%2C600&ssl=1&resize=525%2C300 1.5x, https:\/\/i0.wp.com\/kampkomiteen.net\/wp-content\/uploads\/2025\/09\/1-2.jpg?fit=831%2C600&ssl=1&resize=700%2C400 2x"},"classes":[]}],"jetpack_sharing_enabled":true,"jetpack_featured_media_url":"https:\/\/i0.wp.com\/kampkomiteen.net\/wp-content\/uploads\/2024\/09\/Obiora.jpg?fit=1600%2C1066&ssl=1","_links":{"self":[{"href":"https:\/\/kampkomiteen.net\/index.php?rest_route=\/wp\/v2\/posts\/7663","targetHints":{"allow":["GET"]}}],"collection":[{"href":"https:\/\/kampkomiteen.net\/index.php?rest_route=\/wp\/v2\/posts"}],"about":[{"href":"https:\/\/kampkomiteen.net\/index.php?rest_route=\/wp\/v2\/types\/post"}],"author":[{"embeddable":true,"href":"https:\/\/kampkomiteen.net\/index.php?rest_route=\/wp\/v2\/users\/8"}],"replies":[{"embeddable":true,"href":"https:\/\/kampkomiteen.net\/index.php?rest_route=%2Fwp%2Fv2%2Fcomments&post=7663"}],"version-history":[{"count":1,"href":"https:\/\/kampkomiteen.net\/index.php?rest_route=\/wp\/v2\/posts\/7663\/revisions"}],"predecessor-version":[{"id":7665,"href":"https:\/\/kampkomiteen.net\/index.php?rest_route=\/wp\/v2\/posts\/7663\/revisions\/7665"}],"wp:featuredmedia":[{"embeddable":true,"href":"https:\/\/kampkomiteen.net\/index.php?rest_route=\/wp\/v2\/media\/7664"}],"wp:attachment":[{"href":"https:\/\/kampkomiteen.net\/index.php?rest_route=%2Fwp%2Fv2%2Fmedia&parent=7663"}],"wp:term":[{"taxonomy":"category","embeddable":true,"href":"https:\/\/kampkomiteen.net\/index.php?rest_route=%2Fwp%2Fv2%2Fcategories&post=7663"},{"taxonomy":"post_tag","embeddable":true,"href":"https:\/\/kampkomiteen.net\/index.php?rest_route=%2Fwp%2Fv2%2Ftags&post=7663"}],"curies":[{"name":"wp","href":"https:\/\/api.w.org\/{rel}","templated":true}]}}