{"id":7561,"date":"2024-07-18T10:27:56","date_gmt":"2024-07-18T08:27:56","guid":{"rendered":"https:\/\/kampkomiteen.net\/?p=7561"},"modified":"2024-07-18T10:28:19","modified_gmt":"2024-07-18T08:28:19","slug":"bergen-demonstrasjon-mot-kongsberg-gruppen","status":"publish","type":"post","link":"https:\/\/kampkomiteen.net\/?p=7561","title":{"rendered":"Bergen: Demonstrasjon mot Kongsberg Gruppen"},"content":{"rendered":"<div id=\"fb-root\"><\/div>\n\n<p>Skrevet av aktivister i Bergen<\/p>\n\n\n\n<p>Aktivister fra Kampkomiteen deltok p\u00e5 en demonstrasjon 15. juli utenfor kontoret til Kongsberg Gruppen utenfor Bergen. Demonstrasjonen var mot at helsepersonell og sykehus har blitt angrepet av den israelske okkupasjonsh\u00e6ren. Demonstrasjonen var arrangert av Aktivister for Palestina.<\/p>\n\n\n\n<p>Andre organisjoner som Bergen 4 Palestine, Sosialistisk Venstreparti Bergen, R\u00f8dt Bergen, Kampkomiteen, R\u00f8d Ungdom Bergen og Helsepersonell mot folkemord var tilsutta demonstrasjonen. Flere av disse, samt Palestinakomiteen, holdt appeller. I appellene ble Kongsberggruppa ford\u00f8mt for at de selger v\u00e5pen til Israel via USA. En appellant understreket at Israel bevisst angrep sykehus, og at per dags dato er ingen sykehus i Gaza fullstendig drift. Det var omtrent 40 personer som demonstrerte utenfor kontoret til krigsprofit\u00f8rene. Folk hadde med seg palestinske flagg og h\u00e5ndplakater.&nbsp;<\/p>\n\n\n\n<p>Aktivister kom med banner der det sto \u201cKongsberg ASA arms genocide\u201d og &laquo;Health workers are not a target\u201d. Kampkomiteen deltok med et banner der det sto \u201cSt\u00f8tt den palestinske motstandskampen\u201d, og holdt appell der viktigheten av kjempe mot norsk imperialisme ble fremhevet. Slagord som \u201cIngen toleranse for folkemord\u201d, \u201cLenge leve Palestina\u201d og \u201cStengte d\u00f8rer for krigsprofit\u00f8rer\u201d ble ropt opp av demonstranter. Aktivister understreket at aktivitetene mot krigsprofit\u00f8rene vil fortsette fremover med flere aksjoner og demonstrasjoner, og oppfordret deltakere til \u00e5 delta og organisere seg.<\/p>\n\n\n\n<p>Det ble ogs\u00e5 oppfordret til \u00e5 delta p\u00e5 Bergen4Palestine sine demonstrasjoner tirsdager og torsdager kl 16.30 hver uke p\u00e5 \u00d8vre V\u00e5gsallmenningen.\u00a0<\/p>\n\n\n\n<figure class=\"wp-block-image size-full\"><img data-recalc-dims=\"1\" loading=\"lazy\" decoding=\"async\" width=\"810\" height=\"608\" src=\"https:\/\/i0.wp.com\/kampkomiteen.net\/wp-content\/uploads\/2024\/07\/Forside-scaled.jpg?resize=810%2C608&#038;ssl=1\" alt=\"\" class=\"wp-image-7562\" srcset=\"https:\/\/i0.wp.com\/kampkomiteen.net\/wp-content\/uploads\/2024\/07\/Forside-scaled.jpg?w=2560&amp;ssl=1 2560w, https:\/\/i0.wp.com\/kampkomiteen.net\/wp-content\/uploads\/2024\/07\/Forside-scaled.jpg?resize=1000%2C750&amp;ssl=1 1000w, https:\/\/i0.wp.com\/kampkomiteen.net\/wp-content\/uploads\/2024\/07\/Forside-scaled.jpg?resize=768%2C576&amp;ssl=1 768w, https:\/\/i0.wp.com\/kampkomiteen.net\/wp-content\/uploads\/2024\/07\/Forside-scaled.jpg?resize=1536%2C1152&amp;ssl=1 1536w, https:\/\/i0.wp.com\/kampkomiteen.net\/wp-content\/uploads\/2024\/07\/Forside-scaled.jpg?resize=2048%2C1536&amp;ssl=1 2048w, https:\/\/i0.wp.com\/kampkomiteen.net\/wp-content\/uploads\/2024\/07\/Forside-scaled.jpg?w=1620&amp;ssl=1 1620w, https:\/\/i0.wp.com\/kampkomiteen.net\/wp-content\/uploads\/2024\/07\/Forside-scaled.jpg?w=2430&amp;ssl=1 2430w\" sizes=\"auto, (max-width: 810px) 100vw, 810px\" \/><\/figure>\n\n\n\n<figure class=\"wp-block-image size-large\"><img data-recalc-dims=\"1\" loading=\"lazy\" decoding=\"async\" width=\"810\" height=\"608\" src=\"https:\/\/i0.wp.com\/kampkomiteen.net\/wp-content\/uploads\/2024\/07\/20240715_135805-scaled.jpg?resize=810%2C608&#038;ssl=1\" alt=\"\" class=\"wp-image-7564\" srcset=\"https:\/\/i0.wp.com\/kampkomiteen.net\/wp-content\/uploads\/2024\/07\/20240715_135805-scaled.jpg?w=2560&amp;ssl=1 2560w, https:\/\/i0.wp.com\/kampkomiteen.net\/wp-content\/uploads\/2024\/07\/20240715_135805-scaled.jpg?resize=1000%2C750&amp;ssl=1 1000w, https:\/\/i0.wp.com\/kampkomiteen.net\/wp-content\/uploads\/2024\/07\/20240715_135805-scaled.jpg?resize=768%2C576&amp;ssl=1 768w, https:\/\/i0.wp.com\/kampkomiteen.net\/wp-content\/uploads\/2024\/07\/20240715_135805-scaled.jpg?resize=1536%2C1152&amp;ssl=1 1536w, https:\/\/i0.wp.com\/kampkomiteen.net\/wp-content\/uploads\/2024\/07\/20240715_135805-scaled.jpg?resize=2048%2C1536&amp;ssl=1 2048w, https:\/\/i0.wp.com\/kampkomiteen.net\/wp-content\/uploads\/2024\/07\/20240715_135805-scaled.jpg?w=1620&amp;ssl=1 1620w, https:\/\/i0.wp.com\/kampkomiteen.net\/wp-content\/uploads\/2024\/07\/20240715_135805-scaled.jpg?w=2430&amp;ssl=1 2430w\" sizes=\"auto, (max-width: 810px) 100vw, 810px\" \/><\/figure>\n\n\n\n<figure class=\"wp-block-image size-large\"><img data-recalc-dims=\"1\" loading=\"lazy\" decoding=\"async\" width=\"810\" height=\"608\" src=\"https:\/\/i0.wp.com\/kampkomiteen.net\/wp-content\/uploads\/2024\/07\/20240715_142621-scaled.jpg?resize=810%2C608&#038;ssl=1\" alt=\"\" class=\"wp-image-7563\" srcset=\"https:\/\/i0.wp.com\/kampkomiteen.net\/wp-content\/uploads\/2024\/07\/20240715_142621-scaled.jpg?w=2560&amp;ssl=1 2560w, https:\/\/i0.wp.com\/kampkomiteen.net\/wp-content\/uploads\/2024\/07\/20240715_142621-scaled.jpg?resize=1000%2C750&amp;ssl=1 1000w, https:\/\/i0.wp.com\/kampkomiteen.net\/wp-content\/uploads\/2024\/07\/20240715_142621-scaled.jpg?resize=768%2C576&amp;ssl=1 768w, https:\/\/i0.wp.com\/kampkomiteen.net\/wp-content\/uploads\/2024\/07\/20240715_142621-scaled.jpg?resize=1536%2C1152&amp;ssl=1 1536w, https:\/\/i0.wp.com\/kampkomiteen.net\/wp-content\/uploads\/2024\/07\/20240715_142621-scaled.jpg?resize=2048%2C1536&amp;ssl=1 2048w, https:\/\/i0.wp.com\/kampkomiteen.net\/wp-content\/uploads\/2024\/07\/20240715_142621-scaled.jpg?w=1620&amp;ssl=1 1620w, https:\/\/i0.wp.com\/kampkomiteen.net\/wp-content\/uploads\/2024\/07\/20240715_142621-scaled.jpg?w=2430&amp;ssl=1 2430w\" sizes=\"auto, (max-width: 810px) 100vw, 810px\" \/><\/figure>\n\n\n\n<figure class=\"wp-block-image size-large\"><img data-recalc-dims=\"1\" loading=\"lazy\" decoding=\"async\" width=\"810\" height=\"608\" src=\"https:\/\/i0.wp.com\/kampkomiteen.net\/wp-content\/uploads\/2024\/07\/20240715_150203-scaled.jpg?resize=810%2C608&#038;ssl=1\" alt=\"\" class=\"wp-image-7565\" srcset=\"https:\/\/i0.wp.com\/kampkomiteen.net\/wp-content\/uploads\/2024\/07\/20240715_150203-scaled.jpg?w=2560&amp;ssl=1 2560w, https:\/\/i0.wp.com\/kampkomiteen.net\/wp-content\/uploads\/2024\/07\/20240715_150203-scaled.jpg?resize=1000%2C750&amp;ssl=1 1000w, https:\/\/i0.wp.com\/kampkomiteen.net\/wp-content\/uploads\/2024\/07\/20240715_150203-scaled.jpg?resize=768%2C576&amp;ssl=1 768w, https:\/\/i0.wp.com\/kampkomiteen.net\/wp-content\/uploads\/2024\/07\/20240715_150203-scaled.jpg?resize=1536%2C1152&amp;ssl=1 1536w, https:\/\/i0.wp.com\/kampkomiteen.net\/wp-content\/uploads\/2024\/07\/20240715_150203-scaled.jpg?resize=2048%2C1536&amp;ssl=1 2048w, https:\/\/i0.wp.com\/kampkomiteen.net\/wp-content\/uploads\/2024\/07\/20240715_150203-scaled.jpg?w=1620&amp;ssl=1 1620w, https:\/\/i0.wp.com\/kampkomiteen.net\/wp-content\/uploads\/2024\/07\/20240715_150203-scaled.jpg?w=2430&amp;ssl=1 2430w\" sizes=\"auto, (max-width: 810px) 100vw, 810px\" \/><\/figure>\n","protected":false},"excerpt":{"rendered":"<p>Aktivister fra Kampkomiteen deltok p\u00e5 en demonstrasjon 15. juli utenfor kontoret til Kongsberg Gruppen utenfor Bergen. Demonstrasjonen var mot at helsepersonell og sykehus har blitt angrepet av den israelske okkupasjonsh\u00e6ren. <\/p>\n","protected":false},"author":8,"featured_media":7562,"comment_status":"closed","ping_status":"closed","sticky":false,"template":"","format":"standard","meta":{"advanced_seo_description":"","jetpack_seo_html_title":"","jetpack_seo_noindex":false,"_jetpack_memberships_contains_paid_content":false,"footnotes":""},"categories":[1],"tags":[25,21],"class_list":["post-7561","post","type-post","status-publish","format-standard","has-post-thumbnail","hentry","category-uncategorized","tag-bergen","tag-palestina"],"jetpack_featured_media_url":"https:\/\/i0.wp.com\/kampkomiteen.net\/wp-content\/uploads\/2024\/07\/Forside-scaled.jpg?fit=2560%2C1920&ssl=1","jetpack_shortlink":"https:\/\/wp.me\/pchuPf-1XX","jetpack-related-posts":[{"id":9302,"url":"https:\/\/kampkomiteen.net\/?p=9302","url_meta":{"origin":7561,"position":0},"title":"Bergen: Kjempende demonstrasjon mot St\u00f8re og Listhaug","author":"Kampkomiteen","date":"19. august 2025","format":false,"excerpt":"Mandag 18. august var aktivister fra Kampkomiteen p\u00e5 en demonstrasjon utenfor en valgkampdebatt i Bergen, hvor statsminister Jonas Gahr St\u00f8re og FrP leder Sylvi Listhaug deltok.","rel":"","context":"i \"Bergen\"","block_context":{"text":"Bergen","link":"https:\/\/kampkomiteen.net\/?tag=bergen"},"img":{"alt_text":"","src":"https:\/\/i0.wp.com\/kampkomiteen.net\/wp-content\/uploads\/2025\/08\/forside-scaled.jpg?fit=1200%2C805&ssl=1&resize=350%2C200","width":350,"height":200,"srcset":"https:\/\/i0.wp.com\/kampkomiteen.net\/wp-content\/uploads\/2025\/08\/forside-scaled.jpg?fit=1200%2C805&ssl=1&resize=350%2C200 1x, https:\/\/i0.wp.com\/kampkomiteen.net\/wp-content\/uploads\/2025\/08\/forside-scaled.jpg?fit=1200%2C805&ssl=1&resize=525%2C300 1.5x, https:\/\/i0.wp.com\/kampkomiteen.net\/wp-content\/uploads\/2025\/08\/forside-scaled.jpg?fit=1200%2C805&ssl=1&resize=700%2C400 2x, https:\/\/i0.wp.com\/kampkomiteen.net\/wp-content\/uploads\/2025\/08\/forside-scaled.jpg?fit=1200%2C805&ssl=1&resize=1050%2C600 3x"},"classes":[]},{"id":7703,"url":"https:\/\/kampkomiteen.net\/?p=7703","url_meta":{"origin":7561,"position":1},"title":"Bergen: Kraftfull demonstrasjon mot krigsprofit\u00f8rer","author":"Kampkomiteen","date":"19. september 2024","format":false,"excerpt":"19. september samlet flere organisasjoner seg i Bergen for en demonstrasjon mot krigsprofit\u00f8rene. Mot det s\u00e5kalte \u00abSj\u00f8maktseminaret 2024\u00bb som samlet krigsprofit\u00f8rer som Seatrans Chemical Tankers og Kongsberg Gruppen, i tillegg til Sj\u00f8forsvaret.","rel":"","context":"Liknende innlegg","block_context":{"text":"Liknende innlegg","link":""},"img":{"alt_text":"","src":"https:\/\/i0.wp.com\/kampkomiteen.net\/wp-content\/uploads\/2024\/09\/IMG_5981-1-scaled.jpg?fit=1200%2C800&ssl=1&resize=350%2C200","width":350,"height":200,"srcset":"https:\/\/i0.wp.com\/kampkomiteen.net\/wp-content\/uploads\/2024\/09\/IMG_5981-1-scaled.jpg?fit=1200%2C800&ssl=1&resize=350%2C200 1x, https:\/\/i0.wp.com\/kampkomiteen.net\/wp-content\/uploads\/2024\/09\/IMG_5981-1-scaled.jpg?fit=1200%2C800&ssl=1&resize=525%2C300 1.5x, https:\/\/i0.wp.com\/kampkomiteen.net\/wp-content\/uploads\/2024\/09\/IMG_5981-1-scaled.jpg?fit=1200%2C800&ssl=1&resize=700%2C400 2x, https:\/\/i0.wp.com\/kampkomiteen.net\/wp-content\/uploads\/2024\/09\/IMG_5981-1-scaled.jpg?fit=1200%2C800&ssl=1&resize=1050%2C600 3x"},"classes":[]},{"id":6813,"url":"https:\/\/kampkomiteen.net\/?p=6813","url_meta":{"origin":7561,"position":2},"title":"Bergen: Kraftfull demonstrasjon mot israelsk m\u00f8te","author":"Kampkomiteen","date":"7. februar 2024","format":false,"excerpt":"Kampkomiteen deltok p\u00e5 en demonstrasjon i Bergen 7. februar. Demonstrasjonen var mot et m\u00f8te der to representanter for den israelske staten var til stede. En fra IDF og en fra det israelske utenriksdepartementet.","rel":"","context":"i \"Bergen\"","block_context":{"text":"Bergen","link":"https:\/\/kampkomiteen.net\/?tag=bergen"},"img":{"alt_text":"","src":"https:\/\/i0.wp.com\/kampkomiteen.net\/wp-content\/uploads\/2024\/02\/Pal2.png?fit=1200%2C900&ssl=1&resize=350%2C200","width":350,"height":200,"srcset":"https:\/\/i0.wp.com\/kampkomiteen.net\/wp-content\/uploads\/2024\/02\/Pal2.png?fit=1200%2C900&ssl=1&resize=350%2C200 1x, https:\/\/i0.wp.com\/kampkomiteen.net\/wp-content\/uploads\/2024\/02\/Pal2.png?fit=1200%2C900&ssl=1&resize=525%2C300 1.5x, https:\/\/i0.wp.com\/kampkomiteen.net\/wp-content\/uploads\/2024\/02\/Pal2.png?fit=1200%2C900&ssl=1&resize=700%2C400 2x, https:\/\/i0.wp.com\/kampkomiteen.net\/wp-content\/uploads\/2024\/02\/Pal2.png?fit=1200%2C900&ssl=1&resize=1050%2C600 3x"},"classes":[]},{"id":7697,"url":"https:\/\/kampkomiteen.net\/?p=7697","url_meta":{"origin":7561,"position":3},"title":"Bergen: Kom p\u00e5 demonstrasjon mot krigsprofit\u00f8rer","author":"Kampkomiteen","date":"16. september 2024","format":false,"excerpt":"Torsdag 19. september samles krigsprofit\u00f8rene til det s\u00e5kalte \u00abSj\u00f8maktseminaret 2024\u00bb, flere av disse tjener penger p\u00e5 Israels folkemord mot Palestina. Kampkomiteen deltar p\u00e5 en demonstrasjon mot krigsprofit\u00f8rene og oppfordrer alle som kan \u00e5 komme!","rel":"","context":"Liknende innlegg","block_context":{"text":"Liknende innlegg","link":""},"img":{"alt_text":"","src":"https:\/\/i0.wp.com\/kampkomiteen.net\/wp-content\/uploads\/2024\/09\/19.09.jpg?fit=1200%2C630&ssl=1&resize=350%2C200","width":350,"height":200,"srcset":"https:\/\/i0.wp.com\/kampkomiteen.net\/wp-content\/uploads\/2024\/09\/19.09.jpg?fit=1200%2C630&ssl=1&resize=350%2C200 1x, https:\/\/i0.wp.com\/kampkomiteen.net\/wp-content\/uploads\/2024\/09\/19.09.jpg?fit=1200%2C630&ssl=1&resize=525%2C300 1.5x, https:\/\/i0.wp.com\/kampkomiteen.net\/wp-content\/uploads\/2024\/09\/19.09.jpg?fit=1200%2C630&ssl=1&resize=700%2C400 2x, https:\/\/i0.wp.com\/kampkomiteen.net\/wp-content\/uploads\/2024\/09\/19.09.jpg?fit=1200%2C630&ssl=1&resize=1050%2C600 3x"},"classes":[]},{"id":8987,"url":"https:\/\/kampkomiteen.net\/?p=8987","url_meta":{"origin":7561,"position":4},"title":"Bergen: Kraftfull demonstrasjon mot sionisten Hananya Naftali","author":"Kampkomiteen","date":"29. mai 2025","format":false,"excerpt":"Skrevet av aktivister I Bergen Kampkomiteen deltok torsdag 29. mai p\u00e5 en demonstrasjon i Bergen mot Hananya Naftali. Hananya Naftali er r\u00e5dgiver for Netanyahu og har ogs\u00e5 tjenestegjort i IDF. Demonstrasjonen var en kraftfull markering mot en forbryter av verste sort. Demonstrasjonen ford\u00f8mte Naftali kraftig og slo tilbake politiets fors\u00f8k\u2026","rel":"","context":"i \"Antiimperialisme\"","block_context":{"text":"Antiimperialisme","link":"https:\/\/kampkomiteen.net\/?tag=antiimperialisme"},"img":{"alt_text":"","src":"https:\/\/i0.wp.com\/kampkomiteen.net\/wp-content\/uploads\/2025\/05\/P1100123-scaled.jpeg?fit=1200%2C675&ssl=1&resize=350%2C200","width":350,"height":200,"srcset":"https:\/\/i0.wp.com\/kampkomiteen.net\/wp-content\/uploads\/2025\/05\/P1100123-scaled.jpeg?fit=1200%2C675&ssl=1&resize=350%2C200 1x, https:\/\/i0.wp.com\/kampkomiteen.net\/wp-content\/uploads\/2025\/05\/P1100123-scaled.jpeg?fit=1200%2C675&ssl=1&resize=525%2C300 1.5x, https:\/\/i0.wp.com\/kampkomiteen.net\/wp-content\/uploads\/2025\/05\/P1100123-scaled.jpeg?fit=1200%2C675&ssl=1&resize=700%2C400 2x, https:\/\/i0.wp.com\/kampkomiteen.net\/wp-content\/uploads\/2025\/05\/P1100123-scaled.jpeg?fit=1200%2C675&ssl=1&resize=1050%2C600 3x"},"classes":[]},{"id":8969,"url":"https:\/\/kampkomiteen.net\/?p=8969","url_meta":{"origin":7561,"position":5},"title":"Bergen: Demonstrasjon mot krig og opprustning","author":"Kampkomiteen","date":"27. mai 2025","format":false,"excerpt":"L\u00f8rdag 24. mai ble det holdt en markering i Bergen mot krig og opprustning. Demonstrasjonen hadde tilslutning fra Kampkomiteen, Bergen4Palestine, Partiet FOR, Kvinneaktivistene i Bergen, Touki og Revolusjon\u00e6rt Kommunistisk Forbund.","rel":"","context":"i \"Antiimperialisme\"","block_context":{"text":"Antiimperialisme","link":"https:\/\/kampkomiteen.net\/?tag=antiimperialisme"},"img":{"alt_text":"","src":"https:\/\/i0.wp.com\/kampkomiteen.net\/wp-content\/uploads\/2025\/05\/20250524_155426-1-scaled.jpg?fit=1200%2C885&ssl=1&resize=350%2C200","width":350,"height":200,"srcset":"https:\/\/i0.wp.com\/kampkomiteen.net\/wp-content\/uploads\/2025\/05\/20250524_155426-1-scaled.jpg?fit=1200%2C885&ssl=1&resize=350%2C200 1x, https:\/\/i0.wp.com\/kampkomiteen.net\/wp-content\/uploads\/2025\/05\/20250524_155426-1-scaled.jpg?fit=1200%2C885&ssl=1&resize=525%2C300 1.5x, https:\/\/i0.wp.com\/kampkomiteen.net\/wp-content\/uploads\/2025\/05\/20250524_155426-1-scaled.jpg?fit=1200%2C885&ssl=1&resize=700%2C400 2x, https:\/\/i0.wp.com\/kampkomiteen.net\/wp-content\/uploads\/2025\/05\/20250524_155426-1-scaled.jpg?fit=1200%2C885&ssl=1&resize=1050%2C600 3x"},"classes":[]}],"jetpack_sharing_enabled":true,"_links":{"self":[{"href":"https:\/\/kampkomiteen.net\/index.php?rest_route=\/wp\/v2\/posts\/7561","targetHints":{"allow":["GET"]}}],"collection":[{"href":"https:\/\/kampkomiteen.net\/index.php?rest_route=\/wp\/v2\/posts"}],"about":[{"href":"https:\/\/kampkomiteen.net\/index.php?rest_route=\/wp\/v2\/types\/post"}],"author":[{"embeddable":true,"href":"https:\/\/kampkomiteen.net\/index.php?rest_route=\/wp\/v2\/users\/8"}],"replies":[{"embeddable":true,"href":"https:\/\/kampkomiteen.net\/index.php?rest_route=%2Fwp%2Fv2%2Fcomments&post=7561"}],"version-history":[{"count":4,"href":"https:\/\/kampkomiteen.net\/index.php?rest_route=\/wp\/v2\/posts\/7561\/revisions"}],"predecessor-version":[{"id":7569,"href":"https:\/\/kampkomiteen.net\/index.php?rest_route=\/wp\/v2\/posts\/7561\/revisions\/7569"}],"wp:featuredmedia":[{"embeddable":true,"href":"https:\/\/kampkomiteen.net\/index.php?rest_route=\/wp\/v2\/media\/7562"}],"wp:attachment":[{"href":"https:\/\/kampkomiteen.net\/index.php?rest_route=%2Fwp%2Fv2%2Fmedia&parent=7561"}],"wp:term":[{"taxonomy":"category","embeddable":true,"href":"https:\/\/kampkomiteen.net\/index.php?rest_route=%2Fwp%2Fv2%2Fcategories&post=7561"},{"taxonomy":"post_tag","embeddable":true,"href":"https:\/\/kampkomiteen.net\/index.php?rest_route=%2Fwp%2Fv2%2Ftags&post=7561"}],"curies":[{"name":"wp","href":"https:\/\/api.w.org\/{rel}","templated":true}]}}