{"id":7445,"date":"2024-06-07T19:32:20","date_gmt":"2024-06-07T17:32:20","guid":{"rendered":"https:\/\/kampkomiteen.net\/?p=7445"},"modified":"2024-06-07T19:32:20","modified_gmt":"2024-06-07T17:32:20","slug":"trondheim-stottedemonstrasjon-pa-universitetet","status":"publish","type":"post","link":"https:\/\/kampkomiteen.net\/?p=7445","title":{"rendered":"Trondheim: St\u00f8ttedemonstrasjon p\u00e5 universitetet"},"content":{"rendered":"<div id=\"fb-root\"><\/div>\n\n<p>Skrevet av aktivister i Trondheim<\/p>\n\n\n\n<p><strong>Mandag 3. juni deltok aktivister for kampkomiteen p\u00e5 landsomfattende demonstrasjonsdag for Palestina.<\/strong><\/p>\n\n\n\n<p>I Trondheim viste studentene motstand mot NTNUs samarbeid med Israelske institusjoner og Kongsberg Gruppen, som selger v\u00e5pendeler til sioniststaten. I underkant av 100 deltok i demonstrasjonen. Det ble holdt appeller f\u00f8r et demonstrasjonstog p\u00e5 campus som endte &nbsp;tog i teltleiren &laquo;Thawra&raquo;, som er en solidaritetsleir satt opp ved universitetets hovedbyggning. Det ble ropt slagord som &laquo;Boikott Israel&raquo;, &laquo;Fritt Palestina!&raquo;, og &laquo;Styret h\u00f8r, barn i Gaza d\u00f8r&raquo; underveis i toget.&nbsp;<\/p>\n\n\n\n<p>Aktivistene fra Kampkomiteen bar banner med parolen &laquo;St\u00f8tt den palestinske motstandskampen, Fritt palestina&raquo;.<\/p>\n\n\n\n<figure class=\"wp-block-image size-full is-resized\"><img data-recalc-dims=\"1\" loading=\"lazy\" decoding=\"async\" width=\"602\" height=\"451\" src=\"https:\/\/i0.wp.com\/kampkomiteen.net\/wp-content\/uploads\/2024\/06\/20240603_141001.jpg?resize=602%2C451&#038;ssl=1\" alt=\"\" class=\"wp-image-7449\" style=\"width:880px;height:auto\"\/><\/figure>\n\n\n\n<figure class=\"wp-block-image size-full is-resized\"><img data-recalc-dims=\"1\" loading=\"lazy\" decoding=\"async\" width=\"602\" height=\"451\" src=\"https:\/\/i0.wp.com\/kampkomiteen.net\/wp-content\/uploads\/2024\/06\/20240603_140805-1.jpg?resize=602%2C451&#038;ssl=1\" alt=\"\" class=\"wp-image-7450\" style=\"width:880px;height:auto\"\/><\/figure>\n","protected":false},"excerpt":{"rendered":"<p>Mandag 3. juni deltok aktivister for kampkomiteen p\u00e5 landsomfattende demonstrasjonsdag for Palestina.<\/p>\n","protected":false},"author":8,"featured_media":7451,"comment_status":"closed","ping_status":"","sticky":false,"template":"","format":"standard","meta":{"advanced_seo_description":"","jetpack_seo_html_title":"","jetpack_seo_noindex":false,"_jetpack_memberships_contains_paid_content":false,"footnotes":""},"categories":[1],"tags":[4,21,47],"class_list":["post-7445","post","type-post","status-publish","format-standard","has-post-thumbnail","hentry","category-uncategorized","tag-demonstrasjon","tag-palestina","tag-solidaritet"],"jetpack_featured_media_url":"https:\/\/i0.wp.com\/kampkomiteen.net\/wp-content\/uploads\/2024\/06\/20240603_140859.jpg?fit=602%2C451&ssl=1","jetpack_shortlink":"https:\/\/wp.me\/pchuPf-1W5","jetpack-related-posts":[{"id":7536,"url":"https:\/\/kampkomiteen.net\/?p=7536","url_meta":{"origin":7445,"position":0},"title":"Trondheim: Demonstrasjon for akademisk boikott av Israel","author":"Kampkomiteen","date":"3. juli 2024","format":false,"excerpt":"Mandag 17. juni deltok aktivister fra Kampkomiteen p\u00e5 en demonstrasjon for akademisk boikott av Israel.","rel":"","context":"i \"Demonstrasjon\"","block_context":{"text":"Demonstrasjon","link":"https:\/\/kampkomiteen.net\/?tag=demonstrasjon"},"img":{"alt_text":"","src":"https:\/\/i0.wp.com\/kampkomiteen.net\/wp-content\/uploads\/2024\/07\/unnamed.png?fit=1200%2C900&ssl=1&resize=350%2C200","width":350,"height":200,"srcset":"https:\/\/i0.wp.com\/kampkomiteen.net\/wp-content\/uploads\/2024\/07\/unnamed.png?fit=1200%2C900&ssl=1&resize=350%2C200 1x, https:\/\/i0.wp.com\/kampkomiteen.net\/wp-content\/uploads\/2024\/07\/unnamed.png?fit=1200%2C900&ssl=1&resize=525%2C300 1.5x, https:\/\/i0.wp.com\/kampkomiteen.net\/wp-content\/uploads\/2024\/07\/unnamed.png?fit=1200%2C900&ssl=1&resize=700%2C400 2x, https:\/\/i0.wp.com\/kampkomiteen.net\/wp-content\/uploads\/2024\/07\/unnamed.png?fit=1200%2C900&ssl=1&resize=1050%2C600 3x"},"classes":[]},{"id":6527,"url":"https:\/\/kampkomiteen.net\/?p=6527","url_meta":{"origin":7445,"position":1},"title":"Trondheim: Solidaritetsmarkering for Palestina","author":"Kampkomiteen","date":"26. oktober 2023","format":false,"excerpt":"Torsdag 26. oktober deltok Kampkomiteen i ei solidaritetsmarkering for Palestina p\u00e5 torget i Trondheim.","rel":"","context":"i \"Demonstrasjon\"","block_context":{"text":"Demonstrasjon","link":"https:\/\/kampkomiteen.net\/?tag=demonstrasjon"},"img":{"alt_text":"","src":"https:\/\/i0.wp.com\/kampkomiteen.net\/wp-content\/uploads\/2023\/10\/Palestina-banner.jpg?fit=1200%2C800&ssl=1&resize=350%2C200","width":350,"height":200,"srcset":"https:\/\/i0.wp.com\/kampkomiteen.net\/wp-content\/uploads\/2023\/10\/Palestina-banner.jpg?fit=1200%2C800&ssl=1&resize=350%2C200 1x, https:\/\/i0.wp.com\/kampkomiteen.net\/wp-content\/uploads\/2023\/10\/Palestina-banner.jpg?fit=1200%2C800&ssl=1&resize=525%2C300 1.5x, https:\/\/i0.wp.com\/kampkomiteen.net\/wp-content\/uploads\/2023\/10\/Palestina-banner.jpg?fit=1200%2C800&ssl=1&resize=700%2C400 2x, https:\/\/i0.wp.com\/kampkomiteen.net\/wp-content\/uploads\/2023\/10\/Palestina-banner.jpg?fit=1200%2C800&ssl=1&resize=1050%2C600 3x"},"classes":[]},{"id":10251,"url":"https:\/\/kampkomiteen.net\/?p=10251","url_meta":{"origin":7445,"position":2},"title":"Trondheim: L\u00f8rdagsdemonstrasjon for Palestina","author":"Kampkomiteen","date":"11. januar 2026","format":false,"excerpt":"L\u00f8rdag 10. januar deltok aktivister fra Kampkomiteen i \u00e5rets f\u00f8rste l\u00f8rdagsdemonstrasjon for Palestina i Trondheim.","rel":"","context":"i \"Antiimperialisme\"","block_context":{"text":"Antiimperialisme","link":"https:\/\/kampkomiteen.net\/?tag=antiimperialisme"},"img":{"alt_text":"","src":"https:\/\/i0.wp.com\/kampkomiteen.net\/wp-content\/uploads\/2026\/01\/lordagsdemo2.jpg?fit=933%2C700&ssl=1&resize=350%2C200","width":350,"height":200,"srcset":"https:\/\/i0.wp.com\/kampkomiteen.net\/wp-content\/uploads\/2026\/01\/lordagsdemo2.jpg?fit=933%2C700&ssl=1&resize=350%2C200 1x, https:\/\/i0.wp.com\/kampkomiteen.net\/wp-content\/uploads\/2026\/01\/lordagsdemo2.jpg?fit=933%2C700&ssl=1&resize=525%2C300 1.5x, https:\/\/i0.wp.com\/kampkomiteen.net\/wp-content\/uploads\/2026\/01\/lordagsdemo2.jpg?fit=933%2C700&ssl=1&resize=700%2C400 2x"},"classes":[]},{"id":8139,"url":"https:\/\/kampkomiteen.net\/?p=8139","url_meta":{"origin":7445,"position":3},"title":"Trondheim: markering for Palestina","author":"Kampkomiteen","date":"8. januar 2025","format":false,"excerpt":"L\u00f8rdag 4. januar deltok aktivister fra Kampkomiteen p\u00e5 ei markering utenfor Trondheim Spektrum under \u00e5rets idrettsgalla.\u00a0Hovedslagordet for markeringa var \u201cFolkemord ut av idretten!\u201d","rel":"","context":"i \"Demonstrasjon\"","block_context":{"text":"Demonstrasjon","link":"https:\/\/kampkomiteen.net\/?tag=demonstrasjon"},"img":{"alt_text":"","src":"https:\/\/i0.wp.com\/kampkomiteen.net\/wp-content\/uploads\/2025\/01\/DSCF2722.cleaned.jpg?fit=1200%2C900&ssl=1&resize=350%2C200","width":350,"height":200,"srcset":"https:\/\/i0.wp.com\/kampkomiteen.net\/wp-content\/uploads\/2025\/01\/DSCF2722.cleaned.jpg?fit=1200%2C900&ssl=1&resize=350%2C200 1x, https:\/\/i0.wp.com\/kampkomiteen.net\/wp-content\/uploads\/2025\/01\/DSCF2722.cleaned.jpg?fit=1200%2C900&ssl=1&resize=525%2C300 1.5x, https:\/\/i0.wp.com\/kampkomiteen.net\/wp-content\/uploads\/2025\/01\/DSCF2722.cleaned.jpg?fit=1200%2C900&ssl=1&resize=700%2C400 2x, https:\/\/i0.wp.com\/kampkomiteen.net\/wp-content\/uploads\/2025\/01\/DSCF2722.cleaned.jpg?fit=1200%2C900&ssl=1&resize=1050%2C600 3x"},"classes":[]},{"id":7045,"url":"https:\/\/kampkomiteen.net\/?p=7045","url_meta":{"origin":7445,"position":4},"title":"Trondheim: Markering for Palestina","author":"Kampkomiteen","date":"19. mars 2024","format":false,"excerpt":"L\u00f8rdag 16. mars deltok aktivister fra Kampkomiteen i Trondheim p\u00e5 en st\u00f8ttemarkering for Palestina. Den var en del av en nasjonal markering for \u00e5 kreve stans i folkemordet i Gaza. Studenter for Palestina stod for markeringen.","rel":"","context":"i \"Demonstrasjon\"","block_context":{"text":"Demonstrasjon","link":"https:\/\/kampkomiteen.net\/?tag=demonstrasjon"},"img":{"alt_text":"","src":"https:\/\/i0.wp.com\/kampkomiteen.net\/wp-content\/uploads\/2024\/03\/DSCF2366.cleaned.jpg?fit=1200%2C900&ssl=1&resize=350%2C200","width":350,"height":200,"srcset":"https:\/\/i0.wp.com\/kampkomiteen.net\/wp-content\/uploads\/2024\/03\/DSCF2366.cleaned.jpg?fit=1200%2C900&ssl=1&resize=350%2C200 1x, https:\/\/i0.wp.com\/kampkomiteen.net\/wp-content\/uploads\/2024\/03\/DSCF2366.cleaned.jpg?fit=1200%2C900&ssl=1&resize=525%2C300 1.5x, https:\/\/i0.wp.com\/kampkomiteen.net\/wp-content\/uploads\/2024\/03\/DSCF2366.cleaned.jpg?fit=1200%2C900&ssl=1&resize=700%2C400 2x, https:\/\/i0.wp.com\/kampkomiteen.net\/wp-content\/uploads\/2024\/03\/DSCF2366.cleaned.jpg?fit=1200%2C900&ssl=1&resize=1050%2C600 3x"},"classes":[]},{"id":8483,"url":"https:\/\/kampkomiteen.net\/?p=8483","url_meta":{"origin":7445,"position":5},"title":"Trondheim: Bli med p\u00e5 antiimperialistisk 8. mars","author":"Kampkomiteen","date":"5. mars 2025","format":false,"excerpt":"Skrevet av aktivister i Trondheim Mandag 3. mars ble det hengt opp plakater for markering av arbeiderkvinnenes internasjonale kampdag i Trondheim sentrum.","rel":"","context":"i \"8. mars\"","block_context":{"text":"8. mars","link":"https:\/\/kampkomiteen.net\/?tag=8-mars"},"img":{"alt_text":"","src":"https:\/\/i0.wp.com\/kampkomiteen.net\/wp-content\/uploads\/2025\/03\/DSCF2814-scaled.jpg?fit=1200%2C900&ssl=1&resize=350%2C200","width":350,"height":200,"srcset":"https:\/\/i0.wp.com\/kampkomiteen.net\/wp-content\/uploads\/2025\/03\/DSCF2814-scaled.jpg?fit=1200%2C900&ssl=1&resize=350%2C200 1x, https:\/\/i0.wp.com\/kampkomiteen.net\/wp-content\/uploads\/2025\/03\/DSCF2814-scaled.jpg?fit=1200%2C900&ssl=1&resize=525%2C300 1.5x, https:\/\/i0.wp.com\/kampkomiteen.net\/wp-content\/uploads\/2025\/03\/DSCF2814-scaled.jpg?fit=1200%2C900&ssl=1&resize=700%2C400 2x, https:\/\/i0.wp.com\/kampkomiteen.net\/wp-content\/uploads\/2025\/03\/DSCF2814-scaled.jpg?fit=1200%2C900&ssl=1&resize=1050%2C600 3x"},"classes":[]}],"jetpack_sharing_enabled":true,"_links":{"self":[{"href":"https:\/\/kampkomiteen.net\/index.php?rest_route=\/wp\/v2\/posts\/7445","targetHints":{"allow":["GET"]}}],"collection":[{"href":"https:\/\/kampkomiteen.net\/index.php?rest_route=\/wp\/v2\/posts"}],"about":[{"href":"https:\/\/kampkomiteen.net\/index.php?rest_route=\/wp\/v2\/types\/post"}],"author":[{"embeddable":true,"href":"https:\/\/kampkomiteen.net\/index.php?rest_route=\/wp\/v2\/users\/8"}],"replies":[{"embeddable":true,"href":"https:\/\/kampkomiteen.net\/index.php?rest_route=%2Fwp%2Fv2%2Fcomments&post=7445"}],"version-history":[{"count":4,"href":"https:\/\/kampkomiteen.net\/index.php?rest_route=\/wp\/v2\/posts\/7445\/revisions"}],"predecessor-version":[{"id":7453,"href":"https:\/\/kampkomiteen.net\/index.php?rest_route=\/wp\/v2\/posts\/7445\/revisions\/7453"}],"wp:featuredmedia":[{"embeddable":true,"href":"https:\/\/kampkomiteen.net\/index.php?rest_route=\/wp\/v2\/media\/7451"}],"wp:attachment":[{"href":"https:\/\/kampkomiteen.net\/index.php?rest_route=%2Fwp%2Fv2%2Fmedia&parent=7445"}],"wp:term":[{"taxonomy":"category","embeddable":true,"href":"https:\/\/kampkomiteen.net\/index.php?rest_route=%2Fwp%2Fv2%2Fcategories&post=7445"},{"taxonomy":"post_tag","embeddable":true,"href":"https:\/\/kampkomiteen.net\/index.php?rest_route=%2Fwp%2Fv2%2Ftags&post=7445"}],"curies":[{"name":"wp","href":"https:\/\/api.w.org\/{rel}","templated":true}]}}