{"id":7207,"date":"2024-04-26T14:01:27","date_gmt":"2024-04-26T12:01:27","guid":{"rendered":"https:\/\/kampkomiteen.net\/?p=7207"},"modified":"2024-04-27T00:43:04","modified_gmt":"2024-04-26T22:43:04","slug":"bli-med-pa-1-mai-mot-imperialistisk-krig-og-dyrtid-for-et-fritt-palestina","status":"publish","type":"post","link":"https:\/\/kampkomiteen.net\/?p=7207","title":{"rendered":"Bli med p\u00e5 1. mai mot imperialistisk krig og dyrtid \u2013 for et fritt Palestina!"},"content":{"rendered":"<div id=\"fb-root\"><\/div>\n\n<p>Av redaksjonen.<\/p>\n\n\n\n<p><strong>Kampkomiteen oppfordrer alle aktivister, medlemmer og venner til \u00e5 bli med oss i tog og markeringer f\u00f8rste mai. Vi vil markere dagen sammen med v\u00e5re venner i andre organisasjoner og milj\u00f8er, og vi \u00f8nsker varmt \u00e5 samarbeide med flere.<\/strong><\/p>\n\n\n\n<p>Bli med ut p\u00e5 gata 1. mai. Bli med og reis den r\u00f8de fanen sammen med det palestinske folkets fane. Ta kontakt med oss, eller m\u00f8t opp til angitt tid og sted. Der m\u00f8ter Kampkomiteen opp, med v\u00e5re venner og de vi samarbeider med.<\/p>\n\n\n\n<h3 class=\"wp-block-heading\"><strong>Oppm\u00f8ter:<\/strong><\/h3>\n\n\n\n<p>Oslo: 11.00 p\u00e5 Gr\u00f8nland torg.<br>Bergen: 12.00 p\u00e5 V\u00e5gsallmenningen.<br>Trondheim: 12.00 i toppen av Nordre gate.<br>Kristiansand: 11.45 ved Arbeideren (Festningsgata 4).<\/p>\n\n\n\n<p>F\u00f8rste mai er arbeiderklassens internasjonale kampdag. Det er en dag hvor internasjonal solidaritet st\u00e5r i fokus. \u00c5rets markering vil preges av Israels folkemord i Gaza, og antiimperialistisk st\u00f8tte til den heltemodige palestinske motstandskampen. Videre vil den for Kampkomiteen preges av kampen mot dyrtida, de \u00f8kte prisene og rentene, som f\u00f8lge av krisa i kapitalismen, og kamp mot den russiske imperialismens angrepskrig mot Ukraina.<\/p>\n\n\n\n<p><em>St\u00f8tt den palestinske motstandskampen! Fritt Palestina!<\/em><\/p>\n\n\n\n<p><em>Ned med Russlands angrepskrig mot Ukraina!<\/em><\/p>\n\n\n\n<p><em>Kamp mot \u00f8kte priser \u2013 streik for h\u00f8yere l\u00f8nn!<\/em><\/p>\n\n\n\n<p><em>Arbeidere og undertrykte i alle land, foren dere!<\/em><\/p>\n\n\n\n<h3 class=\"wp-block-heading\"><strong>Les Kampkomiteens 1. mai-uttalelse:<\/strong><\/h3>\n\n\n\n<figure class=\"wp-block-embed is-type-wp-embed is-provider-kampkomiteen wp-block-embed-kampkomiteen\"><div class=\"wp-block-embed__wrapper\">\n<blockquote class=\"wp-embedded-content\" data-secret=\"LBJsLpHj7X\"><a href=\"https:\/\/kampkomiteen.net\/?p=7155\">1. mai mot imperialistisk krig og dyrtid \u2013 for et fritt Palestina<\/a><\/blockquote><iframe loading=\"lazy\" class=\"wp-embedded-content\" sandbox=\"allow-scripts\" security=\"restricted\" style=\"position: absolute; clip: rect(1px, 1px, 1px, 1px);\" title=\"&laquo;1. mai mot imperialistisk krig og dyrtid \u2013 for et fritt Palestina&raquo; &#8212; Kampkomiteen\" src=\"https:\/\/kampkomiteen.net\/?p=7155&#038;embed=true#?secret=5vMyBHdTSq#?secret=LBJsLpHj7X\" data-secret=\"LBJsLpHj7X\" width=\"600\" height=\"338\" frameborder=\"0\" marginwidth=\"0\" marginheight=\"0\" scrolling=\"no\"><\/iframe>\n<\/div><\/figure>\n\n\n\n<h3 class=\"wp-block-heading\"><strong>Rapporter fra 1. mai tidligere \u00e5r:<\/strong><\/h3>\n\n\n\n<figure class=\"wp-block-embed is-type-wp-embed is-provider-kampkomiteen wp-block-embed-kampkomiteen\"><div class=\"wp-block-embed__wrapper\">\n<blockquote class=\"wp-embedded-content\" data-secret=\"HHRPgaJC4n\"><a href=\"https:\/\/kampkomiteen.net\/?p=6073\">Rapporter fra 1. mai mot krig og krise<\/a><\/blockquote><iframe loading=\"lazy\" class=\"wp-embedded-content\" sandbox=\"allow-scripts\" security=\"restricted\" style=\"position: absolute; clip: rect(1px, 1px, 1px, 1px);\" title=\"&laquo;Rapporter fra 1. mai mot krig og krise&raquo; &#8212; Kampkomiteen\" src=\"https:\/\/kampkomiteen.net\/?p=6073&#038;embed=true#?secret=2Wc4oAWAbz#?secret=HHRPgaJC4n\" data-secret=\"HHRPgaJC4n\" width=\"600\" height=\"338\" frameborder=\"0\" marginwidth=\"0\" marginheight=\"0\" scrolling=\"no\"><\/iframe>\n<\/div><\/figure>\n\n\n\n<figure class=\"wp-block-embed is-type-wp-embed is-provider-kampkomiteen wp-block-embed-kampkomiteen\"><div class=\"wp-block-embed__wrapper\">\n<blockquote class=\"wp-embedded-content\" data-secret=\"nHTTUs6pj6\"><a href=\"https:\/\/kampkomiteen.net\/?p=2653\">Rapporter fra 1. mai<\/a><\/blockquote><iframe loading=\"lazy\" class=\"wp-embedded-content\" sandbox=\"allow-scripts\" security=\"restricted\" style=\"position: absolute; clip: rect(1px, 1px, 1px, 1px);\" title=\"&laquo;Rapporter fra 1. mai&raquo; &#8212; Kampkomiteen\" src=\"https:\/\/kampkomiteen.net\/?p=2653&#038;embed=true#?secret=CyXEXEaYE9#?secret=nHTTUs6pj6\" data-secret=\"nHTTUs6pj6\" width=\"600\" height=\"338\" frameborder=\"0\" marginwidth=\"0\" marginheight=\"0\" scrolling=\"no\"><\/iframe>\n<\/div><\/figure>\n\n\n\n<figure class=\"wp-block-embed is-type-wp-embed is-provider-kampkomiteen wp-block-embed-kampkomiteen\"><div class=\"wp-block-embed__wrapper\">\n<blockquote class=\"wp-embedded-content\" data-secret=\"KfTiaCB8JI\"><a href=\"https:\/\/kampkomiteen.net\/?p=1771\">1.mai-markeringer<\/a><\/blockquote><iframe loading=\"lazy\" class=\"wp-embedded-content\" sandbox=\"allow-scripts\" security=\"restricted\" style=\"position: absolute; clip: rect(1px, 1px, 1px, 1px);\" title=\"&laquo;1.mai-markeringer&raquo; &#8212; Kampkomiteen\" src=\"https:\/\/kampkomiteen.net\/?p=1771&#038;embed=true#?secret=jkcDB0ZB8d#?secret=KfTiaCB8JI\" data-secret=\"KfTiaCB8JI\" width=\"600\" height=\"338\" frameborder=\"0\" marginwidth=\"0\" marginheight=\"0\" scrolling=\"no\"><\/iframe>\n<\/div><\/figure>\n\n\n\n<figure class=\"wp-block-embed is-type-wp-embed is-provider-kampkomiteen wp-block-embed-kampkomiteen\"><div class=\"wp-block-embed__wrapper\">\n<blockquote class=\"wp-embedded-content\" data-secret=\"2CW4022ZLs\"><a href=\"https:\/\/kampkomiteen.net\/?p=953\">Kampkomiteen markerer 1. mai<\/a><\/blockquote><iframe loading=\"lazy\" class=\"wp-embedded-content\" sandbox=\"allow-scripts\" security=\"restricted\" style=\"position: absolute; clip: rect(1px, 1px, 1px, 1px);\" title=\"&laquo;Kampkomiteen markerer 1. mai&raquo; &#8212; Kampkomiteen\" src=\"https:\/\/kampkomiteen.net\/?p=953&#038;embed=true#?secret=2ag8xj5FuB#?secret=2CW4022ZLs\" data-secret=\"2CW4022ZLs\" width=\"600\" height=\"338\" frameborder=\"0\" marginwidth=\"0\" marginheight=\"0\" scrolling=\"no\"><\/iframe>\n<\/div><\/figure>\n\n\n\n<figure class=\"wp-block-embed is-type-wp-embed is-provider-kampkomiteen wp-block-embed-kampkomiteen\"><div class=\"wp-block-embed__wrapper\">\n<blockquote class=\"wp-embedded-content\" data-secret=\"7PmpRU5GPN\"><a href=\"https:\/\/kampkomiteen.net\/?p=283\">Rapporter fra 1. mai<\/a><\/blockquote><iframe loading=\"lazy\" class=\"wp-embedded-content\" sandbox=\"allow-scripts\" security=\"restricted\" style=\"position: absolute; clip: rect(1px, 1px, 1px, 1px);\" title=\"&laquo;Rapporter fra 1. mai&raquo; &#8212; Kampkomiteen\" src=\"https:\/\/kampkomiteen.net\/?p=283&#038;embed=true#?secret=Y7CsyS3DvP#?secret=7PmpRU5GPN\" data-secret=\"7PmpRU5GPN\" width=\"600\" height=\"338\" frameborder=\"0\" marginwidth=\"0\" marginheight=\"0\" scrolling=\"no\"><\/iframe>\n<\/div><\/figure>\n","protected":false},"excerpt":{"rendered":"<p>Kampkomiteen oppfordrer aktivister, medlemmer og venner til \u00e5 bli med i tog og markeringer f\u00f8rste mai. Vi vil markere dagen sammen med v\u00e5re venner i andre organisasjoner og milj\u00f8er, og \u00f8nsker varmt \u00e5 samarbeide med flere.<\/p>\n","protected":false},"author":8,"featured_media":7156,"comment_status":"closed","ping_status":"closed","sticky":false,"template":"","format":"standard","meta":{"advanced_seo_description":"","jetpack_seo_html_title":"","jetpack_seo_noindex":false,"_jetpack_memberships_contains_paid_content":false,"footnotes":""},"categories":[1],"tags":[],"class_list":["post-7207","post","type-post","status-publish","format-standard","has-post-thumbnail","hentry","category-uncategorized"],"jetpack_featured_media_url":"https:\/\/i0.wp.com\/kampkomiteen.net\/wp-content\/uploads\/2024\/04\/O.png?fit=1600%2C902&ssl=1","jetpack_shortlink":"https:\/\/wp.me\/pchuPf-1Sf","jetpack-related-posts":[{"id":5966,"url":"https:\/\/kampkomiteen.net\/?p=5966","url_meta":{"origin":7207,"position":0},"title":"1. mai mot krise og dyrtid","author":"Kampkomiteen","date":"23. april 2023","format":false,"excerpt":"Kampkomiteen oppfordrer alle aktivister, medlemmer og venner til \u00e5 bli med oss i tog og markeringer f\u00f8rste mai. Vi vil markere dagen sammen med v\u00e5re venner i andre organisasjoner og milj\u00f8er, og vi \u00f8nsker varmt \u00e5 samarbeide med flere.","rel":"","context":"i \"1. mai\"","block_context":{"text":"1. mai","link":"https:\/\/kampkomiteen.net\/?tag=1-mai"},"img":{"alt_text":"","src":"https:\/\/i0.wp.com\/kampkomiteen.net\/wp-content\/uploads\/2022\/05\/pasted-image-0-17.png?fit=1200%2C677&ssl=1&resize=350%2C200","width":350,"height":200,"srcset":"https:\/\/i0.wp.com\/kampkomiteen.net\/wp-content\/uploads\/2022\/05\/pasted-image-0-17.png?fit=1200%2C677&ssl=1&resize=350%2C200 1x, https:\/\/i0.wp.com\/kampkomiteen.net\/wp-content\/uploads\/2022\/05\/pasted-image-0-17.png?fit=1200%2C677&ssl=1&resize=525%2C300 1.5x, https:\/\/i0.wp.com\/kampkomiteen.net\/wp-content\/uploads\/2022\/05\/pasted-image-0-17.png?fit=1200%2C677&ssl=1&resize=700%2C400 2x, https:\/\/i0.wp.com\/kampkomiteen.net\/wp-content\/uploads\/2022\/05\/pasted-image-0-17.png?fit=1200%2C677&ssl=1&resize=1050%2C600 3x"},"classes":[]},{"id":10981,"url":"https:\/\/kampkomiteen.net\/?p=10981","url_meta":{"origin":7207,"position":1},"title":"Trondheim: Bli med p\u00e5 antiimperialistisk 1. mai!","author":"Kampkomiteen","date":"25. april 2026","format":false,"excerpt":"Bli med Kampkomiteen i Trondheim p\u00e5 antiimperialistisk 1. mai-markering!","rel":"","context":"i \"1. mai\"","block_context":{"text":"1. mai","link":"https:\/\/kampkomiteen.net\/?tag=1-mai"},"img":{"alt_text":"","src":"https:\/\/i0.wp.com\/kampkomiteen.net\/wp-content\/uploads\/2026\/04\/1-Mai-for-KK-nettside.png?fit=850%2C550&ssl=1&resize=350%2C200","width":350,"height":200,"srcset":"https:\/\/i0.wp.com\/kampkomiteen.net\/wp-content\/uploads\/2026\/04\/1-Mai-for-KK-nettside.png?fit=850%2C550&ssl=1&resize=350%2C200 1x, https:\/\/i0.wp.com\/kampkomiteen.net\/wp-content\/uploads\/2026\/04\/1-Mai-for-KK-nettside.png?fit=850%2C550&ssl=1&resize=525%2C300 1.5x, https:\/\/i0.wp.com\/kampkomiteen.net\/wp-content\/uploads\/2026\/04\/1-Mai-for-KK-nettside.png?fit=850%2C550&ssl=1&resize=700%2C400 2x"},"classes":[]},{"id":6512,"url":"https:\/\/kampkomiteen.net\/?p=6512","url_meta":{"origin":7207,"position":2},"title":"Bli med: St\u00f8tt Kampkomiteens palestinasolidaritet","author":"Kampkomiteen","date":"24. oktober 2023","format":false,"excerpt":"Kampkomiteen oppfordrer med dette v\u00e5re medlemmer, sympatis\u00f8rer og venner om \u00f8konomisk st\u00f8tte til v\u00e5rt solidaritetsarbeid. Kampkomiteen st\u00f8tter det palestinske folket og den palestinske motstandskampen \u2013 du kan bidra til at arbeidet v\u00e5rt blir mer kraftfullt.","rel":"","context":"i \"Palestina\"","block_context":{"text":"Palestina","link":"https:\/\/kampkomiteen.net\/?tag=palestina"},"img":{"alt_text":"","src":"https:\/\/i0.wp.com\/kampkomiteen.net\/wp-content\/uploads\/2023\/10\/red-signal-2023-10-15-20-28-50-639.jpg?fit=1200%2C675&ssl=1&resize=350%2C200","width":350,"height":200,"srcset":"https:\/\/i0.wp.com\/kampkomiteen.net\/wp-content\/uploads\/2023\/10\/red-signal-2023-10-15-20-28-50-639.jpg?fit=1200%2C675&ssl=1&resize=350%2C200 1x, https:\/\/i0.wp.com\/kampkomiteen.net\/wp-content\/uploads\/2023\/10\/red-signal-2023-10-15-20-28-50-639.jpg?fit=1200%2C675&ssl=1&resize=525%2C300 1.5x, https:\/\/i0.wp.com\/kampkomiteen.net\/wp-content\/uploads\/2023\/10\/red-signal-2023-10-15-20-28-50-639.jpg?fit=1200%2C675&ssl=1&resize=700%2C400 2x, https:\/\/i0.wp.com\/kampkomiteen.net\/wp-content\/uploads\/2023\/10\/red-signal-2023-10-15-20-28-50-639.jpg?fit=1200%2C675&ssl=1&resize=1050%2C600 3x"},"classes":[]},{"id":8729,"url":"https:\/\/kampkomiteen.net\/?p=8729","url_meta":{"origin":7207,"position":3},"title":"Bergen: Bli med p\u00e5 antiimperialistisk 1. mai!","author":"Kampkomiteen","date":"28. april 2025","format":false,"excerpt":"Bli med\u00a0Kampkomiteen i Bergen\u00a0p\u00e5 antiimperialistisk 1. mai-markering!","rel":"","context":"Liknende innlegg","block_context":{"text":"Liknende innlegg","link":""},"img":{"alt_text":"","src":"https:\/\/i0.wp.com\/kampkomiteen.net\/wp-content\/uploads\/2025\/04\/12.04-scaled.jpg?fit=1200%2C900&ssl=1&resize=350%2C200","width":350,"height":200,"srcset":"https:\/\/i0.wp.com\/kampkomiteen.net\/wp-content\/uploads\/2025\/04\/12.04-scaled.jpg?fit=1200%2C900&ssl=1&resize=350%2C200 1x, https:\/\/i0.wp.com\/kampkomiteen.net\/wp-content\/uploads\/2025\/04\/12.04-scaled.jpg?fit=1200%2C900&ssl=1&resize=525%2C300 1.5x, https:\/\/i0.wp.com\/kampkomiteen.net\/wp-content\/uploads\/2025\/04\/12.04-scaled.jpg?fit=1200%2C900&ssl=1&resize=700%2C400 2x, https:\/\/i0.wp.com\/kampkomiteen.net\/wp-content\/uploads\/2025\/04\/12.04-scaled.jpg?fit=1200%2C900&ssl=1&resize=1050%2C600 3x"},"classes":[]},{"id":8720,"url":"https:\/\/kampkomiteen.net\/?p=8720","url_meta":{"origin":7207,"position":4},"title":"Trondheim: Bli med p\u00e5 antiimperialistisk 1. mai!","author":"Kampkomiteen","date":"25. april 2025","format":false,"excerpt":"Bli med Kampkomiteen i Trondheim p\u00e5 antiimperialistisk 1. mai-markering!","rel":"","context":"i \"1. mai\"","block_context":{"text":"1. mai","link":"https:\/\/kampkomiteen.net\/?tag=1-mai"},"img":{"alt_text":"","src":"https:\/\/i0.wp.com\/kampkomiteen.net\/wp-content\/uploads\/2025\/04\/1.mai_.jpg?fit=602%2C401&ssl=1&resize=350%2C200","width":350,"height":200,"srcset":"https:\/\/i0.wp.com\/kampkomiteen.net\/wp-content\/uploads\/2025\/04\/1.mai_.jpg?fit=602%2C401&ssl=1&resize=350%2C200 1x, https:\/\/i0.wp.com\/kampkomiteen.net\/wp-content\/uploads\/2025\/04\/1.mai_.jpg?fit=602%2C401&ssl=1&resize=525%2C300 1.5x"},"classes":[]},{"id":2629,"url":"https:\/\/kampkomiteen.net\/?p=2629","url_meta":{"origin":7207,"position":5},"title":"Ut p\u00e5 gata 1. mai!","author":"Kampkomiteen","date":"22. april 2022","format":false,"excerpt":"Kampkomiteen vil delta i markeringer av 1. mai i Oslo, Bergen, Trondheim og Kristiansand. Aktivister vil ogs\u00e5 reise fra andre steder for \u00e5 delta. Vi oppfordrer alle andre til \u00e5 markere dagen overalt hvor man kan. Ta kontakt med oss om du vil bli med eller bidra p\u00e5 annet vis,\u2026","rel":"","context":"i \"1. mai\"","block_context":{"text":"1. mai","link":"https:\/\/kampkomiteen.net\/?tag=1-mai"},"img":{"alt_text":"","src":"https:\/\/i0.wp.com\/kampkomiteen.net\/wp-content\/uploads\/2022\/03\/2022-plakat-8-mars-kampkomiteen-nettside-bilde-2-scaled.jpg?fit=1200%2C750&ssl=1&resize=350%2C200","width":350,"height":200,"srcset":"https:\/\/i0.wp.com\/kampkomiteen.net\/wp-content\/uploads\/2022\/03\/2022-plakat-8-mars-kampkomiteen-nettside-bilde-2-scaled.jpg?fit=1200%2C750&ssl=1&resize=350%2C200 1x, https:\/\/i0.wp.com\/kampkomiteen.net\/wp-content\/uploads\/2022\/03\/2022-plakat-8-mars-kampkomiteen-nettside-bilde-2-scaled.jpg?fit=1200%2C750&ssl=1&resize=525%2C300 1.5x, https:\/\/i0.wp.com\/kampkomiteen.net\/wp-content\/uploads\/2022\/03\/2022-plakat-8-mars-kampkomiteen-nettside-bilde-2-scaled.jpg?fit=1200%2C750&ssl=1&resize=700%2C400 2x, https:\/\/i0.wp.com\/kampkomiteen.net\/wp-content\/uploads\/2022\/03\/2022-plakat-8-mars-kampkomiteen-nettside-bilde-2-scaled.jpg?fit=1200%2C750&ssl=1&resize=1050%2C600 3x"},"classes":[]}],"jetpack_sharing_enabled":true,"_links":{"self":[{"href":"https:\/\/kampkomiteen.net\/index.php?rest_route=\/wp\/v2\/posts\/7207","targetHints":{"allow":["GET"]}}],"collection":[{"href":"https:\/\/kampkomiteen.net\/index.php?rest_route=\/wp\/v2\/posts"}],"about":[{"href":"https:\/\/kampkomiteen.net\/index.php?rest_route=\/wp\/v2\/types\/post"}],"author":[{"embeddable":true,"href":"https:\/\/kampkomiteen.net\/index.php?rest_route=\/wp\/v2\/users\/8"}],"replies":[{"embeddable":true,"href":"https:\/\/kampkomiteen.net\/index.php?rest_route=%2Fwp%2Fv2%2Fcomments&post=7207"}],"version-history":[{"count":3,"href":"https:\/\/kampkomiteen.net\/index.php?rest_route=\/wp\/v2\/posts\/7207\/revisions"}],"predecessor-version":[{"id":7216,"href":"https:\/\/kampkomiteen.net\/index.php?rest_route=\/wp\/v2\/posts\/7207\/revisions\/7216"}],"wp:featuredmedia":[{"embeddable":true,"href":"https:\/\/kampkomiteen.net\/index.php?rest_route=\/wp\/v2\/media\/7156"}],"wp:attachment":[{"href":"https:\/\/kampkomiteen.net\/index.php?rest_route=%2Fwp%2Fv2%2Fmedia&parent=7207"}],"wp:term":[{"taxonomy":"category","embeddable":true,"href":"https:\/\/kampkomiteen.net\/index.php?rest_route=%2Fwp%2Fv2%2Fcategories&post=7207"},{"taxonomy":"post_tag","embeddable":true,"href":"https:\/\/kampkomiteen.net\/index.php?rest_route=%2Fwp%2Fv2%2Ftags&post=7207"}],"curies":[{"name":"wp","href":"https:\/\/api.w.org\/{rel}","templated":true}]}}