{"id":7145,"date":"2024-04-14T15:26:18","date_gmt":"2024-04-14T13:26:18","guid":{"rendered":"https:\/\/kampkomiteen.net\/?p=7145"},"modified":"2024-04-14T15:26:31","modified_gmt":"2024-04-14T13:26:31","slug":"oslo-demonstrasjon-for-palestina-3","status":"publish","type":"post","link":"https:\/\/kampkomiteen.net\/?p=7145","title":{"rendered":"Oslo: Demonstrasjon for Palestina"},"content":{"rendered":"<div id=\"fb-root\"><\/div>\n\n<p><em>Skrevet av aktivister i Oslo<\/em><\/p>\n\n\n\n<p>Den 13. april deltok aktivister fra kampkomiteen i et demonstrasjonstog mot Israels bombing under feiringen av eid, og i solidaritet med palestinske barn og voksne som blir bombet.<\/p>\n\n\n\n<p>P\u00e5 jernbanetorget ble det arrangert et barnetog som marsjerte ned Karl Johan og til utenriksdepartmentet der det ble holdt appeller. Gjjennom hele marsjen ble et ropt slagord som \u00abLa barna feire \u2013 La barna leve\u00bb, \u00abFrom the river to the sea \u2013 Palestine will be free\u00bb og \u00abBoikott Israel \u2013 Fritt Palestina\u00bb.<\/p>\n\n\n\n<figure class=\"wp-block-image size-full is-resized\"><img data-recalc-dims=\"1\" loading=\"lazy\" decoding=\"async\" width=\"810\" height=\"456\" src=\"https:\/\/i0.wp.com\/kampkomiteen.net\/wp-content\/uploads\/2024\/04\/oslo13apr-2.jpg?resize=810%2C456&#038;ssl=1\" alt=\"\" class=\"wp-image-7146\" style=\"width:880px;height:auto\" srcset=\"https:\/\/i0.wp.com\/kampkomiteen.net\/wp-content\/uploads\/2024\/04\/oslo13apr-2.jpg?w=1920&amp;ssl=1 1920w, https:\/\/i0.wp.com\/kampkomiteen.net\/wp-content\/uploads\/2024\/04\/oslo13apr-2.jpg?resize=1000%2C563&amp;ssl=1 1000w, https:\/\/i0.wp.com\/kampkomiteen.net\/wp-content\/uploads\/2024\/04\/oslo13apr-2.jpg?resize=768%2C432&amp;ssl=1 768w, https:\/\/i0.wp.com\/kampkomiteen.net\/wp-content\/uploads\/2024\/04\/oslo13apr-2.jpg?resize=1536%2C865&amp;ssl=1 1536w, https:\/\/i0.wp.com\/kampkomiteen.net\/wp-content\/uploads\/2024\/04\/oslo13apr-2.jpg?w=1620&amp;ssl=1 1620w\" sizes=\"auto, (max-width: 810px) 100vw, 810px\" \/><\/figure>\n\n\n\n<figure class=\"wp-block-image size-full\"><img data-recalc-dims=\"1\" loading=\"lazy\" decoding=\"async\" width=\"810\" height=\"456\" src=\"https:\/\/i0.wp.com\/kampkomiteen.net\/wp-content\/uploads\/2024\/04\/oslo13apr-3.jpg?resize=810%2C456&#038;ssl=1\" alt=\"\" class=\"wp-image-7147\" srcset=\"https:\/\/i0.wp.com\/kampkomiteen.net\/wp-content\/uploads\/2024\/04\/oslo13apr-3.jpg?w=1920&amp;ssl=1 1920w, https:\/\/i0.wp.com\/kampkomiteen.net\/wp-content\/uploads\/2024\/04\/oslo13apr-3.jpg?resize=1000%2C563&amp;ssl=1 1000w, https:\/\/i0.wp.com\/kampkomiteen.net\/wp-content\/uploads\/2024\/04\/oslo13apr-3.jpg?resize=768%2C432&amp;ssl=1 768w, https:\/\/i0.wp.com\/kampkomiteen.net\/wp-content\/uploads\/2024\/04\/oslo13apr-3.jpg?resize=1536%2C865&amp;ssl=1 1536w, https:\/\/i0.wp.com\/kampkomiteen.net\/wp-content\/uploads\/2024\/04\/oslo13apr-3.jpg?w=1620&amp;ssl=1 1620w\" sizes=\"auto, (max-width: 810px) 100vw, 810px\" \/><\/figure>\n","protected":false},"excerpt":{"rendered":"<p>Den 13. april deltok aktivister fra kampkomiteen i et demonstrasjonstog mot Israels bombing under feiringen av eid, og i solidaritet med palestinske barn og voksne som blir bombet.<\/p>\n","protected":false},"author":8,"featured_media":7148,"comment_status":"closed","ping_status":"closed","sticky":false,"template":"","format":"standard","meta":{"advanced_seo_description":"","jetpack_seo_html_title":"","jetpack_seo_noindex":false,"_jetpack_memberships_contains_paid_content":false,"footnotes":""},"categories":[1],"tags":[4,11,21,47],"class_list":["post-7145","post","type-post","status-publish","format-standard","has-post-thumbnail","hentry","category-uncategorized","tag-demonstrasjon","tag-oslo","tag-palestina","tag-solidaritet"],"jetpack_featured_media_url":"https:\/\/i0.wp.com\/kampkomiteen.net\/wp-content\/uploads\/2024\/04\/oslo13apr-1.jpg?fit=1920%2C1081&ssl=1","jetpack_shortlink":"https:\/\/wp.me\/pchuPf-1Rf","jetpack-related-posts":[{"id":10328,"url":"https:\/\/kampkomiteen.net\/?p=10328","url_meta":{"origin":7145,"position":0},"title":"Oslo: Demonstrasjon til st\u00f8tte for palestinske fanger","author":"Kampkomiteen","date":"1. februar 2026","format":false,"excerpt":"L\u00f8rdag 31. januar deltok aktivister fra Kampkomiteen i Oslo p\u00e5 en markering for de palestinske fangene.","rel":"","context":"i \"Demonstrasjon\"","block_context":{"text":"Demonstrasjon","link":"https:\/\/kampkomiteen.net\/?tag=demonstrasjon"},"img":{"alt_text":"","src":"https:\/\/i0.wp.com\/kampkomiteen.net\/wp-content\/uploads\/2026\/02\/jan26-aksjonsdag-demo-oslo-2.jpg?fit=1200%2C800&ssl=1&resize=350%2C200","width":350,"height":200,"srcset":"https:\/\/i0.wp.com\/kampkomiteen.net\/wp-content\/uploads\/2026\/02\/jan26-aksjonsdag-demo-oslo-2.jpg?fit=1200%2C800&ssl=1&resize=350%2C200 1x, https:\/\/i0.wp.com\/kampkomiteen.net\/wp-content\/uploads\/2026\/02\/jan26-aksjonsdag-demo-oslo-2.jpg?fit=1200%2C800&ssl=1&resize=525%2C300 1.5x, https:\/\/i0.wp.com\/kampkomiteen.net\/wp-content\/uploads\/2026\/02\/jan26-aksjonsdag-demo-oslo-2.jpg?fit=1200%2C800&ssl=1&resize=700%2C400 2x, https:\/\/i0.wp.com\/kampkomiteen.net\/wp-content\/uploads\/2026\/02\/jan26-aksjonsdag-demo-oslo-2.jpg?fit=1200%2C800&ssl=1&resize=1050%2C600 3x"},"classes":[]},{"id":7498,"url":"https:\/\/kampkomiteen.net\/?p=7498","url_meta":{"origin":7145,"position":1},"title":"Oslo: MC-demonstrasjon for Palestina","author":"Kampkomiteen","date":"15. juni 2024","format":false,"excerpt":"L\u00f8rdag 15. juni deltok aktivister fra Kampkomiteen i demonstrasjonstog som gikk fra Utenriksdepartementet til Israels ambassade.","rel":"","context":"i \"Demonstrasjon\"","block_context":{"text":"Demonstrasjon","link":"https:\/\/kampkomiteen.net\/?tag=demonstrasjon"},"img":{"alt_text":"","src":"https:\/\/i0.wp.com\/kampkomiteen.net\/wp-content\/uploads\/2024\/06\/1-2.png?fit=1200%2C676&ssl=1&resize=350%2C200","width":350,"height":200,"srcset":"https:\/\/i0.wp.com\/kampkomiteen.net\/wp-content\/uploads\/2024\/06\/1-2.png?fit=1200%2C676&ssl=1&resize=350%2C200 1x, https:\/\/i0.wp.com\/kampkomiteen.net\/wp-content\/uploads\/2024\/06\/1-2.png?fit=1200%2C676&ssl=1&resize=525%2C300 1.5x, https:\/\/i0.wp.com\/kampkomiteen.net\/wp-content\/uploads\/2024\/06\/1-2.png?fit=1200%2C676&ssl=1&resize=700%2C400 2x, https:\/\/i0.wp.com\/kampkomiteen.net\/wp-content\/uploads\/2024\/06\/1-2.png?fit=1200%2C676&ssl=1&resize=1050%2C600 3x"},"classes":[]},{"id":6783,"url":"https:\/\/kampkomiteen.net\/?p=6783","url_meta":{"origin":7145,"position":2},"title":"Oslo: Markering for Palestina","author":"Kampkomiteen","date":"5. februar 2024","format":false,"excerpt":"S\u00f8ndag 4. februar deltok aktivister i Kampkomiteen i et tog og en demonstrasjon organisert av gruppa \u00abFree Palestine - Save Gaza\u00bb med banneret \u00abSt\u00f8tt den palestinske motstandskampen! Fritt Palestina!\u00bb.\u00a0","rel":"","context":"i \"Demonstrasjon\"","block_context":{"text":"Demonstrasjon","link":"https:\/\/kampkomiteen.net\/?tag=demonstrasjon"},"img":{"alt_text":"","src":"https:\/\/i0.wp.com\/kampkomiteen.net\/wp-content\/uploads\/2024\/02\/pasted-image-0.png?fit=1200%2C677&ssl=1&resize=350%2C200","width":350,"height":200,"srcset":"https:\/\/i0.wp.com\/kampkomiteen.net\/wp-content\/uploads\/2024\/02\/pasted-image-0.png?fit=1200%2C677&ssl=1&resize=350%2C200 1x, https:\/\/i0.wp.com\/kampkomiteen.net\/wp-content\/uploads\/2024\/02\/pasted-image-0.png?fit=1200%2C677&ssl=1&resize=525%2C300 1.5x, https:\/\/i0.wp.com\/kampkomiteen.net\/wp-content\/uploads\/2024\/02\/pasted-image-0.png?fit=1200%2C677&ssl=1&resize=700%2C400 2x, https:\/\/i0.wp.com\/kampkomiteen.net\/wp-content\/uploads\/2024\/02\/pasted-image-0.png?fit=1200%2C677&ssl=1&resize=1050%2C600 3x"},"classes":[]},{"id":7468,"url":"https:\/\/kampkomiteen.net\/?p=7468","url_meta":{"origin":7145,"position":3},"title":"Oslo: Demonstrasjon for Palestina","author":"Kampkomiteen","date":"11. juni 2024","format":false,"excerpt":"L\u00f8rdag 8. juni deltok aktivister fra Kampkomiteen p\u00e5 Free Palestine \u2013 Save Gaza sin faste l\u00f8rdagsmarkering.\u00a0","rel":"","context":"i \"Demonstrasjon\"","block_context":{"text":"Demonstrasjon","link":"https:\/\/kampkomiteen.net\/?tag=demonstrasjon"},"img":{"alt_text":"","src":"https:\/\/i0.wp.com\/kampkomiteen.net\/wp-content\/uploads\/2024\/06\/2.jpg?fit=1200%2C800&ssl=1&resize=350%2C200","width":350,"height":200,"srcset":"https:\/\/i0.wp.com\/kampkomiteen.net\/wp-content\/uploads\/2024\/06\/2.jpg?fit=1200%2C800&ssl=1&resize=350%2C200 1x, https:\/\/i0.wp.com\/kampkomiteen.net\/wp-content\/uploads\/2024\/06\/2.jpg?fit=1200%2C800&ssl=1&resize=525%2C300 1.5x, https:\/\/i0.wp.com\/kampkomiteen.net\/wp-content\/uploads\/2024\/06\/2.jpg?fit=1200%2C800&ssl=1&resize=700%2C400 2x, https:\/\/i0.wp.com\/kampkomiteen.net\/wp-content\/uploads\/2024\/06\/2.jpg?fit=1200%2C800&ssl=1&resize=1050%2C600 3x"},"classes":[]},{"id":8664,"url":"https:\/\/kampkomiteen.net\/?p=8664","url_meta":{"origin":7145,"position":4},"title":"Oslo: Demonstrasjon for palestinske barn","author":"Kampkomiteen","date":"7. april 2025","format":false,"excerpt":"Aktivister fra Kampkomiteen i Oslo har deltatt p\u00e5 en demonstrasjon for det palestinske barnet den 5. april. Demonstrasjonen var organisert av Handala Foreningen og flere organisasjoner var tilsluttet.","rel":"","context":"i \"Antiimperialisme\"","block_context":{"text":"Antiimperialisme","link":"https:\/\/kampkomiteen.net\/?tag=antiimperialisme"},"img":{"alt_text":"","src":"https:\/\/i0.wp.com\/kampkomiteen.net\/wp-content\/uploads\/2025\/04\/2-1.jpg?fit=1200%2C800&ssl=1&resize=350%2C200","width":350,"height":200,"srcset":"https:\/\/i0.wp.com\/kampkomiteen.net\/wp-content\/uploads\/2025\/04\/2-1.jpg?fit=1200%2C800&ssl=1&resize=350%2C200 1x, https:\/\/i0.wp.com\/kampkomiteen.net\/wp-content\/uploads\/2025\/04\/2-1.jpg?fit=1200%2C800&ssl=1&resize=525%2C300 1.5x, https:\/\/i0.wp.com\/kampkomiteen.net\/wp-content\/uploads\/2025\/04\/2-1.jpg?fit=1200%2C800&ssl=1&resize=700%2C400 2x, https:\/\/i0.wp.com\/kampkomiteen.net\/wp-content\/uploads\/2025\/04\/2-1.jpg?fit=1200%2C800&ssl=1&resize=1050%2C600 3x"},"classes":[]},{"id":8873,"url":"https:\/\/kampkomiteen.net\/?p=8873","url_meta":{"origin":7145,"position":5},"title":"Oslo: Visit Vestbredden demonstrasjon","author":"Kampkomiteen","date":"13. mai 2025","format":false,"excerpt":"Aktivister fra Kampkomiteen deltok l\u00f8rdag 10. mai p\u00e5 Palestinakomiteens \u00e5rlige markering av Nakbadagen, Visit Vestbredden.","rel":"","context":"i \"AIL\"","block_context":{"text":"AIL","link":"https:\/\/kampkomiteen.net\/?tag=ail"},"img":{"alt_text":"","src":"https:\/\/i0.wp.com\/kampkomiteen.net\/wp-content\/uploads\/2025\/05\/3-1.jpg?fit=1200%2C676&ssl=1&resize=350%2C200","width":350,"height":200,"srcset":"https:\/\/i0.wp.com\/kampkomiteen.net\/wp-content\/uploads\/2025\/05\/3-1.jpg?fit=1200%2C676&ssl=1&resize=350%2C200 1x, https:\/\/i0.wp.com\/kampkomiteen.net\/wp-content\/uploads\/2025\/05\/3-1.jpg?fit=1200%2C676&ssl=1&resize=525%2C300 1.5x, https:\/\/i0.wp.com\/kampkomiteen.net\/wp-content\/uploads\/2025\/05\/3-1.jpg?fit=1200%2C676&ssl=1&resize=700%2C400 2x, https:\/\/i0.wp.com\/kampkomiteen.net\/wp-content\/uploads\/2025\/05\/3-1.jpg?fit=1200%2C676&ssl=1&resize=1050%2C600 3x"},"classes":[]}],"jetpack_sharing_enabled":true,"_links":{"self":[{"href":"https:\/\/kampkomiteen.net\/index.php?rest_route=\/wp\/v2\/posts\/7145","targetHints":{"allow":["GET"]}}],"collection":[{"href":"https:\/\/kampkomiteen.net\/index.php?rest_route=\/wp\/v2\/posts"}],"about":[{"href":"https:\/\/kampkomiteen.net\/index.php?rest_route=\/wp\/v2\/types\/post"}],"author":[{"embeddable":true,"href":"https:\/\/kampkomiteen.net\/index.php?rest_route=\/wp\/v2\/users\/8"}],"replies":[{"embeddable":true,"href":"https:\/\/kampkomiteen.net\/index.php?rest_route=%2Fwp%2Fv2%2Fcomments&post=7145"}],"version-history":[{"count":1,"href":"https:\/\/kampkomiteen.net\/index.php?rest_route=\/wp\/v2\/posts\/7145\/revisions"}],"predecessor-version":[{"id":7150,"href":"https:\/\/kampkomiteen.net\/index.php?rest_route=\/wp\/v2\/posts\/7145\/revisions\/7150"}],"wp:featuredmedia":[{"embeddable":true,"href":"https:\/\/kampkomiteen.net\/index.php?rest_route=\/wp\/v2\/media\/7148"}],"wp:attachment":[{"href":"https:\/\/kampkomiteen.net\/index.php?rest_route=%2Fwp%2Fv2%2Fmedia&parent=7145"}],"wp:term":[{"taxonomy":"category","embeddable":true,"href":"https:\/\/kampkomiteen.net\/index.php?rest_route=%2Fwp%2Fv2%2Fcategories&post=7145"},{"taxonomy":"post_tag","embeddable":true,"href":"https:\/\/kampkomiteen.net\/index.php?rest_route=%2Fwp%2Fv2%2Ftags&post=7145"}],"curies":[{"name":"wp","href":"https:\/\/api.w.org\/{rel}","templated":true}]}}