{"id":7122,"date":"2024-04-14T13:32:50","date_gmt":"2024-04-14T11:32:50","guid":{"rendered":"https:\/\/kampkomiteen.net\/?p=7122"},"modified":"2024-04-14T13:32:53","modified_gmt":"2024-04-14T11:32:53","slug":"kristiansand-markeringer-for-palestina","status":"publish","type":"post","link":"https:\/\/kampkomiteen.net\/?p=7122","title":{"rendered":"Kristiansand: Markeringer for Palestina"},"content":{"rendered":"<div id=\"fb-root\"><\/div>\n\n<p><em>Skrevet av aktivister i Kristiansand.&nbsp;<\/em><\/p>\n\n\n\n<p><strong>L\u00f8rdag 13. april deltok aktivister fra Kampkomiteen i to markeringer til st\u00f8tte for det palestinske folket.<\/strong><\/p>\n\n\n\n<p>Helsearbeidere fra S\u00f8rlandet sykehus arrangerte sammen med Palestinsk forening ei stille markering for \u00e5 ford\u00f8mme volden som rammer kollegaene deres i Gaza, drap og fangenskap av palestinske leger og sykepleiere. Bakgrunnen for markeringa var det nylige angrepet p\u00e5 Al-Shifa sykehuset. Helsepersonell satt med bind for \u00f8ynene, og det var informasjon og bilder, og sm\u00e5 bylter som symboliserte drepte barn. Under markeringa solgte barn leker, frukt og godteri til st\u00f8tte for Gaza.\u00a0<\/p>\n\n\n\n<figure class=\"wp-block-image\"><img decoding=\"async\" src=\"https:\/\/lh7-us.googleusercontent.com\/LhoOqK7fCr3K4TLehv4S5QAh8MXq5nUB_UHhojHWhaeWgFO3FMB9cNKj9xYotRtw5YaVU6NE66gS19W9rgYAFmm9Hj6rmLs_C069wAKciV9owuWTbULFxZlIzv9GbI8R-GxJjUpcg00_d470pLmXpIA\" alt=\"\"\/><\/figure>\n\n\n\n<figure class=\"wp-block-image\"><img decoding=\"async\" src=\"https:\/\/lh7-us.googleusercontent.com\/HxweZtcQZ75qdrQJEyhTVDdHkyLIi4L-fQ2OhAFzX9g_zeumlxRWiacnNBTIMzMQg1rj9feF6EWTK1aJGxx3MeOdL68cfdnWYZDscuYS5ZjTwp_2aUPMPBojc1xqwHR4RnKfZGACZ3cXtuN1A0-w9MY\" alt=\"\"\/><\/figure>\n\n\n\n<figure class=\"wp-block-image\"><img decoding=\"async\" src=\"https:\/\/lh7-us.googleusercontent.com\/oOscPy3WGXc-oU7OYVOcHPLuXT63U_jz-TggWoZzx6geh-fKjDteL9Vm7VG0IknbQCV5S7_fFk4vT3sseJZmIb6aVhlHQlSV6XH4ZQPhqkZTUrl-47lwluHsrMA609oJMU3Z9Zgzn9l7iGj2-25dqlU\" alt=\"\"\/><\/figure>\n\n\n\n<figure class=\"wp-block-image is-resized\"><img decoding=\"async\" src=\"https:\/\/lh7-us.googleusercontent.com\/dSZAOnhlhZYX6hDHEOhlZxxLGid5EJ4um7WJxDSHU6r4nsnyc9NnsO0AJj_Dtk5Flo2pp-eiZinrimISDF9Pp-GVZanvPTiPtjvvp0M-CC27rEG6HeiuxKjBSDGbOnOMDHzzh1bMaQftUkHxuKV3tyE\" alt=\"\" style=\"width:880px;height:auto\"\/><\/figure>\n\n\n\n<figure class=\"wp-block-image\"><img decoding=\"async\" src=\"https:\/\/lh7-us.googleusercontent.com\/VS76di-NnYxX9xcVhmKZl3rV9HBZkOh-noC9tvryinMlu4godppQNt5xNTtyzuijXlNNbjt7yRNHj99FM1hU5N4RUdyhIZCJxwVviYdD9j_kS0sF7XteBCmd6cjpd7tI5_0rP0IgGfs_8oYz3T5y_es\" alt=\"\"\/><\/figure>\n\n\n\n<p>Etter denne markeringa deltok aktivistene i den ukentlige marsjen til Palestinakomiteen og Palestinsk forening.&nbsp;<\/p>\n\n\n\n<figure class=\"wp-block-image\"><img decoding=\"async\" src=\"https:\/\/lh7-us.googleusercontent.com\/bxw3NQpOtvHz9_cThC4wiNMcvDzJQCjHZF4a-2AmfG2L9fiVA9F7W42H_GTeQANsICUcPRUki5hoJtPJyRH_IGdw8bluOq030nq9ZOQ4jlphQC4DC0zvOyVnsF-1FYbhXu9vHgyCNK43Q88ac-lBVvE\" alt=\"\"\/><\/figure>\n\n\n\n<figure class=\"wp-block-image\"><img decoding=\"async\" src=\"https:\/\/lh7-us.googleusercontent.com\/gFbMW7DBWZxeWLLti9vNhPi4pE4knUcD1JUU-_JCN4WMC_39sBI4ngTNq6WI0jYa1wVV92WTJXylgu_987v09Q5-jdT-SHbPhyB846NAFA5vaDhRYNuJktsrzy-7In2GLKOh2HyTVVK5w8UYVpPiqMc\" alt=\"\"\/><\/figure>\n\n\n\n<figure class=\"wp-block-image\"><img decoding=\"async\" src=\"https:\/\/lh7-us.googleusercontent.com\/IEKCGtbG22HJvBSpRIDf1PsaRBcudGBsN7eE37TzrjOGisHq467B9f2-09mHyxoVLy3u5d9s_Vjk4CEJNK6SziKW-oHSeuH_iYvE4EhFil9LpUbr6a6OItIXTtsqAbcUQL7mBK10gHL7lHWCgtmhPP4\" alt=\"\"\/><\/figure>\n\n\n\n<figure class=\"wp-block-image is-resized\"><img decoding=\"async\" src=\"https:\/\/lh7-us.googleusercontent.com\/1VzYZZYylXxP2b_NvM9q7EAui1PvrLrwuTxbhSAvZiSZ7R-PDpf1j6RvonKiKhTLW5nvnwb7upvyu5hH-VScJ3UkKcKy1qCcIaJwuRnRIYGX_fxWCSzVC6c6K9QsGMtgmhwG92mWH6m-XYfivSOQGc0\" alt=\"\" style=\"width:880px;height:auto\"\/><\/figure>\n","protected":false},"excerpt":{"rendered":"<p>L\u00f8rdag 13. april deltok aktivister fra Kampkomiteen i to markeringer til st\u00f8tte for det palestinske folket.<\/p>\n","protected":false},"author":8,"featured_media":7123,"comment_status":"closed","ping_status":"closed","sticky":false,"template":"","format":"standard","meta":{"advanced_seo_description":"","jetpack_seo_html_title":"","jetpack_seo_noindex":false,"_jetpack_memberships_contains_paid_content":false,"footnotes":""},"categories":[1],"tags":[4,21,47],"class_list":["post-7122","post","type-post","status-publish","format-standard","has-post-thumbnail","hentry","category-uncategorized","tag-demonstrasjon","tag-palestina","tag-solidaritet"],"jetpack_featured_media_url":"https:\/\/i0.wp.com\/kampkomiteen.net\/wp-content\/uploads\/2024\/04\/Image.jpg?fit=1000%2C750&ssl=1","jetpack_shortlink":"https:\/\/wp.me\/pchuPf-1QS","jetpack-related-posts":[{"id":11060,"url":"https:\/\/kampkomiteen.net\/?p=11060","url_meta":{"origin":7122,"position":0},"title":"Kristiansand: Solidaritet med Palestina","author":"Kampkomiteen","date":"29. april 2026","format":false,"excerpt":"Aktivister fra Kampkomiteen har deltatt i flere markeringer til st\u00f8tte for det palestinske folket i april.\u00a0","rel":"","context":"i \"Demonstrasjon\"","block_context":{"text":"Demonstrasjon","link":"https:\/\/kampkomiteen.net\/?tag=demonstrasjon"},"img":{"alt_text":"","src":"https:\/\/i0.wp.com\/kampkomiteen.net\/wp-content\/uploads\/2026\/04\/image-6.jpeg?fit=1160%2C653&ssl=1&resize=350%2C200","width":350,"height":200,"srcset":"https:\/\/i0.wp.com\/kampkomiteen.net\/wp-content\/uploads\/2026\/04\/image-6.jpeg?fit=1160%2C653&ssl=1&resize=350%2C200 1x, https:\/\/i0.wp.com\/kampkomiteen.net\/wp-content\/uploads\/2026\/04\/image-6.jpeg?fit=1160%2C653&ssl=1&resize=525%2C300 1.5x, https:\/\/i0.wp.com\/kampkomiteen.net\/wp-content\/uploads\/2026\/04\/image-6.jpeg?fit=1160%2C653&ssl=1&resize=700%2C400 2x, https:\/\/i0.wp.com\/kampkomiteen.net\/wp-content\/uploads\/2026\/04\/image-6.jpeg?fit=1160%2C653&ssl=1&resize=1050%2C600 3x"},"classes":[]},{"id":8083,"url":"https:\/\/kampkomiteen.net\/?p=8083","url_meta":{"origin":7122,"position":1},"title":"Kristiansand: Markeringer mot okkupasjon og folkemord","author":"Kampkomiteen","date":"2. desember 2024","format":false,"excerpt":"Aktivister fra Kampkomiteen har deltatt i de ukentlige markeringene til st\u00f8tte for det palestinske folket, som arrangeres av Palestinsk forening og Palestinakomiteen.\u00a0","rel":"","context":"i \"Demonstrasjon\"","block_context":{"text":"Demonstrasjon","link":"https:\/\/kampkomiteen.net\/?tag=demonstrasjon"},"img":{"alt_text":"","src":"https:\/\/i0.wp.com\/kampkomiteen.net\/wp-content\/uploads\/2024\/12\/unnamed.jpg?fit=768%2C558&ssl=1&resize=350%2C200","width":350,"height":200,"srcset":"https:\/\/i0.wp.com\/kampkomiteen.net\/wp-content\/uploads\/2024\/12\/unnamed.jpg?fit=768%2C558&ssl=1&resize=350%2C200 1x, https:\/\/i0.wp.com\/kampkomiteen.net\/wp-content\/uploads\/2024\/12\/unnamed.jpg?fit=768%2C558&ssl=1&resize=525%2C300 1.5x, https:\/\/i0.wp.com\/kampkomiteen.net\/wp-content\/uploads\/2024\/12\/unnamed.jpg?fit=768%2C558&ssl=1&resize=700%2C400 2x"},"classes":[]},{"id":6690,"url":"https:\/\/kampkomiteen.net\/?p=6690","url_meta":{"origin":7122,"position":2},"title":"Kristiansand: Fakkeltog mot okkupasjon og folkemord","author":"Kampkomiteen","date":"6. januar 2024","format":false,"excerpt":"L\u00f8rdag 6. februar deltok aktivister fra Kampkomiteen i ei markering i Kristiansand. Demonstrasjonstoget gikk gjennom g\u00e5gata og det ble ropt slagord som \u00abFrom the river to the sea, Palestina will be free\u00bb og \u00abIsrael har blod p\u00e5 henda, fritt Palestina\u00bb. Deltakerne hadde med fakler, palestinske flagg og plakater til st\u00f8tte\u2026","rel":"","context":"i \"Demonstrasjon\"","block_context":{"text":"Demonstrasjon","link":"https:\/\/kampkomiteen.net\/?tag=demonstrasjon"},"img":{"alt_text":"","src":"https:\/\/i0.wp.com\/kampkomiteen.net\/wp-content\/uploads\/2024\/01\/image_133539.jpg?fit=720%2C584&ssl=1&resize=350%2C200","width":350,"height":200,"srcset":"https:\/\/i0.wp.com\/kampkomiteen.net\/wp-content\/uploads\/2024\/01\/image_133539.jpg?fit=720%2C584&ssl=1&resize=350%2C200 1x, https:\/\/i0.wp.com\/kampkomiteen.net\/wp-content\/uploads\/2024\/01\/image_133539.jpg?fit=720%2C584&ssl=1&resize=525%2C300 1.5x, https:\/\/i0.wp.com\/kampkomiteen.net\/wp-content\/uploads\/2024\/01\/image_133539.jpg?fit=720%2C584&ssl=1&resize=700%2C400 2x"},"classes":[]},{"id":6447,"url":"https:\/\/kampkomiteen.net\/?p=6447","url_meta":{"origin":7122,"position":3},"title":"Kristiansand: Demonstrasjon for Palestina","author":"Kampkomiteen","date":"15. oktober 2023","format":false,"excerpt":"L\u00f8rdag 14. oktober ble det arrangert en demonstrasjon i Kristiansand til st\u00f8tte for Gaza, og hyllest til det palestinske folkets motstandsdyktighet og heroiske motstand mot Israels folkemordskrig mot folket p\u00e5 Gaza og Vestbredden.","rel":"","context":"i \"Demonstrasjon\"","block_context":{"text":"Demonstrasjon","link":"https:\/\/kampkomiteen.net\/?tag=demonstrasjon"},"img":{"alt_text":"","src":"https:\/\/i0.wp.com\/kampkomiteen.net\/wp-content\/uploads\/2023\/10\/unnamed.jpg?fit=750%2C563&ssl=1&resize=350%2C200","width":350,"height":200,"srcset":"https:\/\/i0.wp.com\/kampkomiteen.net\/wp-content\/uploads\/2023\/10\/unnamed.jpg?fit=750%2C563&ssl=1&resize=350%2C200 1x, https:\/\/i0.wp.com\/kampkomiteen.net\/wp-content\/uploads\/2023\/10\/unnamed.jpg?fit=750%2C563&ssl=1&resize=525%2C300 1.5x, https:\/\/i0.wp.com\/kampkomiteen.net\/wp-content\/uploads\/2023\/10\/unnamed.jpg?fit=750%2C563&ssl=1&resize=700%2C400 2x"},"classes":[]},{"id":8129,"url":"https:\/\/kampkomiteen.net\/?p=8129","url_meta":{"origin":7122,"position":4},"title":"Kristiansand: Markeringer mot okkupasjon og folkemord","author":"Kampkomiteen","date":"2. januar 2025","format":false,"excerpt":"Aktivister fra Kampkomiteen har deltatt i de ukentlige markeringene til st\u00f8tte for det palestinske folket, som arrangeres av Palestinsk forening og Palestinakomiteen.\u00a0","rel":"","context":"i \"Demonstrasjon\"","block_context":{"text":"Demonstrasjon","link":"https:\/\/kampkomiteen.net\/?tag=demonstrasjon"},"img":{"alt_text":"","src":"https:\/\/i0.wp.com\/kampkomiteen.net\/wp-content\/uploads\/2025\/01\/21.12.jpg?fit=1200%2C889&ssl=1&resize=350%2C200","width":350,"height":200,"srcset":"https:\/\/i0.wp.com\/kampkomiteen.net\/wp-content\/uploads\/2025\/01\/21.12.jpg?fit=1200%2C889&ssl=1&resize=350%2C200 1x, https:\/\/i0.wp.com\/kampkomiteen.net\/wp-content\/uploads\/2025\/01\/21.12.jpg?fit=1200%2C889&ssl=1&resize=525%2C300 1.5x, https:\/\/i0.wp.com\/kampkomiteen.net\/wp-content\/uploads\/2025\/01\/21.12.jpg?fit=1200%2C889&ssl=1&resize=700%2C400 2x, https:\/\/i0.wp.com\/kampkomiteen.net\/wp-content\/uploads\/2025\/01\/21.12.jpg?fit=1200%2C889&ssl=1&resize=1050%2C600 3x"},"classes":[]},{"id":7964,"url":"https:\/\/kampkomiteen.net\/?p=7964","url_meta":{"origin":7122,"position":5},"title":"Kristiansand: Markeringer mot okkupasjon og folkemord","author":"Kampkomiteen","date":"1. november 2024","format":false,"excerpt":"Aktivister fra Kampkomiteen har deltatt i de ukentlige markeringene til st\u00f8tte for det palestinske folket, som arrangeres av Palestinsk forening og Palestinakomiteen.\u00a0","rel":"","context":"i \"Demonstrasjon\"","block_context":{"text":"Demonstrasjon","link":"https:\/\/kampkomiteen.net\/?tag=demonstrasjon"},"img":{"alt_text":"","src":"https:\/\/i0.wp.com\/kampkomiteen.net\/wp-content\/uploads\/2024\/11\/unnamed-1.png?fit=1024%2C577&ssl=1&resize=350%2C200","width":350,"height":200,"srcset":"https:\/\/i0.wp.com\/kampkomiteen.net\/wp-content\/uploads\/2024\/11\/unnamed-1.png?fit=1024%2C577&ssl=1&resize=350%2C200 1x, https:\/\/i0.wp.com\/kampkomiteen.net\/wp-content\/uploads\/2024\/11\/unnamed-1.png?fit=1024%2C577&ssl=1&resize=525%2C300 1.5x, https:\/\/i0.wp.com\/kampkomiteen.net\/wp-content\/uploads\/2024\/11\/unnamed-1.png?fit=1024%2C577&ssl=1&resize=700%2C400 2x"},"classes":[]}],"jetpack_sharing_enabled":true,"_links":{"self":[{"href":"https:\/\/kampkomiteen.net\/index.php?rest_route=\/wp\/v2\/posts\/7122","targetHints":{"allow":["GET"]}}],"collection":[{"href":"https:\/\/kampkomiteen.net\/index.php?rest_route=\/wp\/v2\/posts"}],"about":[{"href":"https:\/\/kampkomiteen.net\/index.php?rest_route=\/wp\/v2\/types\/post"}],"author":[{"embeddable":true,"href":"https:\/\/kampkomiteen.net\/index.php?rest_route=\/wp\/v2\/users\/8"}],"replies":[{"embeddable":true,"href":"https:\/\/kampkomiteen.net\/index.php?rest_route=%2Fwp%2Fv2%2Fcomments&post=7122"}],"version-history":[{"count":1,"href":"https:\/\/kampkomiteen.net\/index.php?rest_route=\/wp\/v2\/posts\/7122\/revisions"}],"predecessor-version":[{"id":7124,"href":"https:\/\/kampkomiteen.net\/index.php?rest_route=\/wp\/v2\/posts\/7122\/revisions\/7124"}],"wp:featuredmedia":[{"embeddable":true,"href":"https:\/\/kampkomiteen.net\/index.php?rest_route=\/wp\/v2\/media\/7123"}],"wp:attachment":[{"href":"https:\/\/kampkomiteen.net\/index.php?rest_route=%2Fwp%2Fv2%2Fmedia&parent=7122"}],"wp:term":[{"taxonomy":"category","embeddable":true,"href":"https:\/\/kampkomiteen.net\/index.php?rest_route=%2Fwp%2Fv2%2Fcategories&post=7122"},{"taxonomy":"post_tag","embeddable":true,"href":"https:\/\/kampkomiteen.net\/index.php?rest_route=%2Fwp%2Fv2%2Ftags&post=7122"}],"curies":[{"name":"wp","href":"https:\/\/api.w.org\/{rel}","templated":true}]}}