{"id":6923,"date":"2024-03-04T04:17:00","date_gmt":"2024-03-04T03:17:00","guid":{"rendered":"https:\/\/kampkomiteen.net\/?p=6923"},"modified":"2024-03-05T16:42:06","modified_gmt":"2024-03-05T15:42:06","slug":"trondheim-hundrevis-i-demonstrasjon-for-palestina","status":"publish","type":"post","link":"https:\/\/kampkomiteen.net\/?p=6923","title":{"rendered":"Trondheim: Hundrevis i demonstrasjon for Palestina"},"content":{"rendered":"<div id=\"fb-root\"><\/div>\n\n<p>Skrevet av aktivister i Trondheim<\/p>\n\n\n\n<p><strong>L\u00f8rdag 2. mars deltok aktivister fra Kampkomiteen i en markering til st\u00f8tte for Palestina. Det deltok fleire hundre p\u00e5 markeringa.<\/strong><\/p>\n\n\n\n<p>Dagen var annonsert som en global markeringsdag og markeringa var i regi av Palestinakomiteen og Studenter for Palestina. I forkant av markeringa ble det spilt solidaritetssanger p\u00e5 anlegget mens det etter hvert samlet seg hundrevis av mennesker p\u00e5 torget. Markeringa \u00e5pnet med slagord f\u00f8r det ble holdt fire appeller fra L\u00e6rere for Fred, Revolusjon\u00e6rt Kommunistisk Forbund, Amnesty International og Bassam Hussein, som er professor ved NTNU.<\/p>\n\n\n\n<p>Flere appellanter fortalte om folk de kjenner som bor i Gaza. Om bombing som del av hverdagen og om folk som m\u00e5tte klatre over lik etter at Israelsk milit\u00e6r massakrerte folk som sto i matk\u00f8. Representanten for L\u00e6rere for Fred trakk s\u00e6rlig fram situasjonen for barn, og at flere barn n\u00e5 har sultet i hjel. En annen appellant mente at knapt ord som folkemord er sterke nok til \u00e5 beskrive det som skjer. Det ble ogs\u00e5 sagt fra scena at v\u00e5penhvile ikke er nok, og at Israel m\u00e5 straffes. Videre ble det sagt at dette skjer fordi USA lar det p\u00e5g\u00e5. Det ble ogs\u00e5 opphold i en av appellene da deltakerne br\u00f8t ut i slagordroping.<\/p>\n\n\n\n<p>De fleste framm\u00f8tte deltok ogs\u00e5 i demonstrasjonstoget som var s\u00e5 langt at ulike seksjoner ropte forskjellige slagord. Av slagordene som kunne h\u00f8res p\u00e5 torget og gjennom gatene, gjerne akkompagnert av trommer, var \u00abHev blokaden &#8211; Sett dem fri!\u00bb, \u00abGaza, Gaza don\u2019t you cry \u2013 Free Palestine in our time!\u201d og \u201cNetanyahu you can\u2019t hide \u2013 We\u2019ll charge you with genocide!\u201d. Som ved tidligere markeringer p\u00e5gikk slagordene ogs\u00e5 etter at demonstrasjonen var formelt avsluttet.\u00a0 \u00a0<\/p>\n\n\n\n<figure class=\"wp-block-image size-full\"><img data-recalc-dims=\"1\" loading=\"lazy\" decoding=\"async\" width=\"810\" height=\"608\" src=\"https:\/\/i0.wp.com\/kampkomiteen.net\/wp-content\/uploads\/2024\/03\/DSCF2305.cleaned.jpg?resize=810%2C608&#038;ssl=1\" alt=\"\" class=\"wp-image-6924\" srcset=\"https:\/\/i0.wp.com\/kampkomiteen.net\/wp-content\/uploads\/2024\/03\/DSCF2305.cleaned.jpg?w=2000&amp;ssl=1 2000w, https:\/\/i0.wp.com\/kampkomiteen.net\/wp-content\/uploads\/2024\/03\/DSCF2305.cleaned.jpg?resize=1000%2C750&amp;ssl=1 1000w, https:\/\/i0.wp.com\/kampkomiteen.net\/wp-content\/uploads\/2024\/03\/DSCF2305.cleaned.jpg?resize=768%2C576&amp;ssl=1 768w, https:\/\/i0.wp.com\/kampkomiteen.net\/wp-content\/uploads\/2024\/03\/DSCF2305.cleaned.jpg?resize=1536%2C1152&amp;ssl=1 1536w, https:\/\/i0.wp.com\/kampkomiteen.net\/wp-content\/uploads\/2024\/03\/DSCF2305.cleaned.jpg?w=1620&amp;ssl=1 1620w\" sizes=\"auto, (max-width: 810px) 100vw, 810px\" \/><\/figure>\n\n\n\n<figure class=\"wp-block-image size-full\"><img data-recalc-dims=\"1\" loading=\"lazy\" decoding=\"async\" width=\"810\" height=\"608\" src=\"https:\/\/i0.wp.com\/kampkomiteen.net\/wp-content\/uploads\/2024\/03\/DSCF2306.cleaned.jpg?resize=810%2C608&#038;ssl=1\" alt=\"\" class=\"wp-image-6925\" srcset=\"https:\/\/i0.wp.com\/kampkomiteen.net\/wp-content\/uploads\/2024\/03\/DSCF2306.cleaned.jpg?w=2000&amp;ssl=1 2000w, https:\/\/i0.wp.com\/kampkomiteen.net\/wp-content\/uploads\/2024\/03\/DSCF2306.cleaned.jpg?resize=1000%2C750&amp;ssl=1 1000w, https:\/\/i0.wp.com\/kampkomiteen.net\/wp-content\/uploads\/2024\/03\/DSCF2306.cleaned.jpg?resize=768%2C576&amp;ssl=1 768w, https:\/\/i0.wp.com\/kampkomiteen.net\/wp-content\/uploads\/2024\/03\/DSCF2306.cleaned.jpg?resize=1536%2C1152&amp;ssl=1 1536w, https:\/\/i0.wp.com\/kampkomiteen.net\/wp-content\/uploads\/2024\/03\/DSCF2306.cleaned.jpg?w=1620&amp;ssl=1 1620w\" sizes=\"auto, (max-width: 810px) 100vw, 810px\" \/><\/figure>\n\n\n\n<figure class=\"wp-block-image size-full\"><img data-recalc-dims=\"1\" loading=\"lazy\" decoding=\"async\" width=\"810\" height=\"608\" src=\"https:\/\/i0.wp.com\/kampkomiteen.net\/wp-content\/uploads\/2024\/03\/DSCF2308.cleaned.jpg?resize=810%2C608&#038;ssl=1\" alt=\"\" class=\"wp-image-6926\" srcset=\"https:\/\/i0.wp.com\/kampkomiteen.net\/wp-content\/uploads\/2024\/03\/DSCF2308.cleaned.jpg?w=2000&amp;ssl=1 2000w, https:\/\/i0.wp.com\/kampkomiteen.net\/wp-content\/uploads\/2024\/03\/DSCF2308.cleaned.jpg?resize=1000%2C750&amp;ssl=1 1000w, https:\/\/i0.wp.com\/kampkomiteen.net\/wp-content\/uploads\/2024\/03\/DSCF2308.cleaned.jpg?resize=768%2C576&amp;ssl=1 768w, https:\/\/i0.wp.com\/kampkomiteen.net\/wp-content\/uploads\/2024\/03\/DSCF2308.cleaned.jpg?resize=1536%2C1152&amp;ssl=1 1536w, https:\/\/i0.wp.com\/kampkomiteen.net\/wp-content\/uploads\/2024\/03\/DSCF2308.cleaned.jpg?w=1620&amp;ssl=1 1620w\" sizes=\"auto, (max-width: 810px) 100vw, 810px\" \/><\/figure>\n\n\n\n<figure class=\"wp-block-image size-full\"><img data-recalc-dims=\"1\" loading=\"lazy\" decoding=\"async\" width=\"810\" height=\"608\" src=\"https:\/\/i0.wp.com\/kampkomiteen.net\/wp-content\/uploads\/2024\/03\/DSCF2314.cleaned.jpg?resize=810%2C608&#038;ssl=1\" alt=\"\" class=\"wp-image-6927\" srcset=\"https:\/\/i0.wp.com\/kampkomiteen.net\/wp-content\/uploads\/2024\/03\/DSCF2314.cleaned.jpg?w=2000&amp;ssl=1 2000w, https:\/\/i0.wp.com\/kampkomiteen.net\/wp-content\/uploads\/2024\/03\/DSCF2314.cleaned.jpg?resize=1000%2C750&amp;ssl=1 1000w, https:\/\/i0.wp.com\/kampkomiteen.net\/wp-content\/uploads\/2024\/03\/DSCF2314.cleaned.jpg?resize=768%2C576&amp;ssl=1 768w, https:\/\/i0.wp.com\/kampkomiteen.net\/wp-content\/uploads\/2024\/03\/DSCF2314.cleaned.jpg?resize=1536%2C1152&amp;ssl=1 1536w, https:\/\/i0.wp.com\/kampkomiteen.net\/wp-content\/uploads\/2024\/03\/DSCF2314.cleaned.jpg?w=1620&amp;ssl=1 1620w\" sizes=\"auto, (max-width: 810px) 100vw, 810px\" \/><\/figure>\n\n\n\n<figure class=\"wp-block-image size-full\"><img data-recalc-dims=\"1\" loading=\"lazy\" decoding=\"async\" width=\"810\" height=\"608\" src=\"https:\/\/i0.wp.com\/kampkomiteen.net\/wp-content\/uploads\/2024\/03\/DSCF2316.cleaned.jpg?resize=810%2C608&#038;ssl=1\" alt=\"\" class=\"wp-image-6928\" srcset=\"https:\/\/i0.wp.com\/kampkomiteen.net\/wp-content\/uploads\/2024\/03\/DSCF2316.cleaned.jpg?w=2000&amp;ssl=1 2000w, https:\/\/i0.wp.com\/kampkomiteen.net\/wp-content\/uploads\/2024\/03\/DSCF2316.cleaned.jpg?resize=1000%2C750&amp;ssl=1 1000w, https:\/\/i0.wp.com\/kampkomiteen.net\/wp-content\/uploads\/2024\/03\/DSCF2316.cleaned.jpg?resize=768%2C576&amp;ssl=1 768w, https:\/\/i0.wp.com\/kampkomiteen.net\/wp-content\/uploads\/2024\/03\/DSCF2316.cleaned.jpg?resize=1536%2C1152&amp;ssl=1 1536w, https:\/\/i0.wp.com\/kampkomiteen.net\/wp-content\/uploads\/2024\/03\/DSCF2316.cleaned.jpg?w=1620&amp;ssl=1 1620w\" sizes=\"auto, (max-width: 810px) 100vw, 810px\" \/><\/figure>\n\n\n\n<figure class=\"wp-block-image size-full\"><img data-recalc-dims=\"1\" loading=\"lazy\" decoding=\"async\" width=\"810\" height=\"608\" src=\"https:\/\/i0.wp.com\/kampkomiteen.net\/wp-content\/uploads\/2024\/03\/DSCF2317.cleaned.jpg?resize=810%2C608&#038;ssl=1\" alt=\"\" class=\"wp-image-6930\" srcset=\"https:\/\/i0.wp.com\/kampkomiteen.net\/wp-content\/uploads\/2024\/03\/DSCF2317.cleaned.jpg?w=2000&amp;ssl=1 2000w, https:\/\/i0.wp.com\/kampkomiteen.net\/wp-content\/uploads\/2024\/03\/DSCF2317.cleaned.jpg?resize=1000%2C750&amp;ssl=1 1000w, https:\/\/i0.wp.com\/kampkomiteen.net\/wp-content\/uploads\/2024\/03\/DSCF2317.cleaned.jpg?resize=768%2C576&amp;ssl=1 768w, https:\/\/i0.wp.com\/kampkomiteen.net\/wp-content\/uploads\/2024\/03\/DSCF2317.cleaned.jpg?resize=1536%2C1152&amp;ssl=1 1536w, https:\/\/i0.wp.com\/kampkomiteen.net\/wp-content\/uploads\/2024\/03\/DSCF2317.cleaned.jpg?w=1620&amp;ssl=1 1620w\" sizes=\"auto, (max-width: 810px) 100vw, 810px\" \/><\/figure>\n","protected":false},"excerpt":{"rendered":"<p>L\u00f8rdag 2. mars deltok aktivister fra Kampkomiteen i en markering til st\u00f8tte for Palestina. Det deltok fleire hundre p\u00e5 markeringa.<\/p>\n","protected":false},"author":8,"featured_media":6932,"comment_status":"closed","ping_status":"","sticky":false,"template":"","format":"standard","meta":{"advanced_seo_description":"","jetpack_seo_html_title":"","jetpack_seo_noindex":false,"_jetpack_memberships_contains_paid_content":false,"footnotes":""},"categories":[1],"tags":[],"class_list":["post-6923","post","type-post","status-publish","format-standard","has-post-thumbnail","hentry","category-uncategorized"],"jetpack_featured_media_url":"https:\/\/i0.wp.com\/kampkomiteen.net\/wp-content\/uploads\/2024\/03\/DSCF2311.cleaned.jpg?fit=2000%2C1500&ssl=1","jetpack_shortlink":"https:\/\/wp.me\/pchuPf-1NF","jetpack-related-posts":[{"id":6824,"url":"https:\/\/kampkomiteen.net\/?p=6824","url_meta":{"origin":6923,"position":0},"title":"Trondheim: Demonstrasjoner for Palestina og boikott av Israel","author":"Kampkomiteen","date":"10. februar 2024","format":false,"excerpt":"L\u00f8rdag 3. februar deltok Kampkomiteen p\u00e5 to demonstrasjoner i Trondheim arrangert av Palestina-aktivister.","rel":"","context":"Liknende innlegg","block_context":{"text":"Liknende innlegg","link":""},"img":{"alt_text":"","src":"https:\/\/i0.wp.com\/kampkomiteen.net\/wp-content\/uploads\/2024\/02\/Palestina_Trondheim.jpg?fit=1200%2C900&ssl=1&resize=350%2C200","width":350,"height":200,"srcset":"https:\/\/i0.wp.com\/kampkomiteen.net\/wp-content\/uploads\/2024\/02\/Palestina_Trondheim.jpg?fit=1200%2C900&ssl=1&resize=350%2C200 1x, https:\/\/i0.wp.com\/kampkomiteen.net\/wp-content\/uploads\/2024\/02\/Palestina_Trondheim.jpg?fit=1200%2C900&ssl=1&resize=525%2C300 1.5x, https:\/\/i0.wp.com\/kampkomiteen.net\/wp-content\/uploads\/2024\/02\/Palestina_Trondheim.jpg?fit=1200%2C900&ssl=1&resize=700%2C400 2x, https:\/\/i0.wp.com\/kampkomiteen.net\/wp-content\/uploads\/2024\/02\/Palestina_Trondheim.jpg?fit=1200%2C900&ssl=1&resize=1050%2C600 3x"},"classes":[]},{"id":6527,"url":"https:\/\/kampkomiteen.net\/?p=6527","url_meta":{"origin":6923,"position":1},"title":"Trondheim: Solidaritetsmarkering for Palestina","author":"Kampkomiteen","date":"26. oktober 2023","format":false,"excerpt":"Torsdag 26. oktober deltok Kampkomiteen i ei solidaritetsmarkering for Palestina p\u00e5 torget i Trondheim.","rel":"","context":"i \"Demonstrasjon\"","block_context":{"text":"Demonstrasjon","link":"https:\/\/kampkomiteen.net\/?tag=demonstrasjon"},"img":{"alt_text":"","src":"https:\/\/i0.wp.com\/kampkomiteen.net\/wp-content\/uploads\/2023\/10\/Palestina-banner.jpg?fit=1200%2C800&ssl=1&resize=350%2C200","width":350,"height":200,"srcset":"https:\/\/i0.wp.com\/kampkomiteen.net\/wp-content\/uploads\/2023\/10\/Palestina-banner.jpg?fit=1200%2C800&ssl=1&resize=350%2C200 1x, https:\/\/i0.wp.com\/kampkomiteen.net\/wp-content\/uploads\/2023\/10\/Palestina-banner.jpg?fit=1200%2C800&ssl=1&resize=525%2C300 1.5x, https:\/\/i0.wp.com\/kampkomiteen.net\/wp-content\/uploads\/2023\/10\/Palestina-banner.jpg?fit=1200%2C800&ssl=1&resize=700%2C400 2x, https:\/\/i0.wp.com\/kampkomiteen.net\/wp-content\/uploads\/2023\/10\/Palestina-banner.jpg?fit=1200%2C800&ssl=1&resize=1050%2C600 3x"},"classes":[]},{"id":8139,"url":"https:\/\/kampkomiteen.net\/?p=8139","url_meta":{"origin":6923,"position":2},"title":"Trondheim: markering for Palestina","author":"Kampkomiteen","date":"8. januar 2025","format":false,"excerpt":"L\u00f8rdag 4. januar deltok aktivister fra Kampkomiteen p\u00e5 ei markering utenfor Trondheim Spektrum under \u00e5rets idrettsgalla.\u00a0Hovedslagordet for markeringa var \u201cFolkemord ut av idretten!\u201d","rel":"","context":"i \"Demonstrasjon\"","block_context":{"text":"Demonstrasjon","link":"https:\/\/kampkomiteen.net\/?tag=demonstrasjon"},"img":{"alt_text":"","src":"https:\/\/i0.wp.com\/kampkomiteen.net\/wp-content\/uploads\/2025\/01\/DSCF2722.cleaned.jpg?fit=1200%2C900&ssl=1&resize=350%2C200","width":350,"height":200,"srcset":"https:\/\/i0.wp.com\/kampkomiteen.net\/wp-content\/uploads\/2025\/01\/DSCF2722.cleaned.jpg?fit=1200%2C900&ssl=1&resize=350%2C200 1x, https:\/\/i0.wp.com\/kampkomiteen.net\/wp-content\/uploads\/2025\/01\/DSCF2722.cleaned.jpg?fit=1200%2C900&ssl=1&resize=525%2C300 1.5x, https:\/\/i0.wp.com\/kampkomiteen.net\/wp-content\/uploads\/2025\/01\/DSCF2722.cleaned.jpg?fit=1200%2C900&ssl=1&resize=700%2C400 2x, https:\/\/i0.wp.com\/kampkomiteen.net\/wp-content\/uploads\/2025\/01\/DSCF2722.cleaned.jpg?fit=1200%2C900&ssl=1&resize=1050%2C600 3x"},"classes":[]},{"id":6999,"url":"https:\/\/kampkomiteen.net\/?p=6999","url_meta":{"origin":6923,"position":3},"title":"Kristiansand: Markering av 8. mars","author":"Kampkomiteen","date":"10. mars 2024","format":false,"excerpt":"Aktivister fra Kampkomiteen har markert 8. mars sammen med andre organisasjoner og venner, med fokus p\u00e5 internasjonal solidaritet, den palestinske motstandskampen, og kamp mot patriarkalsk vold.","rel":"","context":"i \"8. mars\"","block_context":{"text":"8. mars","link":"https:\/\/kampkomiteen.net\/?tag=8-mars"},"img":{"alt_text":"","src":"https:\/\/i0.wp.com\/kampkomiteen.net\/wp-content\/uploads\/2024\/03\/Untitled.jpg?fit=1000%2C750&ssl=1&resize=350%2C200","width":350,"height":200,"srcset":"https:\/\/i0.wp.com\/kampkomiteen.net\/wp-content\/uploads\/2024\/03\/Untitled.jpg?fit=1000%2C750&ssl=1&resize=350%2C200 1x, https:\/\/i0.wp.com\/kampkomiteen.net\/wp-content\/uploads\/2024\/03\/Untitled.jpg?fit=1000%2C750&ssl=1&resize=525%2C300 1.5x, https:\/\/i0.wp.com\/kampkomiteen.net\/wp-content\/uploads\/2024\/03\/Untitled.jpg?fit=1000%2C750&ssl=1&resize=700%2C400 2x"},"classes":[]},{"id":1781,"url":"https:\/\/kampkomiteen.net\/?p=1781","url_meta":{"origin":6923,"position":4},"title":"Solidaritet med Palestina","author":"Kampkomiteen","date":"17. mai 2021","format":false,"excerpt":"Den siste uka har det v\u00e6rt ei rekke demonstrasjoner til st\u00f8tte for det palestinske folket, og p\u00e5 l\u00f8rdag blei Nakba markert i flere byer. Aktivister fra Kampkomiteen har rapportert om demonstrasjonene de har deltatt i.","rel":"","context":"i \"Nakba\"","block_context":{"text":"Nakba","link":"https:\/\/kampkomiteen.net\/?tag=nakba"},"img":{"alt_text":"","src":"https:\/\/i0.wp.com\/kampkomiteen.net\/wp-content\/uploads\/2021\/05\/1.png?fit=1160%2C870&ssl=1&resize=350%2C200","width":350,"height":200,"srcset":"https:\/\/i0.wp.com\/kampkomiteen.net\/wp-content\/uploads\/2021\/05\/1.png?fit=1160%2C870&ssl=1&resize=350%2C200 1x, https:\/\/i0.wp.com\/kampkomiteen.net\/wp-content\/uploads\/2021\/05\/1.png?fit=1160%2C870&ssl=1&resize=525%2C300 1.5x, https:\/\/i0.wp.com\/kampkomiteen.net\/wp-content\/uploads\/2021\/05\/1.png?fit=1160%2C870&ssl=1&resize=700%2C400 2x, https:\/\/i0.wp.com\/kampkomiteen.net\/wp-content\/uploads\/2021\/05\/1.png?fit=1160%2C870&ssl=1&resize=1050%2C600 3x"},"classes":[]},{"id":9851,"url":"https:\/\/kampkomiteen.net\/?p=9851","url_meta":{"origin":6923,"position":5},"title":"Oslo: Markering av 7. oktober","author":"Kampkomiteen","date":"10. oktober 2025","format":false,"excerpt":"Den 7. oktober deltok aktivister fra Kampkomiteen i Oslo p\u00e5 Palestinakomiteen sin markering av 7. oktober. Markeringa startet med en kort introduksjon f\u00f8r det ble lest opp en navneliste av flere palestinere som har blitt drept som f\u00f8lger av Israels krigf\u00f8ring. Det ble ogs\u00e5 delt ut skilt med navn og\u2026","rel":"","context":"i \"Antiimperialisme\"","block_context":{"text":"Antiimperialisme","link":"https:\/\/kampkomiteen.net\/?tag=antiimperialisme"},"img":{"alt_text":"","src":"https:\/\/i0.wp.com\/kampkomiteen.net\/wp-content\/uploads\/2025\/10\/4-1-scaled.jpg?fit=1200%2C800&ssl=1&resize=350%2C200","width":350,"height":200,"srcset":"https:\/\/i0.wp.com\/kampkomiteen.net\/wp-content\/uploads\/2025\/10\/4-1-scaled.jpg?fit=1200%2C800&ssl=1&resize=350%2C200 1x, https:\/\/i0.wp.com\/kampkomiteen.net\/wp-content\/uploads\/2025\/10\/4-1-scaled.jpg?fit=1200%2C800&ssl=1&resize=525%2C300 1.5x, https:\/\/i0.wp.com\/kampkomiteen.net\/wp-content\/uploads\/2025\/10\/4-1-scaled.jpg?fit=1200%2C800&ssl=1&resize=700%2C400 2x, https:\/\/i0.wp.com\/kampkomiteen.net\/wp-content\/uploads\/2025\/10\/4-1-scaled.jpg?fit=1200%2C800&ssl=1&resize=1050%2C600 3x"},"classes":[]}],"jetpack_sharing_enabled":true,"_links":{"self":[{"href":"https:\/\/kampkomiteen.net\/index.php?rest_route=\/wp\/v2\/posts\/6923","targetHints":{"allow":["GET"]}}],"collection":[{"href":"https:\/\/kampkomiteen.net\/index.php?rest_route=\/wp\/v2\/posts"}],"about":[{"href":"https:\/\/kampkomiteen.net\/index.php?rest_route=\/wp\/v2\/types\/post"}],"author":[{"embeddable":true,"href":"https:\/\/kampkomiteen.net\/index.php?rest_route=\/wp\/v2\/users\/8"}],"replies":[{"embeddable":true,"href":"https:\/\/kampkomiteen.net\/index.php?rest_route=%2Fwp%2Fv2%2Fcomments&post=6923"}],"version-history":[{"count":1,"href":"https:\/\/kampkomiteen.net\/index.php?rest_route=\/wp\/v2\/posts\/6923\/revisions"}],"predecessor-version":[{"id":6931,"href":"https:\/\/kampkomiteen.net\/index.php?rest_route=\/wp\/v2\/posts\/6923\/revisions\/6931"}],"wp:featuredmedia":[{"embeddable":true,"href":"https:\/\/kampkomiteen.net\/index.php?rest_route=\/wp\/v2\/media\/6932"}],"wp:attachment":[{"href":"https:\/\/kampkomiteen.net\/index.php?rest_route=%2Fwp%2Fv2%2Fmedia&parent=6923"}],"wp:term":[{"taxonomy":"category","embeddable":true,"href":"https:\/\/kampkomiteen.net\/index.php?rest_route=%2Fwp%2Fv2%2Fcategories&post=6923"},{"taxonomy":"post_tag","embeddable":true,"href":"https:\/\/kampkomiteen.net\/index.php?rest_route=%2Fwp%2Fv2%2Ftags&post=6923"}],"curies":[{"name":"wp","href":"https:\/\/api.w.org\/{rel}","templated":true}]}}