{"id":6902,"date":"2024-03-03T12:17:48","date_gmt":"2024-03-03T11:17:48","guid":{"rendered":"https:\/\/kampkomiteen.net\/?p=6902"},"modified":"2024-03-04T21:25:03","modified_gmt":"2024-03-04T20:25:03","slug":"trondheim-flere-plakater-for-8-mars","status":"publish","type":"post","link":"https:\/\/kampkomiteen.net\/?p=6902","title":{"rendered":"Trondheim: Fleire plakatar for 8. mars"},"content":{"rendered":"<div id=\"fb-root\"><\/div>\n\n<p><em>Skrive av aktivistar i Trondheim.<\/em><\/p>\n\n\n\n<p>Oppdatering: M\u00e5ndag 4. mars meldast det om at det ogs\u00e5 er hengt opp plakat p\u00e5 biblioteket p\u00e5 Heimdal.<\/p>\n\n\n\n<p>Laurdag 2. mars blei det hengt opp plakatar for antiimperialistisk 8. marsmarkering p\u00e5 Heimdal og Tiller, som ligg s\u00f8r for Trondheim sentrum. Vi vil igjen oppfordre:<\/p>\n\n\n\n<p><strong>Bli med p\u00e5 antiimperialistisk 8. mars!<\/strong><strong><br>Fredag 8. mars, kl. 16:00 i toppen av Nordre gate.<\/strong><\/p>\n\n\n\n<figure class=\"wp-block-image size-full\"><img data-recalc-dims=\"1\" loading=\"lazy\" decoding=\"async\" width=\"810\" height=\"1080\" src=\"https:\/\/i0.wp.com\/kampkomiteen.net\/wp-content\/uploads\/2024\/03\/signal-2024-03-02-20-05-17-208.jpg?resize=810%2C1080&#038;ssl=1\" alt=\"\" class=\"wp-image-6903\" srcset=\"https:\/\/i0.wp.com\/kampkomiteen.net\/wp-content\/uploads\/2024\/03\/signal-2024-03-02-20-05-17-208.jpg?w=1536&amp;ssl=1 1536w, https:\/\/i0.wp.com\/kampkomiteen.net\/wp-content\/uploads\/2024\/03\/signal-2024-03-02-20-05-17-208.jpg?resize=750%2C1000&amp;ssl=1 750w, https:\/\/i0.wp.com\/kampkomiteen.net\/wp-content\/uploads\/2024\/03\/signal-2024-03-02-20-05-17-208.jpg?resize=768%2C1024&amp;ssl=1 768w, https:\/\/i0.wp.com\/kampkomiteen.net\/wp-content\/uploads\/2024\/03\/signal-2024-03-02-20-05-17-208.jpg?resize=1152%2C1536&amp;ssl=1 1152w\" sizes=\"auto, (max-width: 810px) 100vw, 810px\" \/><\/figure>\n\n\n\n<figure class=\"wp-block-image size-full\"><img data-recalc-dims=\"1\" loading=\"lazy\" decoding=\"async\" width=\"810\" height=\"1080\" src=\"https:\/\/i0.wp.com\/kampkomiteen.net\/wp-content\/uploads\/2024\/03\/signal-2024-03-02-20-05-17-208_1.jpg?resize=810%2C1080&#038;ssl=1\" alt=\"\" class=\"wp-image-6904\" srcset=\"https:\/\/i0.wp.com\/kampkomiteen.net\/wp-content\/uploads\/2024\/03\/signal-2024-03-02-20-05-17-208_1.jpg?w=1536&amp;ssl=1 1536w, https:\/\/i0.wp.com\/kampkomiteen.net\/wp-content\/uploads\/2024\/03\/signal-2024-03-02-20-05-17-208_1.jpg?resize=750%2C1000&amp;ssl=1 750w, https:\/\/i0.wp.com\/kampkomiteen.net\/wp-content\/uploads\/2024\/03\/signal-2024-03-02-20-05-17-208_1.jpg?resize=768%2C1024&amp;ssl=1 768w, https:\/\/i0.wp.com\/kampkomiteen.net\/wp-content\/uploads\/2024\/03\/signal-2024-03-02-20-05-17-208_1.jpg?resize=1152%2C1536&amp;ssl=1 1152w\" sizes=\"auto, (max-width: 810px) 100vw, 810px\" \/><\/figure>\n\n\n\n<figure class=\"wp-block-image size-full\"><img data-recalc-dims=\"1\" loading=\"lazy\" decoding=\"async\" width=\"810\" height=\"1080\" src=\"https:\/\/i0.wp.com\/kampkomiteen.net\/wp-content\/uploads\/2024\/03\/signal-2024-03-02-20-05-17-208_2.jpg?resize=810%2C1080&#038;ssl=1\" alt=\"\" class=\"wp-image-6905\" srcset=\"https:\/\/i0.wp.com\/kampkomiteen.net\/wp-content\/uploads\/2024\/03\/signal-2024-03-02-20-05-17-208_2.jpg?w=1536&amp;ssl=1 1536w, https:\/\/i0.wp.com\/kampkomiteen.net\/wp-content\/uploads\/2024\/03\/signal-2024-03-02-20-05-17-208_2.jpg?resize=750%2C1000&amp;ssl=1 750w, https:\/\/i0.wp.com\/kampkomiteen.net\/wp-content\/uploads\/2024\/03\/signal-2024-03-02-20-05-17-208_2.jpg?resize=768%2C1024&amp;ssl=1 768w, https:\/\/i0.wp.com\/kampkomiteen.net\/wp-content\/uploads\/2024\/03\/signal-2024-03-02-20-05-17-208_2.jpg?resize=1152%2C1536&amp;ssl=1 1152w\" sizes=\"auto, (max-width: 810px) 100vw, 810px\" \/><\/figure>\n\n\n\n<figure class=\"wp-block-image size-full\"><img data-recalc-dims=\"1\" loading=\"lazy\" decoding=\"async\" width=\"810\" height=\"1080\" src=\"https:\/\/i0.wp.com\/kampkomiteen.net\/wp-content\/uploads\/2024\/03\/signal-2024-03-02-20-05-17-208_3.jpg?resize=810%2C1080&#038;ssl=1\" alt=\"\" class=\"wp-image-6906\" srcset=\"https:\/\/i0.wp.com\/kampkomiteen.net\/wp-content\/uploads\/2024\/03\/signal-2024-03-02-20-05-17-208_3.jpg?w=1536&amp;ssl=1 1536w, https:\/\/i0.wp.com\/kampkomiteen.net\/wp-content\/uploads\/2024\/03\/signal-2024-03-02-20-05-17-208_3.jpg?resize=750%2C1000&amp;ssl=1 750w, https:\/\/i0.wp.com\/kampkomiteen.net\/wp-content\/uploads\/2024\/03\/signal-2024-03-02-20-05-17-208_3.jpg?resize=768%2C1024&amp;ssl=1 768w, https:\/\/i0.wp.com\/kampkomiteen.net\/wp-content\/uploads\/2024\/03\/signal-2024-03-02-20-05-17-208_3.jpg?resize=1152%2C1536&amp;ssl=1 1152w\" sizes=\"auto, (max-width: 810px) 100vw, 810px\" \/><\/figure>\n\n\n\n<figure class=\"wp-block-image size-full\"><img data-recalc-dims=\"1\" loading=\"lazy\" decoding=\"async\" width=\"810\" height=\"1080\" src=\"https:\/\/i0.wp.com\/kampkomiteen.net\/wp-content\/uploads\/2024\/03\/signal-2024-03-02-20-05-17-208_4.jpg?resize=810%2C1080&#038;ssl=1\" alt=\"\" class=\"wp-image-6907\" srcset=\"https:\/\/i0.wp.com\/kampkomiteen.net\/wp-content\/uploads\/2024\/03\/signal-2024-03-02-20-05-17-208_4.jpg?w=1536&amp;ssl=1 1536w, https:\/\/i0.wp.com\/kampkomiteen.net\/wp-content\/uploads\/2024\/03\/signal-2024-03-02-20-05-17-208_4.jpg?resize=750%2C1000&amp;ssl=1 750w, https:\/\/i0.wp.com\/kampkomiteen.net\/wp-content\/uploads\/2024\/03\/signal-2024-03-02-20-05-17-208_4.jpg?resize=768%2C1024&amp;ssl=1 768w, https:\/\/i0.wp.com\/kampkomiteen.net\/wp-content\/uploads\/2024\/03\/signal-2024-03-02-20-05-17-208_4.jpg?resize=1152%2C1536&amp;ssl=1 1152w\" sizes=\"auto, (max-width: 810px) 100vw, 810px\" \/><\/figure>\n\n\n\n<figure class=\"wp-block-image size-full\"><img data-recalc-dims=\"1\" loading=\"lazy\" decoding=\"async\" width=\"810\" height=\"1080\" src=\"https:\/\/i0.wp.com\/kampkomiteen.net\/wp-content\/uploads\/2024\/03\/signal-2024-03-02-20-05-17-208_5.jpg?resize=810%2C1080&#038;ssl=1\" alt=\"\" class=\"wp-image-6908\" srcset=\"https:\/\/i0.wp.com\/kampkomiteen.net\/wp-content\/uploads\/2024\/03\/signal-2024-03-02-20-05-17-208_5.jpg?w=1536&amp;ssl=1 1536w, https:\/\/i0.wp.com\/kampkomiteen.net\/wp-content\/uploads\/2024\/03\/signal-2024-03-02-20-05-17-208_5.jpg?resize=750%2C1000&amp;ssl=1 750w, https:\/\/i0.wp.com\/kampkomiteen.net\/wp-content\/uploads\/2024\/03\/signal-2024-03-02-20-05-17-208_5.jpg?resize=768%2C1024&amp;ssl=1 768w, https:\/\/i0.wp.com\/kampkomiteen.net\/wp-content\/uploads\/2024\/03\/signal-2024-03-02-20-05-17-208_5.jpg?resize=1152%2C1536&amp;ssl=1 1152w\" sizes=\"auto, (max-width: 810px) 100vw, 810px\" \/><\/figure>\n\n\n\n<figure class=\"wp-block-image size-full\"><img data-recalc-dims=\"1\" loading=\"lazy\" decoding=\"async\" width=\"810\" height=\"1080\" src=\"https:\/\/i0.wp.com\/kampkomiteen.net\/wp-content\/uploads\/2024\/03\/signal-2024-03-02-20-05-17-208_6.jpg?resize=810%2C1080&#038;ssl=1\" alt=\"\" class=\"wp-image-6909\" srcset=\"https:\/\/i0.wp.com\/kampkomiteen.net\/wp-content\/uploads\/2024\/03\/signal-2024-03-02-20-05-17-208_6.jpg?w=1536&amp;ssl=1 1536w, https:\/\/i0.wp.com\/kampkomiteen.net\/wp-content\/uploads\/2024\/03\/signal-2024-03-02-20-05-17-208_6.jpg?resize=750%2C1000&amp;ssl=1 750w, https:\/\/i0.wp.com\/kampkomiteen.net\/wp-content\/uploads\/2024\/03\/signal-2024-03-02-20-05-17-208_6.jpg?resize=768%2C1024&amp;ssl=1 768w, https:\/\/i0.wp.com\/kampkomiteen.net\/wp-content\/uploads\/2024\/03\/signal-2024-03-02-20-05-17-208_6.jpg?resize=1152%2C1536&amp;ssl=1 1152w\" sizes=\"auto, (max-width: 810px) 100vw, 810px\" \/><\/figure>\n\n\n\n<figure class=\"wp-block-image size-full\"><img data-recalc-dims=\"1\" loading=\"lazy\" decoding=\"async\" width=\"810\" height=\"1080\" src=\"https:\/\/i0.wp.com\/kampkomiteen.net\/wp-content\/uploads\/2024\/03\/signal-2024-03-04-16-25-58-017.jpg?resize=810%2C1080&#038;ssl=1\" alt=\"\" class=\"wp-image-6921\" srcset=\"https:\/\/i0.wp.com\/kampkomiteen.net\/wp-content\/uploads\/2024\/03\/signal-2024-03-04-16-25-58-017.jpg?w=1536&amp;ssl=1 1536w, https:\/\/i0.wp.com\/kampkomiteen.net\/wp-content\/uploads\/2024\/03\/signal-2024-03-04-16-25-58-017.jpg?resize=750%2C1000&amp;ssl=1 750w, https:\/\/i0.wp.com\/kampkomiteen.net\/wp-content\/uploads\/2024\/03\/signal-2024-03-04-16-25-58-017.jpg?resize=768%2C1024&amp;ssl=1 768w, https:\/\/i0.wp.com\/kampkomiteen.net\/wp-content\/uploads\/2024\/03\/signal-2024-03-04-16-25-58-017.jpg?resize=1152%2C1536&amp;ssl=1 1152w\" sizes=\"auto, (max-width: 810px) 100vw, 810px\" \/><\/figure>\n","protected":false},"excerpt":{"rendered":"<p>Laurdag 2. mars blei det hengt opp plakatar for Antiimperialistisk 8. marsmarkering p\u00e5 Heimdal og Tiller, som ligg s\u00f8r for Trondheim sentrum.<\/p>\n","protected":false},"author":8,"featured_media":6905,"comment_status":"closed","ping_status":"closed","sticky":false,"template":"","format":"standard","meta":{"advanced_seo_description":"","jetpack_seo_html_title":"","jetpack_seo_noindex":false,"_jetpack_memberships_contains_paid_content":false,"footnotes":""},"categories":[1],"tags":[23],"class_list":["post-6902","post","type-post","status-publish","format-standard","has-post-thumbnail","hentry","category-uncategorized","tag-8-mars"],"jetpack_featured_media_url":"https:\/\/i0.wp.com\/kampkomiteen.net\/wp-content\/uploads\/2024\/03\/signal-2024-03-02-20-05-17-208_2.jpg?fit=1536%2C2048&ssl=1","jetpack_shortlink":"https:\/\/wp.me\/pchuPf-1Nk","jetpack-related-posts":[{"id":8483,"url":"https:\/\/kampkomiteen.net\/?p=8483","url_meta":{"origin":6902,"position":0},"title":"Trondheim: Bli med p\u00e5 antiimperialistisk 8. mars","author":"Kampkomiteen","date":"5. mars 2025","format":false,"excerpt":"Skrevet av aktivister i Trondheim Mandag 3. mars ble det hengt opp plakater for markering av arbeiderkvinnenes internasjonale kampdag i Trondheim sentrum.","rel":"","context":"i \"8. mars\"","block_context":{"text":"8. mars","link":"https:\/\/kampkomiteen.net\/?tag=8-mars"},"img":{"alt_text":"","src":"https:\/\/i0.wp.com\/kampkomiteen.net\/wp-content\/uploads\/2025\/03\/DSCF2814-scaled.jpg?fit=1200%2C900&ssl=1&resize=350%2C200","width":350,"height":200,"srcset":"https:\/\/i0.wp.com\/kampkomiteen.net\/wp-content\/uploads\/2025\/03\/DSCF2814-scaled.jpg?fit=1200%2C900&ssl=1&resize=350%2C200 1x, https:\/\/i0.wp.com\/kampkomiteen.net\/wp-content\/uploads\/2025\/03\/DSCF2814-scaled.jpg?fit=1200%2C900&ssl=1&resize=525%2C300 1.5x, https:\/\/i0.wp.com\/kampkomiteen.net\/wp-content\/uploads\/2025\/03\/DSCF2814-scaled.jpg?fit=1200%2C900&ssl=1&resize=700%2C400 2x, https:\/\/i0.wp.com\/kampkomiteen.net\/wp-content\/uploads\/2025\/03\/DSCF2814-scaled.jpg?fit=1200%2C900&ssl=1&resize=1050%2C600 3x"},"classes":[]},{"id":6938,"url":"https:\/\/kampkomiteen.net\/?p=6938","url_meta":{"origin":6902,"position":1},"title":"Trondheim: Plakataksjoner for 8. mars","author":"Kampkomiteen","date":"6. mars 2024","format":false,"excerpt":"Mandag og tirsdag ble det gjennomf\u00f8rt flere plakataksjoner av aktivister fra Kampkomiteen.","rel":"","context":"i \"8. mars\"","block_context":{"text":"8. mars","link":"https:\/\/kampkomiteen.net\/?tag=8-mars"},"img":{"alt_text":"","src":"https:\/\/i0.wp.com\/kampkomiteen.net\/wp-content\/uploads\/2024\/03\/8M.png?fit=1160%2C653&ssl=1&resize=350%2C200","width":350,"height":200,"srcset":"https:\/\/i0.wp.com\/kampkomiteen.net\/wp-content\/uploads\/2024\/03\/8M.png?fit=1160%2C653&ssl=1&resize=350%2C200 1x, https:\/\/i0.wp.com\/kampkomiteen.net\/wp-content\/uploads\/2024\/03\/8M.png?fit=1160%2C653&ssl=1&resize=525%2C300 1.5x, https:\/\/i0.wp.com\/kampkomiteen.net\/wp-content\/uploads\/2024\/03\/8M.png?fit=1160%2C653&ssl=1&resize=700%2C400 2x, https:\/\/i0.wp.com\/kampkomiteen.net\/wp-content\/uploads\/2024\/03\/8M.png?fit=1160%2C653&ssl=1&resize=1050%2C600 3x"},"classes":[]},{"id":7161,"url":"https:\/\/kampkomiteen.net\/?p=7161","url_meta":{"origin":6902,"position":2},"title":"Trondheim: Mobilisering til 1. mai","author":"Kampkomiteen","date":"20. april 2024","format":false,"excerpt":"Torsdag 18. april ble det mobilisert til 1. mai med plakater og l\u00f8pesedler flere steder rundt byen. \u00a0","rel":"","context":"i \"1. mai\"","block_context":{"text":"1. mai","link":"https:\/\/kampkomiteen.net\/?tag=1-mai"},"img":{"alt_text":"","src":"https:\/\/i0.wp.com\/kampkomiteen.net\/wp-content\/uploads\/2024\/04\/DSCF2529.cleaned-1.jpg?fit=1200%2C900&ssl=1&resize=350%2C200","width":350,"height":200,"srcset":"https:\/\/i0.wp.com\/kampkomiteen.net\/wp-content\/uploads\/2024\/04\/DSCF2529.cleaned-1.jpg?fit=1200%2C900&ssl=1&resize=350%2C200 1x, https:\/\/i0.wp.com\/kampkomiteen.net\/wp-content\/uploads\/2024\/04\/DSCF2529.cleaned-1.jpg?fit=1200%2C900&ssl=1&resize=525%2C300 1.5x, https:\/\/i0.wp.com\/kampkomiteen.net\/wp-content\/uploads\/2024\/04\/DSCF2529.cleaned-1.jpg?fit=1200%2C900&ssl=1&resize=700%2C400 2x, https:\/\/i0.wp.com\/kampkomiteen.net\/wp-content\/uploads\/2024\/04\/DSCF2529.cleaned-1.jpg?fit=1200%2C900&ssl=1&resize=1050%2C600 3x"},"classes":[]},{"id":8290,"url":"https:\/\/kampkomiteen.net\/?p=8290","url_meta":{"origin":6902,"position":3},"title":"Trondheim: Flere mobiliseringsplakater","author":"Kampkomiteen","date":"9. februar 2025","format":false,"excerpt":"Skrevet av aktivister i Trondheim.","rel":"","context":"i \"Demonstrasjon\"","block_context":{"text":"Demonstrasjon","link":"https:\/\/kampkomiteen.net\/?tag=demonstrasjon"},"img":{"alt_text":"","src":"https:\/\/i0.wp.com\/kampkomiteen.net\/wp-content\/uploads\/2025\/02\/DSCF2771.jpg?fit=1200%2C900&ssl=1&resize=350%2C200","width":350,"height":200,"srcset":"https:\/\/i0.wp.com\/kampkomiteen.net\/wp-content\/uploads\/2025\/02\/DSCF2771.jpg?fit=1200%2C900&ssl=1&resize=350%2C200 1x, https:\/\/i0.wp.com\/kampkomiteen.net\/wp-content\/uploads\/2025\/02\/DSCF2771.jpg?fit=1200%2C900&ssl=1&resize=525%2C300 1.5x, https:\/\/i0.wp.com\/kampkomiteen.net\/wp-content\/uploads\/2025\/02\/DSCF2771.jpg?fit=1200%2C900&ssl=1&resize=700%2C400 2x, https:\/\/i0.wp.com\/kampkomiteen.net\/wp-content\/uploads\/2025\/02\/DSCF2771.jpg?fit=1200%2C900&ssl=1&resize=1050%2C600 3x"},"classes":[]},{"id":6934,"url":"https:\/\/kampkomiteen.net\/?p=6934","url_meta":{"origin":6902,"position":4},"title":"Tr\u00f8ndelag: Plakater for 8. mars","author":"Kampkomiteen","date":"5. mars 2024","format":false,"excerpt":"Mandag 4. mars satte aktivister fra Kampkomiteen opp plakater for antiimperialistisk 8. mars.","rel":"","context":"i \"8. mars\"","block_context":{"text":"8. mars","link":"https:\/\/kampkomiteen.net\/?tag=8-mars"},"img":{"alt_text":"","src":"https:\/\/i0.wp.com\/kampkomiteen.net\/wp-content\/uploads\/2024\/03\/pasted-image-0-1.png?fit=1200%2C800&ssl=1&resize=350%2C200","width":350,"height":200,"srcset":"https:\/\/i0.wp.com\/kampkomiteen.net\/wp-content\/uploads\/2024\/03\/pasted-image-0-1.png?fit=1200%2C800&ssl=1&resize=350%2C200 1x, https:\/\/i0.wp.com\/kampkomiteen.net\/wp-content\/uploads\/2024\/03\/pasted-image-0-1.png?fit=1200%2C800&ssl=1&resize=525%2C300 1.5x, https:\/\/i0.wp.com\/kampkomiteen.net\/wp-content\/uploads\/2024\/03\/pasted-image-0-1.png?fit=1200%2C800&ssl=1&resize=700%2C400 2x, https:\/\/i0.wp.com\/kampkomiteen.net\/wp-content\/uploads\/2024\/03\/pasted-image-0-1.png?fit=1200%2C800&ssl=1&resize=1050%2C600 3x"},"classes":[]},{"id":8389,"url":"https:\/\/kampkomiteen.net\/?p=8389","url_meta":{"origin":6902,"position":5},"title":"Trondheim: Solidaritetsaksjon og mobilisering (oppdatert 24.2.)","author":"Kampkomiteen","date":"23. februar 2025","format":false,"excerpt":"Fredag 21. februar ble det hengt opp plakater til st\u00f8tte for de tre palestinaaktivistene som stilles for retten i Oslo 24. februar. Det ble ogs\u00e5 mobilisert til demonstrasjoner.","rel":"","context":"i \"Demonstrasjon\"","block_context":{"text":"Demonstrasjon","link":"https:\/\/kampkomiteen.net\/?tag=demonstrasjon"},"img":{"alt_text":"","src":"https:\/\/i0.wp.com\/kampkomiteen.net\/wp-content\/uploads\/2025\/02\/20250222_122506-scaled.jpg?fit=1200%2C900&ssl=1&resize=350%2C200","width":350,"height":200,"srcset":"https:\/\/i0.wp.com\/kampkomiteen.net\/wp-content\/uploads\/2025\/02\/20250222_122506-scaled.jpg?fit=1200%2C900&ssl=1&resize=350%2C200 1x, https:\/\/i0.wp.com\/kampkomiteen.net\/wp-content\/uploads\/2025\/02\/20250222_122506-scaled.jpg?fit=1200%2C900&ssl=1&resize=525%2C300 1.5x, https:\/\/i0.wp.com\/kampkomiteen.net\/wp-content\/uploads\/2025\/02\/20250222_122506-scaled.jpg?fit=1200%2C900&ssl=1&resize=700%2C400 2x, https:\/\/i0.wp.com\/kampkomiteen.net\/wp-content\/uploads\/2025\/02\/20250222_122506-scaled.jpg?fit=1200%2C900&ssl=1&resize=1050%2C600 3x"},"classes":[]}],"jetpack_sharing_enabled":true,"_links":{"self":[{"href":"https:\/\/kampkomiteen.net\/index.php?rest_route=\/wp\/v2\/posts\/6902","targetHints":{"allow":["GET"]}}],"collection":[{"href":"https:\/\/kampkomiteen.net\/index.php?rest_route=\/wp\/v2\/posts"}],"about":[{"href":"https:\/\/kampkomiteen.net\/index.php?rest_route=\/wp\/v2\/types\/post"}],"author":[{"embeddable":true,"href":"https:\/\/kampkomiteen.net\/index.php?rest_route=\/wp\/v2\/users\/8"}],"replies":[{"embeddable":true,"href":"https:\/\/kampkomiteen.net\/index.php?rest_route=%2Fwp%2Fv2%2Fcomments&post=6902"}],"version-history":[{"count":4,"href":"https:\/\/kampkomiteen.net\/index.php?rest_route=\/wp\/v2\/posts\/6902\/revisions"}],"predecessor-version":[{"id":6922,"href":"https:\/\/kampkomiteen.net\/index.php?rest_route=\/wp\/v2\/posts\/6902\/revisions\/6922"}],"wp:featuredmedia":[{"embeddable":true,"href":"https:\/\/kampkomiteen.net\/index.php?rest_route=\/wp\/v2\/media\/6905"}],"wp:attachment":[{"href":"https:\/\/kampkomiteen.net\/index.php?rest_route=%2Fwp%2Fv2%2Fmedia&parent=6902"}],"wp:term":[{"taxonomy":"category","embeddable":true,"href":"https:\/\/kampkomiteen.net\/index.php?rest_route=%2Fwp%2Fv2%2Fcategories&post=6902"},{"taxonomy":"post_tag","embeddable":true,"href":"https:\/\/kampkomiteen.net\/index.php?rest_route=%2Fwp%2Fv2%2Ftags&post=6902"}],"curies":[{"name":"wp","href":"https:\/\/api.w.org\/{rel}","templated":true}]}}