{"id":6899,"date":"2024-03-02T22:11:33","date_gmt":"2024-03-02T21:11:33","guid":{"rendered":"https:\/\/kampkomiteen.net\/?p=6899"},"modified":"2024-03-02T22:11:36","modified_gmt":"2024-03-02T21:11:36","slug":"oslo-plakater-for-palestina-2","status":"publish","type":"post","link":"https:\/\/kampkomiteen.net\/?p=6899","title":{"rendered":"Oslo: Plakater for Palestina"},"content":{"rendered":"<div id=\"fb-root\"><\/div>\n\n<p><em>Skrevet av aktivister i Oslo.&nbsp;<\/em><\/p>\n\n\n\n<p>Aktivister har satt opp h\u00e5ndskrevne plakater der det st\u00e5r \u00abSt\u00f8tt den palestinske motstandskampen &#8211; Fritt Palestina\u00bb og \u00abDet er rett \u00e5 gj\u00f8re oppr\u00f8r\u00bb.<\/p>\n\n\n\n<figure class=\"wp-block-image\"><img decoding=\"async\" src=\"https:\/\/lh7-us.googleusercontent.com\/Eoan9vvlpMIU5QBAkboDaph444GmvUXdLDbujNhOtLOVbVp01xezXCYrofOqqsUlHZjmevgAP3xCNg26YCTE5gqdEZ8fO7raxJ15t5cR0xFx_Ac3qopVpdv7Q-yPSY6l4JjuTZQQWst_hrOzlIJRPqk\" alt=\"\"\/><\/figure>\n\n\n\n<figure class=\"wp-block-image is-resized\"><img decoding=\"async\" src=\"https:\/\/lh7-us.googleusercontent.com\/k-vVXHZ7wZSYrytfHGeqCkdQDJX5Z4mzjQl6t24yQrijwzGfwBbVgtDtztQjmnTl3MpCB3PJYeR8tODK6TFjSR0EuaFziC3JZ180wRtwglJ5kQTreYrrnYD9F1GxtTqAi4e41rFnvLPgbHs9d6LIei0\" alt=\"\" style=\"width:879px;height:auto\"\/><\/figure>\n\n\n\n<figure class=\"wp-block-image is-resized\"><img decoding=\"async\" src=\"https:\/\/lh7-us.googleusercontent.com\/6Ut_02MSBqL0Sz9ztmOcXEaSfOlW6Hyh-pEztiU_stH0_JFIexMFuYO83lF7Zwko7EpMCYCyBZliOkiuJvG0bQdAJxn-827LU8R6CPnSNo1wVUVQxzCO9II3toJHNzyM9ZKvIwdJmjOwUOZ_iYsRr9M\" alt=\"\" style=\"width:879px;height:auto\"\/><\/figure>\n\n\n\n<figure class=\"wp-block-image is-resized\"><img decoding=\"async\" src=\"https:\/\/lh7-us.googleusercontent.com\/FCGhNu-Z6hpliv66xAXf0k1sS_o-PcKnmp4RJIT73y3VpHbYP0ooGcdsIsK2dU8Om_NELp5RfvQ84L1114hjjaxjbOl9Puq6rmAqHVPTv_8gHSomY7wQATkO-V-_ThCk3dUuDLLCgSFmv8vTTWDd__U\" alt=\"\" style=\"width:879px;height:auto\"\/><\/figure>\n\n\n\n<figure class=\"wp-block-image is-resized\"><img decoding=\"async\" src=\"https:\/\/lh7-us.googleusercontent.com\/N0-FGKYuGjDhj7bPHuHwvto7kyEYKQRqenCu134mVi_HtfOqseZtanYX0xeqvZX2S5OISdl9WwR2a9fYdOfVp7jynjErRzjbgiAmw-Ec0AwiG8OMmUr4oMfGyceRzo75TW893jzvHp2z0tngwRkJayo\" alt=\"\" style=\"width:880px;height:auto\"\/><\/figure>\n","protected":false},"excerpt":{"rendered":"<p>Aktivister har satt opp h\u00e5ndskrevne plakater der det st\u00e5r \u00abSt\u00f8tt den palestinske motstandskampen &#8211; Fritt Palestina\u00bb og \u00abDet er rett \u00e5 gj\u00f8re oppr\u00f8r\u00bb.<\/p>\n","protected":false},"author":8,"featured_media":6900,"comment_status":"closed","ping_status":"closed","sticky":false,"template":"","format":"standard","meta":{"advanced_seo_description":"","jetpack_seo_html_title":"","jetpack_seo_noindex":false,"_jetpack_memberships_contains_paid_content":false,"footnotes":""},"categories":[1],"tags":[21,47],"class_list":["post-6899","post","type-post","status-publish","format-standard","has-post-thumbnail","hentry","category-uncategorized","tag-palestina","tag-solidaritet"],"jetpack_featured_media_url":"https:\/\/i0.wp.com\/kampkomiteen.net\/wp-content\/uploads\/2024\/03\/pasted-image-0.png?fit=720%2C405&ssl=1","jetpack_shortlink":"https:\/\/wp.me\/pchuPf-1Nh","jetpack-related-posts":[{"id":7889,"url":"https:\/\/kampkomiteen.net\/?p=7889","url_meta":{"origin":6899,"position":0},"title":"Kristiansand: Plakataksjon","author":"Kampkomiteen","date":"19. oktober 2024","format":false,"excerpt":"I Kristiansand sentrum er det satt opp plakater til st\u00f8tte for den palestinske motstandskampen og for den meksikanske kvinnesaks- og urfolksadvokaten Sandra Est\u00e9fana Dom\u00ednguez Mart\u00ednez.","rel":"","context":"i \"Antiimperialistisk Forbund\"","block_context":{"text":"Antiimperialistisk Forbund","link":"https:\/\/kampkomiteen.net\/?tag=antiimperialistisk-forbund"},"img":{"alt_text":"","src":"https:\/\/i0.wp.com\/kampkomiteen.net\/wp-content\/uploads\/2024\/10\/FOTO-4.png?fit=1160%2C653&ssl=1&resize=350%2C200","width":350,"height":200,"srcset":"https:\/\/i0.wp.com\/kampkomiteen.net\/wp-content\/uploads\/2024\/10\/FOTO-4.png?fit=1160%2C653&ssl=1&resize=350%2C200 1x, https:\/\/i0.wp.com\/kampkomiteen.net\/wp-content\/uploads\/2024\/10\/FOTO-4.png?fit=1160%2C653&ssl=1&resize=525%2C300 1.5x, https:\/\/i0.wp.com\/kampkomiteen.net\/wp-content\/uploads\/2024\/10\/FOTO-4.png?fit=1160%2C653&ssl=1&resize=700%2C400 2x, https:\/\/i0.wp.com\/kampkomiteen.net\/wp-content\/uploads\/2024\/10\/FOTO-4.png?fit=1160%2C653&ssl=1&resize=1050%2C600 3x"},"classes":[]},{"id":7907,"url":"https:\/\/kampkomiteen.net\/?p=7907","url_meta":{"origin":6899,"position":1},"title":"Kristiansand: Plakater for den palestinske motstandskampen","author":"Kampkomiteen","date":"22. oktober 2024","format":false,"excerpt":"I Kristiansand sentrum og p\u00e5 Universitetet i Agder er det satt opp plakater for Palestina.","rel":"","context":"i \"Antiimperialisme\"","block_context":{"text":"Antiimperialisme","link":"https:\/\/kampkomiteen.net\/?tag=antiimperialisme"},"img":{"alt_text":"","src":"https:\/\/i0.wp.com\/kampkomiteen.net\/wp-content\/uploads\/2024\/10\/FOTO-3.png?fit=1160%2C653&ssl=1&resize=350%2C200","width":350,"height":200,"srcset":"https:\/\/i0.wp.com\/kampkomiteen.net\/wp-content\/uploads\/2024\/10\/FOTO-3.png?fit=1160%2C653&ssl=1&resize=350%2C200 1x, https:\/\/i0.wp.com\/kampkomiteen.net\/wp-content\/uploads\/2024\/10\/FOTO-3.png?fit=1160%2C653&ssl=1&resize=525%2C300 1.5x, https:\/\/i0.wp.com\/kampkomiteen.net\/wp-content\/uploads\/2024\/10\/FOTO-3.png?fit=1160%2C653&ssl=1&resize=700%2C400 2x, https:\/\/i0.wp.com\/kampkomiteen.net\/wp-content\/uploads\/2024\/10\/FOTO-3.png?fit=1160%2C653&ssl=1&resize=1050%2C600 3x"},"classes":[]},{"id":9870,"url":"https:\/\/kampkomiteen.net\/?p=9870","url_meta":{"origin":6899,"position":2},"title":"Kristiansand: Palestinasolidaritet","author":"Kampkomiteen","date":"27. oktober 2025","format":false,"excerpt":"Den siste uka har aktivister fra Kampkomiteen deltatt i l\u00f8rdagsdemonstrasjonen for Palestina, og i sentrum, p\u00e5 Slettheia og Grim er det er satt opp plakater, klistremerker og et banner.","rel":"","context":"i \"Palestina\"","block_context":{"text":"Palestina","link":"https:\/\/kampkomiteen.net\/?tag=palestina"},"img":{"alt_text":"","src":"https:\/\/i0.wp.com\/kampkomiteen.net\/wp-content\/uploads\/2025\/10\/fritt-palestina.jpg?fit=1160%2C653&ssl=1&resize=350%2C200","width":350,"height":200,"srcset":"https:\/\/i0.wp.com\/kampkomiteen.net\/wp-content\/uploads\/2025\/10\/fritt-palestina.jpg?fit=1160%2C653&ssl=1&resize=350%2C200 1x, https:\/\/i0.wp.com\/kampkomiteen.net\/wp-content\/uploads\/2025\/10\/fritt-palestina.jpg?fit=1160%2C653&ssl=1&resize=525%2C300 1.5x, https:\/\/i0.wp.com\/kampkomiteen.net\/wp-content\/uploads\/2025\/10\/fritt-palestina.jpg?fit=1160%2C653&ssl=1&resize=700%2C400 2x, https:\/\/i0.wp.com\/kampkomiteen.net\/wp-content\/uploads\/2025\/10\/fritt-palestina.jpg?fit=1160%2C653&ssl=1&resize=1050%2C600 3x"},"classes":[]},{"id":8263,"url":"https:\/\/kampkomiteen.net\/?p=8263","url_meta":{"origin":6899,"position":3},"title":"Kristiansand: Plakataksjon","author":"Kampkomiteen","date":"9. februar 2025","format":false,"excerpt":"Kampkomiteen har satt opp plakater i Kristiansand sentrum, til st\u00f8tte for fattigb\u00f8ndene i Brasil og for det palestinske folket.","rel":"","context":"i \"Brasil\"","block_context":{"text":"Brasil","link":"https:\/\/kampkomiteen.net\/?tag=brasil"},"img":{"alt_text":"","src":"https:\/\/i0.wp.com\/kampkomiteen.net\/wp-content\/uploads\/2025\/02\/plakat.jpg?fit=1200%2C760&ssl=1&resize=350%2C200","width":350,"height":200,"srcset":"https:\/\/i0.wp.com\/kampkomiteen.net\/wp-content\/uploads\/2025\/02\/plakat.jpg?fit=1200%2C760&ssl=1&resize=350%2C200 1x, https:\/\/i0.wp.com\/kampkomiteen.net\/wp-content\/uploads\/2025\/02\/plakat.jpg?fit=1200%2C760&ssl=1&resize=525%2C300 1.5x, https:\/\/i0.wp.com\/kampkomiteen.net\/wp-content\/uploads\/2025\/02\/plakat.jpg?fit=1200%2C760&ssl=1&resize=700%2C400 2x, https:\/\/i0.wp.com\/kampkomiteen.net\/wp-content\/uploads\/2025\/02\/plakat.jpg?fit=1200%2C760&ssl=1&resize=1050%2C600 3x"},"classes":[]},{"id":6882,"url":"https:\/\/kampkomiteen.net\/?p=6882","url_meta":{"origin":6899,"position":4},"title":"Kristiansand: Plakater for 8. mars","author":"Kampkomiteen","date":"1. mars 2024","format":false,"excerpt":"Det er satt opp plakater for 8. mars i Kristiansand sentrum.\u00a0","rel":"","context":"i \"8. mars\"","block_context":{"text":"8. mars","link":"https:\/\/kampkomiteen.net\/?tag=8-mars"},"img":{"alt_text":"","src":"https:\/\/i0.wp.com\/kampkomiteen.net\/wp-content\/uploads\/2024\/03\/8M-scaled.jpg?fit=1200%2C697&ssl=1&resize=350%2C200","width":350,"height":200,"srcset":"https:\/\/i0.wp.com\/kampkomiteen.net\/wp-content\/uploads\/2024\/03\/8M-scaled.jpg?fit=1200%2C697&ssl=1&resize=350%2C200 1x, https:\/\/i0.wp.com\/kampkomiteen.net\/wp-content\/uploads\/2024\/03\/8M-scaled.jpg?fit=1200%2C697&ssl=1&resize=525%2C300 1.5x, https:\/\/i0.wp.com\/kampkomiteen.net\/wp-content\/uploads\/2024\/03\/8M-scaled.jpg?fit=1200%2C697&ssl=1&resize=700%2C400 2x, https:\/\/i0.wp.com\/kampkomiteen.net\/wp-content\/uploads\/2024\/03\/8M-scaled.jpg?fit=1200%2C697&ssl=1&resize=1050%2C600 3x"},"classes":[]},{"id":7468,"url":"https:\/\/kampkomiteen.net\/?p=7468","url_meta":{"origin":6899,"position":5},"title":"Oslo: Demonstrasjon for Palestina","author":"Kampkomiteen","date":"11. juni 2024","format":false,"excerpt":"L\u00f8rdag 8. juni deltok aktivister fra Kampkomiteen p\u00e5 Free Palestine \u2013 Save Gaza sin faste l\u00f8rdagsmarkering.\u00a0","rel":"","context":"i \"Demonstrasjon\"","block_context":{"text":"Demonstrasjon","link":"https:\/\/kampkomiteen.net\/?tag=demonstrasjon"},"img":{"alt_text":"","src":"https:\/\/i0.wp.com\/kampkomiteen.net\/wp-content\/uploads\/2024\/06\/2.jpg?fit=1200%2C800&ssl=1&resize=350%2C200","width":350,"height":200,"srcset":"https:\/\/i0.wp.com\/kampkomiteen.net\/wp-content\/uploads\/2024\/06\/2.jpg?fit=1200%2C800&ssl=1&resize=350%2C200 1x, https:\/\/i0.wp.com\/kampkomiteen.net\/wp-content\/uploads\/2024\/06\/2.jpg?fit=1200%2C800&ssl=1&resize=525%2C300 1.5x, https:\/\/i0.wp.com\/kampkomiteen.net\/wp-content\/uploads\/2024\/06\/2.jpg?fit=1200%2C800&ssl=1&resize=700%2C400 2x, https:\/\/i0.wp.com\/kampkomiteen.net\/wp-content\/uploads\/2024\/06\/2.jpg?fit=1200%2C800&ssl=1&resize=1050%2C600 3x"},"classes":[]}],"jetpack_sharing_enabled":true,"_links":{"self":[{"href":"https:\/\/kampkomiteen.net\/index.php?rest_route=\/wp\/v2\/posts\/6899","targetHints":{"allow":["GET"]}}],"collection":[{"href":"https:\/\/kampkomiteen.net\/index.php?rest_route=\/wp\/v2\/posts"}],"about":[{"href":"https:\/\/kampkomiteen.net\/index.php?rest_route=\/wp\/v2\/types\/post"}],"author":[{"embeddable":true,"href":"https:\/\/kampkomiteen.net\/index.php?rest_route=\/wp\/v2\/users\/8"}],"replies":[{"embeddable":true,"href":"https:\/\/kampkomiteen.net\/index.php?rest_route=%2Fwp%2Fv2%2Fcomments&post=6899"}],"version-history":[{"count":1,"href":"https:\/\/kampkomiteen.net\/index.php?rest_route=\/wp\/v2\/posts\/6899\/revisions"}],"predecessor-version":[{"id":6901,"href":"https:\/\/kampkomiteen.net\/index.php?rest_route=\/wp\/v2\/posts\/6899\/revisions\/6901"}],"wp:featuredmedia":[{"embeddable":true,"href":"https:\/\/kampkomiteen.net\/index.php?rest_route=\/wp\/v2\/media\/6900"}],"wp:attachment":[{"href":"https:\/\/kampkomiteen.net\/index.php?rest_route=%2Fwp%2Fv2%2Fmedia&parent=6899"}],"wp:term":[{"taxonomy":"category","embeddable":true,"href":"https:\/\/kampkomiteen.net\/index.php?rest_route=%2Fwp%2Fv2%2Fcategories&post=6899"},{"taxonomy":"post_tag","embeddable":true,"href":"https:\/\/kampkomiteen.net\/index.php?rest_route=%2Fwp%2Fv2%2Ftags&post=6899"}],"curies":[{"name":"wp","href":"https:\/\/api.w.org\/{rel}","templated":true}]}}