{"id":6890,"date":"2024-03-02T21:55:41","date_gmt":"2024-03-02T20:55:41","guid":{"rendered":"https:\/\/kampkomiteen.net\/?p=6890"},"modified":"2024-03-02T21:55:44","modified_gmt":"2024-03-02T20:55:44","slug":"trondheim-plakater-for-8-mars","status":"publish","type":"post","link":"https:\/\/kampkomiteen.net\/?p=6890","title":{"rendered":"Trondheim: Plakater for 8. mars"},"content":{"rendered":"<div id=\"fb-root\"><\/div>\n\n<p><em>Skrevet av aktivister i Trondheim.<\/em><\/p>\n\n\n\n<p>Onsdag 28. februar satte aktivister fra Kampkomiteen opp plakater for antiimperialistisk 8. mars.<br>Plakatene ble satt opp p\u00e5 Saupstad, et omr\u00e5de s\u00f8r i Trondheim.<\/p>\n\n\n\n<p><strong>Bli med p\u00e5 antiimperialistisk 8. mars!<br>Fredag 8. mars, kl. 16:00 i toppen av Nordre gate.<\/strong><\/p>\n\n\n\n<figure class=\"wp-block-image size-full\"><img data-recalc-dims=\"1\" loading=\"lazy\" decoding=\"async\" width=\"810\" height=\"608\" src=\"https:\/\/i0.wp.com\/kampkomiteen.net\/wp-content\/uploads\/2024\/03\/image-1.png?resize=810%2C608&#038;ssl=1\" alt=\"\" class=\"wp-image-6892\" srcset=\"https:\/\/i0.wp.com\/kampkomiteen.net\/wp-content\/uploads\/2024\/03\/image-1.png?w=2000&amp;ssl=1 2000w, https:\/\/i0.wp.com\/kampkomiteen.net\/wp-content\/uploads\/2024\/03\/image-1.png?resize=1000%2C750&amp;ssl=1 1000w, https:\/\/i0.wp.com\/kampkomiteen.net\/wp-content\/uploads\/2024\/03\/image-1.png?resize=768%2C576&amp;ssl=1 768w, https:\/\/i0.wp.com\/kampkomiteen.net\/wp-content\/uploads\/2024\/03\/image-1.png?resize=1536%2C1152&amp;ssl=1 1536w, https:\/\/i0.wp.com\/kampkomiteen.net\/wp-content\/uploads\/2024\/03\/image-1.png?w=1620&amp;ssl=1 1620w\" sizes=\"auto, (max-width: 810px) 100vw, 810px\" \/><\/figure>\n\n\n\n<figure class=\"wp-block-image size-full\"><img data-recalc-dims=\"1\" loading=\"lazy\" decoding=\"async\" width=\"810\" height=\"608\" src=\"https:\/\/i0.wp.com\/kampkomiteen.net\/wp-content\/uploads\/2024\/03\/image-2.png?resize=810%2C608&#038;ssl=1\" alt=\"\" class=\"wp-image-6893\" srcset=\"https:\/\/i0.wp.com\/kampkomiteen.net\/wp-content\/uploads\/2024\/03\/image-2.png?w=2000&amp;ssl=1 2000w, https:\/\/i0.wp.com\/kampkomiteen.net\/wp-content\/uploads\/2024\/03\/image-2.png?resize=1000%2C750&amp;ssl=1 1000w, https:\/\/i0.wp.com\/kampkomiteen.net\/wp-content\/uploads\/2024\/03\/image-2.png?resize=768%2C576&amp;ssl=1 768w, https:\/\/i0.wp.com\/kampkomiteen.net\/wp-content\/uploads\/2024\/03\/image-2.png?resize=1536%2C1152&amp;ssl=1 1536w, https:\/\/i0.wp.com\/kampkomiteen.net\/wp-content\/uploads\/2024\/03\/image-2.png?w=1620&amp;ssl=1 1620w\" sizes=\"auto, (max-width: 810px) 100vw, 810px\" \/><\/figure>\n\n\n\n<figure class=\"wp-block-image size-full\"><img data-recalc-dims=\"1\" loading=\"lazy\" decoding=\"async\" width=\"810\" height=\"608\" src=\"https:\/\/i0.wp.com\/kampkomiteen.net\/wp-content\/uploads\/2024\/03\/image-3.png?resize=810%2C608&#038;ssl=1\" alt=\"\" class=\"wp-image-6894\" srcset=\"https:\/\/i0.wp.com\/kampkomiteen.net\/wp-content\/uploads\/2024\/03\/image-3.png?w=2000&amp;ssl=1 2000w, https:\/\/i0.wp.com\/kampkomiteen.net\/wp-content\/uploads\/2024\/03\/image-3.png?resize=1000%2C750&amp;ssl=1 1000w, https:\/\/i0.wp.com\/kampkomiteen.net\/wp-content\/uploads\/2024\/03\/image-3.png?resize=768%2C576&amp;ssl=1 768w, https:\/\/i0.wp.com\/kampkomiteen.net\/wp-content\/uploads\/2024\/03\/image-3.png?resize=1536%2C1152&amp;ssl=1 1536w, https:\/\/i0.wp.com\/kampkomiteen.net\/wp-content\/uploads\/2024\/03\/image-3.png?w=1620&amp;ssl=1 1620w\" sizes=\"auto, (max-width: 810px) 100vw, 810px\" \/><\/figure>\n\n\n\n<figure class=\"wp-block-image size-full is-resized\"><img data-recalc-dims=\"1\" loading=\"lazy\" decoding=\"async\" width=\"810\" height=\"626\" src=\"https:\/\/i0.wp.com\/kampkomiteen.net\/wp-content\/uploads\/2024\/03\/image-4.png?resize=810%2C626&#038;ssl=1\" alt=\"\" class=\"wp-image-6895\" style=\"width:880px;height:auto\" srcset=\"https:\/\/i0.wp.com\/kampkomiteen.net\/wp-content\/uploads\/2024\/03\/image-4.png?w=2588&amp;ssl=1 2588w, https:\/\/i0.wp.com\/kampkomiteen.net\/wp-content\/uploads\/2024\/03\/image-4.png?resize=1000%2C773&amp;ssl=1 1000w, https:\/\/i0.wp.com\/kampkomiteen.net\/wp-content\/uploads\/2024\/03\/image-4.png?resize=768%2C594&amp;ssl=1 768w, https:\/\/i0.wp.com\/kampkomiteen.net\/wp-content\/uploads\/2024\/03\/image-4.png?resize=1536%2C1187&amp;ssl=1 1536w, https:\/\/i0.wp.com\/kampkomiteen.net\/wp-content\/uploads\/2024\/03\/image-4.png?resize=2048%2C1583&amp;ssl=1 2048w, https:\/\/i0.wp.com\/kampkomiteen.net\/wp-content\/uploads\/2024\/03\/image-4.png?w=1620&amp;ssl=1 1620w, https:\/\/i0.wp.com\/kampkomiteen.net\/wp-content\/uploads\/2024\/03\/image-4.png?w=2430&amp;ssl=1 2430w\" sizes=\"auto, (max-width: 810px) 100vw, 810px\" \/><\/figure>\n\n\n\n<figure class=\"wp-block-image size-full\"><img data-recalc-dims=\"1\" loading=\"lazy\" decoding=\"async\" width=\"810\" height=\"655\" src=\"https:\/\/i0.wp.com\/kampkomiteen.net\/wp-content\/uploads\/2024\/03\/image-5.png?resize=810%2C655&#038;ssl=1\" alt=\"\" class=\"wp-image-6896\" srcset=\"https:\/\/i0.wp.com\/kampkomiteen.net\/wp-content\/uploads\/2024\/03\/image-5.png?w=2472&amp;ssl=1 2472w, https:\/\/i0.wp.com\/kampkomiteen.net\/wp-content\/uploads\/2024\/03\/image-5.png?resize=1000%2C809&amp;ssl=1 1000w, https:\/\/i0.wp.com\/kampkomiteen.net\/wp-content\/uploads\/2024\/03\/image-5.png?resize=768%2C621&amp;ssl=1 768w, https:\/\/i0.wp.com\/kampkomiteen.net\/wp-content\/uploads\/2024\/03\/image-5.png?resize=1536%2C1243&amp;ssl=1 1536w, https:\/\/i0.wp.com\/kampkomiteen.net\/wp-content\/uploads\/2024\/03\/image-5.png?resize=2048%2C1657&amp;ssl=1 2048w, https:\/\/i0.wp.com\/kampkomiteen.net\/wp-content\/uploads\/2024\/03\/image-5.png?w=1620&amp;ssl=1 1620w\" sizes=\"auto, (max-width: 810px) 100vw, 810px\" \/><\/figure>\n\n\n\n<figure class=\"wp-block-image size-full\"><img data-recalc-dims=\"1\" loading=\"lazy\" decoding=\"async\" width=\"810\" height=\"626\" src=\"https:\/\/i0.wp.com\/kampkomiteen.net\/wp-content\/uploads\/2024\/03\/image-6.png?resize=810%2C626&#038;ssl=1\" alt=\"\" class=\"wp-image-6897\" srcset=\"https:\/\/i0.wp.com\/kampkomiteen.net\/wp-content\/uploads\/2024\/03\/image-6.png?w=2540&amp;ssl=1 2540w, https:\/\/i0.wp.com\/kampkomiteen.net\/wp-content\/uploads\/2024\/03\/image-6.png?resize=1000%2C773&amp;ssl=1 1000w, https:\/\/i0.wp.com\/kampkomiteen.net\/wp-content\/uploads\/2024\/03\/image-6.png?resize=768%2C594&amp;ssl=1 768w, https:\/\/i0.wp.com\/kampkomiteen.net\/wp-content\/uploads\/2024\/03\/image-6.png?resize=1536%2C1187&amp;ssl=1 1536w, https:\/\/i0.wp.com\/kampkomiteen.net\/wp-content\/uploads\/2024\/03\/image-6.png?resize=2048%2C1583&amp;ssl=1 2048w, https:\/\/i0.wp.com\/kampkomiteen.net\/wp-content\/uploads\/2024\/03\/image-6.png?w=1620&amp;ssl=1 1620w, https:\/\/i0.wp.com\/kampkomiteen.net\/wp-content\/uploads\/2024\/03\/image-6.png?w=2430&amp;ssl=1 2430w\" sizes=\"auto, (max-width: 810px) 100vw, 810px\" \/><\/figure>\n","protected":false},"excerpt":{"rendered":"<p>Onsdag 28. februar satte aktivister fra Kampkomiteen opp plakater for antiimperialistisk 8. mars.<br \/>\nPlakatene ble satt opp p\u00e5 Saupstad, et omr\u00e5de s\u00f8r i Trondheim.<\/p>\n","protected":false},"author":8,"featured_media":6891,"comment_status":"closed","ping_status":"closed","sticky":false,"template":"","format":"standard","meta":{"advanced_seo_description":"","jetpack_seo_html_title":"","jetpack_seo_noindex":false,"_jetpack_memberships_contains_paid_content":false,"footnotes":""},"categories":[1],"tags":[23,24],"class_list":["post-6890","post","type-post","status-publish","format-standard","has-post-thumbnail","hentry","category-uncategorized","tag-8-mars","tag-kvinnekamp"],"jetpack_featured_media_url":"https:\/\/i0.wp.com\/kampkomiteen.net\/wp-content\/uploads\/2024\/03\/image.png?fit=2000%2C1500&ssl=1","jetpack_shortlink":"https:\/\/wp.me\/pchuPf-1N8","jetpack-related-posts":[{"id":6934,"url":"https:\/\/kampkomiteen.net\/?p=6934","url_meta":{"origin":6890,"position":0},"title":"Tr\u00f8ndelag: Plakater for 8. mars","author":"Kampkomiteen","date":"5. mars 2024","format":false,"excerpt":"Mandag 4. mars satte aktivister fra Kampkomiteen opp plakater for antiimperialistisk 8. mars.","rel":"","context":"i \"8. mars\"","block_context":{"text":"8. mars","link":"https:\/\/kampkomiteen.net\/?tag=8-mars"},"img":{"alt_text":"","src":"https:\/\/i0.wp.com\/kampkomiteen.net\/wp-content\/uploads\/2024\/03\/pasted-image-0-1.png?fit=1200%2C800&ssl=1&resize=350%2C200","width":350,"height":200,"srcset":"https:\/\/i0.wp.com\/kampkomiteen.net\/wp-content\/uploads\/2024\/03\/pasted-image-0-1.png?fit=1200%2C800&ssl=1&resize=350%2C200 1x, https:\/\/i0.wp.com\/kampkomiteen.net\/wp-content\/uploads\/2024\/03\/pasted-image-0-1.png?fit=1200%2C800&ssl=1&resize=525%2C300 1.5x, https:\/\/i0.wp.com\/kampkomiteen.net\/wp-content\/uploads\/2024\/03\/pasted-image-0-1.png?fit=1200%2C800&ssl=1&resize=700%2C400 2x, https:\/\/i0.wp.com\/kampkomiteen.net\/wp-content\/uploads\/2024\/03\/pasted-image-0-1.png?fit=1200%2C800&ssl=1&resize=1050%2C600 3x"},"classes":[]},{"id":10673,"url":"https:\/\/kampkomiteen.net\/?p=10673","url_meta":{"origin":6890,"position":1},"title":"Trondheim: Plakater for 8. mars","author":"Kampkomiteen","date":"8. mars 2026","format":false,"excerpt":"3. mars satte aktivister fra Kampkomiteen opp plakater for \u00e5 mobilisere til antiimperialistisk og internasjonalistisk 8. mars-markering.","rel":"","context":"i \"8. mars\"","block_context":{"text":"8. mars","link":"https:\/\/kampkomiteen.net\/?tag=8-mars"},"img":{"alt_text":"","src":"https:\/\/i0.wp.com\/kampkomiteen.net\/wp-content\/uploads\/2026\/03\/Plakat2.jpg?fit=1050%2C700&ssl=1&resize=350%2C200","width":350,"height":200,"srcset":"https:\/\/i0.wp.com\/kampkomiteen.net\/wp-content\/uploads\/2026\/03\/Plakat2.jpg?fit=1050%2C700&ssl=1&resize=350%2C200 1x, https:\/\/i0.wp.com\/kampkomiteen.net\/wp-content\/uploads\/2026\/03\/Plakat2.jpg?fit=1050%2C700&ssl=1&resize=525%2C300 1.5x, https:\/\/i0.wp.com\/kampkomiteen.net\/wp-content\/uploads\/2026\/03\/Plakat2.jpg?fit=1050%2C700&ssl=1&resize=700%2C400 2x, https:\/\/i0.wp.com\/kampkomiteen.net\/wp-content\/uploads\/2026\/03\/Plakat2.jpg?fit=1050%2C700&ssl=1&resize=1050%2C600 3x"},"classes":[]},{"id":8405,"url":"https:\/\/kampkomiteen.net\/?p=8405","url_meta":{"origin":6890,"position":2},"title":"Stj\u00f8rdal: Solidaritetsaksjon og mobilisering","author":"Kampkomiteen","date":"26. februar 2025","format":false,"excerpt":"Mandag 24. februar satte aktivister fra Kampkomiteen opp flere slags plakater i Stj\u00f8rdal.","rel":"","context":"i \"8. mars\"","block_context":{"text":"8. mars","link":"https:\/\/kampkomiteen.net\/?tag=8-mars"},"img":{"alt_text":"","src":"https:\/\/i0.wp.com\/kampkomiteen.net\/wp-content\/uploads\/2025\/02\/Stjordal.jpg?fit=602%2C401&ssl=1&resize=350%2C200","width":350,"height":200,"srcset":"https:\/\/i0.wp.com\/kampkomiteen.net\/wp-content\/uploads\/2025\/02\/Stjordal.jpg?fit=602%2C401&ssl=1&resize=350%2C200 1x, https:\/\/i0.wp.com\/kampkomiteen.net\/wp-content\/uploads\/2025\/02\/Stjordal.jpg?fit=602%2C401&ssl=1&resize=525%2C300 1.5x"},"classes":[]},{"id":7219,"url":"https:\/\/kampkomiteen.net\/?p=7219","url_meta":{"origin":6890,"position":3},"title":"Trondheim og Stj\u00f8rdal: Plakater for 1. mai","author":"Kampkomiteen","date":"28. april 2024","format":false,"excerpt":"Den siste uka har det blitt satt opp plakater fleire steder i Trondheim og i Stj\u00f8rdal sentrum for \u00e5 mobilisere til antiimperialistisk 1. mai.","rel":"","context":"i \"1. mai\"","block_context":{"text":"1. mai","link":"https:\/\/kampkomiteen.net\/?tag=1-mai"},"img":{"alt_text":"","src":"https:\/\/i0.wp.com\/kampkomiteen.net\/wp-content\/uploads\/2024\/04\/Trheim-scaled.jpg?fit=1200%2C900&ssl=1&resize=350%2C200","width":350,"height":200,"srcset":"https:\/\/i0.wp.com\/kampkomiteen.net\/wp-content\/uploads\/2024\/04\/Trheim-scaled.jpg?fit=1200%2C900&ssl=1&resize=350%2C200 1x, https:\/\/i0.wp.com\/kampkomiteen.net\/wp-content\/uploads\/2024\/04\/Trheim-scaled.jpg?fit=1200%2C900&ssl=1&resize=525%2C300 1.5x, https:\/\/i0.wp.com\/kampkomiteen.net\/wp-content\/uploads\/2024\/04\/Trheim-scaled.jpg?fit=1200%2C900&ssl=1&resize=700%2C400 2x, https:\/\/i0.wp.com\/kampkomiteen.net\/wp-content\/uploads\/2024\/04\/Trheim-scaled.jpg?fit=1200%2C900&ssl=1&resize=1050%2C600 3x"},"classes":[]},{"id":6960,"url":"https:\/\/kampkomiteen.net\/?p=6960","url_meta":{"origin":6890,"position":4},"title":"Trondheim: Bekjemp vold mot kvinner!","author":"Kampkomiteen","date":"7. mars 2024","format":false,"excerpt":"Torsdag 7. mars ble det satt opp et banner med slagordet \u00abBekjemp vold mot kvinner\u00bb.","rel":"","context":"i \"8. mars\"","block_context":{"text":"8. mars","link":"https:\/\/kampkomiteen.net\/?tag=8-mars"},"img":{"alt_text":"","src":"https:\/\/i0.wp.com\/kampkomiteen.net\/wp-content\/uploads\/2024\/03\/Bekjemp-vold-mot-kvinner.png?fit=1200%2C800&ssl=1&resize=350%2C200","width":350,"height":200,"srcset":"https:\/\/i0.wp.com\/kampkomiteen.net\/wp-content\/uploads\/2024\/03\/Bekjemp-vold-mot-kvinner.png?fit=1200%2C800&ssl=1&resize=350%2C200 1x, https:\/\/i0.wp.com\/kampkomiteen.net\/wp-content\/uploads\/2024\/03\/Bekjemp-vold-mot-kvinner.png?fit=1200%2C800&ssl=1&resize=525%2C300 1.5x, https:\/\/i0.wp.com\/kampkomiteen.net\/wp-content\/uploads\/2024\/03\/Bekjemp-vold-mot-kvinner.png?fit=1200%2C800&ssl=1&resize=700%2C400 2x, https:\/\/i0.wp.com\/kampkomiteen.net\/wp-content\/uploads\/2024\/03\/Bekjemp-vold-mot-kvinner.png?fit=1200%2C800&ssl=1&resize=1050%2C600 3x"},"classes":[]},{"id":11085,"url":"https:\/\/kampkomiteen.net\/?p=11085","url_meta":{"origin":6890,"position":5},"title":"Tr\u00f8ndelag: Flere plakater for 1. mai","author":"Kampkomiteen","date":"30. april 2026","format":false,"excerpt":"Aktivister har satt opp flere plakater i Trondheim og Stj\u00f8rdal for \u00e5 mobilisere til antiimperialistisk 1. mai-markering i Trondheim.","rel":"","context":"i \"1. mai\"","block_context":{"text":"1. mai","link":"https:\/\/kampkomiteen.net\/?tag=1-mai"},"img":{"alt_text":"","src":"https:\/\/i0.wp.com\/kampkomiteen.net\/wp-content\/uploads\/2026\/04\/IMG_3688.jpg?fit=1125%2C750&ssl=1&resize=350%2C200","width":350,"height":200,"srcset":"https:\/\/i0.wp.com\/kampkomiteen.net\/wp-content\/uploads\/2026\/04\/IMG_3688.jpg?fit=1125%2C750&ssl=1&resize=350%2C200 1x, https:\/\/i0.wp.com\/kampkomiteen.net\/wp-content\/uploads\/2026\/04\/IMG_3688.jpg?fit=1125%2C750&ssl=1&resize=525%2C300 1.5x, https:\/\/i0.wp.com\/kampkomiteen.net\/wp-content\/uploads\/2026\/04\/IMG_3688.jpg?fit=1125%2C750&ssl=1&resize=700%2C400 2x, https:\/\/i0.wp.com\/kampkomiteen.net\/wp-content\/uploads\/2026\/04\/IMG_3688.jpg?fit=1125%2C750&ssl=1&resize=1050%2C600 3x"},"classes":[]}],"jetpack_sharing_enabled":true,"_links":{"self":[{"href":"https:\/\/kampkomiteen.net\/index.php?rest_route=\/wp\/v2\/posts\/6890","targetHints":{"allow":["GET"]}}],"collection":[{"href":"https:\/\/kampkomiteen.net\/index.php?rest_route=\/wp\/v2\/posts"}],"about":[{"href":"https:\/\/kampkomiteen.net\/index.php?rest_route=\/wp\/v2\/types\/post"}],"author":[{"embeddable":true,"href":"https:\/\/kampkomiteen.net\/index.php?rest_route=\/wp\/v2\/users\/8"}],"replies":[{"embeddable":true,"href":"https:\/\/kampkomiteen.net\/index.php?rest_route=%2Fwp%2Fv2%2Fcomments&post=6890"}],"version-history":[{"count":1,"href":"https:\/\/kampkomiteen.net\/index.php?rest_route=\/wp\/v2\/posts\/6890\/revisions"}],"predecessor-version":[{"id":6898,"href":"https:\/\/kampkomiteen.net\/index.php?rest_route=\/wp\/v2\/posts\/6890\/revisions\/6898"}],"wp:featuredmedia":[{"embeddable":true,"href":"https:\/\/kampkomiteen.net\/index.php?rest_route=\/wp\/v2\/media\/6891"}],"wp:attachment":[{"href":"https:\/\/kampkomiteen.net\/index.php?rest_route=%2Fwp%2Fv2%2Fmedia&parent=6890"}],"wp:term":[{"taxonomy":"category","embeddable":true,"href":"https:\/\/kampkomiteen.net\/index.php?rest_route=%2Fwp%2Fv2%2Fcategories&post=6890"},{"taxonomy":"post_tag","embeddable":true,"href":"https:\/\/kampkomiteen.net\/index.php?rest_route=%2Fwp%2Fv2%2Ftags&post=6890"}],"curies":[{"name":"wp","href":"https:\/\/api.w.org\/{rel}","templated":true}]}}