{"id":6850,"date":"2024-02-22T16:12:46","date_gmt":"2024-02-22T15:12:46","guid":{"rendered":"https:\/\/kampkomiteen.net\/?p=6850"},"modified":"2024-02-22T22:25:50","modified_gmt":"2024-02-22T21:25:50","slug":"oslo-demonstrasjon-for-palestina-foran-den-amerikanske-ambassaden","status":"publish","type":"post","link":"https:\/\/kampkomiteen.net\/?p=6850","title":{"rendered":"Oslo: Demonstrasjon for Palestina foran den amerikanske ambassaden"},"content":{"rendered":"<div id=\"fb-root\"><\/div>\n\n<p><em>Skrevet av aktivister i Oslo.<\/em><\/p>\n\n\n\n<p>Fredag 16. februar deltok aktivister fra Kampkomiteen p\u00e5 en demonstrasjon foran den amerikanske ambassaden i Oslo organisert av Palestinakomiteen. Kampkomiteen delte ut l\u00f8pesedler til st\u00f8tte for palestinernes rettferdige motstandskamp.<\/p>\n\n\n\n<p>Politiet var tungt tilstede med personell og utstyr for \u00e5 forsvare USA-imperialismen og den amerikanske ambassaden. Politiets gjerder og sperringer var satt opp slik at demonstrasjonen ble hindret fra \u00e5 komme i n\u00e6rheten av ambassaden.<\/p>\n\n\n\n<p>Over 50 personer deltok i demonstrasjonen. Det ble holdt appeller og ropt slagord, blant annet \u00abFrom the river to the sea \u2013 Palestine will be free!\u00bb og \u00abSteng ambassaden!\u00bb. Etter at Palestinakomiteens demonstrasjon offisielt var over, valgte flere av demonstrantene \u00e5 bli og fortsette \u00e5 demonstrere.<\/p>\n\n\n\n<figure class=\"wp-block-image\"><img decoding=\"async\" src=\"https:\/\/lh7-us.googleusercontent.com\/-6R3hwMF7oesLc_M7DiDPLLfFdv5ZitMjlhBCST1k1k4jmsGN1VByRA1RuiAvDMLtTBJc-YPXWjxAmrSXDqlHO-isOWAfyIGOhp7TKkr1g82pMcWt4Tk_pBcXOEXuShf0lI1L9wrtd2PdL4F-8aU3BA\" alt=\"\"\/><\/figure>\n\n\n\n<figure class=\"wp-block-image\"><img decoding=\"async\" src=\"https:\/\/lh7-us.googleusercontent.com\/KwYfsbvw5kkGJqwM4Oe2ZtqgaRD-rh3YkOMTZTlTBuDyhkUqAM8gX9C4WUboTFas8atl9SYtFoV4QBkf63oA9QNxUWh9A2nlrirHSWoEo27wRVi_XLdpaRugwXSMxA_ZvQW74S0x1pDIl7iaSDheRsY\" alt=\"\"\/><\/figure>\n","protected":false},"excerpt":{"rendered":"<p>Fredag 16. februar deltok aktivister fra Kampkomiteen p\u00e5 en demonstrasjon foran den amerikanske ambassaden i Oslo organisert av Palestinakomiteen. <\/p>\n","protected":false},"author":8,"featured_media":6851,"comment_status":"closed","ping_status":"closed","sticky":false,"template":"","format":"standard","meta":{"advanced_seo_description":"","jetpack_seo_html_title":"","jetpack_seo_noindex":false,"_jetpack_memberships_contains_paid_content":false,"footnotes":""},"categories":[1],"tags":[4,21,47],"class_list":["post-6850","post","type-post","status-publish","format-standard","has-post-thumbnail","hentry","category-uncategorized","tag-demonstrasjon","tag-palestina","tag-solidaritet"],"jetpack_featured_media_url":"https:\/\/i0.wp.com\/kampkomiteen.net\/wp-content\/uploads\/2024\/02\/2.2-scaled.jpg?fit=2560%2C1442&ssl=1","jetpack_shortlink":"https:\/\/wp.me\/pchuPf-1Mu","jetpack-related-posts":[{"id":9152,"url":"https:\/\/kampkomiteen.net\/?p=9152","url_meta":{"origin":6850,"position":0},"title":"Oslo: Demonstrasjon til st\u00f8tte for Palestine Action","author":"Kampkomiteen","date":"11. juli 2025","format":false,"excerpt":"Aktivister fra Kampkomiteen deltok p\u00e5 Aksjonsgruppa for Palestina sin demonstrasjon i st\u00f8tte til Palestine Action foran den britiske ambassaden med banneret \u00abSt\u00f8tt den palestinske motstandskampen! Fritt Palestina!\u00bb. Flere andre organisasjoner og grupper deltok.","rel":"","context":"i \"Demonstrasjon\"","block_context":{"text":"Demonstrasjon","link":"https:\/\/kampkomiteen.net\/?tag=demonstrasjon"},"img":{"alt_text":"","src":"https:\/\/i0.wp.com\/kampkomiteen.net\/wp-content\/uploads\/2025\/07\/IMG_9360-scaled.jpg?fit=1200%2C800&ssl=1&resize=350%2C200","width":350,"height":200,"srcset":"https:\/\/i0.wp.com\/kampkomiteen.net\/wp-content\/uploads\/2025\/07\/IMG_9360-scaled.jpg?fit=1200%2C800&ssl=1&resize=350%2C200 1x, https:\/\/i0.wp.com\/kampkomiteen.net\/wp-content\/uploads\/2025\/07\/IMG_9360-scaled.jpg?fit=1200%2C800&ssl=1&resize=525%2C300 1.5x, https:\/\/i0.wp.com\/kampkomiteen.net\/wp-content\/uploads\/2025\/07\/IMG_9360-scaled.jpg?fit=1200%2C800&ssl=1&resize=700%2C400 2x, https:\/\/i0.wp.com\/kampkomiteen.net\/wp-content\/uploads\/2025\/07\/IMG_9360-scaled.jpg?fit=1200%2C800&ssl=1&resize=1050%2C600 3x"},"classes":[]},{"id":10238,"url":"https:\/\/kampkomiteen.net\/?p=10238","url_meta":{"origin":6850,"position":1},"title":"Oslo: Demonstrasjon mot USA-imperialismens angrep p\u00e5 Venezuela","author":"Kampkomiteen","date":"10. januar 2026","format":false,"excerpt":"Aktivister deltok 9. januar p\u00e5 en demonstrasjon mot Yankee-imperialismens aggressjon mot Venezuela.","rel":"","context":"i \"Antiimperialisme\"","block_context":{"text":"Antiimperialisme","link":"https:\/\/kampkomiteen.net\/?tag=antiimperialisme"},"img":{"alt_text":"","src":"https:\/\/i0.wp.com\/kampkomiteen.net\/wp-content\/uploads\/2026\/01\/10-jan-demo-venezuela-oslo-2.jpg?fit=1200%2C674&ssl=1&resize=350%2C200","width":350,"height":200,"srcset":"https:\/\/i0.wp.com\/kampkomiteen.net\/wp-content\/uploads\/2026\/01\/10-jan-demo-venezuela-oslo-2.jpg?fit=1200%2C674&ssl=1&resize=350%2C200 1x, https:\/\/i0.wp.com\/kampkomiteen.net\/wp-content\/uploads\/2026\/01\/10-jan-demo-venezuela-oslo-2.jpg?fit=1200%2C674&ssl=1&resize=525%2C300 1.5x, https:\/\/i0.wp.com\/kampkomiteen.net\/wp-content\/uploads\/2026\/01\/10-jan-demo-venezuela-oslo-2.jpg?fit=1200%2C674&ssl=1&resize=700%2C400 2x, https:\/\/i0.wp.com\/kampkomiteen.net\/wp-content\/uploads\/2026\/01\/10-jan-demo-venezuela-oslo-2.jpg?fit=1200%2C674&ssl=1&resize=1050%2C600 3x"},"classes":[]},{"id":8229,"url":"https:\/\/kampkomiteen.net\/?p=8229","url_meta":{"origin":6850,"position":2},"title":"Oslo: Energisk demonstrasjon for Gaza","author":"Kampkomiteen","date":"3. februar 2025","format":false,"excerpt":"L\u00f8rdag den 18. januar deltok aktivister fra Kampkomiteen i Oslo p\u00e5 en demonstrasjon for Gaza foran Israels ambassade. Demonstrasjonen var organisert av Handala foreningen.","rel":"","context":"i \"Demonstrasjon\"","block_context":{"text":"Demonstrasjon","link":"https:\/\/kampkomiteen.net\/?tag=demonstrasjon"},"img":{"alt_text":"","src":"https:\/\/i0.wp.com\/kampkomiteen.net\/wp-content\/uploads\/2025\/02\/1b.jpg?fit=1200%2C800&ssl=1&resize=350%2C200","width":350,"height":200,"srcset":"https:\/\/i0.wp.com\/kampkomiteen.net\/wp-content\/uploads\/2025\/02\/1b.jpg?fit=1200%2C800&ssl=1&resize=350%2C200 1x, https:\/\/i0.wp.com\/kampkomiteen.net\/wp-content\/uploads\/2025\/02\/1b.jpg?fit=1200%2C800&ssl=1&resize=525%2C300 1.5x, https:\/\/i0.wp.com\/kampkomiteen.net\/wp-content\/uploads\/2025\/02\/1b.jpg?fit=1200%2C800&ssl=1&resize=700%2C400 2x, https:\/\/i0.wp.com\/kampkomiteen.net\/wp-content\/uploads\/2025\/02\/1b.jpg?fit=1200%2C800&ssl=1&resize=1050%2C600 3x"},"classes":[]},{"id":8564,"url":"https:\/\/kampkomiteen.net\/?p=8564","url_meta":{"origin":6850,"position":3},"title":"Oslo: Vold fra Oslopolitiet og kjempende demonstrasjon i solidaritet med palestinaaktivister i Tyskland","author":"Kampkomiteen","date":"9. mars 2025","format":false,"excerpt":"Aktivister i Kampkomiteen i Oslo deltok s\u00f8ndag 9. mars p\u00e5 en demonstrasjon mot represjonen mot solidaritetsbevegelsen for Palestina av den tyske staten.","rel":"","context":"i \"Antiimperialisme\"","block_context":{"text":"Antiimperialisme","link":"https:\/\/kampkomiteen.net\/?tag=antiimperialisme"},"img":{"alt_text":"","src":"https:\/\/i0.wp.com\/kampkomiteen.net\/wp-content\/uploads\/2025\/03\/5-1.jpg?fit=1200%2C800&ssl=1&resize=350%2C200","width":350,"height":200,"srcset":"https:\/\/i0.wp.com\/kampkomiteen.net\/wp-content\/uploads\/2025\/03\/5-1.jpg?fit=1200%2C800&ssl=1&resize=350%2C200 1x, https:\/\/i0.wp.com\/kampkomiteen.net\/wp-content\/uploads\/2025\/03\/5-1.jpg?fit=1200%2C800&ssl=1&resize=525%2C300 1.5x, https:\/\/i0.wp.com\/kampkomiteen.net\/wp-content\/uploads\/2025\/03\/5-1.jpg?fit=1200%2C800&ssl=1&resize=700%2C400 2x, https:\/\/i0.wp.com\/kampkomiteen.net\/wp-content\/uploads\/2025\/03\/5-1.jpg?fit=1200%2C800&ssl=1&resize=1050%2C600 3x"},"classes":[]},{"id":10562,"url":"https:\/\/kampkomiteen.net\/?p=10562","url_meta":{"origin":6850,"position":4},"title":"Oslo: Demonstrasjon mot USA-imperialismens og Israels aggresjon mot Iran","author":"Kampkomiteen","date":"28. februar 2026","format":false,"excerpt":"Idag, den 28. februar ble det arrangert en hastedemonstrasjon med over 100 deltakere mot USA-imperialismens og Israels aggresjon mot Iran.","rel":"","context":"Liknende innlegg","block_context":{"text":"Liknende innlegg","link":""},"img":{"alt_text":"","src":"https:\/\/i0.wp.com\/kampkomiteen.net\/wp-content\/uploads\/2026\/02\/1-3.jpg?fit=1200%2C800&ssl=1&resize=350%2C200","width":350,"height":200,"srcset":"https:\/\/i0.wp.com\/kampkomiteen.net\/wp-content\/uploads\/2026\/02\/1-3.jpg?fit=1200%2C800&ssl=1&resize=350%2C200 1x, https:\/\/i0.wp.com\/kampkomiteen.net\/wp-content\/uploads\/2026\/02\/1-3.jpg?fit=1200%2C800&ssl=1&resize=525%2C300 1.5x, https:\/\/i0.wp.com\/kampkomiteen.net\/wp-content\/uploads\/2026\/02\/1-3.jpg?fit=1200%2C800&ssl=1&resize=700%2C400 2x, https:\/\/i0.wp.com\/kampkomiteen.net\/wp-content\/uploads\/2026\/02\/1-3.jpg?fit=1200%2C800&ssl=1&resize=1050%2C600 3x"},"classes":[]},{"id":6453,"url":"https:\/\/kampkomiteen.net\/?p=6453","url_meta":{"origin":6850,"position":5},"title":"Oslo: Demonstrasjon i solidaritet med Palestina","author":"Kampkomiteen","date":"16. oktober 2023","format":false,"excerpt":"Kampkomiteen i Oslo deltok l\u00f8rdag 14. oktober i en demonstrasjon i solidaritet med Palestina.","rel":"","context":"i \"Demonstrasjon\"","block_context":{"text":"Demonstrasjon","link":"https:\/\/kampkomiteen.net\/?tag=demonstrasjon"},"img":{"alt_text":"","src":"https:\/\/i0.wp.com\/kampkomiteen.net\/wp-content\/uploads\/2023\/10\/P1033449-scaled.jpg?fit=1200%2C676&ssl=1&resize=350%2C200","width":350,"height":200,"srcset":"https:\/\/i0.wp.com\/kampkomiteen.net\/wp-content\/uploads\/2023\/10\/P1033449-scaled.jpg?fit=1200%2C676&ssl=1&resize=350%2C200 1x, https:\/\/i0.wp.com\/kampkomiteen.net\/wp-content\/uploads\/2023\/10\/P1033449-scaled.jpg?fit=1200%2C676&ssl=1&resize=525%2C300 1.5x, https:\/\/i0.wp.com\/kampkomiteen.net\/wp-content\/uploads\/2023\/10\/P1033449-scaled.jpg?fit=1200%2C676&ssl=1&resize=700%2C400 2x, https:\/\/i0.wp.com\/kampkomiteen.net\/wp-content\/uploads\/2023\/10\/P1033449-scaled.jpg?fit=1200%2C676&ssl=1&resize=1050%2C600 3x"},"classes":[]}],"jetpack_sharing_enabled":true,"_links":{"self":[{"href":"https:\/\/kampkomiteen.net\/index.php?rest_route=\/wp\/v2\/posts\/6850","targetHints":{"allow":["GET"]}}],"collection":[{"href":"https:\/\/kampkomiteen.net\/index.php?rest_route=\/wp\/v2\/posts"}],"about":[{"href":"https:\/\/kampkomiteen.net\/index.php?rest_route=\/wp\/v2\/types\/post"}],"author":[{"embeddable":true,"href":"https:\/\/kampkomiteen.net\/index.php?rest_route=\/wp\/v2\/users\/8"}],"replies":[{"embeddable":true,"href":"https:\/\/kampkomiteen.net\/index.php?rest_route=%2Fwp%2Fv2%2Fcomments&post=6850"}],"version-history":[{"count":2,"href":"https:\/\/kampkomiteen.net\/index.php?rest_route=\/wp\/v2\/posts\/6850\/revisions"}],"predecessor-version":[{"id":6858,"href":"https:\/\/kampkomiteen.net\/index.php?rest_route=\/wp\/v2\/posts\/6850\/revisions\/6858"}],"wp:featuredmedia":[{"embeddable":true,"href":"https:\/\/kampkomiteen.net\/index.php?rest_route=\/wp\/v2\/media\/6851"}],"wp:attachment":[{"href":"https:\/\/kampkomiteen.net\/index.php?rest_route=%2Fwp%2Fv2%2Fmedia&parent=6850"}],"wp:term":[{"taxonomy":"category","embeddable":true,"href":"https:\/\/kampkomiteen.net\/index.php?rest_route=%2Fwp%2Fv2%2Fcategories&post=6850"},{"taxonomy":"post_tag","embeddable":true,"href":"https:\/\/kampkomiteen.net\/index.php?rest_route=%2Fwp%2Fv2%2Ftags&post=6850"}],"curies":[{"name":"wp","href":"https:\/\/api.w.org\/{rel}","templated":true}]}}