{"id":6843,"date":"2024-02-17T21:39:39","date_gmt":"2024-02-17T20:39:39","guid":{"rendered":"https:\/\/kampkomiteen.net\/?p=6843"},"modified":"2024-02-17T21:58:01","modified_gmt":"2024-02-17T20:58:01","slug":"kristiansand-demonstrasjon-for-palestina-3","status":"publish","type":"post","link":"https:\/\/kampkomiteen.net\/?p=6843","title":{"rendered":"Kristiansand:\u00a0Demonstrasjon for Palestina"},"content":{"rendered":"<div id=\"fb-root\"><\/div>\n\n<p><em>Skrevet av aktivister i Kristiansand.<\/em><\/p>\n\n\n\n<p>L\u00f8rdag 17. februar deltok aktivister i Kristiansand p\u00e5 den ukentlige solidaritetsmarkeringa til st\u00f8tte for det palestinske folket, som arrangeres av Palestinakomiteen og Palestinsk forening hver l\u00f8rdag kl.14. Markeringene starter ved Slottet og g\u00e5r gjennom hele Markens gate. <\/p>\n\n\n\n<figure class=\"wp-block-image is-resized\"><img decoding=\"async\" src=\"https:\/\/lh7-us.googleusercontent.com\/9RsTMZNnWvK0nsWW3mwmDGfcX_ZWRsqnbilzmTZd99z9pLDJL9pXtllJx-4rogHf7lWfI0PWvunL4qlorX5mm86wrygbcfoTMO6udKpwt8KBpt_jhoBAFWy_fbaiILHJVHpqD-jGfTUDUp0sCPZmu-s\" alt=\"\" style=\"width:879px;height:auto\"\/><\/figure>\n\n\n\n<figure class=\"wp-block-image is-resized\"><img decoding=\"async\" src=\"https:\/\/lh7-us.googleusercontent.com\/9A_g6_7S_EQ69UFQgB675F2st8TI4fxJnFAlYyuVRKP2iYWXcw0zD4XSAgqS16_0f9YuZVKTZIJHBUoEKwdRuIoujuDQv_OKNVEuCS-7MC0LbVlM-_4W3Jjasm5IwXnBvaR6fXlrWEfeiOoA8bYFbuc\" alt=\"\" style=\"width:880px;height:auto\"\/><\/figure>\n\n\n\n<figure class=\"wp-block-image\"><img decoding=\"async\" src=\"https:\/\/lh7-us.googleusercontent.com\/3Ma4XLPDdAjN9Pvde7Df4gMh9vzAHtK7eYB6wSHZD29YfdOtNd8374ClUJd55z8njBV8lC_dXPFIyaPAgVCWqCuCBXrJZH0gwRegZ0j5IWtEOXMSaqKf3qo0-hbHbJR56RMO0_b68ovWox9E_y2Wgrs\" alt=\"\"\/><\/figure>\n","protected":false},"excerpt":{"rendered":"<p>L\u00f8rdag 17. februar deltok aktivister i Kristiansand p\u00e5 den ukentlige solidaritetsmarkeringa til st\u00f8tte for det palestinske folket, som arrangeres av Palestinakomiteen og Palestinsk forening.<\/p>\n","protected":false},"author":8,"featured_media":6844,"comment_status":"closed","ping_status":"closed","sticky":false,"template":"","format":"standard","meta":{"advanced_seo_description":"","jetpack_seo_html_title":"","jetpack_seo_noindex":false,"_jetpack_memberships_contains_paid_content":false,"footnotes":""},"categories":[1],"tags":[4,21,47],"class_list":["post-6843","post","type-post","status-publish","format-standard","has-post-thumbnail","hentry","category-uncategorized","tag-demonstrasjon","tag-palestina","tag-solidaritet"],"jetpack_featured_media_url":"https:\/\/i0.wp.com\/kampkomiteen.net\/wp-content\/uploads\/2024\/02\/image_980867.jpg?fit=1024%2C768&ssl=1","jetpack_shortlink":"https:\/\/wp.me\/pchuPf-1Mn","jetpack-related-posts":[{"id":8385,"url":"https:\/\/kampkomiteen.net\/?p=8385","url_meta":{"origin":6843,"position":0},"title":"Kristiansand: Stopp okkupasjonen, stopp folkemordet","author":"Kampkomiteen","date":"22. februar 2025","format":false,"excerpt":"Aktivister fra Kampkomiteen deltar i de ukentlige markeringene til st\u00f8tte for det palestinske folket, som arrangeres av Palestinsk forening og Palestinakomiteen.\u00a0","rel":"","context":"i \"Demonstrasjon\"","block_context":{"text":"Demonstrasjon","link":"https:\/\/kampkomiteen.net\/?tag=demonstrasjon"},"img":{"alt_text":"","src":"https:\/\/i0.wp.com\/kampkomiteen.net\/wp-content\/uploads\/2025\/02\/unnamed-7.jpg?fit=1200%2C900&ssl=1&resize=350%2C200","width":350,"height":200,"srcset":"https:\/\/i0.wp.com\/kampkomiteen.net\/wp-content\/uploads\/2025\/02\/unnamed-7.jpg?fit=1200%2C900&ssl=1&resize=350%2C200 1x, https:\/\/i0.wp.com\/kampkomiteen.net\/wp-content\/uploads\/2025\/02\/unnamed-7.jpg?fit=1200%2C900&ssl=1&resize=525%2C300 1.5x, https:\/\/i0.wp.com\/kampkomiteen.net\/wp-content\/uploads\/2025\/02\/unnamed-7.jpg?fit=1200%2C900&ssl=1&resize=700%2C400 2x, https:\/\/i0.wp.com\/kampkomiteen.net\/wp-content\/uploads\/2025\/02\/unnamed-7.jpg?fit=1200%2C900&ssl=1&resize=1050%2C600 3x"},"classes":[]},{"id":8844,"url":"https:\/\/kampkomiteen.net\/?p=8844","url_meta":{"origin":6843,"position":1},"title":"Kristiansand: Stopp okkupasjonen, stopp folkemordet","author":"Kampkomiteen","date":"7. mai 2025","format":false,"excerpt":"Aktivister fra Kampkomiteen deltar i de ukentlige markeringene til st\u00f8tte for det palestinske folket, som arrangeres av Palestinsk forening og Palestinakomiteen.","rel":"","context":"i \"Demonstrasjon\"","block_context":{"text":"Demonstrasjon","link":"https:\/\/kampkomiteen.net\/?tag=demonstrasjon"},"img":{"alt_text":"","src":"https:\/\/i0.wp.com\/kampkomiteen.net\/wp-content\/uploads\/2025\/05\/FOTO.png?fit=1160%2C653&ssl=1&resize=350%2C200","width":350,"height":200,"srcset":"https:\/\/i0.wp.com\/kampkomiteen.net\/wp-content\/uploads\/2025\/05\/FOTO.png?fit=1160%2C653&ssl=1&resize=350%2C200 1x, https:\/\/i0.wp.com\/kampkomiteen.net\/wp-content\/uploads\/2025\/05\/FOTO.png?fit=1160%2C653&ssl=1&resize=525%2C300 1.5x, https:\/\/i0.wp.com\/kampkomiteen.net\/wp-content\/uploads\/2025\/05\/FOTO.png?fit=1160%2C653&ssl=1&resize=700%2C400 2x, https:\/\/i0.wp.com\/kampkomiteen.net\/wp-content\/uploads\/2025\/05\/FOTO.png?fit=1160%2C653&ssl=1&resize=1050%2C600 3x"},"classes":[]},{"id":8083,"url":"https:\/\/kampkomiteen.net\/?p=8083","url_meta":{"origin":6843,"position":2},"title":"Kristiansand: Markeringer mot okkupasjon og folkemord","author":"Kampkomiteen","date":"2. desember 2024","format":false,"excerpt":"Aktivister fra Kampkomiteen har deltatt i de ukentlige markeringene til st\u00f8tte for det palestinske folket, som arrangeres av Palestinsk forening og Palestinakomiteen.\u00a0","rel":"","context":"i \"Demonstrasjon\"","block_context":{"text":"Demonstrasjon","link":"https:\/\/kampkomiteen.net\/?tag=demonstrasjon"},"img":{"alt_text":"","src":"https:\/\/i0.wp.com\/kampkomiteen.net\/wp-content\/uploads\/2024\/12\/unnamed.jpg?fit=768%2C558&ssl=1&resize=350%2C200","width":350,"height":200,"srcset":"https:\/\/i0.wp.com\/kampkomiteen.net\/wp-content\/uploads\/2024\/12\/unnamed.jpg?fit=768%2C558&ssl=1&resize=350%2C200 1x, https:\/\/i0.wp.com\/kampkomiteen.net\/wp-content\/uploads\/2024\/12\/unnamed.jpg?fit=768%2C558&ssl=1&resize=525%2C300 1.5x, https:\/\/i0.wp.com\/kampkomiteen.net\/wp-content\/uploads\/2024\/12\/unnamed.jpg?fit=768%2C558&ssl=1&resize=700%2C400 2x"},"classes":[]},{"id":8129,"url":"https:\/\/kampkomiteen.net\/?p=8129","url_meta":{"origin":6843,"position":3},"title":"Kristiansand: Markeringer mot okkupasjon og folkemord","author":"Kampkomiteen","date":"2. januar 2025","format":false,"excerpt":"Aktivister fra Kampkomiteen har deltatt i de ukentlige markeringene til st\u00f8tte for det palestinske folket, som arrangeres av Palestinsk forening og Palestinakomiteen.\u00a0","rel":"","context":"i \"Demonstrasjon\"","block_context":{"text":"Demonstrasjon","link":"https:\/\/kampkomiteen.net\/?tag=demonstrasjon"},"img":{"alt_text":"","src":"https:\/\/i0.wp.com\/kampkomiteen.net\/wp-content\/uploads\/2025\/01\/21.12.jpg?fit=1200%2C889&ssl=1&resize=350%2C200","width":350,"height":200,"srcset":"https:\/\/i0.wp.com\/kampkomiteen.net\/wp-content\/uploads\/2025\/01\/21.12.jpg?fit=1200%2C889&ssl=1&resize=350%2C200 1x, https:\/\/i0.wp.com\/kampkomiteen.net\/wp-content\/uploads\/2025\/01\/21.12.jpg?fit=1200%2C889&ssl=1&resize=525%2C300 1.5x, https:\/\/i0.wp.com\/kampkomiteen.net\/wp-content\/uploads\/2025\/01\/21.12.jpg?fit=1200%2C889&ssl=1&resize=700%2C400 2x, https:\/\/i0.wp.com\/kampkomiteen.net\/wp-content\/uploads\/2025\/01\/21.12.jpg?fit=1200%2C889&ssl=1&resize=1050%2C600 3x"},"classes":[]},{"id":8158,"url":"https:\/\/kampkomiteen.net\/?p=8158","url_meta":{"origin":6843,"position":4},"title":"Kristiansand: Stopp okkupasjonen, stopp folkemordet","author":"Kampkomiteen","date":"25. januar 2025","format":false,"excerpt":"Aktivister fra Kampkomiteen deltar i de ukentlige markeringene til st\u00f8tte for det palestinske folket, som arrangeres av Palestinsk forening og Palestinakomiteen.\u00a0","rel":"","context":"i \"Demonstrasjon\"","block_context":{"text":"Demonstrasjon","link":"https:\/\/kampkomiteen.net\/?tag=demonstrasjon"},"img":{"alt_text":"","src":"https:\/\/i0.wp.com\/kampkomiteen.net\/wp-content\/uploads\/2025\/01\/unnamed.jpg?fit=1024%2C768&ssl=1&resize=350%2C200","width":350,"height":200,"srcset":"https:\/\/i0.wp.com\/kampkomiteen.net\/wp-content\/uploads\/2025\/01\/unnamed.jpg?fit=1024%2C768&ssl=1&resize=350%2C200 1x, https:\/\/i0.wp.com\/kampkomiteen.net\/wp-content\/uploads\/2025\/01\/unnamed.jpg?fit=1024%2C768&ssl=1&resize=525%2C300 1.5x, https:\/\/i0.wp.com\/kampkomiteen.net\/wp-content\/uploads\/2025\/01\/unnamed.jpg?fit=1024%2C768&ssl=1&resize=700%2C400 2x"},"classes":[]},{"id":7964,"url":"https:\/\/kampkomiteen.net\/?p=7964","url_meta":{"origin":6843,"position":5},"title":"Kristiansand: Markeringer mot okkupasjon og folkemord","author":"Kampkomiteen","date":"1. november 2024","format":false,"excerpt":"Aktivister fra Kampkomiteen har deltatt i de ukentlige markeringene til st\u00f8tte for det palestinske folket, som arrangeres av Palestinsk forening og Palestinakomiteen.\u00a0","rel":"","context":"i \"Demonstrasjon\"","block_context":{"text":"Demonstrasjon","link":"https:\/\/kampkomiteen.net\/?tag=demonstrasjon"},"img":{"alt_text":"","src":"https:\/\/i0.wp.com\/kampkomiteen.net\/wp-content\/uploads\/2024\/11\/unnamed-1.png?fit=1024%2C577&ssl=1&resize=350%2C200","width":350,"height":200,"srcset":"https:\/\/i0.wp.com\/kampkomiteen.net\/wp-content\/uploads\/2024\/11\/unnamed-1.png?fit=1024%2C577&ssl=1&resize=350%2C200 1x, https:\/\/i0.wp.com\/kampkomiteen.net\/wp-content\/uploads\/2024\/11\/unnamed-1.png?fit=1024%2C577&ssl=1&resize=525%2C300 1.5x, https:\/\/i0.wp.com\/kampkomiteen.net\/wp-content\/uploads\/2024\/11\/unnamed-1.png?fit=1024%2C577&ssl=1&resize=700%2C400 2x"},"classes":[]}],"jetpack_sharing_enabled":true,"_links":{"self":[{"href":"https:\/\/kampkomiteen.net\/index.php?rest_route=\/wp\/v2\/posts\/6843","targetHints":{"allow":["GET"]}}],"collection":[{"href":"https:\/\/kampkomiteen.net\/index.php?rest_route=\/wp\/v2\/posts"}],"about":[{"href":"https:\/\/kampkomiteen.net\/index.php?rest_route=\/wp\/v2\/types\/post"}],"author":[{"embeddable":true,"href":"https:\/\/kampkomiteen.net\/index.php?rest_route=\/wp\/v2\/users\/8"}],"replies":[{"embeddable":true,"href":"https:\/\/kampkomiteen.net\/index.php?rest_route=%2Fwp%2Fv2%2Fcomments&post=6843"}],"version-history":[{"count":4,"href":"https:\/\/kampkomiteen.net\/index.php?rest_route=\/wp\/v2\/posts\/6843\/revisions"}],"predecessor-version":[{"id":6849,"href":"https:\/\/kampkomiteen.net\/index.php?rest_route=\/wp\/v2\/posts\/6843\/revisions\/6849"}],"wp:featuredmedia":[{"embeddable":true,"href":"https:\/\/kampkomiteen.net\/index.php?rest_route=\/wp\/v2\/media\/6844"}],"wp:attachment":[{"href":"https:\/\/kampkomiteen.net\/index.php?rest_route=%2Fwp%2Fv2%2Fmedia&parent=6843"}],"wp:term":[{"taxonomy":"category","embeddable":true,"href":"https:\/\/kampkomiteen.net\/index.php?rest_route=%2Fwp%2Fv2%2Fcategories&post=6843"},{"taxonomy":"post_tag","embeddable":true,"href":"https:\/\/kampkomiteen.net\/index.php?rest_route=%2Fwp%2Fv2%2Ftags&post=6843"}],"curies":[{"name":"wp","href":"https:\/\/api.w.org\/{rel}","templated":true}]}}