{"id":6838,"date":"2024-02-17T00:22:03","date_gmt":"2024-02-16T23:22:03","guid":{"rendered":"https:\/\/kampkomiteen.net\/?p=6838"},"modified":"2024-03-03T23:38:27","modified_gmt":"2024-03-03T22:38:27","slug":"kristiansand-markeringer-mot-vold-mot-kvinner","status":"publish","type":"post","link":"https:\/\/kampkomiteen.net\/?p=6838","title":{"rendered":"Kristiansand: Markeringer mot vold mot kvinner"},"content":{"rendered":"<div id=\"fb-root\"><\/div>\n\n<p><em>Skrevet av aktivister i Kristiansand.&nbsp;<\/em><\/p>\n\n\n\n<p>Som del av den landsomfattende kampanjen \u00abAksjon for rettssikkerhet, trygghet og retten til \u00e5 leve. Endring skjer N\u00c5!\u00bb er det markeringer hver fredag utenfor politistasjonen i Kristiansand. Flere organisasjoner og enkeltpersoner demonstrerer sammen mot vold mot kvinner, og med krav om omvendt voldsalarm og at politiet tar vold mot kvinner p\u00e5 alvor.&nbsp;<\/p>\n\n\n\n<figure class=\"wp-block-image\"><img decoding=\"async\" src=\"https:\/\/lh7-us.googleusercontent.com\/p2oqv8j0eD3VoNOmGQk6KMOtFBHcbvFF8TqxVHqMwxsdGZtxakSzOgh1rGqw1uD3p0HGDKHxH7GZm3_DDqvML6xgyq3ekrKY4NzUfhURh2h_3Qfo6ZZiE_aLE9pNCtOiAH9hfB0QFPwGIc2hhhr8TGg\" alt=\"\"\/><figcaption class=\"wp-element-caption\">Fredag 10. februar.<\/figcaption><\/figure>\n\n\n\n<figure class=\"wp-block-image\"><img decoding=\"async\" src=\"https:\/\/lh7-us.googleusercontent.com\/kxK5ZYfNw16bDGN6HKg7dJTqrPrgeoM3HSR2U72juM8q3iA9HKLNLJy5gkRWT1Obj3Ij3yHr_Oin72Ey9dj2A8nAhikb9B4XczK4C8yBhE5uv8JpDBnhbUGNmEXmYIggoPvPuMY1AxiiEREPuAIibQA\" alt=\"\"\/><figcaption class=\"wp-element-caption\">Fredag 17. februar.<\/figcaption><\/figure>\n","protected":false},"excerpt":{"rendered":"<p>Som del av den landsomfattende kampanjen \u00abAksjon for rettssikkerhet, trygghet og retten til \u00e5 leve. Endring skjer N\u00c5!\u00bb er det markeringer hver fredag utenfor politistasjonen i Kristiansand. <\/p>\n","protected":false},"author":8,"featured_media":6833,"comment_status":"closed","ping_status":"closed","sticky":false,"template":"","format":"standard","meta":{"advanced_seo_description":"","jetpack_seo_html_title":"","jetpack_seo_noindex":false,"_jetpack_memberships_contains_paid_content":false,"footnotes":""},"categories":[1],"tags":[4,24,15],"class_list":["post-6838","post","type-post","status-publish","format-standard","has-post-thumbnail","hentry","category-uncategorized","tag-demonstrasjon","tag-kvinnekamp","tag-politiet"],"jetpack_featured_media_url":"https:\/\/i0.wp.com\/kampkomiteen.net\/wp-content\/uploads\/2024\/02\/foto.png?fit=1160%2C653&ssl=1","jetpack_shortlink":"https:\/\/wp.me\/pchuPf-1Mi","jetpack-related-posts":[{"id":7061,"url":"https:\/\/kampkomiteen.net\/?p=7061","url_meta":{"origin":6838,"position":0},"title":"Kristiansand: Demonstrasjon mot vold mot kvinner","author":"Kampkomiteen","date":"22. mars 2024","format":false,"excerpt":"Som del av den landsomfattende aksjonen for rettssikkerhet, trygghet og retten til \u00e5 leve, har det v\u00e6rt markeringer ved politistasjonen p\u00e5 fredagene i februar og mars.","rel":"","context":"i \"Demonstrasjon\"","block_context":{"text":"Demonstrasjon","link":"https:\/\/kampkomiteen.net\/?tag=demonstrasjon"},"img":{"alt_text":"","src":"https:\/\/i0.wp.com\/kampkomiteen.net\/wp-content\/uploads\/2024\/03\/Image_393519.jpg?fit=1024%2C768&ssl=1&resize=350%2C200","width":350,"height":200,"srcset":"https:\/\/i0.wp.com\/kampkomiteen.net\/wp-content\/uploads\/2024\/03\/Image_393519.jpg?fit=1024%2C768&ssl=1&resize=350%2C200 1x, https:\/\/i0.wp.com\/kampkomiteen.net\/wp-content\/uploads\/2024\/03\/Image_393519.jpg?fit=1024%2C768&ssl=1&resize=525%2C300 1.5x, https:\/\/i0.wp.com\/kampkomiteen.net\/wp-content\/uploads\/2024\/03\/Image_393519.jpg?fit=1024%2C768&ssl=1&resize=700%2C400 2x"},"classes":[]},{"id":3208,"url":"https:\/\/kampkomiteen.net\/?p=3208","url_meta":{"origin":6838,"position":1},"title":"Plakater for 25. november","author":"Kampkomiteen","date":"22. november 2022","format":false,"excerpt":"De siste dagene er det satt opp plakater for markeringer av den internasjonale dagen for bekjempelse av vold mot kvinner\u00a0 25. november. Vi deler her bilder fra Trondheim, Stj\u00f8rdal, Malvik og Kristiansand.","rel":"","context":"i \"25. november\"","block_context":{"text":"25. november","link":"https:\/\/kampkomiteen.net\/?tag=25-november"},"img":{"alt_text":"","src":"https:\/\/i0.wp.com\/kampkomiteen.net\/wp-content\/uploads\/2022\/11\/25.-november.png?fit=1160%2C653&ssl=1&resize=350%2C200","width":350,"height":200,"srcset":"https:\/\/i0.wp.com\/kampkomiteen.net\/wp-content\/uploads\/2022\/11\/25.-november.png?fit=1160%2C653&ssl=1&resize=350%2C200 1x, https:\/\/i0.wp.com\/kampkomiteen.net\/wp-content\/uploads\/2022\/11\/25.-november.png?fit=1160%2C653&ssl=1&resize=525%2C300 1.5x, https:\/\/i0.wp.com\/kampkomiteen.net\/wp-content\/uploads\/2022\/11\/25.-november.png?fit=1160%2C653&ssl=1&resize=700%2C400 2x, https:\/\/i0.wp.com\/kampkomiteen.net\/wp-content\/uploads\/2022\/11\/25.-november.png?fit=1160%2C653&ssl=1&resize=1050%2C600 3x"},"classes":[]},{"id":6999,"url":"https:\/\/kampkomiteen.net\/?p=6999","url_meta":{"origin":6838,"position":2},"title":"Kristiansand: Markering av 8. mars","author":"Kampkomiteen","date":"10. mars 2024","format":false,"excerpt":"Aktivister fra Kampkomiteen har markert 8. mars sammen med andre organisasjoner og venner, med fokus p\u00e5 internasjonal solidaritet, den palestinske motstandskampen, og kamp mot patriarkalsk vold.","rel":"","context":"i \"8. mars\"","block_context":{"text":"8. mars","link":"https:\/\/kampkomiteen.net\/?tag=8-mars"},"img":{"alt_text":"","src":"https:\/\/i0.wp.com\/kampkomiteen.net\/wp-content\/uploads\/2024\/03\/Untitled.jpg?fit=1000%2C750&ssl=1&resize=350%2C200","width":350,"height":200,"srcset":"https:\/\/i0.wp.com\/kampkomiteen.net\/wp-content\/uploads\/2024\/03\/Untitled.jpg?fit=1000%2C750&ssl=1&resize=350%2C200 1x, https:\/\/i0.wp.com\/kampkomiteen.net\/wp-content\/uploads\/2024\/03\/Untitled.jpg?fit=1000%2C750&ssl=1&resize=525%2C300 1.5x, https:\/\/i0.wp.com\/kampkomiteen.net\/wp-content\/uploads\/2024\/03\/Untitled.jpg?fit=1000%2C750&ssl=1&resize=700%2C400 2x"},"classes":[]},{"id":2840,"url":"https:\/\/kampkomiteen.net\/?p=2840","url_meta":{"origin":6838,"position":3},"title":"Demonstrasjon mot politiet i Kristiansand","author":"Kampkomiteen","date":"19. juni 2022","format":false,"excerpt":"15. juni ble det holdt en demonstrasjon mot vold og femicid - drap p\u00e5 kvinner fordi de er kvinner. Demonstrasjonen retta seg mot politiet som beskytter det patriarkalske systemet og lar menn fortsette \u00e5 ut\u00f8ve vold og drap p\u00e5 kvinner.\u00a0","rel":"","context":"i \"Demonstrasjon\"","block_context":{"text":"Demonstrasjon","link":"https:\/\/kampkomiteen.net\/?tag=demonstrasjon"},"img":{"alt_text":"","src":"https:\/\/i0.wp.com\/kampkomiteen.net\/wp-content\/uploads\/2022\/06\/Untitled-1.jpg?fit=1200%2C975&ssl=1&resize=350%2C200","width":350,"height":200,"srcset":"https:\/\/i0.wp.com\/kampkomiteen.net\/wp-content\/uploads\/2022\/06\/Untitled-1.jpg?fit=1200%2C975&ssl=1&resize=350%2C200 1x, https:\/\/i0.wp.com\/kampkomiteen.net\/wp-content\/uploads\/2022\/06\/Untitled-1.jpg?fit=1200%2C975&ssl=1&resize=525%2C300 1.5x, https:\/\/i0.wp.com\/kampkomiteen.net\/wp-content\/uploads\/2022\/06\/Untitled-1.jpg?fit=1200%2C975&ssl=1&resize=700%2C400 2x, https:\/\/i0.wp.com\/kampkomiteen.net\/wp-content\/uploads\/2022\/06\/Untitled-1.jpg?fit=1200%2C975&ssl=1&resize=1050%2C600 3x"},"classes":[]},{"id":1718,"url":"https:\/\/kampkomiteen.net\/?p=1718","url_meta":{"origin":6838,"position":4},"title":"8. mars-markeringer","author":"Kampkomiteen","date":"9. mars 2021","format":false,"excerpt":"Til tross for strenge restriksjoner og digitale markeringer, har det ogs\u00e5 v\u00e6rt fysiske markeringer flere steder. Vi har f\u00e5tt rapporter fra Oslo, Kristiansand, Trondheim og Bergen, der aktivister har tatt til gatene under parolene \u201cKjemp og gj\u00f8r motstand\u201d og \u201cBekjemp vold mot kvinner\u201d.","rel":"","context":"i \"8. mars\"","block_context":{"text":"8. mars","link":"https:\/\/kampkomiteen.net\/?tag=8-mars"},"img":{"alt_text":"","src":"https:\/\/i0.wp.com\/kampkomiteen.net\/wp-content\/uploads\/2021\/03\/Kopi-av-signal-2021-03-08-233922-8.jpg?fit=1200%2C675&ssl=1&resize=350%2C200","width":350,"height":200,"srcset":"https:\/\/i0.wp.com\/kampkomiteen.net\/wp-content\/uploads\/2021\/03\/Kopi-av-signal-2021-03-08-233922-8.jpg?fit=1200%2C675&ssl=1&resize=350%2C200 1x, https:\/\/i0.wp.com\/kampkomiteen.net\/wp-content\/uploads\/2021\/03\/Kopi-av-signal-2021-03-08-233922-8.jpg?fit=1200%2C675&ssl=1&resize=525%2C300 1.5x, https:\/\/i0.wp.com\/kampkomiteen.net\/wp-content\/uploads\/2021\/03\/Kopi-av-signal-2021-03-08-233922-8.jpg?fit=1200%2C675&ssl=1&resize=700%2C400 2x, https:\/\/i0.wp.com\/kampkomiteen.net\/wp-content\/uploads\/2021\/03\/Kopi-av-signal-2021-03-08-233922-8.jpg?fit=1200%2C675&ssl=1&resize=1050%2C600 3x"},"classes":[]},{"id":2312,"url":"https:\/\/kampkomiteen.net\/?p=2312","url_meta":{"origin":6838,"position":5},"title":"Kraftfull markering av 25. november","author":"Kampkomiteen","date":"28. november 2021","format":false,"excerpt":"Kampdagen 25. november har blitt markert i flere norske byer. Aktivister fra Kampkomiteen rapporterer fra demonstrasjoner og markeringer i Oslo, Bergen, Trondheim og Kristiansand.","rel":"","context":"i \"Demonstrasjon\"","block_context":{"text":"Demonstrasjon","link":"https:\/\/kampkomiteen.net\/?tag=demonstrasjon"},"img":{"alt_text":"","src":"https:\/\/i0.wp.com\/kampkomiteen.net\/wp-content\/uploads\/2021\/11\/IMG_20211125_213631_477.jpg?fit=1200%2C974&ssl=1&resize=350%2C200","width":350,"height":200,"srcset":"https:\/\/i0.wp.com\/kampkomiteen.net\/wp-content\/uploads\/2021\/11\/IMG_20211125_213631_477.jpg?fit=1200%2C974&ssl=1&resize=350%2C200 1x, https:\/\/i0.wp.com\/kampkomiteen.net\/wp-content\/uploads\/2021\/11\/IMG_20211125_213631_477.jpg?fit=1200%2C974&ssl=1&resize=525%2C300 1.5x, https:\/\/i0.wp.com\/kampkomiteen.net\/wp-content\/uploads\/2021\/11\/IMG_20211125_213631_477.jpg?fit=1200%2C974&ssl=1&resize=700%2C400 2x, https:\/\/i0.wp.com\/kampkomiteen.net\/wp-content\/uploads\/2021\/11\/IMG_20211125_213631_477.jpg?fit=1200%2C974&ssl=1&resize=1050%2C600 3x"},"classes":[]}],"jetpack_sharing_enabled":true,"_links":{"self":[{"href":"https:\/\/kampkomiteen.net\/index.php?rest_route=\/wp\/v2\/posts\/6838","targetHints":{"allow":["GET"]}}],"collection":[{"href":"https:\/\/kampkomiteen.net\/index.php?rest_route=\/wp\/v2\/posts"}],"about":[{"href":"https:\/\/kampkomiteen.net\/index.php?rest_route=\/wp\/v2\/types\/post"}],"author":[{"embeddable":true,"href":"https:\/\/kampkomiteen.net\/index.php?rest_route=\/wp\/v2\/users\/8"}],"replies":[{"embeddable":true,"href":"https:\/\/kampkomiteen.net\/index.php?rest_route=%2Fwp%2Fv2%2Fcomments&post=6838"}],"version-history":[{"count":1,"href":"https:\/\/kampkomiteen.net\/index.php?rest_route=\/wp\/v2\/posts\/6838\/revisions"}],"predecessor-version":[{"id":6839,"href":"https:\/\/kampkomiteen.net\/index.php?rest_route=\/wp\/v2\/posts\/6838\/revisions\/6839"}],"wp:featuredmedia":[{"embeddable":true,"href":"https:\/\/kampkomiteen.net\/index.php?rest_route=\/wp\/v2\/media\/6833"}],"wp:attachment":[{"href":"https:\/\/kampkomiteen.net\/index.php?rest_route=%2Fwp%2Fv2%2Fmedia&parent=6838"}],"wp:term":[{"taxonomy":"category","embeddable":true,"href":"https:\/\/kampkomiteen.net\/index.php?rest_route=%2Fwp%2Fv2%2Fcategories&post=6838"},{"taxonomy":"post_tag","embeddable":true,"href":"https:\/\/kampkomiteen.net\/index.php?rest_route=%2Fwp%2Fv2%2Ftags&post=6838"}],"curies":[{"name":"wp","href":"https:\/\/api.w.org\/{rel}","templated":true}]}}